{"id":33325,"date":"2021-08-23T09:56:06","date_gmt":"2021-08-23T12:56:06","guid":{"rendered":"http:\/\/lahoradelcampo.com.uy\/site\/?p=33325"},"modified":"2021-08-23T09:56:16","modified_gmt":"2021-08-23T12:56:16","slug":"plan-agropecuario-lanzo-el-concurso-agroingenio","status":"publish","type":"post","link":"https:\/\/lahoradelcampo.com.uy\/site\/plan-agropecuario-lanzo-el-concurso-agroingenio\/","title":{"rendered":"Plan Agropecuario lanz\u00f3 el concurso \u00abAgroingenio\u00bb"},"content":{"rendered":"\n<figure class=\"wp-block-image\"><img data-recalc-dims=\"1\" loading=\"lazy\" decoding=\"async\" width=\"810\" height=\"405\" data-attachment-id=\"19040\" data-permalink=\"https:\/\/lahoradelcampo.com.uy\/site\/se-comienza-a-sentir-el-deficit-hidrico-en-algunas-seccionales-de-salto\/campossemiseco\/\" data-orig-file=\"https:\/\/i0.wp.com\/lahoradelcampo.com.uy\/site\/wp-content\/uploads\/2020\/04\/campossemiseco.jpg?fit=880%2C440&amp;ssl=1\" data-orig-size=\"880,440\" data-comments-opened=\"1\" data-image-meta=\"{&quot;aperture&quot;:&quot;0&quot;,&quot;credit&quot;:&quot;&quot;,&quot;camera&quot;:&quot;&quot;,&quot;caption&quot;:&quot;&quot;,&quot;created_timestamp&quot;:&quot;0&quot;,&quot;copyright&quot;:&quot;&quot;,&quot;focal_length&quot;:&quot;0&quot;,&quot;iso&quot;:&quot;0&quot;,&quot;shutter_speed&quot;:&quot;0&quot;,&quot;title&quot;:&quot;&quot;,&quot;orientation&quot;:&quot;1&quot;}\" data-image-title=\"campossemiseco\" data-image-description=\"\" data-image-caption=\"\" data-large-file=\"https:\/\/i0.wp.com\/lahoradelcampo.com.uy\/site\/wp-content\/uploads\/2020\/04\/campossemiseco.jpg?fit=810%2C405&amp;ssl=1\" src=\"https:\/\/i0.wp.com\/lahoradelcampo.com.uy\/site\/wp-content\/uploads\/2020\/04\/campossemiseco.jpg?resize=810%2C405\" alt=\"\" class=\"wp-image-19040\" srcset=\"https:\/\/i0.wp.com\/lahoradelcampo.com.uy\/site\/wp-content\/uploads\/2020\/04\/campossemiseco.jpg?w=880&amp;ssl=1 880w, https:\/\/i0.wp.com\/lahoradelcampo.com.uy\/site\/wp-content\/uploads\/2020\/04\/campossemiseco.jpg?resize=300%2C150&amp;ssl=1 300w, https:\/\/i0.wp.com\/lahoradelcampo.com.uy\/site\/wp-content\/uploads\/2020\/04\/campossemiseco.jpg?resize=768%2C384&amp;ssl=1 768w, https:\/\/i0.wp.com\/lahoradelcampo.com.uy\/site\/wp-content\/uploads\/2020\/04\/campossemiseco.jpg?resize=820%2C410&amp;ssl=1 820w\" sizes=\"auto, (max-width: 810px) 100vw, 810px\" \/><\/figure>\n\n\n\n<p>Este concurso es organizado por el Instituto Plan Agropecuario (IPA) y la consultora gROU agro. La filosof\u00eda de esta propuesta es lograr la m\u00e1s amplia participaci\u00f3n de personas vinculadas al sector, que en sus rutinas de trabajo del d\u00eda a d\u00eda, utilizando el ingenio, la experiencia y la observaci\u00f3n crean invenciones para resolver los problemas que se le presentan. <br><\/p>\n\n\n\n<p>En este sentido se pretende valorar especialmente aquellas creaciones que involucran recursos disponibles en los establecimientos agropecuarios y constituyen verdaderas soluciones creativas. Se entiende que este capital de conocimiento se acumula, siendo necesario su reconocimiento y difusi\u00f3n, realzando el valor del trabajo de nuestro campo y su gente, un aspecto que ambos organizadores quieren destacar y promover.<br><\/p>\n\n\n\n<p>El p\u00fablico objetivo es de personas mayores de 18 a\u00f1os, vinculadas al sector agropecuario, que hayan realizado una creaci\u00f3n y que residan en Uruguay.<br> Para participar el inventor debe subir una foto o video corto de la  creaci\u00f3n (invento) a Twitter o Instagram. Se debe proponer un nombre para el invento y explicar brevemente el mismo si no queda claro en la foto\/video.<br><\/p>\n\n\n\n<p>Al mismo tiempo se debe etiquetar al Plan Agropecuario y gROU Agro en la publicaci\u00f3n y colocar el hashtag  #agroingenioUY<br><\/p>\n\n\n\n<p>El concurso se concentrar\u00e1 en los meses de Agosto y Setiembre 2021: La postulaci\u00f3n de creaciones por Twitter o Instagram  hasta el 31\/8. Setiembre (selecci\u00f3n de 20 mejores creaciones por el jurado) y premiaci\u00f3n. <\/p>\n\n\n\n<p>Paralelamente se desarrollar\u00e1 el \u201cmundialito\u201d a trav\u00e9s del Instagram de gROU agro por el \u201cpremio de la comunidad\u201d.<\/p>\n\n\n\n<p>Salto, 23 de agosto de 2021<\/p>\n","protected":false},"excerpt":{"rendered":"<p>Este concurso es organizado por el Instituto Plan Agropecuario (IPA) y la consultora gROU agro. La filosof\u00eda de esta propuesta es lograr la m\u00e1s amplia participaci\u00f3n de personas vinculadas al [&hellip;]<\/p>\n","protected":false},"author":5,"featured_media":19040,"comment_status":"open","ping_status":"open","sticky":false,"template":"","format":"standard","meta":{"_price":"","_stock":"","_tribe_ticket_header":"","_tribe_default_ticket_provider":"","_tribe_ticket_capacity":"0","_ticket_start_date":"","_ticket_end_date":"","_tribe_ticket_show_description":"","_tribe_ticket_show_not_going":false,"_tribe_ticket_use_global_stock":"","_tribe_ticket_global_stock_level":"","_global_stock_mode":"","_global_stock_cap":"","_tribe_rsvp_for_event":"","_tribe_ticket_going_count":"","_tribe_ticket_not_going_count":"","_tribe_tickets_list":"[]","_tribe_ticket_has_attendee_info_fields":false,"h5ap_radio_sources":[],"_jetpack_newsletter_access":"","_jetpack_dont_email_post_to_subs":false,"_jetpack_newsletter_tier_id":0,"_jetpack_memberships_contains_paywalled_content":false,"_jetpack_memberships_contains_paid_content":false,"footnotes":""},"categories":[21,5],"tags":[],"class_list":["post-33325","post","type-post","status-publish","format-standard","has-post-thumbnail","hentry","category-actualidad","category-ganaderia"],"jetpack_featured_media_url":"https:\/\/i0.wp.com\/lahoradelcampo.com.uy\/site\/wp-content\/uploads\/2020\/04\/campossemiseco.jpg?fit=880%2C440&ssl=1","jetpack_sharing_enabled":true,"jetpack_shortlink":"https:\/\/wp.me\/p99IaT-8Fv","jetpack-related-posts":[{"id":14633,"url":"https:\/\/lahoradelcampo.com.uy\/site\/del-3-al-6-de-octubre-se-viene-una-renovada-expo-salto-2019\/","url_meta":{"origin":33325,"position":0},"title":"Del 3 al 6 de octubre se viene  una renovada Expo Salto 2019","author":"La Hora del Campo","date":"30 septiembre, 2019","format":false,"excerpt":"Como es tradicional, en la semana previa al comienzo de la muestra ganadera, comercial e industrial, organizada por la Asociaci\u00f3n Agropecuaria de Salto, se realiz\u00f3 en la noche de ayer el lanzamiento de la actividad. Donde se dieron a conocer los detalles de la misma, en donde se destacan una\u2026","rel":"","context":"En \u00abActualidad\u00bb","block_context":{"text":"Actualidad","link":"https:\/\/lahoradelcampo.com.uy\/site\/category\/actualidad\/"},"img":{"alt_text":"","src":"https:\/\/i0.wp.com\/lahoradelcampo.com.uy\/site\/wp-content\/uploads\/2019\/09\/exposalto.jpg?fit=880%2C440&ssl=1&resize=350%2C200","width":350,"height":200,"srcset":"https:\/\/i0.wp.com\/lahoradelcampo.com.uy\/site\/wp-content\/uploads\/2019\/09\/exposalto.jpg?fit=880%2C440&ssl=1&resize=350%2C200 1x, https:\/\/i0.wp.com\/lahoradelcampo.com.uy\/site\/wp-content\/uploads\/2019\/09\/exposalto.jpg?fit=880%2C440&ssl=1&resize=525%2C300 1.5x, https:\/\/i0.wp.com\/lahoradelcampo.com.uy\/site\/wp-content\/uploads\/2019\/09\/exposalto.jpg?fit=880%2C440&ssl=1&resize=700%2C400 2x"},"classes":[]},{"id":28890,"url":"https:\/\/lahoradelcampo.com.uy\/site\/plan-agropecuario-convoca-a-productores-a-participar-del-proyecto-gestion-del-pasto\/","url_meta":{"origin":33325,"position":1},"title":"Plan Agropecuario convoca a productores a participar del proyecto \u00abGesti\u00f3n del Pasto\u00bb","author":"La Hora del Campo","date":"29 marzo, 2021","format":false,"excerpt":"En reiteradas oportunidades los t\u00e9cnicos, ya sean Plan Agropecuario u otra instituci\u00f3n, se\u00f1alan que el \u00e9xito de un buen sistema ganadero se basa en la mejor administraci\u00f3n del recurso m\u00e1s barato del establecimiento, como lo es pasto. En este sentido el Plan Agropecuario, con el Ing. Agr. Marcelo Pereira, ha\u2026","rel":"","context":"En \u00abActualidad\u00bb","block_context":{"text":"Actualidad","link":"https:\/\/lahoradelcampo.com.uy\/site\/category\/actualidad\/"},"img":{"alt_text":"","src":"https:\/\/i0.wp.com\/lahoradelcampo.com.uy\/site\/wp-content\/uploads\/2019\/07\/Pastoreo.jpg?fit=880%2C440&ssl=1&resize=350%2C200","width":350,"height":200,"srcset":"https:\/\/i0.wp.com\/lahoradelcampo.com.uy\/site\/wp-content\/uploads\/2019\/07\/Pastoreo.jpg?fit=880%2C440&ssl=1&resize=350%2C200 1x, https:\/\/i0.wp.com\/lahoradelcampo.com.uy\/site\/wp-content\/uploads\/2019\/07\/Pastoreo.jpg?fit=880%2C440&ssl=1&resize=525%2C300 1.5x, https:\/\/i0.wp.com\/lahoradelcampo.com.uy\/site\/wp-content\/uploads\/2019\/07\/Pastoreo.jpg?fit=880%2C440&ssl=1&resize=700%2C400 2x"},"classes":[]},{"id":14741,"url":"https:\/\/lahoradelcampo.com.uy\/site\/hoy-comienza-la-fiesta-del-campo-y-la-ciudad-en-la-agropecuaria-de-salto\/","url_meta":{"origin":33325,"position":2},"title":"Hoy comienza la fiesta del campo y la ciudad en la Agropecuaria de Salto","author":"La Hora del Campo","date":"3 octubre, 2019","format":false,"excerpt":"En un a\u00f1o donde la ganader\u00eda es el rubro que mejor se defiende, con valores destacados a nivel del ganado gordo, con una reposici\u00f3n demandada y un sector criador que debe apostar a tener cada vez m\u00e1s terneros, llega una nueva edici\u00f3n de la Expo Salto 2019, donde se podr\u00e1\u2026","rel":"","context":"En \u00abActualidad\u00bb","block_context":{"text":"Actualidad","link":"https:\/\/lahoradelcampo.com.uy\/site\/category\/actualidad\/"},"img":{"alt_text":"","src":"https:\/\/i0.wp.com\/lahoradelcampo.com.uy\/site\/wp-content\/uploads\/2017\/10\/Expo-Salto-1.jpg?fit=880%2C440&ssl=1&resize=350%2C200","width":350,"height":200,"srcset":"https:\/\/i0.wp.com\/lahoradelcampo.com.uy\/site\/wp-content\/uploads\/2017\/10\/Expo-Salto-1.jpg?fit=880%2C440&ssl=1&resize=350%2C200 1x, https:\/\/i0.wp.com\/lahoradelcampo.com.uy\/site\/wp-content\/uploads\/2017\/10\/Expo-Salto-1.jpg?fit=880%2C440&ssl=1&resize=525%2C300 1.5x, https:\/\/i0.wp.com\/lahoradelcampo.com.uy\/site\/wp-content\/uploads\/2017\/10\/Expo-Salto-1.jpg?fit=880%2C440&ssl=1&resize=700%2C400 2x"},"classes":[]},{"id":41787,"url":"https:\/\/lahoradelcampo.com.uy\/site\/hoteleria-de-terneros-se-esperan-ganancias-entre-60-y-70-kilos\/","url_meta":{"origin":33325,"position":3},"title":"Hoteler\u00eda de Terneros: se esperan ganancias entre 60 y 70 kilos","author":"La Hora del Campo","date":"13 mayo, 2022","format":false,"excerpt":"Tras los incendios a fin de 2021 entre Paysand\u00fa y R\u00edo Negro, y con la emergencia agropecuaria ya instalada anteriormente en esa zona, en coordinaci\u00f3n con el Ministerio de Ganader\u00eda, Agricultura y Pesca, el Instituto Plan Agropecuario, la Liga de Trabajo de Guich\u00f3n y fuerzas vivas de la zona, se\u2026","rel":"","context":"En \u00abActualidad\u00bb","block_context":{"text":"Actualidad","link":"https:\/\/lahoradelcampo.com.uy\/site\/category\/actualidad\/"},"img":{"alt_text":"","src":"https:\/\/i0.wp.com\/lahoradelcampo.com.uy\/site\/wp-content\/uploads\/2022\/05\/IPA-RomuloCesar.jpg?fit=880%2C440&ssl=1&resize=350%2C200","width":350,"height":200,"srcset":"https:\/\/i0.wp.com\/lahoradelcampo.com.uy\/site\/wp-content\/uploads\/2022\/05\/IPA-RomuloCesar.jpg?fit=880%2C440&ssl=1&resize=350%2C200 1x, https:\/\/i0.wp.com\/lahoradelcampo.com.uy\/site\/wp-content\/uploads\/2022\/05\/IPA-RomuloCesar.jpg?fit=880%2C440&ssl=1&resize=525%2C300 1.5x, https:\/\/i0.wp.com\/lahoradelcampo.com.uy\/site\/wp-content\/uploads\/2022\/05\/IPA-RomuloCesar.jpg?fit=880%2C440&ssl=1&resize=700%2C400 2x"},"classes":[]},{"id":18076,"url":"https:\/\/lahoradelcampo.com.uy\/site\/se-suspenden-actividades-por-el-coronavirus\/","url_meta":{"origin":33325,"position":4},"title":"Se suspenden actividades por  el coronavirus","author":"La Hora del Campo","date":"16 marzo, 2020","format":false,"excerpt":"El viernes durante el acto protocolar de la inauguraci\u00f3n de la cosecha arrocera, el Presidente de la Rep\u00fablica, Dr. Luis Lacalle Pou, anunci\u00f3 que dicha actividad era la \u00faltima de ese estilo, lo cual luego se confirm\u00f3 en los anuncios realizados con respecto a la detecci\u00f3n de casos de coronavirus\u2026","rel":"","context":"En \u00abActualidad\u00bb","block_context":{"text":"Actualidad","link":"https:\/\/lahoradelcampo.com.uy\/site\/category\/actualidad\/"},"img":{"alt_text":"","src":"https:\/\/i0.wp.com\/lahoradelcampo.com.uy\/site\/wp-content\/uploads\/2017\/10\/Criollos-marcheros.jpg?fit=880%2C440&ssl=1&resize=350%2C200","width":350,"height":200,"srcset":"https:\/\/i0.wp.com\/lahoradelcampo.com.uy\/site\/wp-content\/uploads\/2017\/10\/Criollos-marcheros.jpg?fit=880%2C440&ssl=1&resize=350%2C200 1x, https:\/\/i0.wp.com\/lahoradelcampo.com.uy\/site\/wp-content\/uploads\/2017\/10\/Criollos-marcheros.jpg?fit=880%2C440&ssl=1&resize=525%2C300 1.5x, https:\/\/i0.wp.com\/lahoradelcampo.com.uy\/site\/wp-content\/uploads\/2017\/10\/Criollos-marcheros.jpg?fit=880%2C440&ssl=1&resize=700%2C400 2x"},"classes":[]},{"id":44485,"url":"https:\/\/lahoradelcampo.com.uy\/site\/viernes-sabado-y-domingo-se-realiza-un-nuevo-salto-ovino\/","url_meta":{"origin":33325,"position":5},"title":"Viernes, s\u00e1bado y domingo se realiza un nuevo Salto Ovino","author":"La Hora del Campo","date":"4 agosto, 2022","format":false,"excerpt":"Este viernes se inaugura una nueva edici\u00f3n del Salto Ovino, as\u00ed como tambi\u00e9n la muestra av\u00edcola salte\u00f1a. Ramiro Azambuja, presidente de la Asociaci\u00f3n Agropecuaria de Salto, dio inicio a la conferencia de prensa de presentaci\u00f3n del evento, se\u00f1alando \"la satisfacci\u00f3n y orgullo\" de la gremial ante el trabajo realizado por\u2026","rel":"","context":"En \u00abActualidad\u00bb","block_context":{"text":"Actualidad","link":"https:\/\/lahoradelcampo.com.uy\/site\/category\/actualidad\/"},"img":{"alt_text":"","src":"https:\/\/i0.wp.com\/lahoradelcampo.com.uy\/site\/wp-content\/uploads\/2022\/08\/Salto-Ovino.jpg?fit=880%2C440&ssl=1&resize=350%2C200","width":350,"height":200,"srcset":"https:\/\/i0.wp.com\/lahoradelcampo.com.uy\/site\/wp-content\/uploads\/2022\/08\/Salto-Ovino.jpg?fit=880%2C440&ssl=1&resize=350%2C200 1x, https:\/\/i0.wp.com\/lahoradelcampo.com.uy\/site\/wp-content\/uploads\/2022\/08\/Salto-Ovino.jpg?fit=880%2C440&ssl=1&resize=525%2C300 1.5x, https:\/\/i0.wp.com\/lahoradelcampo.com.uy\/site\/wp-content\/uploads\/2022\/08\/Salto-Ovino.jpg?fit=880%2C440&ssl=1&resize=700%2C400 2x"},"classes":[]}],"jetpack_likes_enabled":true,"_links":{"self":[{"href":"https:\/\/lahoradelcampo.com.uy\/site\/wp-json\/wp\/v2\/posts\/33325","targetHints":{"allow":["GET"]}}],"collection":[{"href":"https:\/\/lahoradelcampo.com.uy\/site\/wp-json\/wp\/v2\/posts"}],"about":[{"href":"https:\/\/lahoradelcampo.com.uy\/site\/wp-json\/wp\/v2\/types\/post"}],"author":[{"embeddable":true,"href":"https:\/\/lahoradelcampo.com.uy\/site\/wp-json\/wp\/v2\/users\/5"}],"replies":[{"embeddable":true,"href":"https:\/\/lahoradelcampo.com.uy\/site\/wp-json\/wp\/v2\/comments?post=33325"}],"version-history":[{"count":1,"href":"https:\/\/lahoradelcampo.com.uy\/site\/wp-json\/wp\/v2\/posts\/33325\/revisions"}],"predecessor-version":[{"id":33327,"href":"https:\/\/lahoradelcampo.com.uy\/site\/wp-json\/wp\/v2\/posts\/33325\/revisions\/33327"}],"wp:featuredmedia":[{"embeddable":true,"href":"https:\/\/lahoradelcampo.com.uy\/site\/wp-json\/wp\/v2\/media\/19040"}],"wp:attachment":[{"href":"https:\/\/lahoradelcampo.com.uy\/site\/wp-json\/wp\/v2\/media?parent=33325"}],"wp:term":[{"taxonomy":"category","embeddable":true,"href":"https:\/\/lahoradelcampo.com.uy\/site\/wp-json\/wp\/v2\/categories?post=33325"},{"taxonomy":"post_tag","embeddable":true,"href":"https:\/\/lahoradelcampo.com.uy\/site\/wp-json\/wp\/v2\/tags?post=33325"}],"curies":[{"name":"wp","href":"https:\/\/api.w.org\/{rel}","templated":true}]}}