{"id":33301,"date":"2021-08-23T07:55:08","date_gmt":"2021-08-23T10:55:08","guid":{"rendered":"http:\/\/lahoradelcampo.com.uy\/site\/?p=33301"},"modified":"2021-08-23T07:55:15","modified_gmt":"2021-08-23T10:55:15","slug":"bertsch-correa-san-roman-con-importante-oferta-en-pantalla-uruguay-2","status":"publish","type":"post","link":"https:\/\/lahoradelcampo.com.uy\/site\/bertsch-correa-san-roman-con-importante-oferta-en-pantalla-uruguay-2\/","title":{"rendered":"Bertsch, Correa &#038; San Rom\u00e1n con importante oferta en Pantalla Uruguay"},"content":{"rendered":"\n<figure class=\"wp-block-image\"><img data-recalc-dims=\"1\" loading=\"lazy\" decoding=\"async\" width=\"810\" height=\"405\" data-attachment-id=\"20306\" data-permalink=\"https:\/\/lahoradelcampo.com.uy\/site\/bertsch-correa-san-roman-con-importante-oferta-en-pantalla-uruguay\/bertsch-correa-y-san-roman-foto\/\" data-orig-file=\"https:\/\/i0.wp.com\/lahoradelcampo.com.uy\/site\/wp-content\/uploads\/2020\/05\/Bertsch-correa-y-san-roman-foto.jpg?fit=880%2C440&amp;ssl=1\" data-orig-size=\"880,440\" data-comments-opened=\"1\" data-image-meta=\"{&quot;aperture&quot;:&quot;0&quot;,&quot;credit&quot;:&quot;&quot;,&quot;camera&quot;:&quot;&quot;,&quot;caption&quot;:&quot;&quot;,&quot;created_timestamp&quot;:&quot;0&quot;,&quot;copyright&quot;:&quot;&quot;,&quot;focal_length&quot;:&quot;0&quot;,&quot;iso&quot;:&quot;0&quot;,&quot;shutter_speed&quot;:&quot;0&quot;,&quot;title&quot;:&quot;&quot;,&quot;orientation&quot;:&quot;1&quot;}\" data-image-title=\"Bertsch, correa y san roman foto\" data-image-description=\"\" data-image-caption=\"\" data-large-file=\"https:\/\/i0.wp.com\/lahoradelcampo.com.uy\/site\/wp-content\/uploads\/2020\/05\/Bertsch-correa-y-san-roman-foto.jpg?fit=810%2C405&amp;ssl=1\" src=\"https:\/\/i0.wp.com\/lahoradelcampo.com.uy\/site\/wp-content\/uploads\/2020\/05\/Bertsch-correa-y-san-roman-foto.jpg?resize=810%2C405\" alt=\"\" class=\"wp-image-20306\" srcset=\"https:\/\/i0.wp.com\/lahoradelcampo.com.uy\/site\/wp-content\/uploads\/2020\/05\/Bertsch-correa-y-san-roman-foto.jpg?w=880&amp;ssl=1 880w, https:\/\/i0.wp.com\/lahoradelcampo.com.uy\/site\/wp-content\/uploads\/2020\/05\/Bertsch-correa-y-san-roman-foto.jpg?resize=300%2C150&amp;ssl=1 300w, https:\/\/i0.wp.com\/lahoradelcampo.com.uy\/site\/wp-content\/uploads\/2020\/05\/Bertsch-correa-y-san-roman-foto.jpg?resize=768%2C384&amp;ssl=1 768w, https:\/\/i0.wp.com\/lahoradelcampo.com.uy\/site\/wp-content\/uploads\/2020\/05\/Bertsch-correa-y-san-roman-foto.jpg?resize=820%2C410&amp;ssl=1 820w\" sizes=\"auto, (max-width: 810px) 100vw, 810px\" \/><\/figure>\n\n\n\n<p>El pr\u00f3ximo 27 de agosto, el \u00faltimo viernes del mes, como es tradicional se realizar\u00e1 el remate  de Pantalla Uruguay, con m\u00e1s de 7.000 vacunos y 240 ovinos. El \u00faltimo remate del invierno del consorcio contar\u00e1 con una destacada oferta desde el norte del pa\u00eds, a cargo de los escritorio Roberto Bertsch y Correa &amp; San Rom\u00e1n. <br><\/p>\n\n\n\n<p>En la oportunidad se ofrecer\u00e1n destacados lotes de terneros de Suc. de Manuel Bercianos en Tacuaremb\u00f3, de Estancia El Roble en Salto y de Walter Ceron Buzzetto en Artigas. Adem\u00e1s la oferta de la firma Bertsch, Correa y San Rom\u00e1n ofrecer\u00e1n Vacas de Invernada de RyR Soc. Ganadera y Vientres Pre\u00f1ados de Luis Donazar y de Adriana Amor\u00edn en Tacuaremb\u00f3. <br><\/p>\n\n\n\n<p>Por m\u00e1s informaci\u00f3n y detalles de la oferta en la p\u00e1gina web del escritorio www.correaysanroman.com.uy<\/p>\n\n\n\n<p>Salto, 23 de agosto de 2021<\/p>\n","protected":false},"excerpt":{"rendered":"<p>El pr\u00f3ximo 27 de agosto, el \u00faltimo viernes del mes, como es tradicional se realizar\u00e1 el remate de Pantalla Uruguay, con m\u00e1s de 7.000 vacunos y 240 ovinos. El \u00faltimo [&hellip;]<\/p>\n","protected":false},"author":5,"featured_media":20306,"comment_status":"open","ping_status":"open","sticky":false,"template":"","format":"standard","meta":{"_price":"","_stock":"","_tribe_ticket_header":"","_tribe_default_ticket_provider":"","_tribe_ticket_capacity":"0","_ticket_start_date":"","_ticket_end_date":"","_tribe_ticket_show_description":"","_tribe_ticket_show_not_going":false,"_tribe_ticket_use_global_stock":"","_tribe_ticket_global_stock_level":"","_global_stock_mode":"","_global_stock_cap":"","_tribe_rsvp_for_event":"","_tribe_ticket_going_count":"","_tribe_ticket_not_going_count":"","_tribe_tickets_list":"[]","_tribe_ticket_has_attendee_info_fields":false,"h5ap_radio_sources":[],"_jetpack_newsletter_access":"","_jetpack_dont_email_post_to_subs":false,"_jetpack_newsletter_tier_id":0,"_jetpack_memberships_contains_paywalled_content":false,"_jetpack_memberships_contains_paid_content":false,"footnotes":""},"categories":[21,5],"tags":[],"class_list":["post-33301","post","type-post","status-publish","format-standard","has-post-thumbnail","hentry","category-actualidad","category-ganaderia"],"jetpack_featured_media_url":"https:\/\/i0.wp.com\/lahoradelcampo.com.uy\/site\/wp-content\/uploads\/2020\/05\/Bertsch-correa-y-san-roman-foto.jpg?fit=880%2C440&ssl=1","jetpack_sharing_enabled":true,"jetpack_shortlink":"https:\/\/wp.me\/p99IaT-8F7","jetpack-related-posts":[{"id":45053,"url":"https:\/\/lahoradelcampo.com.uy\/site\/bertsch-correa-san-roman-con-destacada-oferta-en-pantalla-uruguay-2\/","url_meta":{"origin":33301,"position":0},"title":"Bertsch, Correa &#038; San Rom\u00e1n con destacada oferta en Pantalla Uruguay","author":"La Hora del Campo","date":"29 agosto, 2022","format":false,"excerpt":"Pantalla Uruguay realizar\u00e1 este pr\u00f3ximo mi\u00e9rcoles 31 de agosto a partir de la hora 9, su remate 245, con una oferta de 7.775 vacunos y 1.253 ovinos. Como es tradicional la venta ser\u00e1 transmitida por la web de Pantalla Uruguay, Gol Tv, Direct Tv, Facebook y en la aplicaci\u00f3n del\u2026","rel":"","context":"En \u00abActualidad\u00bb","block_context":{"text":"Actualidad","link":"https:\/\/lahoradelcampo.com.uy\/site\/category\/actualidad\/"},"img":{"alt_text":"","src":"https:\/\/i0.wp.com\/lahoradelcampo.com.uy\/site\/wp-content\/uploads\/2022\/08\/Bertsch-correa2.jpg?fit=880%2C440&ssl=1&resize=350%2C200","width":350,"height":200,"srcset":"https:\/\/i0.wp.com\/lahoradelcampo.com.uy\/site\/wp-content\/uploads\/2022\/08\/Bertsch-correa2.jpg?fit=880%2C440&ssl=1&resize=350%2C200 1x, https:\/\/i0.wp.com\/lahoradelcampo.com.uy\/site\/wp-content\/uploads\/2022\/08\/Bertsch-correa2.jpg?fit=880%2C440&ssl=1&resize=525%2C300 1.5x, https:\/\/i0.wp.com\/lahoradelcampo.com.uy\/site\/wp-content\/uploads\/2022\/08\/Bertsch-correa2.jpg?fit=880%2C440&ssl=1&resize=700%2C400 2x"},"classes":[]},{"id":50379,"url":"https:\/\/lahoradelcampo.com.uy\/site\/bertsch-correa-san-roman-con-destacada-oferta-en-pantalla-uruguay-3\/","url_meta":{"origin":33301,"position":1},"title":"Bertsch, Correa &amp; San Rom\u00e1n con destacada oferta en Pantalla Uruguay","author":"La Hora del Campo","date":"16 mayo, 2023","format":false,"excerpt":"La firma Bertsch, Correa y San Rom\u00e1n presenta una atractiva oferta de ganado en la regi\u00f3n, con m\u00e1s de 650 cabezas disponibles en el marco del 257 remate de Pantalla Uruguay. Este evento se llevar\u00e1 a cabo los d\u00edas martes 16 y mi\u00e9rcoles 17 de mayo, desde las instalaciones del\u2026","rel":"","context":"En \u00abActualidad\u00bb","block_context":{"text":"Actualidad","link":"https:\/\/lahoradelcampo.com.uy\/site\/category\/actualidad\/"},"img":{"alt_text":"","src":"https:\/\/i0.wp.com\/lahoradelcampo.com.uy\/site\/wp-content\/uploads\/2023\/05\/MartinSanRoman-PU.jpg?fit=880%2C440&ssl=1&resize=350%2C200","width":350,"height":200,"srcset":"https:\/\/i0.wp.com\/lahoradelcampo.com.uy\/site\/wp-content\/uploads\/2023\/05\/MartinSanRoman-PU.jpg?fit=880%2C440&ssl=1&resize=350%2C200 1x, https:\/\/i0.wp.com\/lahoradelcampo.com.uy\/site\/wp-content\/uploads\/2023\/05\/MartinSanRoman-PU.jpg?fit=880%2C440&ssl=1&resize=525%2C300 1.5x, https:\/\/i0.wp.com\/lahoradelcampo.com.uy\/site\/wp-content\/uploads\/2023\/05\/MartinSanRoman-PU.jpg?fit=880%2C440&ssl=1&resize=700%2C400 2x"},"classes":[]},{"id":49558,"url":"https:\/\/lahoradelcampo.com.uy\/site\/bertsch-correa-y-san-roman-remataran-mas-de-1-100-vacunos-en-pantalla-uruguay\/","url_meta":{"origin":33301,"position":2},"title":"Bertsch, Correa y San Rom\u00e1n rematar\u00e1n m\u00e1s de 1.100 vacunos en Pantalla Uruguay","author":"La Hora del Campo","date":"29 marzo, 2023","format":false,"excerpt":"Bertsch, Correa y San Rom\u00e1n rematar\u00e1n m\u00e1s de 1.100 vacunos en el remate 254 de Pantalla Uruguay, que se llevar\u00e1 a cabo desde las instalaciones del Parque Tecnol\u00f3gico del LATU los d\u00edas 30 y 31 de marzo. El evento a nivel nacional contar\u00e1 con una oferta total de 10.736 vacunos\u2026","rel":"","context":"En \u00abActualidad\u00bb","block_context":{"text":"Actualidad","link":"https:\/\/lahoradelcampo.com.uy\/site\/category\/actualidad\/"},"img":{"alt_text":"","src":"https:\/\/i0.wp.com\/lahoradelcampo.com.uy\/site\/wp-content\/uploads\/2022\/04\/PU-Pantalla-Uruguay.jpg?fit=880%2C440&ssl=1&resize=350%2C200","width":350,"height":200,"srcset":"https:\/\/i0.wp.com\/lahoradelcampo.com.uy\/site\/wp-content\/uploads\/2022\/04\/PU-Pantalla-Uruguay.jpg?fit=880%2C440&ssl=1&resize=350%2C200 1x, https:\/\/i0.wp.com\/lahoradelcampo.com.uy\/site\/wp-content\/uploads\/2022\/04\/PU-Pantalla-Uruguay.jpg?fit=880%2C440&ssl=1&resize=525%2C300 1.5x, https:\/\/i0.wp.com\/lahoradelcampo.com.uy\/site\/wp-content\/uploads\/2022\/04\/PU-Pantalla-Uruguay.jpg?fit=880%2C440&ssl=1&resize=700%2C400 2x"},"classes":[]},{"id":28754,"url":"https:\/\/lahoradelcampo.com.uy\/site\/bertsch-correa-san-roman-ofreceran-2-000-reses-del-norte-del-pais-en-pantalla-uruguay\/","url_meta":{"origin":33301,"position":3},"title":"Bertsch, Correa &#038; San Roman ofrecer\u00e1n 2.000 reses del norte del pa\u00eds en Pantalla Uruguay","author":"La Hora del Campo","date":"24 marzo, 2021","format":false,"excerpt":"Hoy y ma\u00f1ana el consorcio de rematadores de Pantalla Uruguay ofrecer\u00e1 un total de 14.000 vacunos de reposici\u00f3n, de forma 100% virtual y con transmisi\u00f3n por Tv Cable, DirecTV e internet. Las ventas comenzaran a las 9:00 hrs, desde el Parque Tecnol\u00f3gico del Uruguay (Latu) y como es tradicional cuenta\u2026","rel":"","context":"En \u00abActualidad\u00bb","block_context":{"text":"Actualidad","link":"https:\/\/lahoradelcampo.com.uy\/site\/category\/actualidad\/"},"img":{"alt_text":"","src":"https:\/\/i0.wp.com\/lahoradelcampo.com.uy\/site\/wp-content\/uploads\/2021\/03\/Bertsch-correa.jpg?fit=880%2C440&ssl=1&resize=350%2C200","width":350,"height":200,"srcset":"https:\/\/i0.wp.com\/lahoradelcampo.com.uy\/site\/wp-content\/uploads\/2021\/03\/Bertsch-correa.jpg?fit=880%2C440&ssl=1&resize=350%2C200 1x, https:\/\/i0.wp.com\/lahoradelcampo.com.uy\/site\/wp-content\/uploads\/2021\/03\/Bertsch-correa.jpg?fit=880%2C440&ssl=1&resize=525%2C300 1.5x, https:\/\/i0.wp.com\/lahoradelcampo.com.uy\/site\/wp-content\/uploads\/2021\/03\/Bertsch-correa.jpg?fit=880%2C440&ssl=1&resize=700%2C400 2x"},"classes":[]},{"id":29672,"url":"https:\/\/lahoradelcampo.com.uy\/site\/bertsch-correa-san-roman-colocaron-el-100-de-la-oferta-en-pantalla-uruguay\/","url_meta":{"origin":33301,"position":4},"title":"Bertsch, Correa &#038; San Roman colocaron el 100% de la oferta en Pantalla Uruguay","author":"La Hora del Campo","date":"5 mayo, 2021","format":false,"excerpt":"Con un remate que comenz\u00f3 el pasado viernes 30 de abril, con 9.060 terneros pasando bajo martillo, el consorcio de rematadores integrantes de Pantalla Uruguay llegaron al cierre de su remate de abril, con una oferta de 23.000 vacunos. En total al cierre de la jornada de ayer se coloc\u00f3\u2026","rel":"","context":"En \u00abActualidad\u00bb","block_context":{"text":"Actualidad","link":"https:\/\/lahoradelcampo.com.uy\/site\/category\/actualidad\/"},"img":{"alt_text":"","src":"https:\/\/i0.wp.com\/lahoradelcampo.com.uy\/site\/wp-content\/uploads\/2020\/05\/Bertsch-correa-y-san-roman-foto.jpg?fit=880%2C440&ssl=1&resize=350%2C200","width":350,"height":200,"srcset":"https:\/\/i0.wp.com\/lahoradelcampo.com.uy\/site\/wp-content\/uploads\/2020\/05\/Bertsch-correa-y-san-roman-foto.jpg?fit=880%2C440&ssl=1&resize=350%2C200 1x, https:\/\/i0.wp.com\/lahoradelcampo.com.uy\/site\/wp-content\/uploads\/2020\/05\/Bertsch-correa-y-san-roman-foto.jpg?fit=880%2C440&ssl=1&resize=525%2C300 1.5x, https:\/\/i0.wp.com\/lahoradelcampo.com.uy\/site\/wp-content\/uploads\/2020\/05\/Bertsch-correa-y-san-roman-foto.jpg?fit=880%2C440&ssl=1&resize=700%2C400 2x"},"classes":[]},{"id":20302,"url":"https:\/\/lahoradelcampo.com.uy\/site\/bertsch-correa-san-roman-con-importante-oferta-en-pantalla-uruguay\/","url_meta":{"origin":33301,"position":5},"title":"Bertsch, Correa &#038; San Rom\u00e1n con importante oferta en Pantalla Uruguay","author":"La Hora del Campo","date":"28 mayo, 2020","format":false,"excerpt":"El consorcio de rematadores de Pantalla Uruguay comienza en la jornada de hoy su remate 216, donde se incluye la 7 Ganadera Angus, con destacados ganados certificados por la Sociedad de Criadores de Aberdeen Angus del Uruguay. La oferta total del consorcio se ubica en los 16.500 vacunos y 2.000\u2026","rel":"","context":"En \u00abActualidad\u00bb","block_context":{"text":"Actualidad","link":"https:\/\/lahoradelcampo.com.uy\/site\/category\/actualidad\/"},"img":{"alt_text":"","src":"https:\/\/i0.wp.com\/lahoradelcampo.com.uy\/site\/wp-content\/uploads\/2020\/05\/Bertsch-correa-y-san-roman-foto.jpg?fit=880%2C440&ssl=1&resize=350%2C200","width":350,"height":200,"srcset":"https:\/\/i0.wp.com\/lahoradelcampo.com.uy\/site\/wp-content\/uploads\/2020\/05\/Bertsch-correa-y-san-roman-foto.jpg?fit=880%2C440&ssl=1&resize=350%2C200 1x, https:\/\/i0.wp.com\/lahoradelcampo.com.uy\/site\/wp-content\/uploads\/2020\/05\/Bertsch-correa-y-san-roman-foto.jpg?fit=880%2C440&ssl=1&resize=525%2C300 1.5x, https:\/\/i0.wp.com\/lahoradelcampo.com.uy\/site\/wp-content\/uploads\/2020\/05\/Bertsch-correa-y-san-roman-foto.jpg?fit=880%2C440&ssl=1&resize=700%2C400 2x"},"classes":[]}],"jetpack_likes_enabled":true,"_links":{"self":[{"href":"https:\/\/lahoradelcampo.com.uy\/site\/wp-json\/wp\/v2\/posts\/33301","targetHints":{"allow":["GET"]}}],"collection":[{"href":"https:\/\/lahoradelcampo.com.uy\/site\/wp-json\/wp\/v2\/posts"}],"about":[{"href":"https:\/\/lahoradelcampo.com.uy\/site\/wp-json\/wp\/v2\/types\/post"}],"author":[{"embeddable":true,"href":"https:\/\/lahoradelcampo.com.uy\/site\/wp-json\/wp\/v2\/users\/5"}],"replies":[{"embeddable":true,"href":"https:\/\/lahoradelcampo.com.uy\/site\/wp-json\/wp\/v2\/comments?post=33301"}],"version-history":[{"count":1,"href":"https:\/\/lahoradelcampo.com.uy\/site\/wp-json\/wp\/v2\/posts\/33301\/revisions"}],"predecessor-version":[{"id":33303,"href":"https:\/\/lahoradelcampo.com.uy\/site\/wp-json\/wp\/v2\/posts\/33301\/revisions\/33303"}],"wp:featuredmedia":[{"embeddable":true,"href":"https:\/\/lahoradelcampo.com.uy\/site\/wp-json\/wp\/v2\/media\/20306"}],"wp:attachment":[{"href":"https:\/\/lahoradelcampo.com.uy\/site\/wp-json\/wp\/v2\/media?parent=33301"}],"wp:term":[{"taxonomy":"category","embeddable":true,"href":"https:\/\/lahoradelcampo.com.uy\/site\/wp-json\/wp\/v2\/categories?post=33301"},{"taxonomy":"post_tag","embeddable":true,"href":"https:\/\/lahoradelcampo.com.uy\/site\/wp-json\/wp\/v2\/tags?post=33301"}],"curies":[{"name":"wp","href":"https:\/\/api.w.org\/{rel}","templated":true}]}}