{"id":33293,"date":"2021-08-23T07:45:48","date_gmt":"2021-08-23T10:45:48","guid":{"rendered":"http:\/\/lahoradelcampo.com.uy\/site\/?p=33293"},"modified":"2021-08-23T07:45:52","modified_gmt":"2021-08-23T10:45:52","slug":"uruguay-podria-exportar-carne-desde-otros-puertos-de-la-region","status":"publish","type":"post","link":"https:\/\/lahoradelcampo.com.uy\/site\/uruguay-podria-exportar-carne-desde-otros-puertos-de-la-region\/","title":{"rendered":"Uruguay podr\u00eda exportar carne desde otros puertos de la regi\u00f3n"},"content":{"rendered":"\n<figure class=\"wp-block-image\"><img data-recalc-dims=\"1\" loading=\"lazy\" decoding=\"async\" width=\"810\" height=\"405\" data-attachment-id=\"10491\" data-permalink=\"https:\/\/lahoradelcampo.com.uy\/site\/pago-a-los-productores-a-traves-de-ventas-publicas-se-puede-agilizar\/exportaciones\/\" data-orig-file=\"https:\/\/i0.wp.com\/lahoradelcampo.com.uy\/site\/wp-content\/uploads\/2019\/05\/exportaciones.jpg?fit=880%2C440&amp;ssl=1\" data-orig-size=\"880,440\" data-comments-opened=\"1\" data-image-meta=\"{&quot;aperture&quot;:&quot;0&quot;,&quot;credit&quot;:&quot;&quot;,&quot;camera&quot;:&quot;&quot;,&quot;caption&quot;:&quot;&quot;,&quot;created_timestamp&quot;:&quot;0&quot;,&quot;copyright&quot;:&quot;&quot;,&quot;focal_length&quot;:&quot;0&quot;,&quot;iso&quot;:&quot;0&quot;,&quot;shutter_speed&quot;:&quot;0&quot;,&quot;title&quot;:&quot;&quot;,&quot;orientation&quot;:&quot;1&quot;}\" data-image-title=\"exportaciones\" data-image-description=\"\" data-image-caption=\"\" data-large-file=\"https:\/\/i0.wp.com\/lahoradelcampo.com.uy\/site\/wp-content\/uploads\/2019\/05\/exportaciones.jpg?fit=810%2C405&amp;ssl=1\" src=\"https:\/\/i0.wp.com\/lahoradelcampo.com.uy\/site\/wp-content\/uploads\/2019\/05\/exportaciones.jpg?resize=810%2C405\" alt=\"\" class=\"wp-image-10491\" srcset=\"https:\/\/i0.wp.com\/lahoradelcampo.com.uy\/site\/wp-content\/uploads\/2019\/05\/exportaciones.jpg?w=880&amp;ssl=1 880w, https:\/\/i0.wp.com\/lahoradelcampo.com.uy\/site\/wp-content\/uploads\/2019\/05\/exportaciones.jpg?resize=300%2C150&amp;ssl=1 300w, https:\/\/i0.wp.com\/lahoradelcampo.com.uy\/site\/wp-content\/uploads\/2019\/05\/exportaciones.jpg?resize=768%2C384&amp;ssl=1 768w, https:\/\/i0.wp.com\/lahoradelcampo.com.uy\/site\/wp-content\/uploads\/2019\/05\/exportaciones.jpg?resize=820%2C410&amp;ssl=1 820w\" sizes=\"auto, (max-width: 810px) 100vw, 810px\" \/><\/figure>\n\n\n\n<p>Un comunicado conjunto, firmado por los presidentes de la Asociaci\u00f3n de la Industria Frigor\u00edfica (Adifu) y la C\u00e1mara de la Industria Frigor\u00edfica (CIF), advierte \u201csobre los efectos del caos a nivel mundial del transporte mar\u00edtimo. Las grandes dificultades y problemas de funcionamiento en la log\u00edstica de puertos, junto a la feroz escalada de precios, la falta de contenedores, el congestionamiento en los puertos y la disrupci\u00f3n de rutas mar\u00edtimas, se han agravado en los \u00faltimos meses a causa de la pandemia\u201d.<br><\/p>\n\n\n\n<p>Se asegura que \u201cEste fen\u00f3meno global tiene causas muy variadas, desde puertos de China cerrados por COVID, puertos europeos al borde de la saturaci\u00f3n con buques haciendo cola para descargar, contenedores varados en las terminales esperando ser despachados, navieras dejando los contenedores cargados y prefiriendo retornar con contenedores vac\u00edos, preferencia por cargar contenedores secos que dan mayor rentabilidad antes que los contenedores refrigerados, alt\u00edsima intensidad comercial entre EE.UU. y China que ha causado el colapso de los puertos americanos, resultando en un caos del transporte terrestre interno. Todo esto adem\u00e1s ha causado una escalada fenomenal de las tarifas de fletes mar\u00edtimos del orden de 5-6 veces en UE, de Asia a Europa aumentos de 10-15 veces y 3-4 veces en EE.UU.\u201d.<br><\/p>\n\n\n\n<p>Asimismo se establece que \u201clas consecuencias directas ya comenzaron a afectar al Uruguay con falta de contenedores vac\u00edos, rutas mar\u00edtimas alteradas donde los buques saltean puertos de menor volumen o rentabilidad (caso del Puerto de Montevideo), las navieras no confirman ingreso a puerto y postergan las fechas de carga, los contenedores se apilan en el puerto causando acumulaci\u00f3n de stocks de productos y llenando los dep\u00f3sitos de fr\u00edo\u201d.<br><\/p>\n\n\n\n<p>ADIFU y CIF aseveraron que \u201cNo se vislumbran soluciones de corto plazo a esta situaci\u00f3n global y ya hay menor ritmo de negocios y pedidos de cargas desde China. Sin lugar a dudas, de continuar esta situaci\u00f3n, en pocas semanas se podr\u00eda afectar la capacidad de faena y producci\u00f3n de las plantas frigor\u00edficas\u201d.<br><\/p>\n\n\n\n<p>\u201cPor ello, muchos exportadores locales est\u00e1n analizando junto a las autoridades, las alternativas de exportaci\u00f3n de contenedores de carne desde pa\u00edses vecinos dado que muchos buques no est\u00e1n haciendo escala en Montevideo\u201d, finaliza la comunicaci\u00f3n firmada por el Dr. Marcelo Secco, titular de Adifu, y Daniel Belerati, presidente de CIF.<\/p>\n\n\n\n<p>Salto, 23 de agosto de 2021<\/p>\n","protected":false},"excerpt":{"rendered":"<p>Un comunicado conjunto, firmado por los presidentes de la Asociaci\u00f3n de la Industria Frigor\u00edfica (Adifu) y la C\u00e1mara de la Industria Frigor\u00edfica (CIF), advierte \u201csobre los efectos del caos a [&hellip;]<\/p>\n","protected":false},"author":5,"featured_media":10491,"comment_status":"open","ping_status":"open","sticky":false,"template":"","format":"standard","meta":{"_price":"","_stock":"","_tribe_ticket_header":"","_tribe_default_ticket_provider":"","_tribe_ticket_capacity":"0","_ticket_start_date":"","_ticket_end_date":"","_tribe_ticket_show_description":"","_tribe_ticket_show_not_going":false,"_tribe_ticket_use_global_stock":"","_tribe_ticket_global_stock_level":"","_global_stock_mode":"","_global_stock_cap":"","_tribe_rsvp_for_event":"","_tribe_ticket_going_count":"","_tribe_ticket_not_going_count":"","_tribe_tickets_list":"[]","_tribe_ticket_has_attendee_info_fields":false,"h5ap_radio_sources":[],"_jetpack_newsletter_access":"","_jetpack_dont_email_post_to_subs":false,"_jetpack_newsletter_tier_id":0,"_jetpack_memberships_contains_paywalled_content":false,"_jetpack_memberships_contains_paid_content":false,"footnotes":""},"categories":[21,5],"tags":[],"class_list":["post-33293","post","type-post","status-publish","format-standard","has-post-thumbnail","hentry","category-actualidad","category-ganaderia"],"jetpack_featured_media_url":"https:\/\/i0.wp.com\/lahoradelcampo.com.uy\/site\/wp-content\/uploads\/2019\/05\/exportaciones.jpg?fit=880%2C440&ssl=1","jetpack_sharing_enabled":true,"jetpack_shortlink":"https:\/\/wp.me\/p99IaT-8EZ","jetpack-related-posts":[{"id":17522,"url":"https:\/\/lahoradelcampo.com.uy\/site\/el-coronavirus-tiene-paralizada-la-cadena-de-suministro-en-los-puertos-chinos\/","url_meta":{"origin":33293,"position":0},"title":"El coronavirus tiene paralizada la cadena de suministro en los puertos chinos","author":"La Hora del Campo","date":"20 febrero, 2020","format":false,"excerpt":"Seg\u00fan un informe del portal Beef Central, las medidas adoptadas por el gobierno para evitar una mayor propagaci\u00f3n del virus est\u00e1n interrumpiendo el comercio, la producci\u00f3n y las cadenas de suministro, adem\u00e1s de tener un impacto significativo en el consumo de alimentos fuera del hogar, con el cierre de muchos\u2026","rel":"","context":"En \u00abActualidad\u00bb","block_context":{"text":"Actualidad","link":"https:\/\/lahoradelcampo.com.uy\/site\/category\/actualidad\/"},"img":{"alt_text":"","src":"https:\/\/i0.wp.com\/lahoradelcampo.com.uy\/site\/wp-content\/uploads\/2019\/05\/exportaciones.jpg?fit=880%2C440&ssl=1&resize=350%2C200","width":350,"height":200,"srcset":"https:\/\/i0.wp.com\/lahoradelcampo.com.uy\/site\/wp-content\/uploads\/2019\/05\/exportaciones.jpg?fit=880%2C440&ssl=1&resize=350%2C200 1x, https:\/\/i0.wp.com\/lahoradelcampo.com.uy\/site\/wp-content\/uploads\/2019\/05\/exportaciones.jpg?fit=880%2C440&ssl=1&resize=525%2C300 1.5x, https:\/\/i0.wp.com\/lahoradelcampo.com.uy\/site\/wp-content\/uploads\/2019\/05\/exportaciones.jpg?fit=880%2C440&ssl=1&resize=700%2C400 2x"},"classes":[]},{"id":18928,"url":"https:\/\/lahoradelcampo.com.uy\/site\/china-supero-la-importacion-de-900-mil-toneladas-de-carne\/","url_meta":{"origin":33293,"position":1},"title":"China super\u00f3 la importaci\u00f3n de 900 mil toneladas de carne","author":"La Hora del Campo","date":"16 abril, 2020","format":false,"excerpt":"Retomando su actividad luego del impacto generado por el brote de coronavirus (Covid-19), el gigante asi\u00e1tico comienza a recuperarse y a dinamizar sus puertos que se encontraban con serios problemas de log\u00edsticas, lo cual se visualiz\u00f3 en un ingreso de 919.000 toneladas de carne importada durante el mes de marzo.\u2026","rel":"","context":"En \u00abActualidad\u00bb","block_context":{"text":"Actualidad","link":"https:\/\/lahoradelcampo.com.uy\/site\/category\/actualidad\/"},"img":{"alt_text":"","src":"https:\/\/i0.wp.com\/lahoradelcampo.com.uy\/site\/wp-content\/uploads\/2017\/11\/Carne.jpg?fit=880%2C440&ssl=1&resize=350%2C200","width":350,"height":200,"srcset":"https:\/\/i0.wp.com\/lahoradelcampo.com.uy\/site\/wp-content\/uploads\/2017\/11\/Carne.jpg?fit=880%2C440&ssl=1&resize=350%2C200 1x, https:\/\/i0.wp.com\/lahoradelcampo.com.uy\/site\/wp-content\/uploads\/2017\/11\/Carne.jpg?fit=880%2C440&ssl=1&resize=525%2C300 1.5x, https:\/\/i0.wp.com\/lahoradelcampo.com.uy\/site\/wp-content\/uploads\/2017\/11\/Carne.jpg?fit=880%2C440&ssl=1&resize=700%2C400 2x"},"classes":[]},{"id":27058,"url":"https:\/\/lahoradelcampo.com.uy\/site\/el-envio-de-un-container-de-40-pies-a-china-cuesta-313-mas-que-en-enero-de-2020\/","url_meta":{"origin":33293,"position":2},"title":"El envi\u00f3 de un container de 40 pies a China  cuesta 313% m\u00e1s que en enero de 2020","author":"La Hora del Campo","date":"22 enero, 2021","format":false,"excerpt":"La suba \u201cmete\u00f3rica\u201d del costo de los fletes que conectan China y Uruguay continu\u00f3 su tendencia en este arranque del a\u00f1o 2021. Hablando en d\u00f3lares, el viaje en contenedor de 40 pies que costaba unos 500 d\u00f3lares en junio de 2020, seis meses despu\u00e9s pas\u00f3 a costar entre 8.100 y\u2026","rel":"","context":"En \u00abActualidad\u00bb","block_context":{"text":"Actualidad","link":"https:\/\/lahoradelcampo.com.uy\/site\/category\/actualidad\/"},"img":{"alt_text":"","src":"https:\/\/i0.wp.com\/lahoradelcampo.com.uy\/site\/wp-content\/uploads\/2021\/01\/barcoschina.jpg?fit=880%2C440&ssl=1&resize=350%2C200","width":350,"height":200,"srcset":"https:\/\/i0.wp.com\/lahoradelcampo.com.uy\/site\/wp-content\/uploads\/2021\/01\/barcoschina.jpg?fit=880%2C440&ssl=1&resize=350%2C200 1x, https:\/\/i0.wp.com\/lahoradelcampo.com.uy\/site\/wp-content\/uploads\/2021\/01\/barcoschina.jpg?fit=880%2C440&ssl=1&resize=525%2C300 1.5x, https:\/\/i0.wp.com\/lahoradelcampo.com.uy\/site\/wp-content\/uploads\/2021\/01\/barcoschina.jpg?fit=880%2C440&ssl=1&resize=700%2C400 2x"},"classes":[]},{"id":42315,"url":"https:\/\/lahoradelcampo.com.uy\/site\/la-industria-refuerza-medidas-de-control-sobre-el-covid\/","url_meta":{"origin":33293,"position":3},"title":"La industria refuerza medidas de control sobre el covid","author":"La Hora del Campo","date":"31 mayo, 2022","format":false,"excerpt":"Sobre los controles que realiza China y la inhabilitaci\u00f3n de algunas plantas para ingresar al mercado, el Dr. Marcelo Secco, principal del grupo Mafrig en Uruguay y presidente de la Asociaci\u00f3n de la Industria frigor\u00edfica del Uruguay (Adifu), dijo \"hemos bajado la guardia, en un pa\u00eds que obviamente su riesgo\u2026","rel":"","context":"En \u00abActualidad\u00bb","block_context":{"text":"Actualidad","link":"https:\/\/lahoradelcampo.com.uy\/site\/category\/actualidad\/"},"img":{"alt_text":"","src":"https:\/\/i0.wp.com\/lahoradelcampo.com.uy\/site\/wp-content\/uploads\/2022\/05\/MarceloSecco.jpg?fit=880%2C440&ssl=1&resize=350%2C200","width":350,"height":200,"srcset":"https:\/\/i0.wp.com\/lahoradelcampo.com.uy\/site\/wp-content\/uploads\/2022\/05\/MarceloSecco.jpg?fit=880%2C440&ssl=1&resize=350%2C200 1x, https:\/\/i0.wp.com\/lahoradelcampo.com.uy\/site\/wp-content\/uploads\/2022\/05\/MarceloSecco.jpg?fit=880%2C440&ssl=1&resize=525%2C300 1.5x, https:\/\/i0.wp.com\/lahoradelcampo.com.uy\/site\/wp-content\/uploads\/2022\/05\/MarceloSecco.jpg?fit=880%2C440&ssl=1&resize=700%2C400 2x"},"classes":[]},{"id":33679,"url":"https:\/\/lahoradelcampo.com.uy\/site\/no-solo-se-encarecen-los-fletes-sino-que-a-ningun-precio-conseguis-una-bodega\/","url_meta":{"origin":33293,"position":4},"title":"No solo se encarecen los fletes, \u00absino que a ning\u00fan precio consegu\u00eds una bodega\u00bb","author":"La Hora del Campo","date":"3 septiembre, 2021","format":false,"excerpt":"\"Hay un l\u00edo b\u00e1rbaro\" comenz\u00f3 diciendo Pedro Otegui, principal de Lanas Trinidad en di\u00e1logo con La Hora del Campo, sobre la situaci\u00f3n denunciada por las gremiales de la industria frigor\u00edfica respecto a la problem\u00e1tica en la log\u00edstica mar\u00edtima y la salida de contenedores por el puerto de Montevideo. \"Lo que\u2026","rel":"","context":"En \u00abActualidad\u00bb","block_context":{"text":"Actualidad","link":"https:\/\/lahoradelcampo.com.uy\/site\/category\/actualidad\/"},"img":{"alt_text":"","src":"https:\/\/i0.wp.com\/lahoradelcampo.com.uy\/site\/wp-content\/uploads\/2020\/03\/Pedro-Otegui.jpg?fit=880%2C440&ssl=1&resize=350%2C200","width":350,"height":200,"srcset":"https:\/\/i0.wp.com\/lahoradelcampo.com.uy\/site\/wp-content\/uploads\/2020\/03\/Pedro-Otegui.jpg?fit=880%2C440&ssl=1&resize=350%2C200 1x, https:\/\/i0.wp.com\/lahoradelcampo.com.uy\/site\/wp-content\/uploads\/2020\/03\/Pedro-Otegui.jpg?fit=880%2C440&ssl=1&resize=525%2C300 1.5x, https:\/\/i0.wp.com\/lahoradelcampo.com.uy\/site\/wp-content\/uploads\/2020\/03\/Pedro-Otegui.jpg?fit=880%2C440&ssl=1&resize=700%2C400 2x"},"classes":[]},{"id":41775,"url":"https:\/\/lahoradelcampo.com.uy\/site\/el-mercado-interno-continua-lento-y-casi-sin-operativas\/","url_meta":{"origin":33293,"position":5},"title":"El mercado interno contin\u00faa lento y casi sin operativas","author":"La Hora del Campo","date":"13 mayo, 2022","format":false,"excerpt":"De acuerdo al di\u00e1logo mantenido con algunos consignatarios y representantes de industrias topistas, el mercado contin\u00faa lento y con propuestas de valores inferiores a los de semanas anteriores, principalmente en el caso de las lanas finas. Esta situaci\u00f3n es reflejo de una cautela muy importante por parte de los importadores\u2026","rel":"","context":"En \u00abActualidad\u00bb","block_context":{"text":"Actualidad","link":"https:\/\/lahoradelcampo.com.uy\/site\/category\/actualidad\/"},"img":{"alt_text":"","src":"https:\/\/i0.wp.com\/lahoradelcampo.com.uy\/site\/wp-content\/uploads\/2021\/05\/lanasangerardo.jpg?fit=880%2C440&ssl=1&resize=350%2C200","width":350,"height":200,"srcset":"https:\/\/i0.wp.com\/lahoradelcampo.com.uy\/site\/wp-content\/uploads\/2021\/05\/lanasangerardo.jpg?fit=880%2C440&ssl=1&resize=350%2C200 1x, https:\/\/i0.wp.com\/lahoradelcampo.com.uy\/site\/wp-content\/uploads\/2021\/05\/lanasangerardo.jpg?fit=880%2C440&ssl=1&resize=525%2C300 1.5x, https:\/\/i0.wp.com\/lahoradelcampo.com.uy\/site\/wp-content\/uploads\/2021\/05\/lanasangerardo.jpg?fit=880%2C440&ssl=1&resize=700%2C400 2x"},"classes":[]}],"jetpack_likes_enabled":true,"_links":{"self":[{"href":"https:\/\/lahoradelcampo.com.uy\/site\/wp-json\/wp\/v2\/posts\/33293","targetHints":{"allow":["GET"]}}],"collection":[{"href":"https:\/\/lahoradelcampo.com.uy\/site\/wp-json\/wp\/v2\/posts"}],"about":[{"href":"https:\/\/lahoradelcampo.com.uy\/site\/wp-json\/wp\/v2\/types\/post"}],"author":[{"embeddable":true,"href":"https:\/\/lahoradelcampo.com.uy\/site\/wp-json\/wp\/v2\/users\/5"}],"replies":[{"embeddable":true,"href":"https:\/\/lahoradelcampo.com.uy\/site\/wp-json\/wp\/v2\/comments?post=33293"}],"version-history":[{"count":1,"href":"https:\/\/lahoradelcampo.com.uy\/site\/wp-json\/wp\/v2\/posts\/33293\/revisions"}],"predecessor-version":[{"id":33295,"href":"https:\/\/lahoradelcampo.com.uy\/site\/wp-json\/wp\/v2\/posts\/33293\/revisions\/33295"}],"wp:featuredmedia":[{"embeddable":true,"href":"https:\/\/lahoradelcampo.com.uy\/site\/wp-json\/wp\/v2\/media\/10491"}],"wp:attachment":[{"href":"https:\/\/lahoradelcampo.com.uy\/site\/wp-json\/wp\/v2\/media?parent=33293"}],"wp:term":[{"taxonomy":"category","embeddable":true,"href":"https:\/\/lahoradelcampo.com.uy\/site\/wp-json\/wp\/v2\/categories?post=33293"},{"taxonomy":"post_tag","embeddable":true,"href":"https:\/\/lahoradelcampo.com.uy\/site\/wp-json\/wp\/v2\/tags?post=33293"}],"curies":[{"name":"wp","href":"https:\/\/api.w.org\/{rel}","templated":true}]}}