{"id":33289,"date":"2021-08-23T07:38:10","date_gmt":"2021-08-23T10:38:10","guid":{"rendered":"http:\/\/lahoradelcampo.com.uy\/site\/?p=33289"},"modified":"2021-08-23T07:38:15","modified_gmt":"2021-08-23T10:38:15","slug":"la-expo-avicola-se-realizara-los-dias-4-y-5-de-setiembre","status":"publish","type":"post","link":"https:\/\/lahoradelcampo.com.uy\/site\/la-expo-avicola-se-realizara-los-dias-4-y-5-de-setiembre\/","title":{"rendered":"La Expo Av\u00edcola se realizar\u00e1 los d\u00edas  4 y 5 de setiembre"},"content":{"rendered":"\n<figure class=\"wp-block-image\"><img data-recalc-dims=\"1\" loading=\"lazy\" decoding=\"async\" width=\"810\" height=\"405\" data-attachment-id=\"21944\" data-permalink=\"https:\/\/lahoradelcampo.com.uy\/site\/la-avicola-saltena-se-trae-grandes-campeonatos-de-la-expo-paysandu\/avicola\/\" data-orig-file=\"https:\/\/i0.wp.com\/lahoradelcampo.com.uy\/site\/wp-content\/uploads\/2020\/07\/Avicola.jpg?fit=880%2C440&amp;ssl=1\" data-orig-size=\"880,440\" data-comments-opened=\"1\" data-image-meta=\"{&quot;aperture&quot;:&quot;0&quot;,&quot;credit&quot;:&quot;&quot;,&quot;camera&quot;:&quot;&quot;,&quot;caption&quot;:&quot;&quot;,&quot;created_timestamp&quot;:&quot;0&quot;,&quot;copyright&quot;:&quot;&quot;,&quot;focal_length&quot;:&quot;0&quot;,&quot;iso&quot;:&quot;0&quot;,&quot;shutter_speed&quot;:&quot;0&quot;,&quot;title&quot;:&quot;&quot;,&quot;orientation&quot;:&quot;1&quot;}\" data-image-title=\"Avicola\" data-image-description=\"\" data-image-caption=\"\" data-large-file=\"https:\/\/i0.wp.com\/lahoradelcampo.com.uy\/site\/wp-content\/uploads\/2020\/07\/Avicola.jpg?fit=810%2C405&amp;ssl=1\" src=\"https:\/\/i0.wp.com\/lahoradelcampo.com.uy\/site\/wp-content\/uploads\/2020\/07\/Avicola.jpg?resize=810%2C405\" alt=\"\" class=\"wp-image-21944\" srcset=\"https:\/\/i0.wp.com\/lahoradelcampo.com.uy\/site\/wp-content\/uploads\/2020\/07\/Avicola.jpg?w=880&amp;ssl=1 880w, https:\/\/i0.wp.com\/lahoradelcampo.com.uy\/site\/wp-content\/uploads\/2020\/07\/Avicola.jpg?resize=300%2C150&amp;ssl=1 300w, https:\/\/i0.wp.com\/lahoradelcampo.com.uy\/site\/wp-content\/uploads\/2020\/07\/Avicola.jpg?resize=768%2C384&amp;ssl=1 768w, https:\/\/i0.wp.com\/lahoradelcampo.com.uy\/site\/wp-content\/uploads\/2020\/07\/Avicola.jpg?resize=820%2C410&amp;ssl=1 820w\" sizes=\"auto, (max-width: 810px) 100vw, 810px\" \/><\/figure>\n\n\n\n<p>La Sociedad Fomento Av\u00edcola  de Salto inform\u00f3 que se estar\u00e1 realizando una nueva edici\u00f3n de la Expo Av\u00edcola durante los d\u00edas 4 y 5 de setiembre en el predio de la Asociaci\u00f3n Agropecuaria de Salto. <br><\/p>\n\n\n\n<p>Para este a\u00f1o se han inscripto 467 aves, procedentes de criadores y expositores de Paysand\u00fa, Tacuaremb\u00f3, Cerro Largo, R\u00edo Negro, Artigas y Rivera, adem\u00e1s de la tradicional presencia de criadores de salte\u00f1os y socios de las localidades de Guich\u00f3n y Bella Uni\u00f3n. <br><\/p>\n\n\n\n<p>La apertura al p\u00fablico ser\u00e1 el s\u00e1bado 4 a las 10.00 y el acto de inauguraci\u00f3n a las 11.00 del mismo d\u00eda. <br><\/p>\n\n\n\n<p>Como el a\u00f1o pasado, el p\u00fablico que concurra durante s\u00e1bado y domingo, recibir\u00e1 un n\u00famero para participar en sorteos con premios de la Sociedad Fomento Av\u00edcola de Salto.<br><\/p>\n\n\n\n<p>La entrada a los dos d\u00edas de esta muestra ser\u00e1 sin costo. De este modo toda la familia podr\u00e1 visitar el Hip\u00f3dromo para disfrutar la muestra de aves considerada la mayor del interior del pa\u00eds.<\/p>\n\n\n\n<p>Salto, 23 de agosto de 2021<\/p>\n","protected":false},"excerpt":{"rendered":"<p>La Sociedad Fomento Av\u00edcola de Salto inform\u00f3 que se estar\u00e1 realizando una nueva edici\u00f3n de la Expo Av\u00edcola durante los d\u00edas 4 y 5 de setiembre en el predio de [&hellip;]<\/p>\n","protected":false},"author":5,"featured_media":21944,"comment_status":"open","ping_status":"open","sticky":false,"template":"","format":"standard","meta":{"_price":"","_stock":"","_tribe_ticket_header":"","_tribe_default_ticket_provider":"","_tribe_ticket_capacity":"0","_ticket_start_date":"","_ticket_end_date":"","_tribe_ticket_show_description":"","_tribe_ticket_show_not_going":false,"_tribe_ticket_use_global_stock":"","_tribe_ticket_global_stock_level":"","_global_stock_mode":"","_global_stock_cap":"","_tribe_rsvp_for_event":"","_tribe_ticket_going_count":"","_tribe_ticket_not_going_count":"","_tribe_tickets_list":"[]","_tribe_ticket_has_attendee_info_fields":false,"h5ap_radio_sources":[],"_jetpack_newsletter_access":"","_jetpack_dont_email_post_to_subs":false,"_jetpack_newsletter_tier_id":0,"_jetpack_memberships_contains_paywalled_content":false,"_jetpack_memberships_contains_paid_content":false,"footnotes":""},"categories":[21,9],"tags":[],"class_list":["post-33289","post","type-post","status-publish","format-standard","has-post-thumbnail","hentry","category-actualidad","category-granja"],"jetpack_featured_media_url":"https:\/\/i0.wp.com\/lahoradelcampo.com.uy\/site\/wp-content\/uploads\/2020\/07\/Avicola.jpg?fit=880%2C440&ssl=1","jetpack_sharing_enabled":true,"jetpack_shortlink":"https:\/\/wp.me\/p99IaT-8EV","jetpack-related-posts":[{"id":33589,"url":"https:\/\/lahoradelcampo.com.uy\/site\/comenzaron-las-calificaciones-de-la-expo-avicola-2021\/","url_meta":{"origin":33289,"position":0},"title":"Comenzaron las calificaciones de  la Expo Av\u00edcola 2021","author":"La Hora del Campo","date":"1 septiembre, 2021","format":false,"excerpt":"Tal cual estaba previsto comenz\u00f3 ayer la calificaci\u00f3n de los ejemplares de las distintas razas av\u00edcolas en la Expo 2021, que se desarrolla en el predio de la Asociaci\u00f3n Agropecuaria de Salto. Los jurados Victor Manfredi y Julio Campano, se encuentran calificando las principales razas, continuando en la jornada de\u2026","rel":"","context":"En \u00abActualidad\u00bb","block_context":{"text":"Actualidad","link":"https:\/\/lahoradelcampo.com.uy\/site\/category\/actualidad\/"},"img":{"alt_text":"","src":"https:\/\/i0.wp.com\/lahoradelcampo.com.uy\/site\/wp-content\/uploads\/2021\/09\/avicolasalto.jpg?fit=880%2C440&ssl=1&resize=350%2C200","width":350,"height":200,"srcset":"https:\/\/i0.wp.com\/lahoradelcampo.com.uy\/site\/wp-content\/uploads\/2021\/09\/avicolasalto.jpg?fit=880%2C440&ssl=1&resize=350%2C200 1x, https:\/\/i0.wp.com\/lahoradelcampo.com.uy\/site\/wp-content\/uploads\/2021\/09\/avicolasalto.jpg?fit=880%2C440&ssl=1&resize=525%2C300 1.5x, https:\/\/i0.wp.com\/lahoradelcampo.com.uy\/site\/wp-content\/uploads\/2021\/09\/avicolasalto.jpg?fit=880%2C440&ssl=1&resize=700%2C400 2x"},"classes":[]},{"id":33531,"url":"https:\/\/lahoradelcampo.com.uy\/site\/ingresaron-470-aves-a-la-expo-avicola-2021-en-salto\/","url_meta":{"origin":33289,"position":1},"title":"Ingresaron 470 aves a la Expo Av\u00edcola 2021 en Salto","author":"La Hora del Campo","date":"30 agosto, 2021","format":false,"excerpt":"Este lunes se registr\u00f3 el ingreso de ejemplares para la 66\u00aa Exposici\u00f3n Nacional y 79\u00aa Regional de Avicultura, en el local de la Asociaci\u00f3n Agropecuaria de Salto. En total ingresaron 470 ejemplares, de 25 razas, que fueron alojadas en el galp\u00f3n\u00a0 acondicionado para la muestra. Ruy Da Costa \u00a0Nu\u00f1ez, Luna\u2026","rel":"","context":"En \u00abActualidad\u00bb","block_context":{"text":"Actualidad","link":"https:\/\/lahoradelcampo.com.uy\/site\/category\/actualidad\/"},"img":{"alt_text":"","src":"https:\/\/i0.wp.com\/lahoradelcampo.com.uy\/site\/wp-content\/uploads\/2021\/08\/Expoavicola-admision.jpg?fit=880%2C440&ssl=1&resize=350%2C200","width":350,"height":200,"srcset":"https:\/\/i0.wp.com\/lahoradelcampo.com.uy\/site\/wp-content\/uploads\/2021\/08\/Expoavicola-admision.jpg?fit=880%2C440&ssl=1&resize=350%2C200 1x, https:\/\/i0.wp.com\/lahoradelcampo.com.uy\/site\/wp-content\/uploads\/2021\/08\/Expoavicola-admision.jpg?fit=880%2C440&ssl=1&resize=525%2C300 1.5x, https:\/\/i0.wp.com\/lahoradelcampo.com.uy\/site\/wp-content\/uploads\/2021\/08\/Expoavicola-admision.jpg?fit=880%2C440&ssl=1&resize=700%2C400 2x"},"classes":[]},{"id":13100,"url":"https:\/\/lahoradelcampo.com.uy\/site\/10-y-11-de-agosto-se-desarrolla-la-expo-avicola-de-salto\/","url_meta":{"origin":33289,"position":2},"title":"10 y 11 de agosto  se desarrolla la  Expo Av\u00edcola de Salto","author":"La Hora del Campo","date":"29 julio, 2019","format":false,"excerpt":"En el predio de la Asociaci\u00f3n Agropecuaria de Salto se desarrollar\u00e1 durante los d\u00edas s\u00e1bado 10 y domingo 11 de agosto, la tradicional Expo Av\u00edcola, organizada por la Sociedad Fomento Av\u00edcola de Salto, muestra considerada como la mayor del interior y en muchos casos con mayores participaciones que en la\u2026","rel":"","context":"En \u00abActualidad\u00bb","block_context":{"text":"Actualidad","link":"https:\/\/lahoradelcampo.com.uy\/site\/category\/actualidad\/"},"img":{"alt_text":"","src":"https:\/\/i0.wp.com\/lahoradelcampo.com.uy\/site\/wp-content\/uploads\/2019\/07\/expo-avicola.jpg?fit=880%2C440&ssl=1&resize=350%2C200","width":350,"height":200,"srcset":"https:\/\/i0.wp.com\/lahoradelcampo.com.uy\/site\/wp-content\/uploads\/2019\/07\/expo-avicola.jpg?fit=880%2C440&ssl=1&resize=350%2C200 1x, https:\/\/i0.wp.com\/lahoradelcampo.com.uy\/site\/wp-content\/uploads\/2019\/07\/expo-avicola.jpg?fit=880%2C440&ssl=1&resize=525%2C300 1.5x, https:\/\/i0.wp.com\/lahoradelcampo.com.uy\/site\/wp-content\/uploads\/2019\/07\/expo-avicola.jpg?fit=880%2C440&ssl=1&resize=700%2C400 2x"},"classes":[]},{"id":56491,"url":"https:\/\/lahoradelcampo.com.uy\/site\/continuaron-las-calificaciones-en-la-expo-avicola\/","url_meta":{"origin":33289,"position":3},"title":"Continuaron las calificaciones en la Expo Av\u00edcola","author":"La Hora del Campo","date":"7 agosto, 2025","format":false,"excerpt":"Ayer fue el segundo d\u00eda de calificaciones en la 82\u00aa Exposici\u00f3n Regional y 69\u00aa Exposici\u00f3n Nacional de Avicultura de Salto, que se est\u00e1 desarrollando en el predio ferial de la Asociaci\u00f3n Agropecuaria de Salto. La muestra es organizada por la Sociedad de Fomento Av\u00edcola de Salto, se extender\u00e1 hasta el\u2026","rel":"","context":"En \u00abActualidad\u00bb","block_context":{"text":"Actualidad","link":"https:\/\/lahoradelcampo.com.uy\/site\/category\/actualidad\/"},"img":{"alt_text":"","src":"https:\/\/i0.wp.com\/lahoradelcampo.com.uy\/site\/wp-content\/uploads\/2025\/08\/AvicolaSalto2.jpg?fit=880%2C440&ssl=1&resize=350%2C200","width":350,"height":200,"srcset":"https:\/\/i0.wp.com\/lahoradelcampo.com.uy\/site\/wp-content\/uploads\/2025\/08\/AvicolaSalto2.jpg?fit=880%2C440&ssl=1&resize=350%2C200 1x, https:\/\/i0.wp.com\/lahoradelcampo.com.uy\/site\/wp-content\/uploads\/2025\/08\/AvicolaSalto2.jpg?fit=880%2C440&ssl=1&resize=525%2C300 1.5x, https:\/\/i0.wp.com\/lahoradelcampo.com.uy\/site\/wp-content\/uploads\/2025\/08\/AvicolaSalto2.jpg?fit=880%2C440&ssl=1&resize=700%2C400 2x"},"classes":[]},{"id":33753,"url":"https:\/\/lahoradelcampo.com.uy\/site\/los-grandes-campeones-de-la-expo-avicola-son-saltenos\/","url_meta":{"origin":33289,"position":4},"title":"Los grandes campeones de la Expo Av\u00edcola son salte\u00f1os","author":"La Hora del Campo","date":"6 septiembre, 2021","format":false,"excerpt":"La pasada semana se realiz\u00f3 la calificaci\u00f3n de los mejores ejemplares de las distintas razas de aves, participantes de la Expo Av\u00edcola 2021 en Salto, en tanto que durante el fin de semana estuvo abierta al p\u00fablico. De acuerdo a la informaci\u00f3n brindada por la Sociedad Fomento Av\u00edcola de Salto,\u2026","rel":"","context":"En \u00abActualidad\u00bb","block_context":{"text":"Actualidad","link":"https:\/\/lahoradelcampo.com.uy\/site\/category\/actualidad\/"},"img":{"alt_text":"","src":"https:\/\/i0.wp.com\/lahoradelcampo.com.uy\/site\/wp-content\/uploads\/2021\/09\/gallinas.jpg?fit=880%2C440&ssl=1&resize=350%2C200","width":350,"height":200,"srcset":"https:\/\/i0.wp.com\/lahoradelcampo.com.uy\/site\/wp-content\/uploads\/2021\/09\/gallinas.jpg?fit=880%2C440&ssl=1&resize=350%2C200 1x, https:\/\/i0.wp.com\/lahoradelcampo.com.uy\/site\/wp-content\/uploads\/2021\/09\/gallinas.jpg?fit=880%2C440&ssl=1&resize=525%2C300 1.5x, https:\/\/i0.wp.com\/lahoradelcampo.com.uy\/site\/wp-content\/uploads\/2021\/09\/gallinas.jpg?fit=880%2C440&ssl=1&resize=700%2C400 2x"},"classes":[]},{"id":56545,"url":"https:\/\/lahoradelcampo.com.uy\/site\/se-inauguro-la-69a-exposicion-nacional-avicola-de-salto-con-emotivo-recuerdo-a-javier-caprioli\/","url_meta":{"origin":33289,"position":5},"title":"Se inaugur\u00f3 la Expo Av\u00edcola, con emotivo recuerdo a Javier Caprioli","author":"La Hora del Campo","date":"11 agosto, 2025","format":false,"excerpt":"Este s\u00e1bado se realiz\u00f3 la inauguraci\u00f3n oficial de la 69\u00aa Exposici\u00f3n Nacional y 82\u00aa Exposici\u00f3n Regional Av\u00edcola de Salto, denominada \"Javier Caprioli\", en homenaje al referente de la avicultura local, fallecido este a\u00f1o. El evento, organizado por la Sociedad Fomento Av\u00edcola de Salto, congreg\u00f3 a m\u00e1s de 600 ejemplares de\u2026","rel":"","context":"En \u00abActualidad\u00bb","block_context":{"text":"Actualidad","link":"https:\/\/lahoradelcampo.com.uy\/site\/category\/actualidad\/"},"img":{"alt_text":"","src":"https:\/\/i0.wp.com\/lahoradelcampo.com.uy\/site\/wp-content\/uploads\/2025\/08\/Avicola-inauguracion.jpg?fit=880%2C440&ssl=1&resize=350%2C200","width":350,"height":200,"srcset":"https:\/\/i0.wp.com\/lahoradelcampo.com.uy\/site\/wp-content\/uploads\/2025\/08\/Avicola-inauguracion.jpg?fit=880%2C440&ssl=1&resize=350%2C200 1x, https:\/\/i0.wp.com\/lahoradelcampo.com.uy\/site\/wp-content\/uploads\/2025\/08\/Avicola-inauguracion.jpg?fit=880%2C440&ssl=1&resize=525%2C300 1.5x, https:\/\/i0.wp.com\/lahoradelcampo.com.uy\/site\/wp-content\/uploads\/2025\/08\/Avicola-inauguracion.jpg?fit=880%2C440&ssl=1&resize=700%2C400 2x"},"classes":[]}],"jetpack_likes_enabled":true,"_links":{"self":[{"href":"https:\/\/lahoradelcampo.com.uy\/site\/wp-json\/wp\/v2\/posts\/33289","targetHints":{"allow":["GET"]}}],"collection":[{"href":"https:\/\/lahoradelcampo.com.uy\/site\/wp-json\/wp\/v2\/posts"}],"about":[{"href":"https:\/\/lahoradelcampo.com.uy\/site\/wp-json\/wp\/v2\/types\/post"}],"author":[{"embeddable":true,"href":"https:\/\/lahoradelcampo.com.uy\/site\/wp-json\/wp\/v2\/users\/5"}],"replies":[{"embeddable":true,"href":"https:\/\/lahoradelcampo.com.uy\/site\/wp-json\/wp\/v2\/comments?post=33289"}],"version-history":[{"count":1,"href":"https:\/\/lahoradelcampo.com.uy\/site\/wp-json\/wp\/v2\/posts\/33289\/revisions"}],"predecessor-version":[{"id":33291,"href":"https:\/\/lahoradelcampo.com.uy\/site\/wp-json\/wp\/v2\/posts\/33289\/revisions\/33291"}],"wp:featuredmedia":[{"embeddable":true,"href":"https:\/\/lahoradelcampo.com.uy\/site\/wp-json\/wp\/v2\/media\/21944"}],"wp:attachment":[{"href":"https:\/\/lahoradelcampo.com.uy\/site\/wp-json\/wp\/v2\/media?parent=33289"}],"wp:term":[{"taxonomy":"category","embeddable":true,"href":"https:\/\/lahoradelcampo.com.uy\/site\/wp-json\/wp\/v2\/categories?post=33289"},{"taxonomy":"post_tag","embeddable":true,"href":"https:\/\/lahoradelcampo.com.uy\/site\/wp-json\/wp\/v2\/tags?post=33289"}],"curies":[{"name":"wp","href":"https:\/\/api.w.org\/{rel}","templated":true}]}}