{"id":33261,"date":"2021-08-20T07:21:39","date_gmt":"2021-08-20T10:21:39","guid":{"rendered":"http:\/\/lahoradelcampo.com.uy\/site\/?p=33261"},"modified":"2021-08-20T07:21:46","modified_gmt":"2021-08-20T10:21:46","slug":"el-87-de-los-productores-tienen-baja-disponibilidad-de-pasturas","status":"publish","type":"post","link":"https:\/\/lahoradelcampo.com.uy\/site\/el-87-de-los-productores-tienen-baja-disponibilidad-de-pasturas\/","title":{"rendered":"El 87% de los productores tienen baja disponibilidad de pasturas"},"content":{"rendered":"\n<figure class=\"wp-block-image\"><img data-recalc-dims=\"1\" loading=\"lazy\" decoding=\"async\" width=\"810\" height=\"405\" data-attachment-id=\"26994\" data-permalink=\"https:\/\/lahoradelcampo.com.uy\/site\/inia-y-productores-se-encuentran-fertilizando-canutillo-en-el-norte-del-pais\/canutillo\/\" data-orig-file=\"https:\/\/i0.wp.com\/lahoradelcampo.com.uy\/site\/wp-content\/uploads\/2021\/01\/Canutillo.jpg?fit=880%2C440&amp;ssl=1\" data-orig-size=\"880,440\" data-comments-opened=\"1\" data-image-meta=\"{&quot;aperture&quot;:&quot;0&quot;,&quot;credit&quot;:&quot;&quot;,&quot;camera&quot;:&quot;&quot;,&quot;caption&quot;:&quot;&quot;,&quot;created_timestamp&quot;:&quot;0&quot;,&quot;copyright&quot;:&quot;&quot;,&quot;focal_length&quot;:&quot;0&quot;,&quot;iso&quot;:&quot;0&quot;,&quot;shutter_speed&quot;:&quot;0&quot;,&quot;title&quot;:&quot;&quot;,&quot;orientation&quot;:&quot;1&quot;}\" data-image-title=\"Canutillo\" data-image-description=\"\" data-image-caption=\"\" data-large-file=\"https:\/\/i0.wp.com\/lahoradelcampo.com.uy\/site\/wp-content\/uploads\/2021\/01\/Canutillo.jpg?fit=810%2C405&amp;ssl=1\" src=\"https:\/\/i0.wp.com\/lahoradelcampo.com.uy\/site\/wp-content\/uploads\/2021\/01\/Canutillo.jpg?resize=810%2C405\" alt=\"\" class=\"wp-image-26994\" srcset=\"https:\/\/i0.wp.com\/lahoradelcampo.com.uy\/site\/wp-content\/uploads\/2021\/01\/Canutillo.jpg?w=880&amp;ssl=1 880w, https:\/\/i0.wp.com\/lahoradelcampo.com.uy\/site\/wp-content\/uploads\/2021\/01\/Canutillo.jpg?resize=300%2C150&amp;ssl=1 300w, https:\/\/i0.wp.com\/lahoradelcampo.com.uy\/site\/wp-content\/uploads\/2021\/01\/Canutillo.jpg?resize=768%2C384&amp;ssl=1 768w, https:\/\/i0.wp.com\/lahoradelcampo.com.uy\/site\/wp-content\/uploads\/2021\/01\/Canutillo.jpg?resize=820%2C410&amp;ssl=1 820w\" sizes=\"auto, (max-width: 810px) 100vw, 810px\" \/><\/figure>\n\n\n\n<p>El 87% de los productores reportan una altura del pasto en el campo natural menor a 5 cm, situaci\u00f3n que revela una baja disponibilidad que es bastante generalizada, cuando estamos comenzando a salir del invierno. Recordamos que en el mes de julio el 76% de los productores reportaba este nivel de disponibilidad. Es notoria la escasez de forraje para llegar a primavera. <\/p>\n\n\n\n<p>Mientras que el 62% de los productores reportan alturas de entre 3 y 5 cm; 25% ya est\u00e1n reportando contar con 3 cm o menos de altura de pasto. Las mediciones objetivas realizadas en el marco del proyecto Gesti\u00f3n del Pasto son tambi\u00e9n coincidentes en el relevamiento de esta situaci\u00f3n de escasez de forraje disponible.<\/p>\n\n\n\n<figure class=\"wp-block-image\"><img data-recalc-dims=\"1\" decoding=\"async\" src=\"https:\/\/i0.wp.com\/www.planagropecuario.org.uy\/uploads\/filemanager\/source\/Gr%C3%A1ficos%20ring\/AGOSTO%202021\/2.jpg?w=810&#038;ssl=1\" alt=\"\"\/><\/figure>\n\n\n\n<p>&nbsp;<strong>Evoluci\u00f3n de la altura de pasto en cm en % de los establecimientos (octubre a julio<\/strong><\/p>\n\n\n\n<p>Luego de una primavera poco productiva a nivel forrajero y una mejora sobre fines de verano y oto\u00f1o, se lleg\u00f3 al inicio del invierno con la percepci\u00f3n que la disponibilidad y calidad de forraje era buena. En julio, pleno invierno, se continu\u00f3 verificando el normal descenso en la disponibilidad, que amerita la referencia, \u201cel invierno no falla\u201d. <\/p>\n\n\n\n<p>Contin\u00faa creciendo el n\u00famero de productores que informan baja a muy baja disponibilidad de forraje y el comentario que se sigue escuchando es que \u201cel pasto se fue m\u00e1s r\u00e1pido de lo previsto\u201d. Cuando restan a\u00fan d\u00edas para la llegada de la primavera, la demanda supera al crecimiento de la oferta generando complicaciones para culminar el invierno.<\/p>\n\n\n\n<p><strong>Rodeo de cr\u00eda<\/strong><\/p>\n\n\n\n<p>Los rodeos de cr\u00eda continuaron perdiendo estado. Mientras que solamente el 16% de los productores informan que la condici\u00f3n corporal (CC) de los rodeos era mayor a 4; se incrementa notoriamente el n\u00famero de productores que reportan sus rodeos en condici\u00f3n corporal por debajo de 4. Este valor que en junio alcanz\u00f3 el 78% de los productores, en julio llega al 84% de los productores que responden la encuesta RING. No obstante, solo el 9% reporta que su rodeo se ubica por debajo de 3.5, condici\u00f3n cr\u00edtica. <\/p>\n\n\n\n<p>La evoluci\u00f3n de los rodeos en agosto a\u00fan por recorrer indica la necesidad de atender muy de cerca su evoluci\u00f3n, tomar medidas, priorizar categor\u00edas y planificar con tiempo la pr\u00f3xima temporada reproductiva.<\/p>\n\n\n\n<p><strong>Condici\u00f3n Corporal del rodeo<\/strong>&nbsp;<strong>de cr\u00eda (%productores)<\/strong><\/p>\n\n\n\n<figure class=\"wp-block-image\"><img data-recalc-dims=\"1\" decoding=\"async\" src=\"https:\/\/i0.wp.com\/www.planagropecuario.org.uy\/uploads\/filemanager\/source\/Gr%C3%A1ficos%20ring\/AGOSTO%202021\/4.jpg?w=810&#038;ssl=1\" alt=\"\"\/><\/figure>\n\n\n\n<p>Dada la importancia de la recr\u00eda, su estado y su evoluci\u00f3n en esta \u00e9poca del a\u00f1o, volvimos a consultar a los productores sobre el peso de las vaquillonas de 1 a 2 a\u00f1os. \u00a0Los reportes son similares a junio, el 27% de los productores informa pesos por debajo de 240 kilos, mientras que en el 73% restante advierten que las vaquillonas superan ese peso promedio. <\/p>\n\n\n\n<p>Sabemos que es fundamental para el desempe\u00f1o reproductivo en su primer servicio, por lo que sugerimos que estos pesos que se reportan sean convalidados con el uso de balanza.<\/p>\n\n\n\n<p> Atendiendo la situaci\u00f3n descrita anteriormente, tanto en lo relacionado a pasturas disponibles como al estado de las haciendas, consultamos a los productores si suplementan. El 63% respondi\u00f3 que est\u00e1 suplementando, vemos en el gr\u00e1fico a continuaci\u00f3n cu\u00e1les son las categor\u00edas suplementadas. <\/p>\n\n\n\n<p> Consultados los productores sobre el tipo de suplementaci\u00f3n que est\u00e1n usando, mientras que el 62% report\u00f3 estar suministrando raci\u00f3n o concentrado, el 22% est\u00e1\u00a0suministrando fibra y el 16% concentrado y fibra. <\/p>\n\n\n\n<p>Salto, 20 de agosto de 2021<\/p>\n","protected":false},"excerpt":{"rendered":"<p>El 87% de los productores reportan una altura del pasto en el campo natural menor a 5 cm, situaci\u00f3n que revela una baja disponibilidad que es bastante generalizada, cuando estamos [&hellip;]<\/p>\n","protected":false},"author":5,"featured_media":26994,"comment_status":"open","ping_status":"open","sticky":false,"template":"","format":"standard","meta":{"_price":"","_stock":"","_tribe_ticket_header":"","_tribe_default_ticket_provider":"","_tribe_ticket_capacity":"0","_ticket_start_date":"","_ticket_end_date":"","_tribe_ticket_show_description":"","_tribe_ticket_show_not_going":false,"_tribe_ticket_use_global_stock":"","_tribe_ticket_global_stock_level":"","_global_stock_mode":"","_global_stock_cap":"","_tribe_rsvp_for_event":"","_tribe_ticket_going_count":"","_tribe_ticket_not_going_count":"","_tribe_tickets_list":"[]","_tribe_ticket_has_attendee_info_fields":false,"h5ap_radio_sources":[],"_jetpack_newsletter_access":"","_jetpack_dont_email_post_to_subs":false,"_jetpack_newsletter_tier_id":0,"_jetpack_memberships_contains_paywalled_content":false,"_jetpack_memberships_contains_paid_content":false,"footnotes":""},"categories":[21,5],"tags":[],"class_list":["post-33261","post","type-post","status-publish","format-standard","has-post-thumbnail","hentry","category-actualidad","category-ganaderia"],"jetpack_featured_media_url":"https:\/\/i0.wp.com\/lahoradelcampo.com.uy\/site\/wp-content\/uploads\/2021\/01\/Canutillo.jpg?fit=880%2C440&ssl=1","jetpack_sharing_enabled":true,"jetpack_shortlink":"https:\/\/wp.me\/p99IaT-8Et","jetpack-related-posts":[{"id":32334,"url":"https:\/\/lahoradelcampo.com.uy\/site\/la-altura-del-pasto-esta-por-debajo-de-5-cm-en-el-76-de-los-productores\/","url_meta":{"origin":33261,"position":0},"title":"La altura del pasto est\u00e1 por debajo de 5 cm en el 76% de los productores","author":"La Hora del Campo","date":"23 julio, 2021","format":false,"excerpt":"Resultados de la encuesta realizada a 390 productores que integran la Red de Informaci\u00f3n Nacional Ganadera (RING), quienes fueron consultados sobre las variables m\u00e1s importantes de los sistemas productivos ganaderos. La encuesta re\u00fane datos hasta el 15 de julio. Disponibilidad de forraje\u00a0 El 76% de los productores informan que en\u2026","rel":"","context":"En \u00abActualidad\u00bb","block_context":{"text":"Actualidad","link":"https:\/\/lahoradelcampo.com.uy\/site\/category\/actualidad\/"},"img":{"alt_text":"","src":"https:\/\/i0.wp.com\/lahoradelcampo.com.uy\/site\/wp-content\/uploads\/2020\/04\/campossemiseco.jpg?fit=880%2C440&ssl=1&resize=350%2C200","width":350,"height":200,"srcset":"https:\/\/i0.wp.com\/lahoradelcampo.com.uy\/site\/wp-content\/uploads\/2020\/04\/campossemiseco.jpg?fit=880%2C440&ssl=1&resize=350%2C200 1x, https:\/\/i0.wp.com\/lahoradelcampo.com.uy\/site\/wp-content\/uploads\/2020\/04\/campossemiseco.jpg?fit=880%2C440&ssl=1&resize=525%2C300 1.5x, https:\/\/i0.wp.com\/lahoradelcampo.com.uy\/site\/wp-content\/uploads\/2020\/04\/campossemiseco.jpg?fit=880%2C440&ssl=1&resize=700%2C400 2x"},"classes":[]},{"id":36851,"url":"https:\/\/lahoradelcampo.com.uy\/site\/altura-de-pasturas-sobre-los-5-cm-paso-del-83-al-54-en-noviembre\/","url_meta":{"origin":33261,"position":1},"title":"Altura de pasturas sobre los 5 cm pas\u00f3 del 83% al 54% en noviembre","author":"La Hora del Campo","date":"23 noviembre, 2021","format":false,"excerpt":"El Instituto Plan Agropecuario (IPA) present\u00f3 los resultados de la encuesta realizada a 397 productores que integran la Red de Informaci\u00f3n Nacional Ganadera (RING), con informaci\u00f3n analizada hasta el 15 de noviembre. En dicho trabajo se consulto, como se realiza mensualmente, sobre las variables m\u00e1s importantes de los sistemas productivos\u2026","rel":"","context":"En \u00abActualidad\u00bb","block_context":{"text":"Actualidad","link":"https:\/\/lahoradelcampo.com.uy\/site\/category\/actualidad\/"},"img":{"alt_text":"","src":"https:\/\/i0.wp.com\/lahoradelcampo.com.uy\/site\/wp-content\/uploads\/2019\/05\/ganado.jpg?fit=880%2C440&ssl=1&resize=350%2C200","width":350,"height":200,"srcset":"https:\/\/i0.wp.com\/lahoradelcampo.com.uy\/site\/wp-content\/uploads\/2019\/05\/ganado.jpg?fit=880%2C440&ssl=1&resize=350%2C200 1x, https:\/\/i0.wp.com\/lahoradelcampo.com.uy\/site\/wp-content\/uploads\/2019\/05\/ganado.jpg?fit=880%2C440&ssl=1&resize=525%2C300 1.5x, https:\/\/i0.wp.com\/lahoradelcampo.com.uy\/site\/wp-content\/uploads\/2019\/05\/ganado.jpg?fit=880%2C440&ssl=1&resize=700%2C400 2x"},"classes":[]},{"id":51495,"url":"https:\/\/lahoradelcampo.com.uy\/site\/menos-de-5-centimetros-de-pasto-en-el-77-de-los-productores-de-la-ring\/","url_meta":{"origin":33261,"position":2},"title":"Menos de 5 cent\u00edmetros de pasto en el 77% de los productores de la RING","author":"La Hora del Campo","date":"29 junio, 2023","format":false,"excerpt":"En base a los resultados de la encuesta mensual RING (Red de Informaci\u00f3n Nacional Ganadera), se han obtenido datos preocupantes sobre la disponibilidad de forraje en el sector ganadero. Durante el mes de mayo, se observ\u00f3 una p\u00e9rdida en la recuperaci\u00f3n alcanzada en los meses anteriores, como era de esperar\u2026","rel":"","context":"En \u00abActualidad\u00bb","block_context":{"text":"Actualidad","link":"https:\/\/lahoradelcampo.com.uy\/site\/category\/actualidad\/"},"img":{"alt_text":"","src":"https:\/\/i0.wp.com\/lahoradelcampo.com.uy\/site\/wp-content\/uploads\/2023\/06\/Ganadoycampo.jpg?fit=880%2C440&ssl=1&resize=350%2C200","width":350,"height":200,"srcset":"https:\/\/i0.wp.com\/lahoradelcampo.com.uy\/site\/wp-content\/uploads\/2023\/06\/Ganadoycampo.jpg?fit=880%2C440&ssl=1&resize=350%2C200 1x, https:\/\/i0.wp.com\/lahoradelcampo.com.uy\/site\/wp-content\/uploads\/2023\/06\/Ganadoycampo.jpg?fit=880%2C440&ssl=1&resize=525%2C300 1.5x, https:\/\/i0.wp.com\/lahoradelcampo.com.uy\/site\/wp-content\/uploads\/2023\/06\/Ganadoycampo.jpg?fit=880%2C440&ssl=1&resize=700%2C400 2x"},"classes":[]},{"id":44907,"url":"https:\/\/lahoradelcampo.com.uy\/site\/hay-un-20-mas-de-productores-con-baja-disponibilidad-de-forraje\/","url_meta":{"origin":33261,"position":3},"title":"Hay un 20% m\u00e1s de productores con baja disponibilidad de forraje","author":"La Hora del Campo","date":"22 agosto, 2022","format":false,"excerpt":"Este viernes, el Instituto Plan Agropecuario (IPA) present\u00f3 los resultados de su encuesta mensual a los 362 productores que integran la Red de Informaci\u00f3n Nacional Ganadera (RING). Los datos tienen en cuenta el mes de julio y los primeros diez d\u00edas de agosto. La encuesta se\u00f1ala que durante el mes\u2026","rel":"","context":"En \u00abActualidad\u00bb","block_context":{"text":"Actualidad","link":"https:\/\/lahoradelcampo.com.uy\/site\/category\/actualidad\/"},"img":{"alt_text":"","src":"https:\/\/i0.wp.com\/lahoradelcampo.com.uy\/site\/wp-content\/uploads\/2020\/04\/campossemiseco.jpg?fit=880%2C440&ssl=1&resize=350%2C200","width":350,"height":200,"srcset":"https:\/\/i0.wp.com\/lahoradelcampo.com.uy\/site\/wp-content\/uploads\/2020\/04\/campossemiseco.jpg?fit=880%2C440&ssl=1&resize=350%2C200 1x, https:\/\/i0.wp.com\/lahoradelcampo.com.uy\/site\/wp-content\/uploads\/2020\/04\/campossemiseco.jpg?fit=880%2C440&ssl=1&resize=525%2C300 1.5x, https:\/\/i0.wp.com\/lahoradelcampo.com.uy\/site\/wp-content\/uploads\/2020\/04\/campossemiseco.jpg?fit=880%2C440&ssl=1&resize=700%2C400 2x"},"classes":[]},{"id":40101,"url":"https:\/\/lahoradelcampo.com.uy\/site\/lluvias-permitieron-recuperar-el-volumen-de-pasturas-excepto-en-el-norte\/","url_meta":{"origin":33261,"position":4},"title":"Lluvias permitieron recuperar el volumen de pasturas, excepto en el norte","author":"La Hora del Campo","date":"22 marzo, 2022","format":false,"excerpt":"De acuerdo a la encuesta realizada por el Instituto Plan Agropecuario (IPA) a 469 productores nucleados en la Red de Informaci\u00f3n Nacional Ganadera (RING), las precipitaciones permitieron una recuperaci\u00f3n del volumen de pasto en gran parte del pa\u00eds, excepto en el norte. \u201cLa ocurrencia de precipitaciones m\u00e1s generalizadas a partir\u2026","rel":"","context":"En \u00abActualidad\u00bb","block_context":{"text":"Actualidad","link":"https:\/\/lahoradelcampo.com.uy\/site\/category\/actualidad\/"},"img":{"alt_text":"","src":"https:\/\/i0.wp.com\/lahoradelcampo.com.uy\/site\/wp-content\/uploads\/2022\/03\/Plan-Pastura.jpg?fit=880%2C440&ssl=1&resize=350%2C200","width":350,"height":200,"srcset":"https:\/\/i0.wp.com\/lahoradelcampo.com.uy\/site\/wp-content\/uploads\/2022\/03\/Plan-Pastura.jpg?fit=880%2C440&ssl=1&resize=350%2C200 1x, https:\/\/i0.wp.com\/lahoradelcampo.com.uy\/site\/wp-content\/uploads\/2022\/03\/Plan-Pastura.jpg?fit=880%2C440&ssl=1&resize=525%2C300 1.5x, https:\/\/i0.wp.com\/lahoradelcampo.com.uy\/site\/wp-content\/uploads\/2022\/03\/Plan-Pastura.jpg?fit=880%2C440&ssl=1&resize=700%2C400 2x"},"classes":[]},{"id":22714,"url":"https:\/\/lahoradelcampo.com.uy\/site\/zonas-con-problemas-de-sequia-en-el-verano-muestran-baja-oferta-de-forraje\/","url_meta":{"origin":33261,"position":5},"title":"Zonas con problemas de sequ\u00eda en el verano muestran baja oferta de forraje","author":"La Hora del Campo","date":"17 agosto, 2020","format":false,"excerpt":"La regional litoral norte del Instituto Plan Agropecuario dio a conocer un informe semanal sobre la situaci\u00f3n actual de la producci\u00f3n vacuna y ovina en esta zona del pa\u00eds, conjuntamente con la disponibilidad de las pasturas, las aguadas y el mercado de haciendas. Clima Seg\u00fan los t\u00e9cnicos de la instituci\u00f3n\u2026","rel":"","context":"En \u00abActualidad\u00bb","block_context":{"text":"Actualidad","link":"https:\/\/lahoradelcampo.com.uy\/site\/category\/actualidad\/"},"img":{"alt_text":"","src":"https:\/\/i0.wp.com\/lahoradelcampo.com.uy\/site\/wp-content\/uploads\/2020\/06\/Sequia-web.jpg?fit=880%2C440&ssl=1&resize=350%2C200","width":350,"height":200,"srcset":"https:\/\/i0.wp.com\/lahoradelcampo.com.uy\/site\/wp-content\/uploads\/2020\/06\/Sequia-web.jpg?fit=880%2C440&ssl=1&resize=350%2C200 1x, https:\/\/i0.wp.com\/lahoradelcampo.com.uy\/site\/wp-content\/uploads\/2020\/06\/Sequia-web.jpg?fit=880%2C440&ssl=1&resize=525%2C300 1.5x, https:\/\/i0.wp.com\/lahoradelcampo.com.uy\/site\/wp-content\/uploads\/2020\/06\/Sequia-web.jpg?fit=880%2C440&ssl=1&resize=700%2C400 2x"},"classes":[]}],"jetpack_likes_enabled":true,"_links":{"self":[{"href":"https:\/\/lahoradelcampo.com.uy\/site\/wp-json\/wp\/v2\/posts\/33261","targetHints":{"allow":["GET"]}}],"collection":[{"href":"https:\/\/lahoradelcampo.com.uy\/site\/wp-json\/wp\/v2\/posts"}],"about":[{"href":"https:\/\/lahoradelcampo.com.uy\/site\/wp-json\/wp\/v2\/types\/post"}],"author":[{"embeddable":true,"href":"https:\/\/lahoradelcampo.com.uy\/site\/wp-json\/wp\/v2\/users\/5"}],"replies":[{"embeddable":true,"href":"https:\/\/lahoradelcampo.com.uy\/site\/wp-json\/wp\/v2\/comments?post=33261"}],"version-history":[{"count":1,"href":"https:\/\/lahoradelcampo.com.uy\/site\/wp-json\/wp\/v2\/posts\/33261\/revisions"}],"predecessor-version":[{"id":33263,"href":"https:\/\/lahoradelcampo.com.uy\/site\/wp-json\/wp\/v2\/posts\/33261\/revisions\/33263"}],"wp:featuredmedia":[{"embeddable":true,"href":"https:\/\/lahoradelcampo.com.uy\/site\/wp-json\/wp\/v2\/media\/26994"}],"wp:attachment":[{"href":"https:\/\/lahoradelcampo.com.uy\/site\/wp-json\/wp\/v2\/media?parent=33261"}],"wp:term":[{"taxonomy":"category","embeddable":true,"href":"https:\/\/lahoradelcampo.com.uy\/site\/wp-json\/wp\/v2\/categories?post=33261"},{"taxonomy":"post_tag","embeddable":true,"href":"https:\/\/lahoradelcampo.com.uy\/site\/wp-json\/wp\/v2\/tags?post=33261"}],"curies":[{"name":"wp","href":"https:\/\/api.w.org\/{rel}","templated":true}]}}