{"id":33257,"date":"2021-08-20T07:11:02","date_gmt":"2021-08-20T10:11:02","guid":{"rendered":"http:\/\/lahoradelcampo.com.uy\/site\/?p=33257"},"modified":"2021-08-20T07:11:08","modified_gmt":"2021-08-20T10:11:08","slug":"el-ime-perdio-un-27-y-cayo-de-los-us-10","status":"publish","type":"post","link":"https:\/\/lahoradelcampo.com.uy\/site\/el-ime-perdio-un-27-y-cayo-de-los-us-10\/","title":{"rendered":"El IME perdi\u00f3 un 2,7% y cay\u00f3 de los US$ 10"},"content":{"rendered":"\n<figure class=\"wp-block-image\"><img data-recalc-dims=\"1\" loading=\"lazy\" decoding=\"async\" width=\"810\" height=\"405\" data-attachment-id=\"11821\" data-permalink=\"https:\/\/lahoradelcampo.com.uy\/site\/primeras-esquilas-se-atrasan-por-las-lluvias-el-mercado-sin-operaciones\/lana-australia-1\/\" data-orig-file=\"https:\/\/i0.wp.com\/lahoradelcampo.com.uy\/site\/wp-content\/uploads\/2019\/06\/Lana-australia-1.jpg?fit=880%2C440&amp;ssl=1\" data-orig-size=\"880,440\" data-comments-opened=\"1\" data-image-meta=\"{&quot;aperture&quot;:&quot;0&quot;,&quot;credit&quot;:&quot;&quot;,&quot;camera&quot;:&quot;&quot;,&quot;caption&quot;:&quot;&quot;,&quot;created_timestamp&quot;:&quot;0&quot;,&quot;copyright&quot;:&quot;&quot;,&quot;focal_length&quot;:&quot;0&quot;,&quot;iso&quot;:&quot;0&quot;,&quot;shutter_speed&quot;:&quot;0&quot;,&quot;title&quot;:&quot;&quot;,&quot;orientation&quot;:&quot;1&quot;}\" data-image-title=\"Lana australia 1\" data-image-description=\"\" data-image-caption=\"\" data-large-file=\"https:\/\/i0.wp.com\/lahoradelcampo.com.uy\/site\/wp-content\/uploads\/2019\/06\/Lana-australia-1.jpg?fit=810%2C405&amp;ssl=1\" src=\"https:\/\/i0.wp.com\/lahoradelcampo.com.uy\/site\/wp-content\/uploads\/2019\/06\/Lana-australia-1.jpg?resize=810%2C405\" alt=\"\" class=\"wp-image-11821\" srcset=\"https:\/\/i0.wp.com\/lahoradelcampo.com.uy\/site\/wp-content\/uploads\/2019\/06\/Lana-australia-1.jpg?w=880&amp;ssl=1 880w, https:\/\/i0.wp.com\/lahoradelcampo.com.uy\/site\/wp-content\/uploads\/2019\/06\/Lana-australia-1.jpg?resize=300%2C150&amp;ssl=1 300w, https:\/\/i0.wp.com\/lahoradelcampo.com.uy\/site\/wp-content\/uploads\/2019\/06\/Lana-australia-1.jpg?resize=768%2C384&amp;ssl=1 768w, https:\/\/i0.wp.com\/lahoradelcampo.com.uy\/site\/wp-content\/uploads\/2019\/06\/Lana-australia-1.jpg?resize=820%2C410&amp;ssl=1 820w\" sizes=\"auto, (max-width: 810px) 100vw, 810px\" \/><\/figure>\n\n\n\n<p>La semana lanera en Australia tuvo un comportamiento similar a la anterior, con un mercado que presion\u00f3 a la baja, mientras que los productores australianos hicieron lo propio con el retiro de la oferta y reservas de precios que la demanda no estaba dispuesta a enfrentar. En este escenario son las lanas finas las que vienen registrando las mayores p\u00e9rdidas. <br><\/p>\n\n\n\n<p>El escenario que fundamente parte de estos descensos es la variante Delta del coronavirus, que est\u00e1 afectando fuertemente a China, Europa y tambi\u00e9n la propia Australia, a esto se le suma los problemas log\u00edsticos para las cargas y descargas de la fibra en los puertos. <br><\/p>\n\n\n\n<p>El gigante asi\u00e1tico ha sido durante la \u00faltima zafra el gran sost\u00e9n de los precios en Australia, pero la realidad actual con la incidencia de la nueva variante del virus, ha llevado a que la demanda se mostrara m\u00e1s cauta tras el retorno del receso. Adem\u00e1s, como es normal, al observarse una ca\u00edda tan importante en los valores, los compradores se retraen un poco m\u00e1s a la espera de ver donde se detiene la ca\u00edda. El comprador europeo, llamado \u00abeslab\u00f3n perdido\u00bb en Australia, contin\u00faa retra\u00eddo generando que su ausencia en las lanas finas se vea reflejada en los valores de las lanas finas y superfinas.  <br><\/p>\n\n\n\n<p>Por otro lado est\u00e1 el productor australiano que contin\u00faa dando batalla para tratar de vender, pero tambi\u00e9n sostener los precios. En este sentido ha retirado un volumen importante de lanas previo a las ventas, esta semana ha sido del 15% en la suma de las dos jornadas y luego con reservas de precios superiores a los que ofreci\u00f3 el mercado retir\u00f3 un 28,5% de lo que termin\u00f3 pasando por la venta.<br><\/p>\n\n\n\n<p>En esa guerra entre la oferta y la demanda, el mercado sigui\u00f3 bajando a pesar que el mi\u00e9rcoles se observ\u00f3 cierta reacci\u00f3n en los precios en la moneda local, pero que no terminan de incidir positivamente al ser analizados en d\u00f3lares americanos por el tipo de cambio. <br><\/p>\n\n\n\n<p>El IME cotiz\u00f3 a 13,35 d\u00f3lares australianos por kilogramo base limpia, con una ca\u00edda de 37 centavos en la semana, en tanto que en la moneda norteamericana el indicador cotiz\u00f3 a US$ 9,70, bajando 40 centavos tras los dos d\u00edas de ventas, cayendo de los US$ 10,00, situaci\u00f3n que no se registraba desde el 10 de abril de este a\u00f1o. <br><\/p>\n\n\n\n<p>La oferta semanal fue de 34.425 fardos, con una demanda que adquiri\u00f3 el 71,5%. El mi\u00e9rcoles se ofert\u00f3  2.187 fardos provenientes de Nueva Zelanda en el mercado de Melbourne, de los que se coloc\u00f3 el 70%. <br><\/p>\n\n\n\n<p>Las ventas retoman la pr\u00f3xima semana con una oferta de 32.337 fardos, que se distribuir\u00e1n en los centros de Melbourne y Sidney durante los d\u00edas martes 24 y mi\u00e9rcoles 25 de agosto, con  Fremantle sin operativa. Para el centro de Sidney la oferta inscripta es de 13.537 fardos, en tanto que en Melbourne se tiene un registro de 18.800 fardos.  <\/p>\n\n\n\n<p style=\"text-align:right\"><strong>Salto, 20 de agosto de 2021<\/strong><\/p>\n","protected":false},"excerpt":{"rendered":"<p>La semana lanera en Australia tuvo un comportamiento similar a la anterior, con un mercado que presion\u00f3 a la baja, mientras que los productores australianos hicieron lo propio con el [&hellip;]<\/p>\n","protected":false},"author":5,"featured_media":11821,"comment_status":"open","ping_status":"open","sticky":false,"template":"","format":"standard","meta":{"_price":"","_stock":"","_tribe_ticket_header":"","_tribe_default_ticket_provider":"","_tribe_ticket_capacity":"0","_ticket_start_date":"","_ticket_end_date":"","_tribe_ticket_show_description":"","_tribe_ticket_show_not_going":false,"_tribe_ticket_use_global_stock":"","_tribe_ticket_global_stock_level":"","_global_stock_mode":"","_global_stock_cap":"","_tribe_rsvp_for_event":"","_tribe_ticket_going_count":"","_tribe_ticket_not_going_count":"","_tribe_tickets_list":"[]","_tribe_ticket_has_attendee_info_fields":false,"h5ap_radio_sources":[],"_jetpack_newsletter_access":"","_jetpack_dont_email_post_to_subs":false,"_jetpack_newsletter_tier_id":0,"_jetpack_memberships_contains_paywalled_content":false,"_jetpack_memberships_contains_paid_content":false,"footnotes":""},"categories":[21,13],"tags":[],"class_list":["post-33257","post","type-post","status-publish","format-standard","has-post-thumbnail","hentry","category-actualidad","category-ovinos"],"jetpack_featured_media_url":"https:\/\/i0.wp.com\/lahoradelcampo.com.uy\/site\/wp-content\/uploads\/2019\/06\/Lana-australia-1.jpg?fit=880%2C440&ssl=1","jetpack_sharing_enabled":true,"jetpack_shortlink":"https:\/\/wp.me\/p99IaT-8Ep","jetpack-related-posts":[{"id":49336,"url":"https:\/\/lahoradelcampo.com.uy\/site\/mas-produccion-mundial-moderara-los-precios-de-los-lacteos\/","url_meta":{"origin":33257,"position":0},"title":"M\u00e1s producci\u00f3n mundial, moderar\u00e1 los precios de los l\u00e1cteos","author":"La Hora del Campo","date":"20 marzo, 2023","format":false,"excerpt":"Seg\u00fan el informe elaborado por el banco de inversiones, Rabobank, la producci\u00f3n de leche en las principales regiones productoras del mundo, crecer\u00e1 un 0,7% interanual, aun en pa\u00edses con una alta tasa de faena de vacas lecheras por situaciones clim\u00e1ticas adversas como Estados Unidos. Este incremento determinar\u00e1 una moderaci\u00f3n en\u2026","rel":"","context":"En \u00abActualidad\u00bb","block_context":{"text":"Actualidad","link":"https:\/\/lahoradelcampo.com.uy\/site\/category\/actualidad\/"},"img":{"alt_text":"","src":"https:\/\/i0.wp.com\/lahoradelcampo.com.uy\/site\/wp-content\/uploads\/2017\/09\/lecheria.jpg?fit=880%2C440&ssl=1&resize=350%2C200","width":350,"height":200,"srcset":"https:\/\/i0.wp.com\/lahoradelcampo.com.uy\/site\/wp-content\/uploads\/2017\/09\/lecheria.jpg?fit=880%2C440&ssl=1&resize=350%2C200 1x, https:\/\/i0.wp.com\/lahoradelcampo.com.uy\/site\/wp-content\/uploads\/2017\/09\/lecheria.jpg?fit=880%2C440&ssl=1&resize=525%2C300 1.5x, https:\/\/i0.wp.com\/lahoradelcampo.com.uy\/site\/wp-content\/uploads\/2017\/09\/lecheria.jpg?fit=880%2C440&ssl=1&resize=700%2C400 2x"},"classes":[]},{"id":56869,"url":"https:\/\/lahoradelcampo.com.uy\/site\/el-problema-era-que-la-lana-fina-estaba-al-debe-en-valores\/","url_meta":{"origin":33257,"position":1},"title":"\u00abEl problema era que la lana fina estaba al debe en valores\u00bb","author":"La Hora del Campo","date":"22 septiembre, 2025","format":false,"excerpt":"El mercado lanero uruguayo mostr\u00f3 en las \u00faltimas semanas un repunte significativo tras varios meses de quietud. Pablo Iramendi, integrante de la Uni\u00f3n de Consignatarios y Rematadores de Lana del Uruguay, explic\u00f3 que \"en la semana se dio que una firma sali\u00f3 a comprar, que precisar\u00eda o ten\u00eda que cumplir\u2026","rel":"","context":"En \u00abActualidad\u00bb","block_context":{"text":"Actualidad","link":"https:\/\/lahoradelcampo.com.uy\/site\/category\/actualidad\/"},"img":{"alt_text":"","src":"https:\/\/i0.wp.com\/lahoradelcampo.com.uy\/site\/wp-content\/uploads\/2025\/09\/PabloIramendi.jpg?fit=880%2C440&ssl=1&resize=350%2C200","width":350,"height":200,"srcset":"https:\/\/i0.wp.com\/lahoradelcampo.com.uy\/site\/wp-content\/uploads\/2025\/09\/PabloIramendi.jpg?fit=880%2C440&ssl=1&resize=350%2C200 1x, https:\/\/i0.wp.com\/lahoradelcampo.com.uy\/site\/wp-content\/uploads\/2025\/09\/PabloIramendi.jpg?fit=880%2C440&ssl=1&resize=525%2C300 1.5x, https:\/\/i0.wp.com\/lahoradelcampo.com.uy\/site\/wp-content\/uploads\/2025\/09\/PabloIramendi.jpg?fit=880%2C440&ssl=1&resize=700%2C400 2x"},"classes":[]},{"id":56593,"url":"https:\/\/lahoradelcampo.com.uy\/site\/el-ganado-gordo-firme-y-senales-claras-para-el-criador\/","url_meta":{"origin":33257,"position":2},"title":"El ganado gordo firme y se\u00f1ales claras para el criador","author":"La Hora del Campo","date":"16 agosto, 2025","format":false,"excerpt":"El director de Indarte & C\u00eda., Ing. Agr. Fernando Indarte, afirm\u00f3 que en la actualidad \"estamos viviendo un momento \u00fanico, con precios del ganado gordo incre\u00edbles y con un ternero macho que promedia 520 d\u00f3lares en la pantalla\". Al mismo tiempo, remarc\u00f3 que se trata de un escenario que ofrece\u2026","rel":"","context":"En \u00abActualidad\u00bb","block_context":{"text":"Actualidad","link":"https:\/\/lahoradelcampo.com.uy\/site\/category\/actualidad\/"},"img":{"alt_text":"","src":"https:\/\/i0.wp.com\/lahoradelcampo.com.uy\/site\/wp-content\/uploads\/2023\/07\/Indarte-Fernandop.jpg?fit=880%2C440&ssl=1&resize=350%2C200","width":350,"height":200,"srcset":"https:\/\/i0.wp.com\/lahoradelcampo.com.uy\/site\/wp-content\/uploads\/2023\/07\/Indarte-Fernandop.jpg?fit=880%2C440&ssl=1&resize=350%2C200 1x, https:\/\/i0.wp.com\/lahoradelcampo.com.uy\/site\/wp-content\/uploads\/2023\/07\/Indarte-Fernandop.jpg?fit=880%2C440&ssl=1&resize=525%2C300 1.5x, https:\/\/i0.wp.com\/lahoradelcampo.com.uy\/site\/wp-content\/uploads\/2023\/07\/Indarte-Fernandop.jpg?fit=880%2C440&ssl=1&resize=700%2C400 2x"},"classes":[]},{"id":23010,"url":"https:\/\/lahoradelcampo.com.uy\/site\/un-tercio-de-los-tamberos-estan-con-dificultades\/","url_meta":{"origin":33257,"position":3},"title":"Un tercio de los tamberos  est\u00e1n con dificultades","author":"La Hora del Campo","date":"27 agosto, 2020","format":false,"excerpt":"El Instituto Nacional de la Leche (INALE) realiz\u00f3 un an\u00e1lisis del posible comportamiento de los mercados, tanto interno como externo, para el sector en el marco de la crisis sanitaria a nivel mundial, donde se establecieron tres escenarios posibles. Dicho an\u00e1lisis se realiz\u00f3 en base a la informaci\u00f3n estad\u00edstica desde\u2026","rel":"","context":"En \u00abActualidad\u00bb","block_context":{"text":"Actualidad","link":"https:\/\/lahoradelcampo.com.uy\/site\/category\/actualidad\/"},"img":{"alt_text":"","src":"https:\/\/i0.wp.com\/lahoradelcampo.com.uy\/site\/wp-content\/uploads\/2020\/08\/Artagaveytia.jpg?fit=880%2C440&ssl=1&resize=350%2C200","width":350,"height":200,"srcset":"https:\/\/i0.wp.com\/lahoradelcampo.com.uy\/site\/wp-content\/uploads\/2020\/08\/Artagaveytia.jpg?fit=880%2C440&ssl=1&resize=350%2C200 1x, https:\/\/i0.wp.com\/lahoradelcampo.com.uy\/site\/wp-content\/uploads\/2020\/08\/Artagaveytia.jpg?fit=880%2C440&ssl=1&resize=525%2C300 1.5x, https:\/\/i0.wp.com\/lahoradelcampo.com.uy\/site\/wp-content\/uploads\/2020\/08\/Artagaveytia.jpg?fit=880%2C440&ssl=1&resize=700%2C400 2x"},"classes":[]},{"id":47411,"url":"https:\/\/lahoradelcampo.com.uy\/site\/nueva-semana-bajista-para-el-ime-que-en-noviembre-que-cae-16\/","url_meta":{"origin":33257,"position":4},"title":"Nueva semana bajista para el IME, que en noviembre que cae 1,6%","author":"La Hora del Campo","date":"2 diciembre, 2022","format":false,"excerpt":"La oferta fue un 12,2% superior a las ventas de la semana previa, lo que marc\u00f3 desde un inicio una presi\u00f3n a la baja en las cotizaciones. A este aumento se sum\u00f3 lanas de baja calidad, que le dieron un mayor respaldo a la propuesta bajista de la demanda. Frente\u2026","rel":"","context":"En \u00abActualidad\u00bb","block_context":{"text":"Actualidad","link":"https:\/\/lahoradelcampo.com.uy\/site\/category\/actualidad\/"},"img":{"alt_text":"","src":"https:\/\/i0.wp.com\/lahoradelcampo.com.uy\/site\/wp-content\/uploads\/2022\/01\/Lana-australia.jpg?fit=880%2C440&ssl=1&resize=350%2C200","width":350,"height":200,"srcset":"https:\/\/i0.wp.com\/lahoradelcampo.com.uy\/site\/wp-content\/uploads\/2022\/01\/Lana-australia.jpg?fit=880%2C440&ssl=1&resize=350%2C200 1x, https:\/\/i0.wp.com\/lahoradelcampo.com.uy\/site\/wp-content\/uploads\/2022\/01\/Lana-australia.jpg?fit=880%2C440&ssl=1&resize=525%2C300 1.5x, https:\/\/i0.wp.com\/lahoradelcampo.com.uy\/site\/wp-content\/uploads\/2022\/01\/Lana-australia.jpg?fit=880%2C440&ssl=1&resize=700%2C400 2x"},"classes":[]},{"id":16292,"url":"https:\/\/lahoradelcampo.com.uy\/site\/el-ime-en-australia-volvio-a-bajar-esta-semana\/","url_meta":{"origin":33257,"position":5},"title":"El IME en Australia volvi\u00f3  a bajar esta semana","author":"La Hora del Campo","date":"7 diciembre, 2019","format":false,"excerpt":"Una nueva semana bajista en el mercado lanero australiano pero con algunas variables que seguramente van a pesar en los pr\u00f3ximos remates previo al receso de las tradicionales fiestas. El Indicador de Mercados del Este se acerca a los US$ 10 y es posible que rompa esa barrera por segunda\u2026","rel":"","context":"En \u00abActualidad\u00bb","block_context":{"text":"Actualidad","link":"https:\/\/lahoradelcampo.com.uy\/site\/category\/actualidad\/"},"img":{"alt_text":"","src":"https:\/\/i0.wp.com\/lahoradelcampo.com.uy\/site\/wp-content\/uploads\/2018\/03\/Lanaa.jpg?fit=880%2C440&ssl=1&resize=350%2C200","width":350,"height":200,"srcset":"https:\/\/i0.wp.com\/lahoradelcampo.com.uy\/site\/wp-content\/uploads\/2018\/03\/Lanaa.jpg?fit=880%2C440&ssl=1&resize=350%2C200 1x, https:\/\/i0.wp.com\/lahoradelcampo.com.uy\/site\/wp-content\/uploads\/2018\/03\/Lanaa.jpg?fit=880%2C440&ssl=1&resize=525%2C300 1.5x, https:\/\/i0.wp.com\/lahoradelcampo.com.uy\/site\/wp-content\/uploads\/2018\/03\/Lanaa.jpg?fit=880%2C440&ssl=1&resize=700%2C400 2x"},"classes":[]}],"jetpack_likes_enabled":true,"_links":{"self":[{"href":"https:\/\/lahoradelcampo.com.uy\/site\/wp-json\/wp\/v2\/posts\/33257","targetHints":{"allow":["GET"]}}],"collection":[{"href":"https:\/\/lahoradelcampo.com.uy\/site\/wp-json\/wp\/v2\/posts"}],"about":[{"href":"https:\/\/lahoradelcampo.com.uy\/site\/wp-json\/wp\/v2\/types\/post"}],"author":[{"embeddable":true,"href":"https:\/\/lahoradelcampo.com.uy\/site\/wp-json\/wp\/v2\/users\/5"}],"replies":[{"embeddable":true,"href":"https:\/\/lahoradelcampo.com.uy\/site\/wp-json\/wp\/v2\/comments?post=33257"}],"version-history":[{"count":1,"href":"https:\/\/lahoradelcampo.com.uy\/site\/wp-json\/wp\/v2\/posts\/33257\/revisions"}],"predecessor-version":[{"id":33259,"href":"https:\/\/lahoradelcampo.com.uy\/site\/wp-json\/wp\/v2\/posts\/33257\/revisions\/33259"}],"wp:featuredmedia":[{"embeddable":true,"href":"https:\/\/lahoradelcampo.com.uy\/site\/wp-json\/wp\/v2\/media\/11821"}],"wp:attachment":[{"href":"https:\/\/lahoradelcampo.com.uy\/site\/wp-json\/wp\/v2\/media?parent=33257"}],"wp:term":[{"taxonomy":"category","embeddable":true,"href":"https:\/\/lahoradelcampo.com.uy\/site\/wp-json\/wp\/v2\/categories?post=33257"},{"taxonomy":"post_tag","embeddable":true,"href":"https:\/\/lahoradelcampo.com.uy\/site\/wp-json\/wp\/v2\/tags?post=33257"}],"curies":[{"name":"wp","href":"https:\/\/api.w.org\/{rel}","templated":true}]}}