{"id":33251,"date":"2021-08-19T12:40:19","date_gmt":"2021-08-19T15:40:19","guid":{"rendered":"http:\/\/lahoradelcampo.com.uy\/site\/?p=33251"},"modified":"2021-08-19T12:40:25","modified_gmt":"2021-08-19T15:40:25","slug":"uruguay-cuenta-con-ventajas-brutales-para-la-produccion-de-biomasa","status":"publish","type":"post","link":"https:\/\/lahoradelcampo.com.uy\/site\/uruguay-cuenta-con-ventajas-brutales-para-la-produccion-de-biomasa\/","title":{"rendered":"\u201cUruguay cuenta con ventajas brutales para la producci\u00f3n de biomasa\u201d"},"content":{"rendered":"\n<figure class=\"wp-block-image\"><img data-recalc-dims=\"1\" loading=\"lazy\" decoding=\"async\" width=\"810\" height=\"405\" data-attachment-id=\"4175\" data-permalink=\"https:\/\/lahoradelcampo.com.uy\/site\/el-rodeo-coloco-un-alto-porcentaje-de-la-oferta-en-valentin\/buffa\/\" data-orig-file=\"https:\/\/i0.wp.com\/lahoradelcampo.com.uy\/site\/wp-content\/uploads\/2017\/11\/Buffa.jpg?fit=880%2C440&amp;ssl=1\" data-orig-size=\"880,440\" data-comments-opened=\"1\" data-image-meta=\"{&quot;aperture&quot;:&quot;0&quot;,&quot;credit&quot;:&quot;Vicente-Manuel-Tort&quot;,&quot;camera&quot;:&quot;&quot;,&quot;caption&quot;:&quot;&quot;,&quot;created_timestamp&quot;:&quot;0&quot;,&quot;copyright&quot;:&quot;Presidencia de la Republica - Sec.Com.Inst.&quot;,&quot;focal_length&quot;:&quot;0&quot;,&quot;iso&quot;:&quot;0&quot;,&quot;shutter_speed&quot;:&quot;0&quot;,&quot;title&quot;:&quot;&quot;,&quot;orientation&quot;:&quot;1&quot;}\" data-image-title=\"Buffa\" data-image-description=\"\" data-image-caption=\"\" data-large-file=\"https:\/\/i0.wp.com\/lahoradelcampo.com.uy\/site\/wp-content\/uploads\/2017\/11\/Buffa.jpg?fit=810%2C405&amp;ssl=1\" src=\"https:\/\/i0.wp.com\/lahoradelcampo.com.uy\/site\/wp-content\/uploads\/2017\/11\/Buffa.jpg?resize=810%2C405\" alt=\"\" class=\"wp-image-4175\" srcset=\"https:\/\/i0.wp.com\/lahoradelcampo.com.uy\/site\/wp-content\/uploads\/2017\/11\/Buffa.jpg?w=880&amp;ssl=1 880w, https:\/\/i0.wp.com\/lahoradelcampo.com.uy\/site\/wp-content\/uploads\/2017\/11\/Buffa.jpg?resize=300%2C150&amp;ssl=1 300w, https:\/\/i0.wp.com\/lahoradelcampo.com.uy\/site\/wp-content\/uploads\/2017\/11\/Buffa.jpg?resize=768%2C384&amp;ssl=1 768w, https:\/\/i0.wp.com\/lahoradelcampo.com.uy\/site\/wp-content\/uploads\/2017\/11\/Buffa.jpg?resize=820%2C410&amp;ssl=1 820w\" sizes=\"auto, (max-width: 810px) 100vw, 810px\" \/><\/figure>\n\n\n\n<p>La Organizaci\u00f3n de las Naciones Unidas para la Alimentaci\u00f3n y la Agricultura y el Ministerio de Ganader\u00eda, Agricultura y Pesca (MGAP) presentaron, este jueves 19, los esfuerzos realizados para establecer un sistema de monitoreo de la bioeconom\u00eda. La instancia se bas\u00f3 en el concepto desarrollado por el Instituto Th\u00fcnen de Alemania. <\/p>\n\n\n\n<p>Durante el intercambio particip\u00f3 en representaci\u00f3n del MGAP, el Subsecretario Ignacio Buffa, adem\u00e1s del representante ai de la FAO en Uruguay, Rub\u00e9n Flores, la Coordinadora de la Unidad Agropecuaria de Sostenibilidad y Cambio Clim\u00e1tico del Ministerio de Ganader\u00eda, Cecilia Jones, entre otros expertos en la materia.<\/p>\n\n\n\n<p>\u201cUruguay est\u00e1 muy comprometido con el desarrollo de esta idea porque nos permite gestionar esta tensi\u00f3n intr\u00ednseca que hay entre lo econ\u00f3mico, lo social y lo ambiental. Nuestro pa\u00eds tiene atributos en su sistema productivo que lo hacen muy amigable con el ambiente\u201d, expres\u00f3 Buffa.<\/p>\n\n\n\n<p>Qu\u00e9 oportunidades y desaf\u00edos presenta la bioeconom\u00eda sostenible para Uruguay y porqu\u00e9 monitorear su progreso y efectos sobre la sostenibilidad, fue el eje central de la webinar. Adem\u00e1s, se dieron a conocer los primeros resultados del an\u00e1lisis de los principales flujos de materiales bio-basados de Uruguay.<\/p>\n\n\n\n<p>\u201cSue\u00f1o con un Uruguay que pueda importar sus sistemas de informaci\u00f3n: trazabilidad, sistema de monitoreo de aplicaci\u00f3n de agroqu\u00edmicos, planes y manejo de suelos y diversos sistemas de informaci\u00f3n con la que contamos\u201d, prosigui\u00f3. \u201cTenemos ventajas brutales para la producci\u00f3n de biomasa y creemos que el tema es sumamente relevante para generar m\u00e1s valor diferencial en un sentido amplio.\u201d<\/p>\n\n\n\n<p>Por su parte, Jones explic\u00f3 el proceso recorrido en torno al reconocimiento de la bioeconom\u00eda como una oportunidad valiosa, en un contexto productivo como el nuestro y sus antecedentes.<\/p>\n\n\n\n<p>En este sentido, en 2017 Uruguay ingresa al grupo de trabajo en bioeconom\u00eda sostenible de FAO y en 2020 presenta su estrategia Nacional en Bioeconom\u00eda, por lo que actualmente se encuentra trabajando en el desarrollo del sistema de monitoreo y evaluaci\u00f3n de la sostenibilidad.<\/p>\n\n\n\n<p>Salto, 19 de agosto de 2021<\/p>\n","protected":false},"excerpt":{"rendered":"<p>La Organizaci\u00f3n de las Naciones Unidas para la Alimentaci\u00f3n y la Agricultura y el Ministerio de Ganader\u00eda, Agricultura y Pesca (MGAP) presentaron, este jueves 19, los esfuerzos realizados para establecer [&hellip;]<\/p>\n","protected":false},"author":5,"featured_media":4175,"comment_status":"open","ping_status":"open","sticky":false,"template":"","format":"standard","meta":{"_price":"","_stock":"","_tribe_ticket_header":"","_tribe_default_ticket_provider":"","_tribe_ticket_capacity":"0","_ticket_start_date":"","_ticket_end_date":"","_tribe_ticket_show_description":"","_tribe_ticket_show_not_going":false,"_tribe_ticket_use_global_stock":"","_tribe_ticket_global_stock_level":"","_global_stock_mode":"","_global_stock_cap":"","_tribe_rsvp_for_event":"","_tribe_ticket_going_count":"","_tribe_ticket_not_going_count":"","_tribe_tickets_list":"[]","_tribe_ticket_has_attendee_info_fields":false,"h5ap_radio_sources":[],"_jetpack_newsletter_access":"","_jetpack_dont_email_post_to_subs":false,"_jetpack_newsletter_tier_id":0,"_jetpack_memberships_contains_paywalled_content":false,"_jetpack_memberships_contains_paid_content":false,"footnotes":""},"categories":[21,7],"tags":[],"class_list":["post-33251","post","type-post","status-publish","format-standard","has-post-thumbnail","hentry","category-actualidad","category-agricultura"],"jetpack_featured_media_url":"https:\/\/i0.wp.com\/lahoradelcampo.com.uy\/site\/wp-content\/uploads\/2017\/11\/Buffa.jpg?fit=880%2C440&ssl=1","jetpack_sharing_enabled":true,"jetpack_shortlink":"https:\/\/wp.me\/p99IaT-8Ej","jetpack-related-posts":[{"id":46397,"url":"https:\/\/lahoradelcampo.com.uy\/site\/china-habilito-sorgo-uruguayo-para-consumo-animal-y-humano\/","url_meta":{"origin":33251,"position":0},"title":"China habilit\u00f3 sorgo uruguayo para consumo animal y humano","author":"La Hora del Campo","date":"17 octubre, 2022","format":false,"excerpt":"La Embajada de Uruguay en China comunic\u00f3 que el pasado viernes 14 de octubre la Administraci\u00f3n General de Aduanas de China (GACC) firm\u00f3 el protocolo por el cual Uruguay qued\u00f3 habilitado para exportar sorgo a ese destino. A partir de este momento, con esta habilitaci\u00f3n, Uruguay deber\u00e1 presentar el listado\u2026","rel":"","context":"En \u00abActualidad\u00bb","block_context":{"text":"Actualidad","link":"https:\/\/lahoradelcampo.com.uy\/site\/category\/actualidad\/"},"img":{"alt_text":"","src":"https:\/\/i0.wp.com\/lahoradelcampo.com.uy\/site\/wp-content\/uploads\/2022\/08\/sorgo1.jpg?fit=880%2C440&ssl=1&resize=350%2C200","width":350,"height":200,"srcset":"https:\/\/i0.wp.com\/lahoradelcampo.com.uy\/site\/wp-content\/uploads\/2022\/08\/sorgo1.jpg?fit=880%2C440&ssl=1&resize=350%2C200 1x, https:\/\/i0.wp.com\/lahoradelcampo.com.uy\/site\/wp-content\/uploads\/2022\/08\/sorgo1.jpg?fit=880%2C440&ssl=1&resize=525%2C300 1.5x, https:\/\/i0.wp.com\/lahoradelcampo.com.uy\/site\/wp-content\/uploads\/2022\/08\/sorgo1.jpg?fit=880%2C440&ssl=1&resize=700%2C400 2x"},"classes":[]},{"id":30370,"url":"https:\/\/lahoradelcampo.com.uy\/site\/la-mortandad-de-abejas-es-del-27-en-el-uruguay-segun-el-mgap\/","url_meta":{"origin":33251,"position":1},"title":"La mortandad de abejas es del 27% en el Uruguay, seg\u00fan el MGAP","author":"La Hora del Campo","date":"21 mayo, 2021","format":false,"excerpt":"En el marco del D\u00eda Mundial de la Abeja, celebrado ayer jueves 20 de mayo, el Ministerio de Ganader\u00eda, Agricultura y Pesca (MGAP) realiz\u00f3 una conferencia de prensa donde present\u00f3 un \"Manual de refugios de biodiversidad en bordes de ruta\", donde participa la empresa Syngenta. Este manual se enmarca dentro\u2026","rel":"","context":"En \u00abActualidad\u00bb","block_context":{"text":"Actualidad","link":"https:\/\/lahoradelcampo.com.uy\/site\/category\/actualidad\/"},"img":{"alt_text":"","src":"https:\/\/i0.wp.com\/lahoradelcampo.com.uy\/site\/wp-content\/uploads\/2018\/04\/Abejas.jpg?fit=880%2C440&ssl=1&resize=350%2C200","width":350,"height":200,"srcset":"https:\/\/i0.wp.com\/lahoradelcampo.com.uy\/site\/wp-content\/uploads\/2018\/04\/Abejas.jpg?fit=880%2C440&ssl=1&resize=350%2C200 1x, https:\/\/i0.wp.com\/lahoradelcampo.com.uy\/site\/wp-content\/uploads\/2018\/04\/Abejas.jpg?fit=880%2C440&ssl=1&resize=525%2C300 1.5x, https:\/\/i0.wp.com\/lahoradelcampo.com.uy\/site\/wp-content\/uploads\/2018\/04\/Abejas.jpg?fit=880%2C440&ssl=1&resize=700%2C400 2x"},"classes":[]},{"id":49776,"url":"https:\/\/lahoradelcampo.com.uy\/site\/informan-el-octavo-foco-de-influenza-aviar-en-uruguay\/","url_meta":{"origin":33251,"position":2},"title":"Informan el octavo foco de influenza aviar en Uruguay","author":"La Hora del Campo","date":"4 abril, 2023","format":false,"excerpt":"Desde el Ministerio de Ganader\u00eda, Agricultura y Pesca de Uruguay se han informado acerca de la situaci\u00f3n actual en el pa\u00eds en relaci\u00f3n a la influenza aviar, tambi\u00e9n conocida como gripe aviar, una enfermedad que afecta a aves y que puede ser transmitida al ser humano. En este art\u00edculo te\u2026","rel":"","context":"En \u00abActualidad\u00bb","block_context":{"text":"Actualidad","link":"https:\/\/lahoradelcampo.com.uy\/site\/category\/actualidad\/"},"img":{"alt_text":"","src":"https:\/\/i0.wp.com\/lahoradelcampo.com.uy\/site\/wp-content\/uploads\/2023\/03\/cisnecuellonegro.jpg?fit=880%2C440&ssl=1&resize=350%2C200","width":350,"height":200,"srcset":"https:\/\/i0.wp.com\/lahoradelcampo.com.uy\/site\/wp-content\/uploads\/2023\/03\/cisnecuellonegro.jpg?fit=880%2C440&ssl=1&resize=350%2C200 1x, https:\/\/i0.wp.com\/lahoradelcampo.com.uy\/site\/wp-content\/uploads\/2023\/03\/cisnecuellonegro.jpg?fit=880%2C440&ssl=1&resize=525%2C300 1.5x, https:\/\/i0.wp.com\/lahoradelcampo.com.uy\/site\/wp-content\/uploads\/2023\/03\/cisnecuellonegro.jpg?fit=880%2C440&ssl=1&resize=700%2C400 2x"},"classes":[]},{"id":49424,"url":"https:\/\/lahoradelcampo.com.uy\/site\/mgap-anuncio-la-vacunacion-contra-la-influenza-aviar\/","url_meta":{"origin":33251,"position":3},"title":"MGAP anunci\u00f3 la vacunaci\u00f3n contra la influenza aviar","author":"La Hora del Campo","date":"24 marzo, 2023","format":false,"excerpt":"El Ministerio de Ganader\u00eda, Agricultura y Pesca (MGAP) anunci\u00f3 hoy el inicio del proceso de vacunaci\u00f3n contra la Influenza Aviar en Uruguay, en respuesta a la amenaza epidemiol\u00f3gica que representa la enfermedad para la producci\u00f3n av\u00edcola nacional. El ministro Fernando Mattos y el subsecretario Ignacio Buffa dieron a conocer la\u2026","rel":"","context":"En \u00abActualidad\u00bb","block_context":{"text":"Actualidad","link":"https:\/\/lahoradelcampo.com.uy\/site\/category\/actualidad\/"},"img":{"alt_text":"","src":"https:\/\/i0.wp.com\/lahoradelcampo.com.uy\/site\/wp-content\/uploads\/2023\/03\/influenzaaviar-vacunacion.jpg?fit=880%2C440&ssl=1&resize=350%2C200","width":350,"height":200,"srcset":"https:\/\/i0.wp.com\/lahoradelcampo.com.uy\/site\/wp-content\/uploads\/2023\/03\/influenzaaviar-vacunacion.jpg?fit=880%2C440&ssl=1&resize=350%2C200 1x, https:\/\/i0.wp.com\/lahoradelcampo.com.uy\/site\/wp-content\/uploads\/2023\/03\/influenzaaviar-vacunacion.jpg?fit=880%2C440&ssl=1&resize=525%2C300 1.5x, https:\/\/i0.wp.com\/lahoradelcampo.com.uy\/site\/wp-content\/uploads\/2023\/03\/influenzaaviar-vacunacion.jpg?fit=880%2C440&ssl=1&resize=700%2C400 2x"},"classes":[]},{"id":48499,"url":"https:\/\/lahoradelcampo.com.uy\/site\/uruguay-abrio-el-mercado-de-marruecos-para-ganado-en-pie\/","url_meta":{"origin":33251,"position":4},"title":"Uruguay abri\u00f3 el mercado de Marruecos para ganado en pie","author":"La Hora del Campo","date":"6 febrero, 2023","format":false,"excerpt":"Marruecos habilit\u00f3 a Uruguay para exportar ganado en pie. Seg\u00fan comunic\u00f3 en su cuenta de Twitter el Subsecretario del Ministerio de Ganader\u00eda, Agricultura y Pesca, Ignacio Buffa, este logro llega como resultado de las gestiones realizadas por el Grupo de Amistad parlamentario uruguayo y del seguimiento y coordinaci\u00f3n de la\u2026","rel":"","context":"En \u00abActualidad\u00bb","block_context":{"text":"Actualidad","link":"https:\/\/lahoradelcampo.com.uy\/site\/category\/actualidad\/"},"img":{"alt_text":"","src":"https:\/\/i0.wp.com\/lahoradelcampo.com.uy\/site\/wp-content\/uploads\/2020\/06\/Buffa.jpg?fit=880%2C440&ssl=1&resize=350%2C200","width":350,"height":200,"srcset":"https:\/\/i0.wp.com\/lahoradelcampo.com.uy\/site\/wp-content\/uploads\/2020\/06\/Buffa.jpg?fit=880%2C440&ssl=1&resize=350%2C200 1x, https:\/\/i0.wp.com\/lahoradelcampo.com.uy\/site\/wp-content\/uploads\/2020\/06\/Buffa.jpg?fit=880%2C440&ssl=1&resize=525%2C300 1.5x, https:\/\/i0.wp.com\/lahoradelcampo.com.uy\/site\/wp-content\/uploads\/2020\/06\/Buffa.jpg?fit=880%2C440&ssl=1&resize=700%2C400 2x"},"classes":[]},{"id":30000,"url":"https:\/\/lahoradelcampo.com.uy\/site\/uruguay-conformo-equipo-tecnico-de-la-huella-ambiental-en-ganaderia\/","url_meta":{"origin":33251,"position":5},"title":"Uruguay conform\u00f3 Equipo T\u00e9cnico de la Huella ambiental en ganader\u00eda","author":"La Hora del Campo","date":"13 mayo, 2021","format":false,"excerpt":"Se present\u00f3 esta semana la conformaci\u00f3n del \"Equipo T\u00e9cnico Interinstitucional de la Huella Ambiental Ganadera\", que es comandado por el Ministerio de Ambiente en coordinaci\u00f3n con el Ministerio de Ganader\u00eda, Agricultura y Pesca. El equipo estar\u00e1 compuesto por integrantes del Instituto Nacional de Investigaci\u00f3n Agropecuaria (INIA), del Instituto Nacional de\u2026","rel":"","context":"En \u00abActualidad\u00bb","block_context":{"text":"Actualidad","link":"https:\/\/lahoradelcampo.com.uy\/site\/category\/actualidad\/"},"img":{"alt_text":"","src":"https:\/\/i0.wp.com\/lahoradelcampo.com.uy\/site\/wp-content\/uploads\/2021\/05\/Huellacarbono.jpg?fit=880%2C440&ssl=1&resize=350%2C200","width":350,"height":200,"srcset":"https:\/\/i0.wp.com\/lahoradelcampo.com.uy\/site\/wp-content\/uploads\/2021\/05\/Huellacarbono.jpg?fit=880%2C440&ssl=1&resize=350%2C200 1x, https:\/\/i0.wp.com\/lahoradelcampo.com.uy\/site\/wp-content\/uploads\/2021\/05\/Huellacarbono.jpg?fit=880%2C440&ssl=1&resize=525%2C300 1.5x, https:\/\/i0.wp.com\/lahoradelcampo.com.uy\/site\/wp-content\/uploads\/2021\/05\/Huellacarbono.jpg?fit=880%2C440&ssl=1&resize=700%2C400 2x"},"classes":[]}],"jetpack_likes_enabled":true,"_links":{"self":[{"href":"https:\/\/lahoradelcampo.com.uy\/site\/wp-json\/wp\/v2\/posts\/33251","targetHints":{"allow":["GET"]}}],"collection":[{"href":"https:\/\/lahoradelcampo.com.uy\/site\/wp-json\/wp\/v2\/posts"}],"about":[{"href":"https:\/\/lahoradelcampo.com.uy\/site\/wp-json\/wp\/v2\/types\/post"}],"author":[{"embeddable":true,"href":"https:\/\/lahoradelcampo.com.uy\/site\/wp-json\/wp\/v2\/users\/5"}],"replies":[{"embeddable":true,"href":"https:\/\/lahoradelcampo.com.uy\/site\/wp-json\/wp\/v2\/comments?post=33251"}],"version-history":[{"count":1,"href":"https:\/\/lahoradelcampo.com.uy\/site\/wp-json\/wp\/v2\/posts\/33251\/revisions"}],"predecessor-version":[{"id":33253,"href":"https:\/\/lahoradelcampo.com.uy\/site\/wp-json\/wp\/v2\/posts\/33251\/revisions\/33253"}],"wp:featuredmedia":[{"embeddable":true,"href":"https:\/\/lahoradelcampo.com.uy\/site\/wp-json\/wp\/v2\/media\/4175"}],"wp:attachment":[{"href":"https:\/\/lahoradelcampo.com.uy\/site\/wp-json\/wp\/v2\/media?parent=33251"}],"wp:term":[{"taxonomy":"category","embeddable":true,"href":"https:\/\/lahoradelcampo.com.uy\/site\/wp-json\/wp\/v2\/categories?post=33251"},{"taxonomy":"post_tag","embeddable":true,"href":"https:\/\/lahoradelcampo.com.uy\/site\/wp-json\/wp\/v2\/tags?post=33251"}],"curies":[{"name":"wp","href":"https:\/\/api.w.org\/{rel}","templated":true}]}}