{"id":33243,"date":"2021-08-19T12:32:59","date_gmt":"2021-08-19T15:32:59","guid":{"rendered":"http:\/\/lahoradelcampo.com.uy\/site\/?p=33243"},"modified":"2021-08-19T12:34:59","modified_gmt":"2021-08-19T15:34:59","slug":"novillos-de-corral-superan-los-us-500","status":"publish","type":"post","link":"https:\/\/lahoradelcampo.com.uy\/site\/novillos-de-corral-superan-los-us-500\/","title":{"rendered":"Novillos de corral superan los US$ 5,00"},"content":{"rendered":"\n<figure class=\"wp-block-image\"><img data-recalc-dims=\"1\" loading=\"lazy\" decoding=\"async\" width=\"810\" height=\"405\" data-attachment-id=\"33247\" data-permalink=\"https:\/\/lahoradelcampo.com.uy\/site\/novillos-de-corral-superan-los-us-500\/inacnov\/\" data-orig-file=\"https:\/\/i0.wp.com\/lahoradelcampo.com.uy\/site\/wp-content\/uploads\/2021\/08\/INACNOV.jpg?fit=880%2C440&amp;ssl=1\" data-orig-size=\"880,440\" data-comments-opened=\"1\" data-image-meta=\"{&quot;aperture&quot;:&quot;0&quot;,&quot;credit&quot;:&quot;&quot;,&quot;camera&quot;:&quot;&quot;,&quot;caption&quot;:&quot;&quot;,&quot;created_timestamp&quot;:&quot;0&quot;,&quot;copyright&quot;:&quot;&quot;,&quot;focal_length&quot;:&quot;0&quot;,&quot;iso&quot;:&quot;0&quot;,&quot;shutter_speed&quot;:&quot;0&quot;,&quot;title&quot;:&quot;&quot;,&quot;orientation&quot;:&quot;1&quot;}\" data-image-title=\"INACNOV\" data-image-description=\"\" data-image-caption=\"\" data-large-file=\"https:\/\/i0.wp.com\/lahoradelcampo.com.uy\/site\/wp-content\/uploads\/2021\/08\/INACNOV.jpg?fit=810%2C405&amp;ssl=1\" src=\"https:\/\/i0.wp.com\/lahoradelcampo.com.uy\/site\/wp-content\/uploads\/2021\/08\/INACNOV.jpg?resize=810%2C405\" alt=\"\" class=\"wp-image-33247\" srcset=\"https:\/\/i0.wp.com\/lahoradelcampo.com.uy\/site\/wp-content\/uploads\/2021\/08\/INACNOV.jpg?w=880&amp;ssl=1 880w, https:\/\/i0.wp.com\/lahoradelcampo.com.uy\/site\/wp-content\/uploads\/2021\/08\/INACNOV.jpg?resize=300%2C150&amp;ssl=1 300w, https:\/\/i0.wp.com\/lahoradelcampo.com.uy\/site\/wp-content\/uploads\/2021\/08\/INACNOV.jpg?resize=768%2C384&amp;ssl=1 768w, https:\/\/i0.wp.com\/lahoradelcampo.com.uy\/site\/wp-content\/uploads\/2021\/08\/INACNOV.jpg?resize=820%2C410&amp;ssl=1 820w\" sizes=\"auto, (max-width: 810px) 100vw, 810px\" \/><\/figure>\n\n\n\n<p>El novillo gordo en cuarta balanza subi\u00f3 un 0,8% en la \u00faltima semana, cotizando a US$ 4,43 por kilogramo, seg\u00fan los datos publicados este mi\u00e9rcoles por el Instituto Nacional de Carnes (INAC).<\/p>\n\n\n\n<p>Recordemos que los valores publicados por el instituto provienen del an\u00e1lisis de las facturas de faena de la semana anterior, presentadas por los frigor\u00edficos a INAC. En este sentido el promedio general de la pasada semana, representa el 92,94% de los novillos faenados. <\/p>\n\n\n\n<p>Si bien la mayor parte de los negocios informados por el instituto se encuentran entre 4,26 y US$ 4,50, sin embargo los valores se extienden hasta los US$ 5,04. Esta \u00faltima referencia pertenece m\u00e1ximos para ganados procedentes de los corrales. <\/p>\n\n\n\n<p style=\"text-align:right\"><strong>Salto, 19 de agosto de 2021<\/strong><\/p>\n","protected":false},"excerpt":{"rendered":"<p>El novillo gordo en cuarta balanza subi\u00f3 un 0,8% en la \u00faltima semana, cotizando a US$ 4,43 por kilogramo, seg\u00fan los datos publicados este mi\u00e9rcoles por el Instituto Nacional de [&hellip;]<\/p>\n","protected":false},"author":5,"featured_media":33247,"comment_status":"open","ping_status":"open","sticky":false,"template":"","format":"standard","meta":{"_price":"","_stock":"","_tribe_ticket_header":"","_tribe_default_ticket_provider":"","_tribe_ticket_capacity":"0","_ticket_start_date":"","_ticket_end_date":"","_tribe_ticket_show_description":"","_tribe_ticket_show_not_going":false,"_tribe_ticket_use_global_stock":"","_tribe_ticket_global_stock_level":"","_global_stock_mode":"","_global_stock_cap":"","_tribe_rsvp_for_event":"","_tribe_ticket_going_count":"","_tribe_ticket_not_going_count":"","_tribe_tickets_list":"[]","_tribe_ticket_has_attendee_info_fields":false,"h5ap_radio_sources":[],"_jetpack_newsletter_access":"","_jetpack_dont_email_post_to_subs":false,"_jetpack_newsletter_tier_id":0,"_jetpack_memberships_contains_paywalled_content":false,"_jetpack_memberships_contains_paid_content":false,"footnotes":""},"categories":[21,5],"tags":[],"class_list":["post-33243","post","type-post","status-publish","format-standard","has-post-thumbnail","hentry","category-actualidad","category-ganaderia"],"jetpack_featured_media_url":"https:\/\/i0.wp.com\/lahoradelcampo.com.uy\/site\/wp-content\/uploads\/2021\/08\/INACNOV.jpg?fit=880%2C440&ssl=1","jetpack_sharing_enabled":true,"jetpack_shortlink":"https:\/\/wp.me\/p99IaT-8Eb","jetpack-related-posts":[{"id":33419,"url":"https:\/\/lahoradelcampo.com.uy\/site\/el-novillo-gordo-bajo-03-en-cuarta-balanza\/","url_meta":{"origin":33243,"position":0},"title":"El novillo gordo baj\u00f3 0,3% en cuarta balanza","author":"La Hora del Campo","date":"27 agosto, 2021","format":false,"excerpt":"El novillo gordo en cuarta balanza baj\u00f3 un 0,3% en la \u00faltima semana, cotizando a US$ 4,42 por kilogramo, seg\u00fan los datos publicados este mi\u00e9rcoles por el Instituto Nacional de Carnes (INAC). Recordemos que los valores publicados por el instituto provienen del an\u00e1lisis de las facturas de faena de la\u2026","rel":"","context":"En \u00abActualidad\u00bb","block_context":{"text":"Actualidad","link":"https:\/\/lahoradelcampo.com.uy\/site\/category\/actualidad\/"},"img":{"alt_text":"","src":"https:\/\/i0.wp.com\/lahoradelcampo.com.uy\/site\/wp-content\/uploads\/2021\/08\/INAC-novillo.jpg?fit=880%2C440&ssl=1&resize=350%2C200","width":350,"height":200,"srcset":"https:\/\/i0.wp.com\/lahoradelcampo.com.uy\/site\/wp-content\/uploads\/2021\/08\/INAC-novillo.jpg?fit=880%2C440&ssl=1&resize=350%2C200 1x, https:\/\/i0.wp.com\/lahoradelcampo.com.uy\/site\/wp-content\/uploads\/2021\/08\/INAC-novillo.jpg?fit=880%2C440&ssl=1&resize=525%2C300 1.5x, https:\/\/i0.wp.com\/lahoradelcampo.com.uy\/site\/wp-content\/uploads\/2021\/08\/INAC-novillo.jpg?fit=880%2C440&ssl=1&resize=700%2C400 2x"},"classes":[]},{"id":39977,"url":"https:\/\/lahoradelcampo.com.uy\/site\/novillos-superan-los-550-en-la-planilla-de-inac\/","url_meta":{"origin":33243,"position":1},"title":"Novillos superan los 5,50 en la planilla de INAC","author":"La Hora del Campo","date":"17 marzo, 2022","format":false,"excerpt":"El novillo gordo contin\u00faa su tendencia alcista y en la \u00b4\u00b4\u00b4ultima semana cerrada el pasado 12 de marzo, registr\u00f3 una suba del 1%, situ\u00e1ndose en cuarta balanza en US$ 5,07 de promedio por kilogramo, seg\u00fan los datos publicados ayer por el Instituto Nacional de Carnes (INAC). En tanto que si\u2026","rel":"","context":"En \u00abActualidad\u00bb","block_context":{"text":"Actualidad","link":"https:\/\/lahoradelcampo.com.uy\/site\/category\/actualidad\/"},"img":{"alt_text":"","src":"https:\/\/i0.wp.com\/lahoradelcampo.com.uy\/site\/wp-content\/uploads\/2022\/03\/Novillo-angus.jpg?fit=880%2C440&ssl=1&resize=350%2C200","width":350,"height":200,"srcset":"https:\/\/i0.wp.com\/lahoradelcampo.com.uy\/site\/wp-content\/uploads\/2022\/03\/Novillo-angus.jpg?fit=880%2C440&ssl=1&resize=350%2C200 1x, https:\/\/i0.wp.com\/lahoradelcampo.com.uy\/site\/wp-content\/uploads\/2022\/03\/Novillo-angus.jpg?fit=880%2C440&ssl=1&resize=525%2C300 1.5x, https:\/\/i0.wp.com\/lahoradelcampo.com.uy\/site\/wp-content\/uploads\/2022\/03\/Novillo-angus.jpg?fit=880%2C440&ssl=1&resize=700%2C400 2x"},"classes":[]},{"id":34837,"url":"https:\/\/lahoradelcampo.com.uy\/site\/novillo-gordo-cotiza-us-449\/","url_meta":{"origin":33243,"position":2},"title":"Novillo Gordo cotiza US$ 4,49","author":"La Hora del Campo","date":"30 septiembre, 2021","format":false,"excerpt":"El novillo gordo en cuarta balanza subi\u00f3 un 0,1% en la \u00faltima semana, cotizando a US$ 4,49 por kilogramo en promedio, seg\u00fan los datos publicados por el Instituto Nacional de Carnes (INAC). Los valores de compra de la industria mayormente fueron de US$ 4,26 a US$ 4,80, con m\u00e1ximos de\u2026","rel":"","context":"En \u00abActualidad\u00bb","block_context":{"text":"Actualidad","link":"https:\/\/lahoradelcampo.com.uy\/site\/category\/actualidad\/"},"img":{"alt_text":"","src":"https:\/\/i0.wp.com\/lahoradelcampo.com.uy\/site\/wp-content\/uploads\/2021\/09\/novillo-inac-1.jpg?fit=880%2C440&ssl=1&resize=350%2C200","width":350,"height":200,"srcset":"https:\/\/i0.wp.com\/lahoradelcampo.com.uy\/site\/wp-content\/uploads\/2021\/09\/novillo-inac-1.jpg?fit=880%2C440&ssl=1&resize=350%2C200 1x, https:\/\/i0.wp.com\/lahoradelcampo.com.uy\/site\/wp-content\/uploads\/2021\/09\/novillo-inac-1.jpg?fit=880%2C440&ssl=1&resize=525%2C300 1.5x, https:\/\/i0.wp.com\/lahoradelcampo.com.uy\/site\/wp-content\/uploads\/2021\/09\/novillo-inac-1.jpg?fit=880%2C440&ssl=1&resize=700%2C400 2x"},"classes":[]},{"id":35183,"url":"https:\/\/lahoradelcampo.com.uy\/site\/inac-fijo-us-452-para-el-novillo-en-cuarta-balanza\/","url_meta":{"origin":33243,"position":3},"title":"Inac fij\u00f3 US$ 4,52 para el novillo en cuarta balanza","author":"La Hora del Campo","date":"7 octubre, 2021","format":false,"excerpt":"El novillo gordo en cuarta balanza subi\u00f3 un 0,7% en la \u00faltima semana, cotizando a US$ 4,52 por kilogramo, seg\u00fan los datos publicados por el Instituto Nacional de Carnes (INAC). Los valores de compra de la industria mayormente fueron de US$ 4,38 a US$ 4,80, con m\u00e1ximos de US$ 5,22\u2026","rel":"","context":"En \u00abActualidad\u00bb","block_context":{"text":"Actualidad","link":"https:\/\/lahoradelcampo.com.uy\/site\/category\/actualidad\/"},"img":{"alt_text":"","src":"https:\/\/i0.wp.com\/lahoradelcampo.com.uy\/site\/wp-content\/uploads\/2021\/10\/INAC-novillogordo.jpg?fit=880%2C440&ssl=1&resize=350%2C200","width":350,"height":200,"srcset":"https:\/\/i0.wp.com\/lahoradelcampo.com.uy\/site\/wp-content\/uploads\/2021\/10\/INAC-novillogordo.jpg?fit=880%2C440&ssl=1&resize=350%2C200 1x, https:\/\/i0.wp.com\/lahoradelcampo.com.uy\/site\/wp-content\/uploads\/2021\/10\/INAC-novillogordo.jpg?fit=880%2C440&ssl=1&resize=525%2C300 1.5x, https:\/\/i0.wp.com\/lahoradelcampo.com.uy\/site\/wp-content\/uploads\/2021\/10\/INAC-novillogordo.jpg?fit=880%2C440&ssl=1&resize=700%2C400 2x"},"classes":[]},{"id":39733,"url":"https:\/\/lahoradelcampo.com.uy\/site\/novillos-especiales-en-inac-superan-largamente-los-us-500\/","url_meta":{"origin":33243,"position":4},"title":"Novillos especiales en INAC superan largamente los US$ 5,00","author":"La Hora del Campo","date":"10 marzo, 2022","format":false,"excerpt":"En la jornada de ayer, el Instituto Nacional de Carnes (INAC) dio a conocer las referencias de precios para la hacienda con destino a la industria frigor\u00edfica, donde el novillo cierra en promedio a US$ 5,02, con una suba del 0,9% en la semana cerrada al 9 de marzo. Este\u2026","rel":"","context":"En \u00abActualidad\u00bb","block_context":{"text":"Actualidad","link":"https:\/\/lahoradelcampo.com.uy\/site\/category\/actualidad\/"},"img":{"alt_text":"","src":"https:\/\/i0.wp.com\/lahoradelcampo.com.uy\/site\/wp-content\/uploads\/2022\/03\/Novillo-INACa.jpg?fit=880%2C440&ssl=1&resize=350%2C200","width":350,"height":200,"srcset":"https:\/\/i0.wp.com\/lahoradelcampo.com.uy\/site\/wp-content\/uploads\/2022\/03\/Novillo-INACa.jpg?fit=880%2C440&ssl=1&resize=350%2C200 1x, https:\/\/i0.wp.com\/lahoradelcampo.com.uy\/site\/wp-content\/uploads\/2022\/03\/Novillo-INACa.jpg?fit=880%2C440&ssl=1&resize=525%2C300 1.5x, https:\/\/i0.wp.com\/lahoradelcampo.com.uy\/site\/wp-content\/uploads\/2022\/03\/Novillo-INACa.jpg?fit=880%2C440&ssl=1&resize=700%2C400 2x"},"classes":[]},{"id":54161,"url":"https:\/\/lahoradelcampo.com.uy\/site\/us-1726-menos-por-novillos-mas-pesados-en-ano-agricola-ganadero-23-24\/","url_meta":{"origin":33243,"position":5},"title":"US$ 172,6 menos por novillos m\u00e1s pesados en a\u00f1o agr\u00edcola ganadero 23\/24","author":"La Hora del Campo","date":"7 agosto, 2024","format":false,"excerpt":"Durante el \u00faltimo a\u00f1o agr\u00edcola-ganadero 2023-2024 (Julio-Junio), el peso promedio de los novillos creci\u00f3 un 2,8% en pie y 2,7% en cuarta balanza, seg\u00fan los datos del Instituto Nacional de Carnes (INAC), sin embargo el tener novillos m\u00e1s pesados no fue suficiente para equilibrar la ecuaci\u00f3n a la hora de\u2026","rel":"","context":"En \u00abActualidad\u00bb","block_context":{"text":"Actualidad","link":"https:\/\/lahoradelcampo.com.uy\/site\/category\/actualidad\/"},"img":{"alt_text":"","src":"https:\/\/i0.wp.com\/lahoradelcampo.com.uy\/site\/wp-content\/uploads\/2024\/08\/Novillosaa.jpg?fit=880%2C440&ssl=1&resize=350%2C200","width":350,"height":200,"srcset":"https:\/\/i0.wp.com\/lahoradelcampo.com.uy\/site\/wp-content\/uploads\/2024\/08\/Novillosaa.jpg?fit=880%2C440&ssl=1&resize=350%2C200 1x, https:\/\/i0.wp.com\/lahoradelcampo.com.uy\/site\/wp-content\/uploads\/2024\/08\/Novillosaa.jpg?fit=880%2C440&ssl=1&resize=525%2C300 1.5x, https:\/\/i0.wp.com\/lahoradelcampo.com.uy\/site\/wp-content\/uploads\/2024\/08\/Novillosaa.jpg?fit=880%2C440&ssl=1&resize=700%2C400 2x"},"classes":[]}],"jetpack_likes_enabled":true,"_links":{"self":[{"href":"https:\/\/lahoradelcampo.com.uy\/site\/wp-json\/wp\/v2\/posts\/33243","targetHints":{"allow":["GET"]}}],"collection":[{"href":"https:\/\/lahoradelcampo.com.uy\/site\/wp-json\/wp\/v2\/posts"}],"about":[{"href":"https:\/\/lahoradelcampo.com.uy\/site\/wp-json\/wp\/v2\/types\/post"}],"author":[{"embeddable":true,"href":"https:\/\/lahoradelcampo.com.uy\/site\/wp-json\/wp\/v2\/users\/5"}],"replies":[{"embeddable":true,"href":"https:\/\/lahoradelcampo.com.uy\/site\/wp-json\/wp\/v2\/comments?post=33243"}],"version-history":[{"count":2,"href":"https:\/\/lahoradelcampo.com.uy\/site\/wp-json\/wp\/v2\/posts\/33243\/revisions"}],"predecessor-version":[{"id":33249,"href":"https:\/\/lahoradelcampo.com.uy\/site\/wp-json\/wp\/v2\/posts\/33243\/revisions\/33249"}],"wp:featuredmedia":[{"embeddable":true,"href":"https:\/\/lahoradelcampo.com.uy\/site\/wp-json\/wp\/v2\/media\/33247"}],"wp:attachment":[{"href":"https:\/\/lahoradelcampo.com.uy\/site\/wp-json\/wp\/v2\/media?parent=33243"}],"wp:term":[{"taxonomy":"category","embeddable":true,"href":"https:\/\/lahoradelcampo.com.uy\/site\/wp-json\/wp\/v2\/categories?post=33243"},{"taxonomy":"post_tag","embeddable":true,"href":"https:\/\/lahoradelcampo.com.uy\/site\/wp-json\/wp\/v2\/tags?post=33243"}],"curies":[{"name":"wp","href":"https:\/\/api.w.org\/{rel}","templated":true}]}}