{"id":33237,"date":"2021-08-19T12:22:32","date_gmt":"2021-08-19T15:22:32","guid":{"rendered":"http:\/\/lahoradelcampo.com.uy\/site\/?p=33237"},"modified":"2021-08-19T12:22:38","modified_gmt":"2021-08-19T15:22:38","slug":"la-ganaderia-argentina-genera-menos-emisiones-de-gei","status":"publish","type":"post","link":"https:\/\/lahoradelcampo.com.uy\/site\/la-ganaderia-argentina-genera-menos-emisiones-de-gei\/","title":{"rendered":"La ganader\u00eda argentina genera menos emisiones de GEI"},"content":{"rendered":"\n<figure class=\"wp-block-image\"><img data-recalc-dims=\"1\" loading=\"lazy\" decoding=\"async\" width=\"810\" height=\"405\" data-attachment-id=\"33239\" data-permalink=\"https:\/\/lahoradelcampo.com.uy\/site\/la-ganaderia-argentina-genera-menos-emisiones-de-gei\/ganados-4\/\" data-orig-file=\"https:\/\/i0.wp.com\/lahoradelcampo.com.uy\/site\/wp-content\/uploads\/2021\/08\/ganados.jpg?fit=880%2C440&amp;ssl=1\" data-orig-size=\"880,440\" data-comments-opened=\"1\" data-image-meta=\"{&quot;aperture&quot;:&quot;0&quot;,&quot;credit&quot;:&quot;&quot;,&quot;camera&quot;:&quot;&quot;,&quot;caption&quot;:&quot;&quot;,&quot;created_timestamp&quot;:&quot;0&quot;,&quot;copyright&quot;:&quot;&quot;,&quot;focal_length&quot;:&quot;0&quot;,&quot;iso&quot;:&quot;0&quot;,&quot;shutter_speed&quot;:&quot;0&quot;,&quot;title&quot;:&quot;&quot;,&quot;orientation&quot;:&quot;1&quot;}\" data-image-title=\"ganados\" data-image-description=\"\" data-image-caption=\"\" data-large-file=\"https:\/\/i0.wp.com\/lahoradelcampo.com.uy\/site\/wp-content\/uploads\/2021\/08\/ganados.jpg?fit=810%2C405&amp;ssl=1\" src=\"https:\/\/i0.wp.com\/lahoradelcampo.com.uy\/site\/wp-content\/uploads\/2021\/08\/ganados.jpg?resize=810%2C405\" alt=\"\" class=\"wp-image-33239\" srcset=\"https:\/\/i0.wp.com\/lahoradelcampo.com.uy\/site\/wp-content\/uploads\/2021\/08\/ganados.jpg?w=880&amp;ssl=1 880w, https:\/\/i0.wp.com\/lahoradelcampo.com.uy\/site\/wp-content\/uploads\/2021\/08\/ganados.jpg?resize=300%2C150&amp;ssl=1 300w, https:\/\/i0.wp.com\/lahoradelcampo.com.uy\/site\/wp-content\/uploads\/2021\/08\/ganados.jpg?resize=768%2C384&amp;ssl=1 768w, https:\/\/i0.wp.com\/lahoradelcampo.com.uy\/site\/wp-content\/uploads\/2021\/08\/ganados.jpg?resize=820%2C410&amp;ssl=1 820w\" sizes=\"auto, (max-width: 810px) 100vw, 810px\" \/><\/figure>\n\n\n\n<p>Las huellas ambientales no s\u00f3lo transparentan la informaci\u00f3n sobre el impacto de los sistemas productivos, sino que tambi\u00e9n detectan oportunidades de mejora de la eficiencia, que posteriormente pueden ser aprovechadas con herramientas que busquen conservar y mejorar el capital natural, optimizar el uso de los recursos y minimizar los riesgos del sistema.<\/p>\n\n\n\n<p>Por esto, un estudio realizado por el INTA Manfredi \u2013C\u00f3rdoba\u2013 junto con el INTI y la empresa ganadera Tigonb\u00fa analiz\u00f3 la huella de carbono que dejan los sistemas mixtos de producci\u00f3n de carne en la zona semi\u00e1rida central de la Argentina. El estudio se enfoc\u00f3 en un sistema con cr\u00eda a campo en pasturas naturales e implantadas y recr\u00eda m\u00e1s engorde en feedlot para tres categor\u00edas de animales: macho liviano, hembra y macho pesado.<\/p>\n\n\n\n<p>Del an\u00e1lisis comparativo de las tres categor\u00edas de animales, se desprendi\u00f3 que la hembra es la que mayor huella presenta, en tanto, se requieren m\u00e1s d\u00edas de recr\u00eda y engorde para alcanzar el mismo peso de venta que los machos y eso implica mayor cantidad de recursos de alimento, y m\u00e1s d\u00edas emitiendo metano.<\/p>\n\n\n\n<p>De acuerdo con Rodolfo Bongiovanni \u2013especialista en an\u00e1lisis de huellas ambientales del INTA Manfredi\u2013, \u201cencontramos que los puntos cr\u00edticos de impacto se encuentran en la producci\u00f3n primaria, notoriamente en la emisi\u00f3n de metano por fermentaci\u00f3n ent\u00e9rica que representa entre el 62 % y el 64 % del impacto total\u201d. Y agreg\u00f3: \u201cDentro de este punto aparecen con mayor valor las emisiones de la vaca madre, seguidas de las emisiones del propio animal de engorde y finalmente el aporte del toro, que es m\u00ednimo\u201d.<\/p>\n\n\n\n<p>Por otra parte, est\u00e1n las emisiones derivadas de la gesti\u00f3n del esti\u00e9rcol, que ocurren principalmente en la recr\u00eda, donde la acumulaci\u00f3n de excretas en lagunas anaer\u00f3bicas genera emisiones de metano y \u00f3xido nitroso que representan el 11 % y el 15 % del impacto total.<\/p>\n\n\n\n<p>En esta l\u00ednea, Leticia Tuninetti \u2013especialista en an\u00e1lisis de ciclo de vida del INTI y autora junto a Bongiovanni del estudio\u2013 indic\u00f3 que \u201cen tercer orden de importancia aparecen las emisiones en la producci\u00f3n de los alimentos de la recr\u00eda y el engorde (ma\u00edz grano, burlanda y ma\u00edz picado ensilado), que suman entre un 12 % y un 15 % del total; y, en cuarto lugar, las pasturas implantadas que representan un 4 % debido a que implican uso de insumos, como agroqu\u00edmicos y combustibles\u201d.<\/p>\n\n\n\n<p>\u201cSi bien los valores encontrados en este trabajo son similares a los valores internacionales publicados por algunas bases de datos para la producci\u00f3n de carne en feedlot, siguiendo los mismos m\u00e9todos y protocolos adoptados internacionalmente, los resultados est\u00e1n considerablemente por debajo de los estudios que muestran resultados para producci\u00f3n de carne en sistemas extensivos a campo\u201d, destac\u00f3 Tuninetti.<\/p>\n\n\n\n<p>Dentro de los puntos a destacar del sistema productivo estudiado, \u201cse encuentran las menores emisiones relativas generadas en la recr\u00eda a corral y el engorde en feedlot, con alimentaci\u00f3n a base de granos, silo de ma\u00edz y burlanda, que tienen factores de emisi\u00f3n de metano inferiores a animales alimentados con pasturas\u201d, se\u00f1al\u00f3 Bongiovanni.<\/p>\n\n\n\n<p>Las emisiones generadas por el alimento burlanda y la vinaza, que se suministra a los animales, son bajas por tratarse de subproductos de la producci\u00f3nde etanol. Debido a que ocurre en el mismo predio y aunque se llevan parte de la carga ambiental del proceso de la mini destiler\u00eda, no reviste relevancia y, adem\u00e1s, evita traslados.<\/p>\n\n\n\n<p>\u201cOtro punto de inter\u00e9s es que no hay emisiones por gesti\u00f3n del esti\u00e9rcol en el feedlot, ya que las excretas se utilizan como insumo del biodigestor\u201d, destac\u00f3 Tuninetti y agreg\u00f3: \u201cTanto el consumo de subproductos de baja huella de carbono, provenientes de la destiler\u00eda de etanol, como la ausencia de emisiones por manejo de efluentes durante la etapa de engorde, explican la menor huella de carbono comparativa de este sistema productivo y refuerza los objetivos de la econom\u00eda circular\u201d.<\/p>\n\n\n\n<p>\u201cTanto la actividad agr\u00edcola como la ganadera no est\u00e1n exceptuadas de emitir gases de efecto invernadero, pero s\u00ed pueden disminuirlas con un manejo sustentable de las dietas\u201d, puntualiz\u00f3 el especialista del INTA.<\/p>\n\n\n\n<p>En este sentido, Bongiovanni asegur\u00f3 que \u201centre los puntos que generan altos impactos ambientales se encuentra la gesti\u00f3n del esti\u00e9rcol en la etapa de recr\u00eda, debido a que la utilizaci\u00f3n de lagunas anaer\u00f3bicas genera altas emisiones de metano y \u00f3xido nitroso\u201d. Y a\u00f1adi\u00f3: \u201cEn este punto se podr\u00eda mejorar el manejo a trav\u00e9s de t\u00e9cnicas que reduzcan dichas emisiones, como la integraci\u00f3n de las excretas junto con las del feedlot, que tienen como destino el biodigestor\u201d.<\/p>\n\n\n\n<p>Por \u00faltimo, Tuninetti advirti\u00f3 que otro punto de alto impacto ambiental que se podr\u00eda trabajar es el cultivo de ma\u00edz, principal alimento en la etapa de feedlot: \u201cAumentar su productividad y mejorar las t\u00e9cnicas agr\u00edcolas con vistas en la sustentabilidad del planteo t\u00e9cnico, con dosis variables de fertilizantes y agroqu\u00edmicos, fertilizaci\u00f3n en tiempo \u00f3ptimo, riego complementario, mantenimiento preventivo de la maquinaria y eficiencia en el uso de combustibles\u201d.<\/p>\n\n\n\n<p>Salto, 19 de agosto de 2021<\/p>\n","protected":false},"excerpt":{"rendered":"<p>Las huellas ambientales no s\u00f3lo transparentan la informaci\u00f3n sobre el impacto de los sistemas productivos, sino que tambi\u00e9n detectan oportunidades de mejora de la eficiencia, que posteriormente pueden ser aprovechadas [&hellip;]<\/p>\n","protected":false},"author":5,"featured_media":33239,"comment_status":"open","ping_status":"open","sticky":false,"template":"","format":"standard","meta":{"_price":"","_stock":"","_tribe_ticket_header":"","_tribe_default_ticket_provider":"","_tribe_ticket_capacity":"0","_ticket_start_date":"","_ticket_end_date":"","_tribe_ticket_show_description":"","_tribe_ticket_show_not_going":false,"_tribe_ticket_use_global_stock":"","_tribe_ticket_global_stock_level":"","_global_stock_mode":"","_global_stock_cap":"","_tribe_rsvp_for_event":"","_tribe_ticket_going_count":"","_tribe_ticket_not_going_count":"","_tribe_tickets_list":"[]","_tribe_ticket_has_attendee_info_fields":false,"h5ap_radio_sources":[],"_jetpack_newsletter_access":"","_jetpack_dont_email_post_to_subs":false,"_jetpack_newsletter_tier_id":0,"_jetpack_memberships_contains_paywalled_content":false,"_jetpack_memberships_contains_paid_content":false,"footnotes":""},"categories":[21,15],"tags":[],"class_list":["post-33237","post","type-post","status-publish","format-standard","has-post-thumbnail","hentry","category-actualidad","category-columnistas"],"jetpack_featured_media_url":"https:\/\/i0.wp.com\/lahoradelcampo.com.uy\/site\/wp-content\/uploads\/2021\/08\/ganados.jpg?fit=880%2C440&ssl=1","jetpack_sharing_enabled":true,"jetpack_shortlink":"https:\/\/wp.me\/p99IaT-8E5","jetpack-related-posts":[{"id":57094,"url":"https:\/\/lahoradelcampo.com.uy\/site\/el-diametro-de-la-lana-merino-por-si-solo-no-determina-un-buen-o-mal-resultado-economico\/","url_meta":{"origin":33237,"position":0},"title":"\u00abEl di\u00e1metro de la lana merino, por s\u00ed solo, no determina un buen o mal resultado econ\u00f3mico\u00bb","author":"La Hora del Campo","date":"20 noviembre, 2025","format":false,"excerpt":"El Ing. Agr. Juan Mart\u00edn Dutra da Silveira, consultor de Agrista en Australia y de El Zorzal en Uruguay, lleva m\u00e1s de una d\u00e9cada analizando datos econ\u00f3micos de majadas Merino en distintos contextos productivos. Su conclusi\u00f3n es clara y desaf\u00eda una creencia extendida entre los productores: \"El di\u00e1metro de la\u2026","rel":"","context":"En \u00abActualidad\u00bb","block_context":{"text":"Actualidad","link":"https:\/\/lahoradelcampo.com.uy\/site\/category\/actualidad\/"},"img":{"alt_text":"","src":"https:\/\/i0.wp.com\/lahoradelcampo.com.uy\/site\/wp-content\/uploads\/2025\/11\/lana-uruguay-2.jpg?fit=1200%2C900&ssl=1&resize=350%2C200","width":350,"height":200,"srcset":"https:\/\/i0.wp.com\/lahoradelcampo.com.uy\/site\/wp-content\/uploads\/2025\/11\/lana-uruguay-2.jpg?fit=1200%2C900&ssl=1&resize=350%2C200 1x, https:\/\/i0.wp.com\/lahoradelcampo.com.uy\/site\/wp-content\/uploads\/2025\/11\/lana-uruguay-2.jpg?fit=1200%2C900&ssl=1&resize=525%2C300 1.5x, https:\/\/i0.wp.com\/lahoradelcampo.com.uy\/site\/wp-content\/uploads\/2025\/11\/lana-uruguay-2.jpg?fit=1200%2C900&ssl=1&resize=700%2C400 2x, https:\/\/i0.wp.com\/lahoradelcampo.com.uy\/site\/wp-content\/uploads\/2025\/11\/lana-uruguay-2.jpg?fit=1200%2C900&ssl=1&resize=1050%2C600 3x"},"classes":[]},{"id":49848,"url":"https:\/\/lahoradelcampo.com.uy\/site\/el-novillo-mercosur-en-su-valor-mas-alto-en-seis-meses\/","url_meta":{"origin":33237,"position":1},"title":"El Novillo Mercosur en su valor m\u00e1s alto en seis meses","author":"La Hora del Campo","date":"10 abril, 2023","format":false,"excerpt":"El valor del novillo en los pa\u00edses del Mercosur ha alcanzado su valor m\u00e1s alto en m\u00e1s de seis meses.Seg\u00fan el \u00cdndice Faxcarne del Novillo Mercosur, elaborado por la consultora Tard\u00e1guila Agromercados, el precio medio ha subido a US$ 3,74 el kilo carcasa. Esta recuperaci\u00f3n se debe a la mejora\u2026","rel":"","context":"En \u00abActualidad\u00bb","block_context":{"text":"Actualidad","link":"https:\/\/lahoradelcampo.com.uy\/site\/category\/actualidad\/"},"img":{"alt_text":"","src":"https:\/\/i0.wp.com\/lahoradelcampo.com.uy\/site\/wp-content\/uploads\/2017\/10\/Ganado-gordo.jpg?fit=880%2C440&ssl=1&resize=350%2C200","width":350,"height":200,"srcset":"https:\/\/i0.wp.com\/lahoradelcampo.com.uy\/site\/wp-content\/uploads\/2017\/10\/Ganado-gordo.jpg?fit=880%2C440&ssl=1&resize=350%2C200 1x, https:\/\/i0.wp.com\/lahoradelcampo.com.uy\/site\/wp-content\/uploads\/2017\/10\/Ganado-gordo.jpg?fit=880%2C440&ssl=1&resize=525%2C300 1.5x, https:\/\/i0.wp.com\/lahoradelcampo.com.uy\/site\/wp-content\/uploads\/2017\/10\/Ganado-gordo.jpg?fit=880%2C440&ssl=1&resize=700%2C400 2x"},"classes":[]},{"id":43567,"url":"https:\/\/lahoradelcampo.com.uy\/site\/el-novillo-mercosur-volvio-a-bajar-y-se-aproxima-a-los-minimos-del-ano\/","url_meta":{"origin":33237,"position":2},"title":"El Novillo Mercosur volvi\u00f3 a bajar y se aproxima a los m\u00ednimos del a\u00f1o","author":"La Hora del Campo","date":"7 julio, 2022","format":false,"excerpt":"La fortaleza del d\u00f3lar en el mercado global est\u00e1 impactando sobre el valor del novillo en la regi\u00f3n. El \u00cdndice Faxcarne del Novillo Mercosur perdi\u00f3 7 cents en la semana a US$ 4,02 el kilo carcasa, el nivel m\u00e1s bajo desde la primera semana del a\u00f1o. La principal causa del\u2026","rel":"","context":"En \u00abActualidad\u00bb","block_context":{"text":"Actualidad","link":"https:\/\/lahoradelcampo.com.uy\/site\/category\/actualidad\/"},"img":{"alt_text":"","src":"https:\/\/i0.wp.com\/lahoradelcampo.com.uy\/site\/wp-content\/uploads\/2022\/03\/novillo-merco.jpg?fit=880%2C440&ssl=1&resize=350%2C200","width":350,"height":200,"srcset":"https:\/\/i0.wp.com\/lahoradelcampo.com.uy\/site\/wp-content\/uploads\/2022\/03\/novillo-merco.jpg?fit=880%2C440&ssl=1&resize=350%2C200 1x, https:\/\/i0.wp.com\/lahoradelcampo.com.uy\/site\/wp-content\/uploads\/2022\/03\/novillo-merco.jpg?fit=880%2C440&ssl=1&resize=525%2C300 1.5x, https:\/\/i0.wp.com\/lahoradelcampo.com.uy\/site\/wp-content\/uploads\/2022\/03\/novillo-merco.jpg?fit=880%2C440&ssl=1&resize=700%2C400 2x"},"classes":[]},{"id":45561,"url":"https:\/\/lahoradelcampo.com.uy\/site\/manantial-verde-y-el-tacuru-presentaron-los-grandes-campeones-del-brangus\/","url_meta":{"origin":33237,"position":3},"title":"Manantial Verde y El Tacur\u00fa presentaron los grandes campeones del Brangus","author":"La Hora del Campo","date":"16 septiembre, 2022","format":false,"excerpt":"\u201cUruguay va por muy buen camino\u201d dijo el jurado paraguayo Ra\u00fal Appleyard, tras las calificaciones donde se premi\u00f3 en macho a un ejemplar de Manantial Verde, de Paysand\u00fa, como el Gran Campe\u00f3n Macho, en tanto que la Gran Campeona Hembra proviene del departamento de Rivera, de la caba\u00f1a El Tacur\u00fa.\u2026","rel":"","context":"En \u00abActualidad\u00bb","block_context":{"text":"Actualidad","link":"https:\/\/lahoradelcampo.com.uy\/site\/category\/actualidad\/"},"img":{"alt_text":"","src":"https:\/\/i0.wp.com\/lahoradelcampo.com.uy\/site\/wp-content\/uploads\/2022\/09\/Prado-Brangus1.jpg?fit=880%2C440&ssl=1&resize=350%2C200","width":350,"height":200,"srcset":"https:\/\/i0.wp.com\/lahoradelcampo.com.uy\/site\/wp-content\/uploads\/2022\/09\/Prado-Brangus1.jpg?fit=880%2C440&ssl=1&resize=350%2C200 1x, https:\/\/i0.wp.com\/lahoradelcampo.com.uy\/site\/wp-content\/uploads\/2022\/09\/Prado-Brangus1.jpg?fit=880%2C440&ssl=1&resize=525%2C300 1.5x, https:\/\/i0.wp.com\/lahoradelcampo.com.uy\/site\/wp-content\/uploads\/2022\/09\/Prado-Brangus1.jpg?fit=880%2C440&ssl=1&resize=700%2C400 2x"},"classes":[]},{"id":2295,"url":"https:\/\/lahoradelcampo.com.uy\/site\/los-laureles-y-el-progreso-ganaron-en-ideal\/","url_meta":{"origin":33237,"position":4},"title":"Los Laureles y El Progreso ganaron en Ideal","author":"La Hora del Campo","date":"7 octubre, 2017","format":false,"excerpt":"El Ing. Alejandro Stirling fue el encargado de jurar los ejemplares de la raza Ideal que se presentaron en la pista de la Expo Salto en la jornada de ayer, con la presencia de muy reproductores que mostraron el potencial de la raza. El Gran Campe\u00f3n Macho PO, Campe\u00f3n Carnero\u2026","rel":"","context":"En \u00abActualidad\u00bb","block_context":{"text":"Actualidad","link":"https:\/\/lahoradelcampo.com.uy\/site\/category\/actualidad\/"},"img":{"alt_text":"","src":"https:\/\/i0.wp.com\/lahoradelcampo.com.uy\/site\/wp-content\/uploads\/2017\/10\/Malaquinaideal.jpg?fit=880%2C440&ssl=1&resize=350%2C200","width":350,"height":200,"srcset":"https:\/\/i0.wp.com\/lahoradelcampo.com.uy\/site\/wp-content\/uploads\/2017\/10\/Malaquinaideal.jpg?fit=880%2C440&ssl=1&resize=350%2C200 1x, https:\/\/i0.wp.com\/lahoradelcampo.com.uy\/site\/wp-content\/uploads\/2017\/10\/Malaquinaideal.jpg?fit=880%2C440&ssl=1&resize=525%2C300 1.5x, https:\/\/i0.wp.com\/lahoradelcampo.com.uy\/site\/wp-content\/uploads\/2017\/10\/Malaquinaideal.jpg?fit=880%2C440&ssl=1&resize=700%2C400 2x"},"classes":[]},{"id":19374,"url":"https:\/\/lahoradelcampo.com.uy\/site\/demanda-por-transmisiones-de-remates-virtuales-se-multiplico-por-cinco\/","url_meta":{"origin":33237,"position":5},"title":"Demanda por transmisiones de remates virtuales se multiplic\u00f3 por cinco","author":"La Hora del Campo","date":"4 mayo, 2020","format":false,"excerpt":"En la \u00e9poca de la aftosa nacieron las ventas por pantalla, en aquel momento varios escritorios de Artigas y Salto, conformaron el primer remate que se realiz\u00f3 aqu\u00ed en el departamento. Posteriormente nacieron los diferentes consorcios que actualmente act\u00faan en el mercado, pero la tecnolog\u00eda continu\u00f3 avanzando y con ella\u2026","rel":"","context":"En \u00abActualidad\u00bb","block_context":{"text":"Actualidad","link":"https:\/\/lahoradelcampo.com.uy\/site\/category\/actualidad\/"},"img":{"alt_text":"","src":"https:\/\/i0.wp.com\/lahoradelcampo.com.uy\/site\/wp-content\/uploads\/2020\/05\/RURAL.jpg?fit=880%2C440&ssl=1&resize=350%2C200","width":350,"height":200,"srcset":"https:\/\/i0.wp.com\/lahoradelcampo.com.uy\/site\/wp-content\/uploads\/2020\/05\/RURAL.jpg?fit=880%2C440&ssl=1&resize=350%2C200 1x, https:\/\/i0.wp.com\/lahoradelcampo.com.uy\/site\/wp-content\/uploads\/2020\/05\/RURAL.jpg?fit=880%2C440&ssl=1&resize=525%2C300 1.5x, https:\/\/i0.wp.com\/lahoradelcampo.com.uy\/site\/wp-content\/uploads\/2020\/05\/RURAL.jpg?fit=880%2C440&ssl=1&resize=700%2C400 2x"},"classes":[]}],"jetpack_likes_enabled":true,"_links":{"self":[{"href":"https:\/\/lahoradelcampo.com.uy\/site\/wp-json\/wp\/v2\/posts\/33237","targetHints":{"allow":["GET"]}}],"collection":[{"href":"https:\/\/lahoradelcampo.com.uy\/site\/wp-json\/wp\/v2\/posts"}],"about":[{"href":"https:\/\/lahoradelcampo.com.uy\/site\/wp-json\/wp\/v2\/types\/post"}],"author":[{"embeddable":true,"href":"https:\/\/lahoradelcampo.com.uy\/site\/wp-json\/wp\/v2\/users\/5"}],"replies":[{"embeddable":true,"href":"https:\/\/lahoradelcampo.com.uy\/site\/wp-json\/wp\/v2\/comments?post=33237"}],"version-history":[{"count":1,"href":"https:\/\/lahoradelcampo.com.uy\/site\/wp-json\/wp\/v2\/posts\/33237\/revisions"}],"predecessor-version":[{"id":33241,"href":"https:\/\/lahoradelcampo.com.uy\/site\/wp-json\/wp\/v2\/posts\/33237\/revisions\/33241"}],"wp:featuredmedia":[{"embeddable":true,"href":"https:\/\/lahoradelcampo.com.uy\/site\/wp-json\/wp\/v2\/media\/33239"}],"wp:attachment":[{"href":"https:\/\/lahoradelcampo.com.uy\/site\/wp-json\/wp\/v2\/media?parent=33237"}],"wp:term":[{"taxonomy":"category","embeddable":true,"href":"https:\/\/lahoradelcampo.com.uy\/site\/wp-json\/wp\/v2\/categories?post=33237"},{"taxonomy":"post_tag","embeddable":true,"href":"https:\/\/lahoradelcampo.com.uy\/site\/wp-json\/wp\/v2\/tags?post=33237"}],"curies":[{"name":"wp","href":"https:\/\/api.w.org\/{rel}","templated":true}]}}