{"id":33233,"date":"2021-08-19T12:12:26","date_gmt":"2021-08-19T15:12:26","guid":{"rendered":"http:\/\/lahoradelcampo.com.uy\/site\/?p=33233"},"modified":"2021-08-19T12:12:33","modified_gmt":"2021-08-19T15:12:33","slug":"sul-realizara-el-lanzamiento-de-la-zafra-ovina-en-salto","status":"publish","type":"post","link":"https:\/\/lahoradelcampo.com.uy\/site\/sul-realizara-el-lanzamiento-de-la-zafra-ovina-en-salto\/","title":{"rendered":"SUL realizar\u00e1 el lanzamiento de la zafra ovina en Salto"},"content":{"rendered":"\n<figure class=\"wp-block-image\"><img data-recalc-dims=\"1\" loading=\"lazy\" decoding=\"async\" width=\"810\" height=\"405\" data-attachment-id=\"11791\" data-permalink=\"https:\/\/lahoradelcampo.com.uy\/site\/tres-esquiladores-uruguayos-participaran-del-campeonato-mundial-de-esquila\/esquiladores\/\" data-orig-file=\"https:\/\/i0.wp.com\/lahoradelcampo.com.uy\/site\/wp-content\/uploads\/2019\/06\/Esquiladores.jpg?fit=880%2C440&amp;ssl=1\" data-orig-size=\"880,440\" data-comments-opened=\"1\" data-image-meta=\"{&quot;aperture&quot;:&quot;0&quot;,&quot;credit&quot;:&quot;&quot;,&quot;camera&quot;:&quot;&quot;,&quot;caption&quot;:&quot;&quot;,&quot;created_timestamp&quot;:&quot;0&quot;,&quot;copyright&quot;:&quot;&quot;,&quot;focal_length&quot;:&quot;0&quot;,&quot;iso&quot;:&quot;0&quot;,&quot;shutter_speed&quot;:&quot;0&quot;,&quot;title&quot;:&quot;&quot;,&quot;orientation&quot;:&quot;1&quot;}\" data-image-title=\"Esquiladores\" data-image-description=\"\" data-image-caption=\"\" data-large-file=\"https:\/\/i0.wp.com\/lahoradelcampo.com.uy\/site\/wp-content\/uploads\/2019\/06\/Esquiladores.jpg?fit=810%2C405&amp;ssl=1\" src=\"https:\/\/i0.wp.com\/lahoradelcampo.com.uy\/site\/wp-content\/uploads\/2019\/06\/Esquiladores.jpg?resize=810%2C405\" alt=\"\" class=\"wp-image-11791\" srcset=\"https:\/\/i0.wp.com\/lahoradelcampo.com.uy\/site\/wp-content\/uploads\/2019\/06\/Esquiladores.jpg?w=880&amp;ssl=1 880w, https:\/\/i0.wp.com\/lahoradelcampo.com.uy\/site\/wp-content\/uploads\/2019\/06\/Esquiladores.jpg?resize=300%2C150&amp;ssl=1 300w, https:\/\/i0.wp.com\/lahoradelcampo.com.uy\/site\/wp-content\/uploads\/2019\/06\/Esquiladores.jpg?resize=768%2C384&amp;ssl=1 768w, https:\/\/i0.wp.com\/lahoradelcampo.com.uy\/site\/wp-content\/uploads\/2019\/06\/Esquiladores.jpg?resize=820%2C410&amp;ssl=1 820w\" sizes=\"auto, (max-width: 810px) 100vw, 810px\" \/><\/figure>\n\n\n\n<p>El pr\u00f3ximo 27 de agosto el Secretariado Uruguayo de la Lana realizar\u00e1 el lanzamiento de la zafra ovina 2021, en el predio de la Asociaci\u00f3n Agropecuaria de Salto, a las 14 horas. <\/p>\n\n\n\n<p>Como es tradicional se realizar\u00e1 la demostraci\u00f3n de esquila y acondicionamiento de lanas. Adem\u00e1s el sellado simb\u00f3lico de corderos en conjunto con el Instituto Nacional de Carnes. <\/p>\n\n\n\n<p>Teniendo en cuenta la situaci\u00f3n de pandemia, la actividad presencial tendr\u00e1 un aforo permitido por las autoridades sanitarias, por lo que se solicita realizar la confirmaci\u00f3n de presencia previamente en el Secretariado Uruguayo de la Lana. <\/p>\n\n\n\n<p>Programa<\/p>\n\n\n\n<p>14:00: Palabras de Bienvenida<br>Presidente de la Asociaci\u00f3n Agropecuaria de Salto \u2013 Ing. Agr. Ramiro Azambuja \/ Intendente Departamental de Salto \u2013 Dr. Andr\u00e9s Lima<\/p>\n\n\n\n<p>14:30 Palabras del Secretariado Uruguayo de la Lana <br>Presidente del Secretariado Uruguayo de la Lana \u2013 Sr. Miguel Sanguinetti<\/p>\n\n\n\n<p>14:50 Mensaje del Plan Estrat\u00e9gico Nacional del Rubro Ovino (PENRO)<br>Cr. Rodrigo Cabanas \u2013 Gerente de la Unidad de Negocio  &#8211; Frigor\u00edfico San Jacinto<\/p>\n\n\n\n<p>15:10 Mensaje del Ministro de Ganader\u00eda Agricultura y Pesca<br>Ing. Agr. Fernando Mattos<\/p>\n\n\n\n<p>15:30 Inauguraci\u00f3n de la Zafra Lanera<br>Demostraci\u00f3n de esquila y acondicionamiento de lanas.<\/p>\n\n\n\n<p>15:45 Sellado del Cordero Pesado en conjunto con INAC.<\/p>\n\n\n\n<p>16:00 Cierre de la actividad.<\/p>\n\n\n\n<p style=\"text-align:right\"><strong>Salto, 19 de agosto de 2021<\/strong><\/p>\n","protected":false},"excerpt":{"rendered":"<p>El pr\u00f3ximo 27 de agosto el Secretariado Uruguayo de la Lana realizar\u00e1 el lanzamiento de la zafra ovina 2021, en el predio de la Asociaci\u00f3n Agropecuaria de Salto, a las [&hellip;]<\/p>\n","protected":false},"author":5,"featured_media":11791,"comment_status":"open","ping_status":"open","sticky":false,"template":"","format":"standard","meta":{"_price":"","_stock":"","_tribe_ticket_header":"","_tribe_default_ticket_provider":"","_tribe_ticket_capacity":"0","_ticket_start_date":"","_ticket_end_date":"","_tribe_ticket_show_description":"","_tribe_ticket_show_not_going":false,"_tribe_ticket_use_global_stock":"","_tribe_ticket_global_stock_level":"","_global_stock_mode":"","_global_stock_cap":"","_tribe_rsvp_for_event":"","_tribe_ticket_going_count":"","_tribe_ticket_not_going_count":"","_tribe_tickets_list":"[]","_tribe_ticket_has_attendee_info_fields":false,"h5ap_radio_sources":[],"_jetpack_newsletter_access":"","_jetpack_dont_email_post_to_subs":false,"_jetpack_newsletter_tier_id":0,"_jetpack_memberships_contains_paywalled_content":false,"_jetpack_memberships_contains_paid_content":false,"footnotes":""},"categories":[21,13],"tags":[],"class_list":["post-33233","post","type-post","status-publish","format-standard","has-post-thumbnail","hentry","category-actualidad","category-ovinos"],"jetpack_featured_media_url":"https:\/\/i0.wp.com\/lahoradelcampo.com.uy\/site\/wp-content\/uploads\/2019\/06\/Esquiladores.jpg?fit=880%2C440&ssl=1","jetpack_sharing_enabled":true,"jetpack_shortlink":"https:\/\/wp.me\/p99IaT-8E1","jetpack-related-posts":[{"id":33427,"url":"https:\/\/lahoradelcampo.com.uy\/site\/hoy-se-realiza-el-lanzamiento-de-la-zafra-ovina-en-salto\/","url_meta":{"origin":33233,"position":0},"title":"Hoy se realiza el lanzamiento de la zafra ovina en Salto","author":"La Hora del Campo","date":"27 agosto, 2021","format":false,"excerpt":"Hoy viernes 27 de agosto el Secretariado Uruguayo de la Lana realizar\u00e1 el lanzamiento de la zafra ovina 2021, en el predio de la Asociaci\u00f3n Agropecuaria de Salto, a las 14 horas. Como es tradicional se realizar\u00e1 la demostraci\u00f3n de esquila y acondicionamiento de lanas. Adem\u00e1s el sellado simb\u00f3lico de\u2026","rel":"","context":"En \u00abActualidad\u00bb","block_context":{"text":"Actualidad","link":"https:\/\/lahoradelcampo.com.uy\/site\/category\/actualidad\/"},"img":{"alt_text":"","src":"https:\/\/i0.wp.com\/lahoradelcampo.com.uy\/site\/wp-content\/uploads\/2019\/06\/Esquiladores.jpg?fit=880%2C440&ssl=1&resize=350%2C200","width":350,"height":200,"srcset":"https:\/\/i0.wp.com\/lahoradelcampo.com.uy\/site\/wp-content\/uploads\/2019\/06\/Esquiladores.jpg?fit=880%2C440&ssl=1&resize=350%2C200 1x, https:\/\/i0.wp.com\/lahoradelcampo.com.uy\/site\/wp-content\/uploads\/2019\/06\/Esquiladores.jpg?fit=880%2C440&ssl=1&resize=525%2C300 1.5x, https:\/\/i0.wp.com\/lahoradelcampo.com.uy\/site\/wp-content\/uploads\/2019\/06\/Esquiladores.jpg?fit=880%2C440&ssl=1&resize=700%2C400 2x"},"classes":[]},{"id":6579,"url":"https:\/\/lahoradelcampo.com.uy\/site\/lanzamiento-de-la-zafra-ovina-se-realizara-en-artigas-este-ano\/","url_meta":{"origin":33233,"position":1},"title":"Lanzamiento de la zafra ovina se realizar\u00e1 en Artigas este a\u00f1o","author":"La Hora del Campo","date":"19 abril, 2018","format":false,"excerpt":"El Secretariado Uruguayo de la Lana dio a conocer su agenda de actividades destacadas para 2018, en la cual se determina que el lanzamiento de la zafra ovina del pa\u00eds, se realizar\u00e1 en la zona m\u00e1s ovejera del pa\u00eds. Seg\u00fan los datos de la Declaraci\u00f3n Jurada Anual de Dicose, Salto\u2026","rel":"","context":"En \u00abActualidad\u00bb","block_context":{"text":"Actualidad","link":"https:\/\/lahoradelcampo.com.uy\/site\/category\/actualidad\/"},"img":{"alt_text":"","src":"https:\/\/i0.wp.com\/lahoradelcampo.com.uy\/site\/wp-content\/uploads\/2018\/04\/Ovinos.jpg?fit=880%2C440&ssl=1&resize=350%2C200","width":350,"height":200,"srcset":"https:\/\/i0.wp.com\/lahoradelcampo.com.uy\/site\/wp-content\/uploads\/2018\/04\/Ovinos.jpg?fit=880%2C440&ssl=1&resize=350%2C200 1x, https:\/\/i0.wp.com\/lahoradelcampo.com.uy\/site\/wp-content\/uploads\/2018\/04\/Ovinos.jpg?fit=880%2C440&ssl=1&resize=525%2C300 1.5x, https:\/\/i0.wp.com\/lahoradelcampo.com.uy\/site\/wp-content\/uploads\/2018\/04\/Ovinos.jpg?fit=880%2C440&ssl=1&resize=700%2C400 2x"},"classes":[]},{"id":23508,"url":"https:\/\/lahoradelcampo.com.uy\/site\/hoy-se-realiza-el-lanzamiento-de-la-zafra-lanera-2020-21-en-el-prado\/","url_meta":{"origin":33233,"position":2},"title":"Hoy se realiza el lanzamiento de la zafra lanera 2020\/21 en el Prado","author":"La Hora del Campo","date":"14 septiembre, 2020","format":false,"excerpt":"En la jornada de hoy el Secretariado Uruguayo de la Lana (SUL) estar\u00e1 realizando el lanzamiento de la zafra ovina 2020\/21, en el marco de la Expo Prado. La actividad realizada conjuntamente con el Plan Estrat\u00e9gico Nacional del Rubro Ovino (Penro) iniciar\u00e1 a la hora 10:00 en el galp\u00f3n de\u2026","rel":"","context":"En \u00abActualidad\u00bb","block_context":{"text":"Actualidad","link":"https:\/\/lahoradelcampo.com.uy\/site\/category\/actualidad\/"},"img":{"alt_text":"","src":"https:\/\/i0.wp.com\/lahoradelcampo.com.uy\/site\/wp-content\/uploads\/2018\/04\/Ovinos.jpg?fit=880%2C440&ssl=1&resize=350%2C200","width":350,"height":200,"srcset":"https:\/\/i0.wp.com\/lahoradelcampo.com.uy\/site\/wp-content\/uploads\/2018\/04\/Ovinos.jpg?fit=880%2C440&ssl=1&resize=350%2C200 1x, https:\/\/i0.wp.com\/lahoradelcampo.com.uy\/site\/wp-content\/uploads\/2018\/04\/Ovinos.jpg?fit=880%2C440&ssl=1&resize=525%2C300 1.5x, https:\/\/i0.wp.com\/lahoradelcampo.com.uy\/site\/wp-content\/uploads\/2018\/04\/Ovinos.jpg?fit=880%2C440&ssl=1&resize=700%2C400 2x"},"classes":[]},{"id":45307,"url":"https:\/\/lahoradelcampo.com.uy\/site\/sul-realiza-hoy-el-lanzamiento-de-la-zafra-ovina-en-rocha\/","url_meta":{"origin":33233,"position":3},"title":"SUL realiza hoy el lanzamiento de la zafra ovina en Rocha","author":"La Hora del Campo","date":"6 septiembre, 2022","format":false,"excerpt":"En la jornada de hoy el Secretariado Uruguayo de la Lana (SUL) conjuntamente con el Plan Estrat\u00e9gico Nacional del Rubro Ovino (PENRO) y la Sociedad Agropecuaria de Rocha (SAR), realiza el lanzamiento de la zafra ovina 2022. Como es tradicional se llevar\u00e1 adelante la demostraci\u00f3n de esquila que dar\u00e1 inicio\u2026","rel":"","context":"En \u00abActualidad\u00bb","block_context":{"text":"Actualidad","link":"https:\/\/lahoradelcampo.com.uy\/site\/category\/actualidad\/"},"img":{"alt_text":"","src":"https:\/\/i0.wp.com\/lahoradelcampo.com.uy\/site\/wp-content\/uploads\/2021\/08\/SUL-Ovina1.jpg?fit=880%2C440&ssl=1&resize=350%2C200","width":350,"height":200,"srcset":"https:\/\/i0.wp.com\/lahoradelcampo.com.uy\/site\/wp-content\/uploads\/2021\/08\/SUL-Ovina1.jpg?fit=880%2C440&ssl=1&resize=350%2C200 1x, https:\/\/i0.wp.com\/lahoradelcampo.com.uy\/site\/wp-content\/uploads\/2021\/08\/SUL-Ovina1.jpg?fit=880%2C440&ssl=1&resize=525%2C300 1.5x, https:\/\/i0.wp.com\/lahoradelcampo.com.uy\/site\/wp-content\/uploads\/2021\/08\/SUL-Ovina1.jpg?fit=880%2C440&ssl=1&resize=700%2C400 2x"},"classes":[]},{"id":54071,"url":"https:\/\/lahoradelcampo.com.uy\/site\/la-zafra-ovina-se-inauguraen-el-tercer-departamento-mas-ovejero\/","url_meta":{"origin":33233,"position":4},"title":"La zafra ovina se inaugura en el tercer departamento m\u00e1s ovejero","author":"La Hora del Campo","date":"27 julio, 2024","format":false,"excerpt":"El viernes 2 de agosto el Secretariado Uruguayo de la Lana (SUL) realizar\u00e1 la inauguraci\u00f3n de la zafra ovina 2024\/25 en el tercer departamento m\u00e1s ovejero del pa\u00eds y el que responde por el 16,6% del total de lanas esquiladas grifa verde durante el a\u00f1o 2023, seg\u00fan los datos del\u2026","rel":"","context":"En \u00abActualidad\u00bb","block_context":{"text":"Actualidad","link":"https:\/\/lahoradelcampo.com.uy\/site\/category\/actualidad\/"},"img":{"alt_text":"","src":"https:\/\/i0.wp.com\/lahoradelcampo.com.uy\/site\/wp-content\/uploads\/2024\/07\/merino-lana.jpg?fit=880%2C440&ssl=1&resize=350%2C200","width":350,"height":200,"srcset":"https:\/\/i0.wp.com\/lahoradelcampo.com.uy\/site\/wp-content\/uploads\/2024\/07\/merino-lana.jpg?fit=880%2C440&ssl=1&resize=350%2C200 1x, https:\/\/i0.wp.com\/lahoradelcampo.com.uy\/site\/wp-content\/uploads\/2024\/07\/merino-lana.jpg?fit=880%2C440&ssl=1&resize=525%2C300 1.5x, https:\/\/i0.wp.com\/lahoradelcampo.com.uy\/site\/wp-content\/uploads\/2024\/07\/merino-lana.jpg?fit=880%2C440&ssl=1&resize=700%2C400 2x"},"classes":[]},{"id":56414,"url":"https:\/\/lahoradelcampo.com.uy\/site\/la-esquila-grifa-verde-cayo-225-en-2024-segun-el-siro\/","url_meta":{"origin":33233,"position":5},"title":"La esquila grifa verde cay\u00f3 22,5% en 2024 seg\u00fan el SIRO","author":"La Hora del Campo","date":"31 julio, 2025","format":false,"excerpt":"Hoy viernes 1 de agosto, se realizar\u00e1 en el predio de la Asociaci\u00f3n Agropecuaria de Cerro Largo, el lanzamiento de la zafra ovina 2025, con la presencia de autoridades nacionales y departamentales. La actividad es simb\u00f3lica, debido a que las esquilas ya han comenzado en distintos puntos del pa\u00eds donde\u2026","rel":"","context":"En \u00abActualidad\u00bb","block_context":{"text":"Actualidad","link":"https:\/\/lahoradelcampo.com.uy\/site\/category\/actualidad\/"},"img":{"alt_text":"","src":"https:\/\/i0.wp.com\/lahoradelcampo.com.uy\/site\/wp-content\/uploads\/2025\/08\/lanagrifaverde.jpg?fit=880%2C440&ssl=1&resize=350%2C200","width":350,"height":200,"srcset":"https:\/\/i0.wp.com\/lahoradelcampo.com.uy\/site\/wp-content\/uploads\/2025\/08\/lanagrifaverde.jpg?fit=880%2C440&ssl=1&resize=350%2C200 1x, https:\/\/i0.wp.com\/lahoradelcampo.com.uy\/site\/wp-content\/uploads\/2025\/08\/lanagrifaverde.jpg?fit=880%2C440&ssl=1&resize=525%2C300 1.5x, https:\/\/i0.wp.com\/lahoradelcampo.com.uy\/site\/wp-content\/uploads\/2025\/08\/lanagrifaverde.jpg?fit=880%2C440&ssl=1&resize=700%2C400 2x"},"classes":[]}],"jetpack_likes_enabled":true,"_links":{"self":[{"href":"https:\/\/lahoradelcampo.com.uy\/site\/wp-json\/wp\/v2\/posts\/33233","targetHints":{"allow":["GET"]}}],"collection":[{"href":"https:\/\/lahoradelcampo.com.uy\/site\/wp-json\/wp\/v2\/posts"}],"about":[{"href":"https:\/\/lahoradelcampo.com.uy\/site\/wp-json\/wp\/v2\/types\/post"}],"author":[{"embeddable":true,"href":"https:\/\/lahoradelcampo.com.uy\/site\/wp-json\/wp\/v2\/users\/5"}],"replies":[{"embeddable":true,"href":"https:\/\/lahoradelcampo.com.uy\/site\/wp-json\/wp\/v2\/comments?post=33233"}],"version-history":[{"count":1,"href":"https:\/\/lahoradelcampo.com.uy\/site\/wp-json\/wp\/v2\/posts\/33233\/revisions"}],"predecessor-version":[{"id":33235,"href":"https:\/\/lahoradelcampo.com.uy\/site\/wp-json\/wp\/v2\/posts\/33233\/revisions\/33235"}],"wp:featuredmedia":[{"embeddable":true,"href":"https:\/\/lahoradelcampo.com.uy\/site\/wp-json\/wp\/v2\/media\/11791"}],"wp:attachment":[{"href":"https:\/\/lahoradelcampo.com.uy\/site\/wp-json\/wp\/v2\/media?parent=33233"}],"wp:term":[{"taxonomy":"category","embeddable":true,"href":"https:\/\/lahoradelcampo.com.uy\/site\/wp-json\/wp\/v2\/categories?post=33233"},{"taxonomy":"post_tag","embeddable":true,"href":"https:\/\/lahoradelcampo.com.uy\/site\/wp-json\/wp\/v2\/tags?post=33233"}],"curies":[{"name":"wp","href":"https:\/\/api.w.org\/{rel}","templated":true}]}}