{"id":33219,"date":"2021-08-19T07:56:04","date_gmt":"2021-08-19T10:56:04","guid":{"rendered":"http:\/\/lahoradelcampo.com.uy\/site\/?p=33219"},"modified":"2021-08-19T07:56:10","modified_gmt":"2021-08-19T10:56:10","slug":"el-ovino-no-deja-de-subir-en-uruguay","status":"publish","type":"post","link":"https:\/\/lahoradelcampo.com.uy\/site\/el-ovino-no-deja-de-subir-en-uruguay\/","title":{"rendered":"El ovino no deja de subir en Uruguay"},"content":{"rendered":"\n<figure class=\"wp-block-image\"><img data-recalc-dims=\"1\" loading=\"lazy\" decoding=\"async\" width=\"810\" height=\"405\" data-attachment-id=\"7287\" data-permalink=\"https:\/\/lahoradelcampo.com.uy\/site\/exportaciones-de-carne-ovina-crecen-un-23-9\/ovinos-8\/\" data-orig-file=\"https:\/\/i0.wp.com\/lahoradelcampo.com.uy\/site\/wp-content\/uploads\/2018\/05\/ovinos.jpg?fit=880%2C440&amp;ssl=1\" data-orig-size=\"880,440\" data-comments-opened=\"1\" data-image-meta=\"{&quot;aperture&quot;:&quot;0&quot;,&quot;credit&quot;:&quot;&quot;,&quot;camera&quot;:&quot;&quot;,&quot;caption&quot;:&quot;&quot;,&quot;created_timestamp&quot;:&quot;0&quot;,&quot;copyright&quot;:&quot;&quot;,&quot;focal_length&quot;:&quot;0&quot;,&quot;iso&quot;:&quot;0&quot;,&quot;shutter_speed&quot;:&quot;0&quot;,&quot;title&quot;:&quot;&quot;,&quot;orientation&quot;:&quot;1&quot;}\" data-image-title=\"ovinos\" data-image-description=\"\" data-image-caption=\"\" data-large-file=\"https:\/\/i0.wp.com\/lahoradelcampo.com.uy\/site\/wp-content\/uploads\/2018\/05\/ovinos.jpg?fit=810%2C405&amp;ssl=1\" src=\"https:\/\/i0.wp.com\/lahoradelcampo.com.uy\/site\/wp-content\/uploads\/2018\/05\/ovinos.jpg?resize=810%2C405\" alt=\"\" class=\"wp-image-7287\" srcset=\"https:\/\/i0.wp.com\/lahoradelcampo.com.uy\/site\/wp-content\/uploads\/2018\/05\/ovinos.jpg?w=880&amp;ssl=1 880w, https:\/\/i0.wp.com\/lahoradelcampo.com.uy\/site\/wp-content\/uploads\/2018\/05\/ovinos.jpg?resize=300%2C150&amp;ssl=1 300w, https:\/\/i0.wp.com\/lahoradelcampo.com.uy\/site\/wp-content\/uploads\/2018\/05\/ovinos.jpg?resize=768%2C384&amp;ssl=1 768w, https:\/\/i0.wp.com\/lahoradelcampo.com.uy\/site\/wp-content\/uploads\/2018\/05\/ovinos.jpg?resize=820%2C410&amp;ssl=1 820w\" sizes=\"auto, (max-width: 810px) 100vw, 810px\" \/><\/figure>\n\n\n\n<p>Los precios del ovino contin\u00faan en alza. Los corderos pesados superan los US$ 4,30 y las ovejas se pagan a US$ 4,10 el kilo carcasa.<br><\/p>\n\n\n\n<p>La faena de ovinos mantiene la senda de crecimiento. En la semana al 14 de agosto ingresaron a planta 26.037 lanares, 3.300 m\u00e1s que en la anterior y la mayor cantidad desde la semana culminada el 20 de marzo. <\/p>\n\n\n\n<p>Los corderos fueron siguen creciendo en su participaci\u00f3n: fueron 68,5% de la faena.<br><\/p>\n\n\n\n<p>Las plantas m\u00e1s activas fueron San Jacinto (5.313), Somicar (5.088) y Las Piedras (3.870).<\/p>\n\n\n\n<p>Salto, 19 de agosto de 2021<\/p>\n","protected":false},"excerpt":{"rendered":"<p>Los precios del ovino contin\u00faan en alza. Los corderos pesados superan los US$ 4,30 y las ovejas se pagan a US$ 4,10 el kilo carcasa. La faena de ovinos mantiene [&hellip;]<\/p>\n","protected":false},"author":5,"featured_media":7287,"comment_status":"open","ping_status":"open","sticky":false,"template":"","format":"standard","meta":{"_price":"","_stock":"","_tribe_ticket_header":"","_tribe_default_ticket_provider":"","_tribe_ticket_capacity":"0","_ticket_start_date":"","_ticket_end_date":"","_tribe_ticket_show_description":"","_tribe_ticket_show_not_going":false,"_tribe_ticket_use_global_stock":"","_tribe_ticket_global_stock_level":"","_global_stock_mode":"","_global_stock_cap":"","_tribe_rsvp_for_event":"","_tribe_ticket_going_count":"","_tribe_ticket_not_going_count":"","_tribe_tickets_list":"[]","_tribe_ticket_has_attendee_info_fields":false,"h5ap_radio_sources":[],"_jetpack_newsletter_access":"","_jetpack_dont_email_post_to_subs":false,"_jetpack_newsletter_tier_id":0,"_jetpack_memberships_contains_paywalled_content":false,"_jetpack_memberships_contains_paid_content":false,"footnotes":""},"categories":[21,13],"tags":[],"class_list":["post-33219","post","type-post","status-publish","format-standard","has-post-thumbnail","hentry","category-actualidad","category-ovinos"],"jetpack_featured_media_url":"https:\/\/i0.wp.com\/lahoradelcampo.com.uy\/site\/wp-content\/uploads\/2018\/05\/ovinos.jpg?fit=880%2C440&ssl=1","jetpack_sharing_enabled":true,"jetpack_shortlink":"https:\/\/wp.me\/p99IaT-8DN","jetpack-related-posts":[{"id":34833,"url":"https:\/\/lahoradelcampo.com.uy\/site\/el-ovino-sigue-firme-y-al-alza\/","url_meta":{"origin":33219,"position":0},"title":"El ovino sigue firme y al alza","author":"La Hora del Campo","date":"30 septiembre, 2021","format":false,"excerpt":"El precio de los ovinos en nuestro pa\u00eds sigue con la consistente tendencia alcista. Los corderos pesados se pagan a US$ 4,55-4,60 y las ovejas gordas a US$ 4,30-4,35. La demanda sigue concentrada en China, quien absorbe casi la totalidad de lo que se produce. La faena de ovinos la\u2026","rel":"","context":"En \u00abActualidad\u00bb","block_context":{"text":"Actualidad","link":"https:\/\/lahoradelcampo.com.uy\/site\/category\/actualidad\/"},"img":{"alt_text":"","src":"https:\/\/i0.wp.com\/lahoradelcampo.com.uy\/site\/wp-content\/uploads\/2021\/09\/ovinos2.jpg?fit=880%2C440&ssl=1&resize=350%2C200","width":350,"height":200,"srcset":"https:\/\/i0.wp.com\/lahoradelcampo.com.uy\/site\/wp-content\/uploads\/2021\/09\/ovinos2.jpg?fit=880%2C440&ssl=1&resize=350%2C200 1x, https:\/\/i0.wp.com\/lahoradelcampo.com.uy\/site\/wp-content\/uploads\/2021\/09\/ovinos2.jpg?fit=880%2C440&ssl=1&resize=525%2C300 1.5x, https:\/\/i0.wp.com\/lahoradelcampo.com.uy\/site\/wp-content\/uploads\/2021\/09\/ovinos2.jpg?fit=880%2C440&ssl=1&resize=700%2C400 2x"},"classes":[]},{"id":52965,"url":"https:\/\/lahoradelcampo.com.uy\/site\/record-en-2023-mas-de-54000-vacunos-faenados-en-la-semana\/","url_meta":{"origin":33219,"position":1},"title":"R\u00e9cord en 2023: M\u00e1s de 54,000 vacunos faenados en la semana","author":"La Hora del Campo","date":"31 octubre, 2023","format":false,"excerpt":"La actividad de la industria frigor\u00edfica alcanz\u00f3 un nivel hist\u00f3rico en la \u00faltima semana de octubre, con una faena de 54.497 vacunos, la m\u00e1s alta del a\u00f1o 2023 y la mayor desde mayo de 2022. Este resultado se explica por el aumento de la oferta de novillos de corral y\u2026","rel":"","context":"En \u00abActualidad\u00bb","block_context":{"text":"Actualidad","link":"https:\/\/lahoradelcampo.com.uy\/site\/category\/actualidad\/"},"img":{"alt_text":"","src":"https:\/\/i0.wp.com\/lahoradelcampo.com.uy\/site\/wp-content\/uploads\/2023\/10\/faena-vacuna12.jpg?fit=880%2C440&ssl=1&resize=350%2C200","width":350,"height":200,"srcset":"https:\/\/i0.wp.com\/lahoradelcampo.com.uy\/site\/wp-content\/uploads\/2023\/10\/faena-vacuna12.jpg?fit=880%2C440&ssl=1&resize=350%2C200 1x, https:\/\/i0.wp.com\/lahoradelcampo.com.uy\/site\/wp-content\/uploads\/2023\/10\/faena-vacuna12.jpg?fit=880%2C440&ssl=1&resize=525%2C300 1.5x, https:\/\/i0.wp.com\/lahoradelcampo.com.uy\/site\/wp-content\/uploads\/2023\/10\/faena-vacuna12.jpg?fit=880%2C440&ssl=1&resize=700%2C400 2x"},"classes":[]},{"id":3375,"url":"https:\/\/lahoradelcampo.com.uy\/site\/faena-vacuna-crecio-un-86-en-la-semana\/","url_meta":{"origin":33219,"position":2},"title":"Faena vacuna creci\u00f3 un 8,6% en la semana","author":"La Hora del Campo","date":"30 octubre, 2017","format":false,"excerpt":"La faena en la semana del 22 al 28 de octubre, seg\u00fan los datos del Instituto Nacional de Carnes, se posicion\u00f3 en las 44.298 cabezas increment\u00e1ndose un 8,6% con respecto a la semana anterior. A\u00fan con la planta de La Caballada, Cledinor SA, sin actividad al igual que la pasada\u2026","rel":"","context":"En \u00abActualidad\u00bb","block_context":{"text":"Actualidad","link":"https:\/\/lahoradelcampo.com.uy\/site\/category\/actualidad\/"},"img":{"alt_text":"","src":"https:\/\/i0.wp.com\/lahoradelcampo.com.uy\/site\/wp-content\/uploads\/2017\/10\/Faena.jpg?fit=880%2C440&ssl=1&resize=350%2C200","width":350,"height":200,"srcset":"https:\/\/i0.wp.com\/lahoradelcampo.com.uy\/site\/wp-content\/uploads\/2017\/10\/Faena.jpg?fit=880%2C440&ssl=1&resize=350%2C200 1x, https:\/\/i0.wp.com\/lahoradelcampo.com.uy\/site\/wp-content\/uploads\/2017\/10\/Faena.jpg?fit=880%2C440&ssl=1&resize=525%2C300 1.5x, https:\/\/i0.wp.com\/lahoradelcampo.com.uy\/site\/wp-content\/uploads\/2017\/10\/Faena.jpg?fit=880%2C440&ssl=1&resize=700%2C400 2x"},"classes":[]},{"id":43263,"url":"https:\/\/lahoradelcampo.com.uy\/site\/faena-y-precios-al-alza-para-el-ovino\/","url_meta":{"origin":33219,"position":3},"title":"Faena y precios al alza para el ovino","author":"La Hora del Campo","date":"28 junio, 2022","format":false,"excerpt":"Los ovinos tambi\u00e9n cotizan al alza en todas las categor\u00edas, en un mercado que se encuentra con \"demanda en todas las categor\u00edas, faena sostenida\" y un mercado \"estable\" seg\u00fan el comentario de los operadores. Los valores posicionan al cordero hasta 35 kilos en US$ 4,63, subiendo tres centavos y un\u2026","rel":"","context":"En \u00abActualidad\u00bb","block_context":{"text":"Actualidad","link":"https:\/\/lahoradelcampo.com.uy\/site\/category\/actualidad\/"},"img":{"alt_text":"","src":"https:\/\/i0.wp.com\/lahoradelcampo.com.uy\/site\/wp-content\/uploads\/2018\/05\/ovinos.jpg?fit=880%2C440&ssl=1&resize=350%2C200","width":350,"height":200,"srcset":"https:\/\/i0.wp.com\/lahoradelcampo.com.uy\/site\/wp-content\/uploads\/2018\/05\/ovinos.jpg?fit=880%2C440&ssl=1&resize=350%2C200 1x, https:\/\/i0.wp.com\/lahoradelcampo.com.uy\/site\/wp-content\/uploads\/2018\/05\/ovinos.jpg?fit=880%2C440&ssl=1&resize=525%2C300 1.5x, https:\/\/i0.wp.com\/lahoradelcampo.com.uy\/site\/wp-content\/uploads\/2018\/05\/ovinos.jpg?fit=880%2C440&ssl=1&resize=700%2C400 2x"},"classes":[]},{"id":3651,"url":"https:\/\/lahoradelcampo.com.uy\/site\/faena-vacuna-subio-levemente-con-dos-plantas-sin-actividad\/","url_meta":{"origin":33219,"position":4},"title":"Faena vacuna subi\u00f3 levemente, con dos plantas sin actividad","author":"La Hora del Campo","date":"6 noviembre, 2017","format":false,"excerpt":"Durante la pasada semana se faenaron en el pa\u00eds 44.538 vacunos, un 1% m\u00e1s que el registro previo del 21 al 28 de octubre, seg\u00fan los datos del Instituto Nacional de Carnes. En este marco y hasta el 4 de noviembre de 2017 en Uruguay la faena alcanz\u00f3 un incremento\u2026","rel":"","context":"En \u00abActualidad\u00bb","block_context":{"text":"Actualidad","link":"https:\/\/lahoradelcampo.com.uy\/site\/category\/actualidad\/"},"img":{"alt_text":"","src":"https:\/\/i0.wp.com\/lahoradelcampo.com.uy\/site\/wp-content\/uploads\/2017\/11\/Faena.jpg?fit=880%2C440&ssl=1&resize=350%2C200","width":350,"height":200,"srcset":"https:\/\/i0.wp.com\/lahoradelcampo.com.uy\/site\/wp-content\/uploads\/2017\/11\/Faena.jpg?fit=880%2C440&ssl=1&resize=350%2C200 1x, https:\/\/i0.wp.com\/lahoradelcampo.com.uy\/site\/wp-content\/uploads\/2017\/11\/Faena.jpg?fit=880%2C440&ssl=1&resize=525%2C300 1.5x, https:\/\/i0.wp.com\/lahoradelcampo.com.uy\/site\/wp-content\/uploads\/2017\/11\/Faena.jpg?fit=880%2C440&ssl=1&resize=700%2C400 2x"},"classes":[]},{"id":40931,"url":"https:\/\/lahoradelcampo.com.uy\/site\/faena-de-la-semana-cerrada-el-16-de-abril-fue-la-menor-del-ano\/","url_meta":{"origin":33219,"position":5},"title":"Faena de la Semana cerrada el 16 de abril fue la menor del a\u00f1o","author":"La Hora del Campo","date":"20 abril, 2022","format":false,"excerpt":"De acuerdo a los datos publicados por el Instituto Nacional de Carnes (INAC) en la jornada de ayer, a faena vacuna se ubic\u00f3 en las 36.764 cabezas, registr\u00e1ndose as\u00ed el menor nivel de actividad industrial desde el inicio de 2022. La faena estuvo compuesta por 16.660 novillos, 13.812 vacas, 5.590\u2026","rel":"","context":"En \u00abActualidad\u00bb","block_context":{"text":"Actualidad","link":"https:\/\/lahoradelcampo.com.uy\/site\/category\/actualidad\/"},"img":{"alt_text":"","src":"https:\/\/i0.wp.com\/lahoradelcampo.com.uy\/site\/wp-content\/uploads\/2021\/11\/faenavacuna1.jpg?fit=880%2C440&ssl=1&resize=350%2C200","width":350,"height":200,"srcset":"https:\/\/i0.wp.com\/lahoradelcampo.com.uy\/site\/wp-content\/uploads\/2021\/11\/faenavacuna1.jpg?fit=880%2C440&ssl=1&resize=350%2C200 1x, https:\/\/i0.wp.com\/lahoradelcampo.com.uy\/site\/wp-content\/uploads\/2021\/11\/faenavacuna1.jpg?fit=880%2C440&ssl=1&resize=525%2C300 1.5x, https:\/\/i0.wp.com\/lahoradelcampo.com.uy\/site\/wp-content\/uploads\/2021\/11\/faenavacuna1.jpg?fit=880%2C440&ssl=1&resize=700%2C400 2x"},"classes":[]}],"jetpack_likes_enabled":true,"_links":{"self":[{"href":"https:\/\/lahoradelcampo.com.uy\/site\/wp-json\/wp\/v2\/posts\/33219","targetHints":{"allow":["GET"]}}],"collection":[{"href":"https:\/\/lahoradelcampo.com.uy\/site\/wp-json\/wp\/v2\/posts"}],"about":[{"href":"https:\/\/lahoradelcampo.com.uy\/site\/wp-json\/wp\/v2\/types\/post"}],"author":[{"embeddable":true,"href":"https:\/\/lahoradelcampo.com.uy\/site\/wp-json\/wp\/v2\/users\/5"}],"replies":[{"embeddable":true,"href":"https:\/\/lahoradelcampo.com.uy\/site\/wp-json\/wp\/v2\/comments?post=33219"}],"version-history":[{"count":1,"href":"https:\/\/lahoradelcampo.com.uy\/site\/wp-json\/wp\/v2\/posts\/33219\/revisions"}],"predecessor-version":[{"id":33221,"href":"https:\/\/lahoradelcampo.com.uy\/site\/wp-json\/wp\/v2\/posts\/33219\/revisions\/33221"}],"wp:featuredmedia":[{"embeddable":true,"href":"https:\/\/lahoradelcampo.com.uy\/site\/wp-json\/wp\/v2\/media\/7287"}],"wp:attachment":[{"href":"https:\/\/lahoradelcampo.com.uy\/site\/wp-json\/wp\/v2\/media?parent=33219"}],"wp:term":[{"taxonomy":"category","embeddable":true,"href":"https:\/\/lahoradelcampo.com.uy\/site\/wp-json\/wp\/v2\/categories?post=33219"},{"taxonomy":"post_tag","embeddable":true,"href":"https:\/\/lahoradelcampo.com.uy\/site\/wp-json\/wp\/v2\/tags?post=33219"}],"curies":[{"name":"wp","href":"https:\/\/api.w.org\/{rel}","templated":true}]}}