{"id":33215,"date":"2021-08-19T07:53:46","date_gmt":"2021-08-19T10:53:46","guid":{"rendered":"http:\/\/lahoradelcampo.com.uy\/site\/?p=33215"},"modified":"2021-08-19T07:53:52","modified_gmt":"2021-08-19T10:53:52","slug":"importaciones-de-carne-de-china-cayeron-14-en-julio","status":"publish","type":"post","link":"https:\/\/lahoradelcampo.com.uy\/site\/importaciones-de-carne-de-china-cayeron-14-en-julio\/","title":{"rendered":"Importaciones de carne de China cayeron 14% en julio"},"content":{"rendered":"\n<figure class=\"wp-block-image\"><img data-recalc-dims=\"1\" loading=\"lazy\" decoding=\"async\" width=\"810\" height=\"405\" data-attachment-id=\"31156\" data-permalink=\"https:\/\/lahoradelcampo.com.uy\/site\/consumo-de-carne-vacuna-en-china-sera-de-655-kilos-per-capita-en-2021\/carnechina\/\" data-orig-file=\"https:\/\/i0.wp.com\/lahoradelcampo.com.uy\/site\/wp-content\/uploads\/2021\/06\/carnechina.jpg?fit=880%2C440&amp;ssl=1\" data-orig-size=\"880,440\" data-comments-opened=\"1\" data-image-meta=\"{&quot;aperture&quot;:&quot;0&quot;,&quot;credit&quot;:&quot;&quot;,&quot;camera&quot;:&quot;&quot;,&quot;caption&quot;:&quot;&quot;,&quot;created_timestamp&quot;:&quot;0&quot;,&quot;copyright&quot;:&quot;&quot;,&quot;focal_length&quot;:&quot;0&quot;,&quot;iso&quot;:&quot;0&quot;,&quot;shutter_speed&quot;:&quot;0&quot;,&quot;title&quot;:&quot;&quot;,&quot;orientation&quot;:&quot;1&quot;}\" data-image-title=\"carnechina\" data-image-description=\"\" data-image-caption=\"\" data-large-file=\"https:\/\/i0.wp.com\/lahoradelcampo.com.uy\/site\/wp-content\/uploads\/2021\/06\/carnechina.jpg?fit=810%2C405&amp;ssl=1\" src=\"https:\/\/i0.wp.com\/lahoradelcampo.com.uy\/site\/wp-content\/uploads\/2021\/06\/carnechina.jpg?resize=810%2C405\" alt=\"\" class=\"wp-image-31156\" srcset=\"https:\/\/i0.wp.com\/lahoradelcampo.com.uy\/site\/wp-content\/uploads\/2021\/06\/carnechina.jpg?w=880&amp;ssl=1 880w, https:\/\/i0.wp.com\/lahoradelcampo.com.uy\/site\/wp-content\/uploads\/2021\/06\/carnechina.jpg?resize=300%2C150&amp;ssl=1 300w, https:\/\/i0.wp.com\/lahoradelcampo.com.uy\/site\/wp-content\/uploads\/2021\/06\/carnechina.jpg?resize=768%2C384&amp;ssl=1 768w, https:\/\/i0.wp.com\/lahoradelcampo.com.uy\/site\/wp-content\/uploads\/2021\/06\/carnechina.jpg?resize=820%2C410&amp;ssl=1 820w\" sizes=\"auto, (max-width: 810px) 100vw, 810px\" \/><\/figure>\n\n\n\n<p>De acuerdo a los \u00faltimos datos de la Administraci\u00f3n General de Aduanas de China, las compras externas de carne sumaron 854.000 toneladas en julio, marcando un 14% de ca\u00edda interanual, pero aun as\u00ed superaron las 743.000 toneladas de junio, consign\u00f3 Reuters. <br><\/p>\n\n\n\n<p>En  el acumulado enero-julio las importaciones de carne  totalizaron 5,93 millones de toneladas, 3% m\u00e1s que los  5,75 millones de toneladas registradas en los primeros  siete meses de 2020. <br><\/p>\n\n\n\n<p>Los precios internos de la carne de cerdo se desplomaron a la mitad desde principios de este a\u00f1o en medio de un proceso de aumento de la producci\u00f3n de cerdos, con un stock fuertemente diezmado por la peste porcina africana.<\/p>\n\n\n\n<p style=\"text-align:right\">Salto, 19 de agosto de 2021<\/p>\n","protected":false},"excerpt":{"rendered":"<p>De acuerdo a los \u00faltimos datos de la Administraci\u00f3n General de Aduanas de China, las compras externas de carne sumaron 854.000 toneladas en julio, marcando un 14% de ca\u00edda interanual, [&hellip;]<\/p>\n","protected":false},"author":5,"featured_media":31156,"comment_status":"open","ping_status":"open","sticky":false,"template":"","format":"standard","meta":{"_price":"","_stock":"","_tribe_ticket_header":"","_tribe_default_ticket_provider":"","_tribe_ticket_capacity":"0","_ticket_start_date":"","_ticket_end_date":"","_tribe_ticket_show_description":"","_tribe_ticket_show_not_going":false,"_tribe_ticket_use_global_stock":"","_tribe_ticket_global_stock_level":"","_global_stock_mode":"","_global_stock_cap":"","_tribe_rsvp_for_event":"","_tribe_ticket_going_count":"","_tribe_ticket_not_going_count":"","_tribe_tickets_list":"[]","_tribe_ticket_has_attendee_info_fields":false,"h5ap_radio_sources":[],"_jetpack_newsletter_access":"","_jetpack_dont_email_post_to_subs":false,"_jetpack_newsletter_tier_id":0,"_jetpack_memberships_contains_paywalled_content":false,"_jetpack_memberships_contains_paid_content":false,"footnotes":""},"categories":[21,15],"tags":[],"class_list":["post-33215","post","type-post","status-publish","format-standard","has-post-thumbnail","hentry","category-actualidad","category-columnistas"],"jetpack_featured_media_url":"https:\/\/i0.wp.com\/lahoradelcampo.com.uy\/site\/wp-content\/uploads\/2021\/06\/carnechina.jpg?fit=880%2C440&ssl=1","jetpack_sharing_enabled":true,"jetpack_shortlink":"https:\/\/wp.me\/p99IaT-8DJ","jetpack-related-posts":[{"id":40881,"url":"https:\/\/lahoradelcampo.com.uy\/site\/usda-modero-en-100-mil-toneladas-las-importaciones-de-carne-vacuna-en-china\/","url_meta":{"origin":33215,"position":0},"title":"USDA moder\u00f3 en 100 mil toneladas las importaciones de carne vacuna en China","author":"La Hora del Campo","date":"19 abril, 2022","format":false,"excerpt":"El Departamento de Agricultura de los Estados Unidos moder\u00f3 en 100 mil toneladas las importaciones de carne vacuna proyectadas para 2022, fij\u00e1ndola en 3,15 millones de toneladas equivalente carcasa, unas 126 mil toneladas m\u00e1s que el a\u00f1o pasado. Los principales factores que impulsan este recorte podr\u00edan atribuirse a la pol\u00edtica\u2026","rel":"","context":"En \u00abActualidad\u00bb","block_context":{"text":"Actualidad","link":"https:\/\/lahoradelcampo.com.uy\/site\/category\/actualidad\/"},"img":{"alt_text":"","src":"https:\/\/i0.wp.com\/lahoradelcampo.com.uy\/site\/wp-content\/uploads\/2021\/06\/carnechina.jpg?fit=880%2C440&ssl=1&resize=350%2C200","width":350,"height":200,"srcset":"https:\/\/i0.wp.com\/lahoradelcampo.com.uy\/site\/wp-content\/uploads\/2021\/06\/carnechina.jpg?fit=880%2C440&ssl=1&resize=350%2C200 1x, https:\/\/i0.wp.com\/lahoradelcampo.com.uy\/site\/wp-content\/uploads\/2021\/06\/carnechina.jpg?fit=880%2C440&ssl=1&resize=525%2C300 1.5x, https:\/\/i0.wp.com\/lahoradelcampo.com.uy\/site\/wp-content\/uploads\/2021\/06\/carnechina.jpg?fit=880%2C440&ssl=1&resize=700%2C400 2x"},"classes":[]},{"id":35799,"url":"https:\/\/lahoradelcampo.com.uy\/site\/importaciones-de-carne-de-china-caen-un-17\/","url_meta":{"origin":33215,"position":1},"title":"Importaciones de carne de China caen un 17%","author":"La Hora del Campo","date":"22 octubre, 2021","format":false,"excerpt":"Seg\u00fan revelan los datos de la Administraci\u00f3n General de Aduanas, China import\u00f3 el \u00faltimo mes unas 694.000 toneladas de carne, un 17% menos que en el mismo mes del a\u00f1o anterior, la cifra m\u00e1s baja desde febrero de 2020. Los env\u00edos en los primeros nueve meses del a\u00f1o fueron de\u2026","rel":"","context":"En \u00abActualidad\u00bb","block_context":{"text":"Actualidad","link":"https:\/\/lahoradelcampo.com.uy\/site\/category\/actualidad\/"},"img":{"alt_text":"","src":"https:\/\/i0.wp.com\/lahoradelcampo.com.uy\/site\/wp-content\/uploads\/2021\/06\/carnechina.jpg?fit=880%2C440&ssl=1&resize=350%2C200","width":350,"height":200,"srcset":"https:\/\/i0.wp.com\/lahoradelcampo.com.uy\/site\/wp-content\/uploads\/2021\/06\/carnechina.jpg?fit=880%2C440&ssl=1&resize=350%2C200 1x, https:\/\/i0.wp.com\/lahoradelcampo.com.uy\/site\/wp-content\/uploads\/2021\/06\/carnechina.jpg?fit=880%2C440&ssl=1&resize=525%2C300 1.5x, https:\/\/i0.wp.com\/lahoradelcampo.com.uy\/site\/wp-content\/uploads\/2021\/06\/carnechina.jpg?fit=880%2C440&ssl=1&resize=700%2C400 2x"},"classes":[]},{"id":43989,"url":"https:\/\/lahoradelcampo.com.uy\/site\/producir-carne-en-un-mundo-de-oportunidades\/","url_meta":{"origin":33215,"position":2},"title":"Producir carne en un mundo de oportunidades","author":"La Hora del Campo","date":"21 julio, 2022","format":false,"excerpt":"En la jornada de hoy se realiza por parte del Instituto Plan Agropecuario (IPA) y del Instituto Nacional de Carnes (INAC), un encuentro virtual denominado \"Producir carne en un mundo de oportunidades\", en el mismo se expondr\u00e1 sobre los fundamentos y la din\u00e1mica de los mercados y del stock ganadero\u2026","rel":"","context":"En \u00abActualidad\u00bb","block_context":{"text":"Actualidad","link":"https:\/\/lahoradelcampo.com.uy\/site\/category\/actualidad\/"},"img":{"alt_text":"","src":"https:\/\/i0.wp.com\/lahoradelcampo.com.uy\/site\/wp-content\/uploads\/2019\/04\/Carne-vacuna.jpg?fit=880%2C440&ssl=1&resize=350%2C200","width":350,"height":200,"srcset":"https:\/\/i0.wp.com\/lahoradelcampo.com.uy\/site\/wp-content\/uploads\/2019\/04\/Carne-vacuna.jpg?fit=880%2C440&ssl=1&resize=350%2C200 1x, https:\/\/i0.wp.com\/lahoradelcampo.com.uy\/site\/wp-content\/uploads\/2019\/04\/Carne-vacuna.jpg?fit=880%2C440&ssl=1&resize=525%2C300 1.5x, https:\/\/i0.wp.com\/lahoradelcampo.com.uy\/site\/wp-content\/uploads\/2019\/04\/Carne-vacuna.jpg?fit=880%2C440&ssl=1&resize=700%2C400 2x"},"classes":[]},{"id":22240,"url":"https:\/\/lahoradelcampo.com.uy\/site\/uruguay-es-el-cuarto-proveedor-mundial-de-carne-vacuna-a-china\/","url_meta":{"origin":33215,"position":3},"title":"Uruguay es el cuarto proveedor mundial de carne vacuna a China","author":"La Hora del Campo","date":"30 julio, 2020","format":false,"excerpt":"Las importaciones de carne vacuna en China suman 5.199 millones de d\u00f3lares en el primer trimestre del a\u00f1o 2020, registrando un incremento del 60% respecto a igual per\u00edodo del a\u00f1o pasado. De acuerdo a los datos publicados por el Ing. Agr. Lautaro P\u00e9rez, Gerente de Marketing del Instituto Nacional de\u2026","rel":"","context":"En \u00abActualidad\u00bb","block_context":{"text":"Actualidad","link":"https:\/\/lahoradelcampo.com.uy\/site\/category\/actualidad\/"},"img":{"alt_text":"","src":"https:\/\/i0.wp.com\/lahoradelcampo.com.uy\/site\/wp-content\/uploads\/2020\/07\/carnechinas.jpg?fit=880%2C440&ssl=1&resize=350%2C200","width":350,"height":200,"srcset":"https:\/\/i0.wp.com\/lahoradelcampo.com.uy\/site\/wp-content\/uploads\/2020\/07\/carnechinas.jpg?fit=880%2C440&ssl=1&resize=350%2C200 1x, https:\/\/i0.wp.com\/lahoradelcampo.com.uy\/site\/wp-content\/uploads\/2020\/07\/carnechinas.jpg?fit=880%2C440&ssl=1&resize=525%2C300 1.5x, https:\/\/i0.wp.com\/lahoradelcampo.com.uy\/site\/wp-content\/uploads\/2020\/07\/carnechinas.jpg?fit=880%2C440&ssl=1&resize=700%2C400 2x"},"classes":[]},{"id":32708,"url":"https:\/\/lahoradelcampo.com.uy\/site\/volvio-a-descender-la-importacion-de-carne-vacuna\/","url_meta":{"origin":33215,"position":4},"title":"Volvi\u00f3 a descender la importaci\u00f3n de carne vacuna","author":"La Hora del Campo","date":"4 agosto, 2021","format":false,"excerpt":"Uruguay import\u00f3 1.671 toneladas peso embarque de carne vacuna en julio, el menor volumen mensual desde marzo de 2019, 28 meses atr\u00e1s. Seg\u00fan datos de Aduanas, ese total se conform\u00f3 con 1.417 toneladas enfriadas (que fue en el segmento en el que se produjo el dr\u00e1stico descenso mensual, de 1.183\u2026","rel":"","context":"En \u00abActualidad\u00bb","block_context":{"text":"Actualidad","link":"https:\/\/lahoradelcampo.com.uy\/site\/category\/actualidad\/"},"img":{"alt_text":"","src":"https:\/\/i0.wp.com\/lahoradelcampo.com.uy\/site\/wp-content\/uploads\/2021\/07\/carneparaguay.jpg?fit=880%2C440&ssl=1&resize=350%2C200","width":350,"height":200,"srcset":"https:\/\/i0.wp.com\/lahoradelcampo.com.uy\/site\/wp-content\/uploads\/2021\/07\/carneparaguay.jpg?fit=880%2C440&ssl=1&resize=350%2C200 1x, https:\/\/i0.wp.com\/lahoradelcampo.com.uy\/site\/wp-content\/uploads\/2021\/07\/carneparaguay.jpg?fit=880%2C440&ssl=1&resize=525%2C300 1.5x, https:\/\/i0.wp.com\/lahoradelcampo.com.uy\/site\/wp-content\/uploads\/2021\/07\/carneparaguay.jpg?fit=880%2C440&ssl=1&resize=700%2C400 2x"},"classes":[]},{"id":35171,"url":"https:\/\/lahoradelcampo.com.uy\/site\/importaciones-de-carne-crecieron-en-setiembre\/","url_meta":{"origin":33215,"position":5},"title":"Importaciones de carne crecieron en  setiembre","author":"La Hora del Campo","date":"7 octubre, 2021","format":false,"excerpt":"Uruguay import\u00f3 1.978 toneladas de carne vacuna enfriada en setiembre y 219 toneladas de congelado, con un aumento de 13% respecto al mes anterior. Para el corriente, dada la amplia brecha de precios que se abri\u00f3 entre la hacienda en Uruguay y en Brasil, los vol\u00famenes volver\u00e1n a crecer, de\u2026","rel":"","context":"En \u00abActualidad\u00bb","block_context":{"text":"Actualidad","link":"https:\/\/lahoradelcampo.com.uy\/site\/category\/actualidad\/"},"img":{"alt_text":"","src":"https:\/\/i0.wp.com\/lahoradelcampo.com.uy\/site\/wp-content\/uploads\/2018\/05\/Carnes.jpg?fit=880%2C440&ssl=1&resize=350%2C200","width":350,"height":200,"srcset":"https:\/\/i0.wp.com\/lahoradelcampo.com.uy\/site\/wp-content\/uploads\/2018\/05\/Carnes.jpg?fit=880%2C440&ssl=1&resize=350%2C200 1x, https:\/\/i0.wp.com\/lahoradelcampo.com.uy\/site\/wp-content\/uploads\/2018\/05\/Carnes.jpg?fit=880%2C440&ssl=1&resize=525%2C300 1.5x, https:\/\/i0.wp.com\/lahoradelcampo.com.uy\/site\/wp-content\/uploads\/2018\/05\/Carnes.jpg?fit=880%2C440&ssl=1&resize=700%2C400 2x"},"classes":[]}],"jetpack_likes_enabled":true,"_links":{"self":[{"href":"https:\/\/lahoradelcampo.com.uy\/site\/wp-json\/wp\/v2\/posts\/33215","targetHints":{"allow":["GET"]}}],"collection":[{"href":"https:\/\/lahoradelcampo.com.uy\/site\/wp-json\/wp\/v2\/posts"}],"about":[{"href":"https:\/\/lahoradelcampo.com.uy\/site\/wp-json\/wp\/v2\/types\/post"}],"author":[{"embeddable":true,"href":"https:\/\/lahoradelcampo.com.uy\/site\/wp-json\/wp\/v2\/users\/5"}],"replies":[{"embeddable":true,"href":"https:\/\/lahoradelcampo.com.uy\/site\/wp-json\/wp\/v2\/comments?post=33215"}],"version-history":[{"count":1,"href":"https:\/\/lahoradelcampo.com.uy\/site\/wp-json\/wp\/v2\/posts\/33215\/revisions"}],"predecessor-version":[{"id":33217,"href":"https:\/\/lahoradelcampo.com.uy\/site\/wp-json\/wp\/v2\/posts\/33215\/revisions\/33217"}],"wp:featuredmedia":[{"embeddable":true,"href":"https:\/\/lahoradelcampo.com.uy\/site\/wp-json\/wp\/v2\/media\/31156"}],"wp:attachment":[{"href":"https:\/\/lahoradelcampo.com.uy\/site\/wp-json\/wp\/v2\/media?parent=33215"}],"wp:term":[{"taxonomy":"category","embeddable":true,"href":"https:\/\/lahoradelcampo.com.uy\/site\/wp-json\/wp\/v2\/categories?post=33215"},{"taxonomy":"post_tag","embeddable":true,"href":"https:\/\/lahoradelcampo.com.uy\/site\/wp-json\/wp\/v2\/tags?post=33215"}],"curies":[{"name":"wp","href":"https:\/\/api.w.org\/{rel}","templated":true}]}}