{"id":33128,"date":"2021-08-16T11:02:35","date_gmt":"2021-08-16T14:02:35","guid":{"rendered":"http:\/\/lahoradelcampo.com.uy\/site\/?p=33128"},"modified":"2021-08-16T11:02:43","modified_gmt":"2021-08-16T14:02:43","slug":"mejoran-los-precios-pero-cayo-la-utilizacion-del-hilton","status":"publish","type":"post","link":"https:\/\/lahoradelcampo.com.uy\/site\/mejoran-los-precios-pero-cayo-la-utilizacion-del-hilton\/","title":{"rendered":"Mejoran los precios, pero cay\u00f3 la utilizaci\u00f3n del Hilton"},"content":{"rendered":"\n<figure class=\"wp-block-image\"><img data-recalc-dims=\"1\" loading=\"lazy\" decoding=\"async\" width=\"810\" height=\"405\" data-attachment-id=\"12761\" data-permalink=\"https:\/\/lahoradelcampo.com.uy\/site\/se-detectaron-3-casos-de-brucelosis-en-humanos-transmitida-por-los-suinos\/carne-hilton\/\" data-orig-file=\"https:\/\/i0.wp.com\/lahoradelcampo.com.uy\/site\/wp-content\/uploads\/2019\/07\/carne-hilton.jpg?fit=880%2C440&amp;ssl=1\" data-orig-size=\"880,440\" data-comments-opened=\"1\" data-image-meta=\"{&quot;aperture&quot;:&quot;0&quot;,&quot;credit&quot;:&quot;&quot;,&quot;camera&quot;:&quot;&quot;,&quot;caption&quot;:&quot;&quot;,&quot;created_timestamp&quot;:&quot;0&quot;,&quot;copyright&quot;:&quot;&quot;,&quot;focal_length&quot;:&quot;0&quot;,&quot;iso&quot;:&quot;0&quot;,&quot;shutter_speed&quot;:&quot;0&quot;,&quot;title&quot;:&quot;&quot;,&quot;orientation&quot;:&quot;1&quot;}\" data-image-title=\"carne hilton\" data-image-description=\"\" data-image-caption=\"\" data-large-file=\"https:\/\/i0.wp.com\/lahoradelcampo.com.uy\/site\/wp-content\/uploads\/2019\/07\/carne-hilton.jpg?fit=810%2C405&amp;ssl=1\" src=\"https:\/\/i0.wp.com\/lahoradelcampo.com.uy\/site\/wp-content\/uploads\/2019\/07\/carne-hilton.jpg?resize=810%2C405\" alt=\"\" class=\"wp-image-12761\" srcset=\"https:\/\/i0.wp.com\/lahoradelcampo.com.uy\/site\/wp-content\/uploads\/2019\/07\/carne-hilton.jpg?w=880&amp;ssl=1 880w, https:\/\/i0.wp.com\/lahoradelcampo.com.uy\/site\/wp-content\/uploads\/2019\/07\/carne-hilton.jpg?resize=300%2C150&amp;ssl=1 300w, https:\/\/i0.wp.com\/lahoradelcampo.com.uy\/site\/wp-content\/uploads\/2019\/07\/carne-hilton.jpg?resize=768%2C384&amp;ssl=1 768w, https:\/\/i0.wp.com\/lahoradelcampo.com.uy\/site\/wp-content\/uploads\/2019\/07\/carne-hilton.jpg?resize=820%2C410&amp;ssl=1 820w\" sizes=\"auto, (max-width: 810px) 100vw, 810px\" \/><\/figure>\n\n\n\n<p>Uruguay posee un cupo dentro de la cuota Hilton a la Uni\u00f3n Europea (UE27) de 5.606 toneladas por a\u00f1o agr\u00edcola-ganadero, es decir desde julio de 2021 a junio de 2022 en este caso.<\/p>\n\n\n\n<p>Seg\u00fan los datos a lo que accedi\u00f3 La Hora del Campo, los valores del Hilton superan los 12.000 d\u00f3lares este a\u00f1o y se ubican un 28% sobre las referencias que ten\u00eda esta cuota en 2020. <\/p>\n\n\n\n<p>En lo que va del actual per\u00edodo, Uruguay ha exportado 933 toneladas hacia este cupo, lo que representa el 16% del total. El a\u00f1o pasado, con menores valores, nuestro pa\u00eds hab\u00eda utilizado un 37% m\u00e1s de la cuota. <\/p>\n\n\n\n<p>Cuota 481<\/p>\n\n\n\n<p>En el caso de la cuota 481 se han exportado m\u00e1s de 1.400 toneladas, 2,6 veces m\u00e1s que en igual per\u00edodo de 2020. Para este contingente arancelario los valores superan los 9.000 d\u00f3lares por tonelada, referencias muy similares a las del a\u00f1o pasado. <\/p>\n\n\n\n<p><strong>Salto, 16 de agosto de 2021<\/strong><\/p>\n","protected":false},"excerpt":{"rendered":"<p>Uruguay posee un cupo dentro de la cuota Hilton a la Uni\u00f3n Europea (UE27) de 5.606 toneladas por a\u00f1o agr\u00edcola-ganadero, es decir desde julio de 2021 a junio de 2022 [&hellip;]<\/p>\n","protected":false},"author":5,"featured_media":12761,"comment_status":"open","ping_status":"open","sticky":false,"template":"","format":"standard","meta":{"_price":"","_stock":"","_tribe_ticket_header":"","_tribe_default_ticket_provider":"","_tribe_ticket_capacity":"0","_ticket_start_date":"","_ticket_end_date":"","_tribe_ticket_show_description":"","_tribe_ticket_show_not_going":false,"_tribe_ticket_use_global_stock":"","_tribe_ticket_global_stock_level":"","_global_stock_mode":"","_global_stock_cap":"","_tribe_rsvp_for_event":"","_tribe_ticket_going_count":"","_tribe_ticket_not_going_count":"","_tribe_tickets_list":"[]","_tribe_ticket_has_attendee_info_fields":false,"h5ap_radio_sources":[],"_jetpack_newsletter_access":"","_jetpack_dont_email_post_to_subs":false,"_jetpack_newsletter_tier_id":0,"_jetpack_memberships_contains_paywalled_content":false,"_jetpack_memberships_contains_paid_content":false,"footnotes":""},"categories":[21,5],"tags":[],"class_list":["post-33128","post","type-post","status-publish","format-standard","has-post-thumbnail","hentry","category-actualidad","category-ganaderia"],"jetpack_featured_media_url":"https:\/\/i0.wp.com\/lahoradelcampo.com.uy\/site\/wp-content\/uploads\/2019\/07\/carne-hilton.jpg?fit=880%2C440&ssl=1","jetpack_sharing_enabled":true,"jetpack_shortlink":"https:\/\/wp.me\/p99IaT-8Ck","jetpack-related-posts":[{"id":34419,"url":"https:\/\/lahoradelcampo.com.uy\/site\/uruguay-lleva-utilizado-el-24-del-cupo-hilton\/","url_meta":{"origin":33128,"position":0},"title":"Uruguay lleva utilizado el 24% del cupo Hilton","author":"La Hora del Campo","date":"20 septiembre, 2021","format":false,"excerpt":"Uruguay lleva utilizado el 24% de su cupo Hilton hacia la Uni\u00f3n Europea en este per\u00edodo julio de 2021 a junio de 2022, que recordemos est\u00e1 posicionado en 5.606 toneladas luego del Brexit. El valor recibido, en promedio, se posiciona en el eje de los US$ 12.000 por tonelada, lo\u2026","rel":"","context":"En \u00abActualidad\u00bb","block_context":{"text":"Actualidad","link":"https:\/\/lahoradelcampo.com.uy\/site\/category\/actualidad\/"},"img":{"alt_text":"","src":"https:\/\/i0.wp.com\/lahoradelcampo.com.uy\/site\/wp-content\/uploads\/2021\/02\/carne-bpu.jpg?fit=880%2C440&ssl=1&resize=350%2C200","width":350,"height":200,"srcset":"https:\/\/i0.wp.com\/lahoradelcampo.com.uy\/site\/wp-content\/uploads\/2021\/02\/carne-bpu.jpg?fit=880%2C440&ssl=1&resize=350%2C200 1x, https:\/\/i0.wp.com\/lahoradelcampo.com.uy\/site\/wp-content\/uploads\/2021\/02\/carne-bpu.jpg?fit=880%2C440&ssl=1&resize=525%2C300 1.5x, https:\/\/i0.wp.com\/lahoradelcampo.com.uy\/site\/wp-content\/uploads\/2021\/02\/carne-bpu.jpg?fit=880%2C440&ssl=1&resize=700%2C400 2x"},"classes":[]},{"id":28134,"url":"https:\/\/lahoradelcampo.com.uy\/site\/uruguay-ya-ocupo-el-70-de-la-cuota-hilton\/","url_meta":{"origin":33128,"position":1},"title":"Uruguay ya ocup\u00f3 el 70% de la Cuota Hilton","author":"La Hora del Campo","date":"2 marzo, 2021","format":false,"excerpt":"La Cuota Hilton que se extiende desde julio de 2020 a junio de 2021, lleva embarcado cerca del 70% de las 6.376 toneladas habilitadas. Esto significa un aumento del 25%, aproximadamente, respecto al volumen exportado en igual per\u00edodo anterior. El valor promedio de la tonelada, se posiciona en los US$\u2026","rel":"","context":"En \u00abActualidad\u00bb","block_context":{"text":"Actualidad","link":"https:\/\/lahoradelcampo.com.uy\/site\/category\/actualidad\/"},"img":{"alt_text":"","src":"https:\/\/i0.wp.com\/lahoradelcampo.com.uy\/site\/wp-content\/uploads\/2019\/04\/Carne-vacuna.jpg?fit=880%2C440&ssl=1&resize=350%2C200","width":350,"height":200,"srcset":"https:\/\/i0.wp.com\/lahoradelcampo.com.uy\/site\/wp-content\/uploads\/2019\/04\/Carne-vacuna.jpg?fit=880%2C440&ssl=1&resize=350%2C200 1x, https:\/\/i0.wp.com\/lahoradelcampo.com.uy\/site\/wp-content\/uploads\/2019\/04\/Carne-vacuna.jpg?fit=880%2C440&ssl=1&resize=525%2C300 1.5x, https:\/\/i0.wp.com\/lahoradelcampo.com.uy\/site\/wp-content\/uploads\/2019\/04\/Carne-vacuna.jpg?fit=880%2C440&ssl=1&resize=700%2C400 2x"},"classes":[]},{"id":32368,"url":"https:\/\/lahoradelcampo.com.uy\/site\/faena-de-corrales-crecio-16-000-cabezas-en-2021\/","url_meta":{"origin":33128,"position":2},"title":"Faena de corrales creci\u00f3 16.000 cabezas en 2021","author":"La Hora del Campo","date":"26 julio, 2021","format":false,"excerpt":"Seg\u00fan datos de INAC al 17 de julio de 2021, se llevan faenados 160.000 cabezas de vacunos procedentes de los corrales de encierre. Este volumen significa un incremento de 16.000 cabezas sobre igual per\u00edodo de 2020 y 27.000 por encima de 2019. Del total de 160.000 cabezas, los datos indican\u2026","rel":"","context":"En \u00abActualidad\u00bb","block_context":{"text":"Actualidad","link":"https:\/\/lahoradelcampo.com.uy\/site\/category\/actualidad\/"},"img":{"alt_text":"","src":"https:\/\/i0.wp.com\/lahoradelcampo.com.uy\/site\/wp-content\/uploads\/2019\/04\/Corrales.jpg?fit=880%2C440&ssl=1&resize=350%2C200","width":350,"height":200,"srcset":"https:\/\/i0.wp.com\/lahoradelcampo.com.uy\/site\/wp-content\/uploads\/2019\/04\/Corrales.jpg?fit=880%2C440&ssl=1&resize=350%2C200 1x, https:\/\/i0.wp.com\/lahoradelcampo.com.uy\/site\/wp-content\/uploads\/2019\/04\/Corrales.jpg?fit=880%2C440&ssl=1&resize=525%2C300 1.5x, https:\/\/i0.wp.com\/lahoradelcampo.com.uy\/site\/wp-content\/uploads\/2019\/04\/Corrales.jpg?fit=880%2C440&ssl=1&resize=700%2C400 2x"},"classes":[]},{"id":45041,"url":"https:\/\/lahoradelcampo.com.uy\/site\/el-32-de-las-exportaciones-de-carne-a-europa-son-a-traves-de-la-cuota-481\/","url_meta":{"origin":33128,"position":3},"title":"El 32% de las exportaciones de carne a Europa son a trav\u00e9s de la Cuota 481","author":"La Hora del Campo","date":"29 agosto, 2022","format":false,"excerpt":"Las exportaciones de carne vacuna a la Uni\u00f3n Europea, se realizan a trav\u00e9s de tres cuotas con beneficios arancelarios y tambi\u00e9n haciendo frente al arancel total del mercado. Estos cupos son la Cuota Hilton que es el 17% de las exportaciones, la Cuota 481 que suma el 32% y la\u2026","rel":"","context":"En \u00abActualidad\u00bb","block_context":{"text":"Actualidad","link":"https:\/\/lahoradelcampo.com.uy\/site\/category\/actualidad\/"},"img":{"alt_text":"","src":"https:\/\/i0.wp.com\/lahoradelcampo.com.uy\/site\/wp-content\/uploads\/2019\/04\/Carne-vacuna.jpg?fit=880%2C440&ssl=1&resize=350%2C200","width":350,"height":200,"srcset":"https:\/\/i0.wp.com\/lahoradelcampo.com.uy\/site\/wp-content\/uploads\/2019\/04\/Carne-vacuna.jpg?fit=880%2C440&ssl=1&resize=350%2C200 1x, https:\/\/i0.wp.com\/lahoradelcampo.com.uy\/site\/wp-content\/uploads\/2019\/04\/Carne-vacuna.jpg?fit=880%2C440&ssl=1&resize=525%2C300 1.5x, https:\/\/i0.wp.com\/lahoradelcampo.com.uy\/site\/wp-content\/uploads\/2019\/04\/Carne-vacuna.jpg?fit=880%2C440&ssl=1&resize=700%2C400 2x"},"classes":[]},{"id":54458,"url":"https:\/\/lahoradelcampo.com.uy\/site\/precio-de-la-carne-vacuna-uruguaya-mejora-en-los-principales-cupos-acceso\/","url_meta":{"origin":33128,"position":4},"title":"Precio de la carne vacuna uruguaya mejora en los principales cupos acceso","author":"La Hora del Campo","date":"8 septiembre, 2024","format":false,"excerpt":"El valor promedio de la tonelada de carne vacuna exportada por Uruguay se ubic\u00f3 en el acumulado del a\u00f1o, hasta el pasado 31 de agosto, en US$ 4.104 peso canal, lo que implica un descenso del 5,2% respecto a igual per\u00edodo de 2023, seg\u00fan los datos del Instituto Nacional de\u2026","rel":"","context":"En \u00abActualidad\u00bb","block_context":{"text":"Actualidad","link":"https:\/\/lahoradelcampo.com.uy\/site\/category\/actualidad\/"},"img":{"alt_text":"","src":"https:\/\/i0.wp.com\/lahoradelcampo.com.uy\/site\/wp-content\/uploads\/2024\/09\/Carne-uruguay-solis.jpg?fit=880%2C440&ssl=1&resize=350%2C200","width":350,"height":200,"srcset":"https:\/\/i0.wp.com\/lahoradelcampo.com.uy\/site\/wp-content\/uploads\/2024\/09\/Carne-uruguay-solis.jpg?fit=880%2C440&ssl=1&resize=350%2C200 1x, https:\/\/i0.wp.com\/lahoradelcampo.com.uy\/site\/wp-content\/uploads\/2024\/09\/Carne-uruguay-solis.jpg?fit=880%2C440&ssl=1&resize=525%2C300 1.5x, https:\/\/i0.wp.com\/lahoradelcampo.com.uy\/site\/wp-content\/uploads\/2024\/09\/Carne-uruguay-solis.jpg?fit=880%2C440&ssl=1&resize=700%2C400 2x"},"classes":[]},{"id":23986,"url":"https:\/\/lahoradelcampo.com.uy\/site\/uruguay-esta-a-pocas-semanas-de-completar-el-cupo-en-estados-unidos\/","url_meta":{"origin":33128,"position":5},"title":"Uruguay est\u00e1 a pocas semanas de completar el cupo en Estados Unidos","author":"La Hora del Campo","date":"23 septiembre, 2020","format":false,"excerpt":"Las exportaciones de carne vacuna de nuestro pa\u00eds alcanzan las 264.520 toneladas peso canal en lo que va del a\u00f1o 2020, cayendo un 17,5% respecto a igual per\u00edodo del a\u00f1o pasado debido principalmente a las fluctuaciones que ha registrado China y las bajas de las compras por parte de la\u2026","rel":"","context":"En \u00abActualidad\u00bb","block_context":{"text":"Actualidad","link":"https:\/\/lahoradelcampo.com.uy\/site\/category\/actualidad\/"},"img":{"alt_text":"","src":"https:\/\/i0.wp.com\/lahoradelcampo.com.uy\/site\/wp-content\/uploads\/2020\/06\/Carnefaoweb.jpg?fit=880%2C440&ssl=1&resize=350%2C200","width":350,"height":200,"srcset":"https:\/\/i0.wp.com\/lahoradelcampo.com.uy\/site\/wp-content\/uploads\/2020\/06\/Carnefaoweb.jpg?fit=880%2C440&ssl=1&resize=350%2C200 1x, https:\/\/i0.wp.com\/lahoradelcampo.com.uy\/site\/wp-content\/uploads\/2020\/06\/Carnefaoweb.jpg?fit=880%2C440&ssl=1&resize=525%2C300 1.5x, https:\/\/i0.wp.com\/lahoradelcampo.com.uy\/site\/wp-content\/uploads\/2020\/06\/Carnefaoweb.jpg?fit=880%2C440&ssl=1&resize=700%2C400 2x"},"classes":[]}],"jetpack_likes_enabled":true,"_links":{"self":[{"href":"https:\/\/lahoradelcampo.com.uy\/site\/wp-json\/wp\/v2\/posts\/33128","targetHints":{"allow":["GET"]}}],"collection":[{"href":"https:\/\/lahoradelcampo.com.uy\/site\/wp-json\/wp\/v2\/posts"}],"about":[{"href":"https:\/\/lahoradelcampo.com.uy\/site\/wp-json\/wp\/v2\/types\/post"}],"author":[{"embeddable":true,"href":"https:\/\/lahoradelcampo.com.uy\/site\/wp-json\/wp\/v2\/users\/5"}],"replies":[{"embeddable":true,"href":"https:\/\/lahoradelcampo.com.uy\/site\/wp-json\/wp\/v2\/comments?post=33128"}],"version-history":[{"count":1,"href":"https:\/\/lahoradelcampo.com.uy\/site\/wp-json\/wp\/v2\/posts\/33128\/revisions"}],"predecessor-version":[{"id":33130,"href":"https:\/\/lahoradelcampo.com.uy\/site\/wp-json\/wp\/v2\/posts\/33128\/revisions\/33130"}],"wp:featuredmedia":[{"embeddable":true,"href":"https:\/\/lahoradelcampo.com.uy\/site\/wp-json\/wp\/v2\/media\/12761"}],"wp:attachment":[{"href":"https:\/\/lahoradelcampo.com.uy\/site\/wp-json\/wp\/v2\/media?parent=33128"}],"wp:term":[{"taxonomy":"category","embeddable":true,"href":"https:\/\/lahoradelcampo.com.uy\/site\/wp-json\/wp\/v2\/categories?post=33128"},{"taxonomy":"post_tag","embeddable":true,"href":"https:\/\/lahoradelcampo.com.uy\/site\/wp-json\/wp\/v2\/tags?post=33128"}],"curies":[{"name":"wp","href":"https:\/\/api.w.org\/{rel}","templated":true}]}}