{"id":33102,"date":"2021-08-16T10:43:27","date_gmt":"2021-08-16T13:43:27","guid":{"rendered":"http:\/\/lahoradelcampo.com.uy\/site\/?p=33102"},"modified":"2021-08-16T10:43:32","modified_gmt":"2021-08-16T13:43:32","slug":"el-rumbo-y-paso-del-horno-ganaron-la-marcha-de-oro-en-salto","status":"publish","type":"post","link":"https:\/\/lahoradelcampo.com.uy\/site\/el-rumbo-y-paso-del-horno-ganaron-la-marcha-de-oro-en-salto\/","title":{"rendered":"El Rumbo y Paso del Horno ganaron la Marcha de Oro en Salto"},"content":{"rendered":"\n<figure class=\"wp-block-image\"><img data-recalc-dims=\"1\" loading=\"lazy\" decoding=\"async\" width=\"810\" height=\"405\" data-attachment-id=\"33104\" data-permalink=\"https:\/\/lahoradelcampo.com.uy\/site\/el-rumbo-y-paso-del-horno-ganaron-la-marcha-de-oro-en-salto\/marchacriollos\/\" data-orig-file=\"https:\/\/i0.wp.com\/lahoradelcampo.com.uy\/site\/wp-content\/uploads\/2021\/08\/Marchacriollos.jpg?fit=880%2C440&amp;ssl=1\" data-orig-size=\"880,440\" data-comments-opened=\"1\" data-image-meta=\"{&quot;aperture&quot;:&quot;0&quot;,&quot;credit&quot;:&quot;&quot;,&quot;camera&quot;:&quot;&quot;,&quot;caption&quot;:&quot;&quot;,&quot;created_timestamp&quot;:&quot;0&quot;,&quot;copyright&quot;:&quot;&quot;,&quot;focal_length&quot;:&quot;0&quot;,&quot;iso&quot;:&quot;0&quot;,&quot;shutter_speed&quot;:&quot;0&quot;,&quot;title&quot;:&quot;&quot;,&quot;orientation&quot;:&quot;1&quot;}\" data-image-title=\"Marchacriollos\" data-image-description=\"\" data-image-caption=\"\" data-large-file=\"https:\/\/i0.wp.com\/lahoradelcampo.com.uy\/site\/wp-content\/uploads\/2021\/08\/Marchacriollos.jpg?fit=810%2C405&amp;ssl=1\" src=\"https:\/\/i0.wp.com\/lahoradelcampo.com.uy\/site\/wp-content\/uploads\/2021\/08\/Marchacriollos.jpg?resize=810%2C405\" alt=\"\" class=\"wp-image-33104\" srcset=\"https:\/\/i0.wp.com\/lahoradelcampo.com.uy\/site\/wp-content\/uploads\/2021\/08\/Marchacriollos.jpg?w=880&amp;ssl=1 880w, https:\/\/i0.wp.com\/lahoradelcampo.com.uy\/site\/wp-content\/uploads\/2021\/08\/Marchacriollos.jpg?resize=300%2C150&amp;ssl=1 300w, https:\/\/i0.wp.com\/lahoradelcampo.com.uy\/site\/wp-content\/uploads\/2021\/08\/Marchacriollos.jpg?resize=768%2C384&amp;ssl=1 768w, https:\/\/i0.wp.com\/lahoradelcampo.com.uy\/site\/wp-content\/uploads\/2021\/08\/Marchacriollos.jpg?resize=820%2C410&amp;ssl=1 820w\" sizes=\"auto, (max-width: 810px) 100vw, 810px\" \/><\/figure>\n\n\n\n<p>Luego de 15 d\u00edas y tras haber recorrido 750 kil\u00f3metros, finaliz\u00f3 la Marcha de Oro de la Sociedad de Criadores de Caballos Criollos del Uruguay, en un a\u00f1o cargado de emociones y protocolo sanitario. <\/p>\n\n\n\n<p>Uno de los puntos m\u00e1s importantes que resaltaron los integrantes de la gremial de criadores, fue el compromiso y el respeto tanto de las caba\u00f1as participantes como del p\u00fablico en general que acompa\u00f1\u00f3 la marcha durante estas dos semanas, cumpliendo con las normas previstas en el protocolo sanitario.<\/p>\n\n\n\n<p>Diego De Brum, Presidente de la Sociedad de Criadores de Caballos Criollos del Uruguay, dijo que \u00abla edad promedio de los jinetes es muy baja\u00bb, teniendo en cuenta que participaron jinetes de 16 y 18 a\u00f1os, as\u00ed como tambi\u00e9n un importante porcentaje de debutantes en las marchas. <\/p>\n\n\n\n<p>Para Gonzalo Souza de Caba\u00f1a \u00abEl Rumbo\u00bb, ganador en la categor\u00eda mayores, esta ha sido una marcha muy especial, en la que el recuerdo de su padre estaba presente a cada kil\u00f3metro, a cada consejo dado y en cada participante de la marcha. <\/p>\n\n\n\n<p>El caba\u00f1ero y jinete, record\u00f3 que esta yegua (Roseta Rumbeadora) hace algunos a\u00f1os \u201ccuando quer\u00edamos agarrarla ella disparaba y pap\u00e1 me dec\u00eda alg\u00fan d\u00eda te voy a ver correr la Marcha y la vas a tener que dejar correr. Y bueno, el viernes de tarde cuando hice la diferencia me acord\u00e9, la dej\u00e9 correr. Y as\u00ed fue, nunca us\u00e9 fusta ni espuelas, s\u00f3lo hab\u00eda que sostenerla en su gran impulso\u201d, <\/p>\n\n\n\n<p>En la categor\u00eda menores gan\u00f3 la caba\u00f1a salte\u00f1a \u00abPaso del Horno\u00bb de John Moor,  con la monta de Diego Moor en Canela del Paso. La categor\u00eda tuvo una fuerte disputa hasta la \u00faltima etapa de la marcha. \u00abImpresionante, estamos muy felices, porque adem\u00e1s hay mucha gente todos los d\u00edas, mi padre, mi hermano, el herrero, la gente que la cuida, estoy muy emocionado y contento con la yegua que tenemos\u00bb, dijo el jinete.\u00a0 <\/p>\n\n\n\n<p>Categor\u00eda Mayores<\/p>\n\n\n\n<p>\u201cRoseta Rumbeadora\u201d (Iracundo La Invernada x Avispa Rumbeadora (Pendenciero La Invernada), de caba\u00f1a \u201cEl Rumbo\u201d de Gustavo Souza, con Gonzalo Souza de jinete, 65 horas, 45 minutos, 55,4 segundos.<\/p>\n\n\n\n<p>\u201cOl\u00edmpica La Invernada\u201d (Abedul LI x Azucena LI (Halc\u00f3n LI), de La Invernada de Pl\u00e1cido Martins SA, con Gabriel Far\u00edas, a 1,17 minutos.<\/p>\n\n\n\n<p>\u201cMilagrosa La Pitanga\u201d (Fogonero del Paso x Plegaria del Paso (Mosquetero La Invernada\u201d, de caba\u00f1a \u201cLa Pitanga\u201d de Federico Hermman, con \u00e9l mismo como jinete, a 15,54 minutos.<\/p>\n\n\n\n<p>Categor\u00eda Menores<\/p>\n\n\n\n<p>\u201cCanela del Paso\u201d (Bamb\u00fa del Paso x\nRegalada (Mosquetero La Invernada), de caba\u00f1a Paso del Horno de John Moor, con\nDiego Moor de jinete, que lleva un tiempo de 66 horas, 27 minutos, 30 segundos.<\/p>\n\n\n\n<p>\u201cCalabaza Caraguat\u00e1\u201d (Chango\nCaraguat\u00e1 x Viguela Caraguat\u00e1 (Mazangano Lagrim\u00f3n), de caba\u00f1a San Francisco de\nFelipe Dutra Da Silveira con \u00e9l mismo de jinete a 1,52 segundos.<\/p>\n\n\n\n<p>\u201cLaucha La Invernada\u201d (Malito La Invernada x Sirena La Invernada (Abedul La Invernada), de caba\u00f1a \u201cLa Invernada\u201d de Pl\u00e1cido Martins SA, con Sandro Alvez como jinete, a 5,46 minutos.<\/p>\n\n\n\n<p>Salto, 16 de agosto de 2021<\/p>\n","protected":false},"excerpt":{"rendered":"<p>Luego de 15 d\u00edas y tras haber recorrido 750 kil\u00f3metros, finaliz\u00f3 la Marcha de Oro de la Sociedad de Criadores de Caballos Criollos del Uruguay, en un a\u00f1o cargado de [&hellip;]<\/p>\n","protected":false},"author":5,"featured_media":33104,"comment_status":"open","ping_status":"open","sticky":false,"template":"","format":"standard","meta":{"_price":"","_stock":"","_tribe_ticket_header":"","_tribe_default_ticket_provider":"","_tribe_ticket_capacity":"0","_ticket_start_date":"","_ticket_end_date":"","_tribe_ticket_show_description":"","_tribe_ticket_show_not_going":false,"_tribe_ticket_use_global_stock":"","_tribe_ticket_global_stock_level":"","_global_stock_mode":"","_global_stock_cap":"","_tribe_rsvp_for_event":"","_tribe_ticket_going_count":"","_tribe_ticket_not_going_count":"","_tribe_tickets_list":"[]","_tribe_ticket_has_attendee_info_fields":false,"h5ap_radio_sources":[],"_jetpack_newsletter_access":"","_jetpack_dont_email_post_to_subs":false,"_jetpack_newsletter_tier_id":0,"_jetpack_memberships_contains_paywalled_content":false,"_jetpack_memberships_contains_paid_content":false,"footnotes":""},"categories":[21,23],"tags":[],"class_list":["post-33102","post","type-post","status-publish","format-standard","has-post-thumbnail","hentry","category-actualidad","category-equinos"],"jetpack_featured_media_url":"https:\/\/i0.wp.com\/lahoradelcampo.com.uy\/site\/wp-content\/uploads\/2021\/08\/Marchacriollos.jpg?fit=880%2C440&ssl=1","jetpack_sharing_enabled":true,"jetpack_shortlink":"https:\/\/wp.me\/p99IaT-8BU","jetpack-related-posts":[{"id":18378,"url":"https:\/\/lahoradelcampo.com.uy\/site\/la-50-marcha-de-caballos-criollos-del-uruguay-se-suspende-para-2021\/","url_meta":{"origin":33102,"position":0},"title":"La 50 Marcha de Caballos Criollos del Uruguay se suspende para 2021","author":"La Hora del Campo","date":"26 marzo, 2020","format":false,"excerpt":"La Sociedad de Criadores de Caballos Criollos del Uruguay ha decidido suspender la edici\u00f3n 50 de la Marcha Funcional de Caballos Criollos, prevista para el mes de junio en Salto, de acuerdo al comunicado emitido por la gremial, donde adem\u00e1s se suma la suspensi\u00f3n de la exposici\u00f3n de oto\u00f1o. La\u2026","rel":"","context":"En \u00abActualidad\u00bb","block_context":{"text":"Actualidad","link":"https:\/\/lahoradelcampo.com.uy\/site\/category\/actualidad\/"},"img":{"alt_text":"","src":"https:\/\/i0.wp.com\/lahoradelcampo.com.uy\/site\/wp-content\/uploads\/2017\/10\/Criollos-marcheros.jpg?fit=880%2C440&ssl=1&resize=350%2C200","width":350,"height":200,"srcset":"https:\/\/i0.wp.com\/lahoradelcampo.com.uy\/site\/wp-content\/uploads\/2017\/10\/Criollos-marcheros.jpg?fit=880%2C440&ssl=1&resize=350%2C200 1x, https:\/\/i0.wp.com\/lahoradelcampo.com.uy\/site\/wp-content\/uploads\/2017\/10\/Criollos-marcheros.jpg?fit=880%2C440&ssl=1&resize=525%2C300 1.5x, https:\/\/i0.wp.com\/lahoradelcampo.com.uy\/site\/wp-content\/uploads\/2017\/10\/Criollos-marcheros.jpg?fit=880%2C440&ssl=1&resize=700%2C400 2x"},"classes":[]},{"id":22006,"url":"https:\/\/lahoradelcampo.com.uy\/site\/criollistas-reactivan-sus-actividades-con-el-freno-de-oro\/","url_meta":{"origin":33102,"position":1},"title":"El 31 de julio comienza la Credenciadora del Freno de Oro","author":"La Hora del Campo","date":"21 julio, 2020","format":false,"excerpt":"La pasada semana anunciamos el retorno a la actividad de la Sociedad de Criadores de Caballos Criollos del Uruguay, con la realizaci\u00f3n de la Clasificatoria para el Freno de Oro, que tradicionalmente se realiza en el marco de la Expo Oto\u00f1o en el Prado y que por los cuidados por\u2026","rel":"","context":"En \u00abActualidad\u00bb","block_context":{"text":"Actualidad","link":"https:\/\/lahoradelcampo.com.uy\/site\/category\/actualidad\/"},"img":{"alt_text":"","src":"https:\/\/i0.wp.com\/lahoradelcampo.com.uy\/site\/wp-content\/uploads\/2020\/07\/frenoweb.jpg?fit=880%2C440&ssl=1&resize=350%2C200","width":350,"height":200,"srcset":"https:\/\/i0.wp.com\/lahoradelcampo.com.uy\/site\/wp-content\/uploads\/2020\/07\/frenoweb.jpg?fit=880%2C440&ssl=1&resize=350%2C200 1x, https:\/\/i0.wp.com\/lahoradelcampo.com.uy\/site\/wp-content\/uploads\/2020\/07\/frenoweb.jpg?fit=880%2C440&ssl=1&resize=525%2C300 1.5x, https:\/\/i0.wp.com\/lahoradelcampo.com.uy\/site\/wp-content\/uploads\/2020\/07\/frenoweb.jpg?fit=880%2C440&ssl=1&resize=700%2C400 2x"},"classes":[]},{"id":28548,"url":"https:\/\/lahoradelcampo.com.uy\/site\/el-23-de-abril-ingresan-los-criollos-a-la-concentracion-de-la-marcha-de-oro\/","url_meta":{"origin":33102,"position":2},"title":"El 23 de abril ingresan los criollos a la concentraci\u00f3n de la \u00abMarcha de Oro\u00bb","author":"La Hora del Campo","date":"16 marzo, 2021","format":false,"excerpt":"El pr\u00f3ximo 23 de abril ingresaran a la concentraci\u00f3n los ejemplares que participaran en la \"Marcha de Oro\", organizada por la Sociedad de Criadores de Caballos Criollos del Uruguay (SCCCU). Dicha actividad estaba prevista para realizarse aqu\u00ed en Salto durante el 2020, pero debido a la situaci\u00f3n de pandemia, fue\u2026","rel":"","context":"En \u00abActualidad\u00bb","block_context":{"text":"Actualidad","link":"https:\/\/lahoradelcampo.com.uy\/site\/category\/actualidad\/"},"img":{"alt_text":"","src":"https:\/\/i0.wp.com\/lahoradelcampo.com.uy\/site\/wp-content\/uploads\/2017\/10\/Criollos-marcheros.jpg?fit=880%2C440&ssl=1&resize=350%2C200","width":350,"height":200,"srcset":"https:\/\/i0.wp.com\/lahoradelcampo.com.uy\/site\/wp-content\/uploads\/2017\/10\/Criollos-marcheros.jpg?fit=880%2C440&ssl=1&resize=350%2C200 1x, https:\/\/i0.wp.com\/lahoradelcampo.com.uy\/site\/wp-content\/uploads\/2017\/10\/Criollos-marcheros.jpg?fit=880%2C440&ssl=1&resize=525%2C300 1.5x, https:\/\/i0.wp.com\/lahoradelcampo.com.uy\/site\/wp-content\/uploads\/2017\/10\/Criollos-marcheros.jpg?fit=880%2C440&ssl=1&resize=700%2C400 2x"},"classes":[]},{"id":11441,"url":"https:\/\/lahoradelcampo.com.uy\/site\/hoy-se-disputa-la-lima-sorda-en-melo-a-22-minutos-la-legua\/","url_meta":{"origin":33102,"position":3},"title":"Hoy se disputa la \u00ablima sorda\u00bb en Melo, a 22 minutos la legua","author":"La Hora del Campo","date":"4 junio, 2019","format":false,"excerpt":"Los criollos entraron en la \u00faltima semana de la prueba - Foto Natalia Correa Se est\u00e1 desarrollando en Melo, Cerro Largo, la 49\u00b0 Marcha Funcional de Caballos Criollos \"Pablo Furest Pacheco\", prueba que ingresa en su \u00faltima semana y donde las exigencias aumentan tanto para los equinos como tambi\u00e9n para\u2026","rel":"","context":"En \u00abActualidad\u00bb","block_context":{"text":"Actualidad","link":"https:\/\/lahoradelcampo.com.uy\/site\/category\/actualidad\/"},"img":{"alt_text":"","src":"https:\/\/i0.wp.com\/lahoradelcampo.com.uy\/site\/wp-content\/uploads\/2019\/06\/criollos-cerro-largo.jpg?fit=880%2C440&ssl=1&resize=350%2C200","width":350,"height":200,"srcset":"https:\/\/i0.wp.com\/lahoradelcampo.com.uy\/site\/wp-content\/uploads\/2019\/06\/criollos-cerro-largo.jpg?fit=880%2C440&ssl=1&resize=350%2C200 1x, https:\/\/i0.wp.com\/lahoradelcampo.com.uy\/site\/wp-content\/uploads\/2019\/06\/criollos-cerro-largo.jpg?fit=880%2C440&ssl=1&resize=525%2C300 1.5x, https:\/\/i0.wp.com\/lahoradelcampo.com.uy\/site\/wp-content\/uploads\/2019\/06\/criollos-cerro-largo.jpg?fit=880%2C440&ssl=1&resize=700%2C400 2x"},"classes":[]},{"id":10041,"url":"https:\/\/lahoradelcampo.com.uy\/site\/concentracion-para-la-marcha-funcional-de-caballos-criollos-comienza-el-26-de-abril\/","url_meta":{"origin":33102,"position":4},"title":"Concentraci\u00f3n para la Marcha funcional de caballos criollos comienza el 26 de abril","author":"La Hora del Campo ADMIN","date":"22 abril, 2019","format":false,"excerpt":"El pr\u00f3ximo viernes 26 de abril comienza la concentraci\u00f3n de criollos para la 49a Marcha Funcional de Caballos Criollos del Uruguay a realizarse en Melo, Cerr\u00f3 Largo. El ingreso a la concentraci\u00f3n se realizar\u00e1 hasta el viernes a la hora 18 en la estancia Do\u00f1a Sof\u00eda en Paraje Zapallar en\u2026","rel":"","context":"En \u00abActualidad\u00bb","block_context":{"text":"Actualidad","link":"https:\/\/lahoradelcampo.com.uy\/site\/category\/actualidad\/"},"img":{"alt_text":"","src":"https:\/\/i0.wp.com\/lahoradelcampo.com.uy\/site\/wp-content\/uploads\/2019\/04\/Adobe_20190422_073033.jpg?fit=880%2C440&ssl=1&resize=350%2C200","width":350,"height":200,"srcset":"https:\/\/i0.wp.com\/lahoradelcampo.com.uy\/site\/wp-content\/uploads\/2019\/04\/Adobe_20190422_073033.jpg?fit=880%2C440&ssl=1&resize=350%2C200 1x, https:\/\/i0.wp.com\/lahoradelcampo.com.uy\/site\/wp-content\/uploads\/2019\/04\/Adobe_20190422_073033.jpg?fit=880%2C440&ssl=1&resize=525%2C300 1.5x, https:\/\/i0.wp.com\/lahoradelcampo.com.uy\/site\/wp-content\/uploads\/2019\/04\/Adobe_20190422_073033.jpg?fit=880%2C440&ssl=1&resize=700%2C400 2x"},"classes":[]},{"id":21798,"url":"https:\/\/lahoradelcampo.com.uy\/site\/criollos-vuelve-a-la-actividad-con-la-clasificatoria-del-freno-de-oro\/","url_meta":{"origin":33102,"position":5},"title":"Criollos vuelve a la actividad con la Clasificatoria del Freno de Oro","author":"La Hora del Campo","date":"14 julio, 2020","format":false,"excerpt":"La pandem\u00eda del Covid-19 lleg\u00f3 a Uruguay el pasado 13 de marzo, cuando se desarrollaba una actividad en Salto, que fue suspendida instant\u00e1neamente. Dentro de esta nueva normalidad y el retorno lentamente a las actividades, la Sociedad de Criadores de Caballos Criollos del Uruguay han definido la realizaci\u00f3n del 31\u2026","rel":"","context":"En \u00abActualidad\u00bb","block_context":{"text":"Actualidad","link":"https:\/\/lahoradelcampo.com.uy\/site\/category\/actualidad\/"},"img":{"alt_text":"","src":"https:\/\/i0.wp.com\/lahoradelcampo.com.uy\/site\/wp-content\/uploads\/2017\/10\/Criollos-aparte.jpg?fit=880%2C440&ssl=1&resize=350%2C200","width":350,"height":200,"srcset":"https:\/\/i0.wp.com\/lahoradelcampo.com.uy\/site\/wp-content\/uploads\/2017\/10\/Criollos-aparte.jpg?fit=880%2C440&ssl=1&resize=350%2C200 1x, https:\/\/i0.wp.com\/lahoradelcampo.com.uy\/site\/wp-content\/uploads\/2017\/10\/Criollos-aparte.jpg?fit=880%2C440&ssl=1&resize=525%2C300 1.5x, https:\/\/i0.wp.com\/lahoradelcampo.com.uy\/site\/wp-content\/uploads\/2017\/10\/Criollos-aparte.jpg?fit=880%2C440&ssl=1&resize=700%2C400 2x"},"classes":[]}],"jetpack_likes_enabled":true,"_links":{"self":[{"href":"https:\/\/lahoradelcampo.com.uy\/site\/wp-json\/wp\/v2\/posts\/33102","targetHints":{"allow":["GET"]}}],"collection":[{"href":"https:\/\/lahoradelcampo.com.uy\/site\/wp-json\/wp\/v2\/posts"}],"about":[{"href":"https:\/\/lahoradelcampo.com.uy\/site\/wp-json\/wp\/v2\/types\/post"}],"author":[{"embeddable":true,"href":"https:\/\/lahoradelcampo.com.uy\/site\/wp-json\/wp\/v2\/users\/5"}],"replies":[{"embeddable":true,"href":"https:\/\/lahoradelcampo.com.uy\/site\/wp-json\/wp\/v2\/comments?post=33102"}],"version-history":[{"count":1,"href":"https:\/\/lahoradelcampo.com.uy\/site\/wp-json\/wp\/v2\/posts\/33102\/revisions"}],"predecessor-version":[{"id":33106,"href":"https:\/\/lahoradelcampo.com.uy\/site\/wp-json\/wp\/v2\/posts\/33102\/revisions\/33106"}],"wp:featuredmedia":[{"embeddable":true,"href":"https:\/\/lahoradelcampo.com.uy\/site\/wp-json\/wp\/v2\/media\/33104"}],"wp:attachment":[{"href":"https:\/\/lahoradelcampo.com.uy\/site\/wp-json\/wp\/v2\/media?parent=33102"}],"wp:term":[{"taxonomy":"category","embeddable":true,"href":"https:\/\/lahoradelcampo.com.uy\/site\/wp-json\/wp\/v2\/categories?post=33102"},{"taxonomy":"post_tag","embeddable":true,"href":"https:\/\/lahoradelcampo.com.uy\/site\/wp-json\/wp\/v2\/tags?post=33102"}],"curies":[{"name":"wp","href":"https:\/\/api.w.org\/{rel}","templated":true}]}}