{"id":33096,"date":"2021-08-16T10:24:14","date_gmt":"2021-08-16T13:24:14","guid":{"rendered":"http:\/\/lahoradelcampo.com.uy\/site\/?p=33096"},"modified":"2021-08-16T10:24:19","modified_gmt":"2021-08-16T13:24:19","slug":"hay-que-generar-mas-oportunidades-para-que-los-jovenes-puedan-emprender","status":"publish","type":"post","link":"https:\/\/lahoradelcampo.com.uy\/site\/hay-que-generar-mas-oportunidades-para-que-los-jovenes-puedan-emprender\/","title":{"rendered":"Hay que \u00abgenerar m\u00e1s oportunidades para que los j\u00f3venes puedan emprender\u00bb"},"content":{"rendered":"\n<figure class=\"wp-block-image\"><img data-recalc-dims=\"1\" loading=\"lazy\" decoding=\"async\" width=\"810\" height=\"405\" data-attachment-id=\"33098\" data-permalink=\"https:\/\/lahoradelcampo.com.uy\/site\/hay-que-generar-mas-oportunidades-para-que-los-jovenes-puedan-emprender\/jovenesmgap\/\" data-orig-file=\"https:\/\/i0.wp.com\/lahoradelcampo.com.uy\/site\/wp-content\/uploads\/2021\/08\/jovenesmgap.jpg?fit=880%2C440&amp;ssl=1\" data-orig-size=\"880,440\" data-comments-opened=\"1\" data-image-meta=\"{&quot;aperture&quot;:&quot;0&quot;,&quot;credit&quot;:&quot;&quot;,&quot;camera&quot;:&quot;&quot;,&quot;caption&quot;:&quot;&quot;,&quot;created_timestamp&quot;:&quot;0&quot;,&quot;copyright&quot;:&quot;&quot;,&quot;focal_length&quot;:&quot;0&quot;,&quot;iso&quot;:&quot;0&quot;,&quot;shutter_speed&quot;:&quot;0&quot;,&quot;title&quot;:&quot;&quot;,&quot;orientation&quot;:&quot;1&quot;}\" data-image-title=\"jovenesmgap\" data-image-description=\"\" data-image-caption=\"\" data-large-file=\"https:\/\/i0.wp.com\/lahoradelcampo.com.uy\/site\/wp-content\/uploads\/2021\/08\/jovenesmgap.jpg?fit=810%2C405&amp;ssl=1\" src=\"https:\/\/i0.wp.com\/lahoradelcampo.com.uy\/site\/wp-content\/uploads\/2021\/08\/jovenesmgap.jpg?resize=810%2C405\" alt=\"\" class=\"wp-image-33098\" srcset=\"https:\/\/i0.wp.com\/lahoradelcampo.com.uy\/site\/wp-content\/uploads\/2021\/08\/jovenesmgap.jpg?w=880&amp;ssl=1 880w, https:\/\/i0.wp.com\/lahoradelcampo.com.uy\/site\/wp-content\/uploads\/2021\/08\/jovenesmgap.jpg?resize=300%2C150&amp;ssl=1 300w, https:\/\/i0.wp.com\/lahoradelcampo.com.uy\/site\/wp-content\/uploads\/2021\/08\/jovenesmgap.jpg?resize=768%2C384&amp;ssl=1 768w, https:\/\/i0.wp.com\/lahoradelcampo.com.uy\/site\/wp-content\/uploads\/2021\/08\/jovenesmgap.jpg?resize=820%2C410&amp;ssl=1 820w\" sizes=\"auto, (max-width: 810px) 100vw, 810px\" \/><\/figure>\n\n\n\n<p>Evelyne Laborda es de Soriano, de paraje Duraznito. Es Licenciada en Gesti\u00f3n Agropecuaria, hija de productores lecheros. Actualmente es la secretaria del grupo de j\u00f3venes de la Asociaci\u00f3n Nacional de Productores de Leche (ANPL). Nos cuenta sobre los desaf\u00edos que enfrentan los j\u00f3venes que eligen vivir en el campo.<br><\/p>\n\n\n\n<p>\u201cCreo que las necesidades que hoy por hoy demanda un joven rural son m\u00e1s o menos similares en todo el territorio del pa\u00eds, en lo que hace a referencia a generar m\u00e1s oportunidades para que los j\u00f3venes puedan emprender sus negocios en el \u00e1rea rural. Creo que la necesidad m\u00e1s relevante es el acceso a la tierra, a cr\u00e9ditos blandos para poder acceder a tu propio emprendimiento con a\u00f1os de gracia y garant\u00edas que deber\u00edan ser acordes a los j\u00f3venes. Tambi\u00e9n est\u00e1n las necesidades de educaci\u00f3n, y de comunicaci\u00f3n y de difusi\u00f3n de informaci\u00f3n, donde tambi\u00e9n hay una brecha en la que se est\u00e1 trabajando, pero deber\u00eda trabajarse m\u00e1s. Los j\u00f3venes tambi\u00e9n reflejan la disponibilidad que hay de quedarse en el campo, pero eso a veces genera la dificultad de tener pocas oportunidades para hacerlo accesible\u201d.<br><\/p>\n\n\n\n<p>\u201cA nivel personal creo que necesitamos desarrollar acciones en pol\u00edticas p\u00fablicas en los diferentes \u00e1mbitos en los que se reflejan esas necesidades de los j\u00f3venes y para esto, garantizar el pleno ejercicio de los j\u00f3venes y generar esa visibilidad que es necesaria en cuanto a los j\u00f3venes que reflejan la perseverancia, la constancia y ese sentido de pertenencia y gusto por lo que es la zona rural\u201d.<br><\/p>\n\n\n\n<p>Evelyne actualmente vive en Mercedes y trabaja en el \u00e1rea de Desarrollo Rural en la Intendencia de Soriano: \u201cLa idea siempre fue, despu\u00e9s de terminar la Facultad, poder volver al campo\u2026 Proyecto s\u00ed hacerme mi casa en el campo, pero por ahora, trabajo en la parte de administraci\u00f3n y gesti\u00f3n de la empresa familiar, en registros reproductivos y sanitarios. Ayudo a mi madre con la contabilidad y las tareas administrativas\u2026 Sin dudas que las expectativas a futuro son poder hacer la casa en el campo y poder trabajar a la par con mi hermano en lecher\u00eda. Actualmente tambi\u00e9n nos estamos diversificando con algo de ganader\u00eda, pero siempre buscando ese crecimiento en la empresa familiar que siempre ha sido inculcado por mis padres y mis abuelos\u201d.<br><\/p>\n\n\n\n<p>Convocada por la Comisi\u00f3n Honoraria para la Juventud Rural, Evelyne particip\u00f3 del taller para j\u00f3venes rurales que se realiz\u00f3 este mi\u00e9rcoles 11 de agosto en la zona Este (Maldonado, Rocha, Treinta y Tres y Lavalleja), en el marco del Mes de las Juventudes Rurales.<br><\/p>\n\n\n\n<p>\u201cEn lo personal esperaba mayor participaci\u00f3n, pero a pesar de la poca cantidad de gurises que participaron, lo hicieron de forma activa y participaron de todo el trabajo en grupo\u201d, dijo Evelyne.<br><\/p>\n\n\n\n<p>En total participaron 13 j\u00f3venes representando a diferentes grupos y organizaciones de la zona, de la Red de Semillas, de Federaci\u00f3n Rural y de grupos que han trabajado con el Ministerio de Ganader\u00eda en las convocatorias La Buj\u00eda, Somos de Ac\u00e1 y Somos Mujeres Rurales. Tambi\u00e9n participaron j\u00f3venes de Cerro Chato, Tupamba\u00e9, Maldonado y Rocha.<br><\/p>\n\n\n\n<p>Se trabaj\u00f3 sobre cuatro ejes tem\u00e1ticos: participaci\u00f3n y organizaci\u00f3n; acceso a servicios y calidad de vida; modos de producci\u00f3n m\u00e1s sustentables y amigables con el medio ambiente; y acceso a tierra y recursos productivos.<br> Los talleres continuar\u00e1n los d\u00edas 19 y 20 de agosto, para las zonas Norte, Litoral Norte y Litoral Sur, respectivamente. <\/p>\n\n\n\n<p>El 27 de agosto, en el D\u00eda Nacional de la Juventud Rural, los j\u00f3venes concurrir\u00e1n al Parlamento, invitados por la vicepresidenta Beatriz Argim\u00f3n, para participar de una sesi\u00f3n bajo la consigna \u201cEn la voz de las juventudes rurales\u201d<\/p>\n\n\n\n<p>Salto, 16 de agosto de 2021<\/p>\n","protected":false},"excerpt":{"rendered":"<p>Evelyne Laborda es de Soriano, de paraje Duraznito. Es Licenciada en Gesti\u00f3n Agropecuaria, hija de productores lecheros. Actualmente es la secretaria del grupo de j\u00f3venes de la Asociaci\u00f3n Nacional de [&hellip;]<\/p>\n","protected":false},"author":5,"featured_media":33098,"comment_status":"open","ping_status":"open","sticky":false,"template":"","format":"standard","meta":{"_price":"","_stock":"","_tribe_ticket_header":"","_tribe_default_ticket_provider":"","_tribe_ticket_capacity":"0","_ticket_start_date":"","_ticket_end_date":"","_tribe_ticket_show_description":"","_tribe_ticket_show_not_going":false,"_tribe_ticket_use_global_stock":"","_tribe_ticket_global_stock_level":"","_global_stock_mode":"","_global_stock_cap":"","_tribe_rsvp_for_event":"","_tribe_ticket_going_count":"","_tribe_ticket_not_going_count":"","_tribe_tickets_list":"[]","_tribe_ticket_has_attendee_info_fields":false,"h5ap_radio_sources":[],"_jetpack_newsletter_access":"","_jetpack_dont_email_post_to_subs":false,"_jetpack_newsletter_tier_id":0,"_jetpack_memberships_contains_paywalled_content":false,"_jetpack_memberships_contains_paid_content":false,"footnotes":""},"categories":[21,5],"tags":[],"class_list":["post-33096","post","type-post","status-publish","format-standard","has-post-thumbnail","hentry","category-actualidad","category-ganaderia"],"jetpack_featured_media_url":"https:\/\/i0.wp.com\/lahoradelcampo.com.uy\/site\/wp-content\/uploads\/2021\/08\/jovenesmgap.jpg?fit=880%2C440&ssl=1","jetpack_sharing_enabled":true,"jetpack_shortlink":"https:\/\/wp.me\/p99IaT-8BO","jetpack-related-posts":[{"id":13779,"url":"https:\/\/lahoradelcampo.com.uy\/site\/el-inc-realizara-un-llamado-en-salto-para-que-jovenes-accedan-a-tierras\/","url_meta":{"origin":33096,"position":0},"title":"El INC realizar\u00e1 un llamado en Salto para que j\u00f3venes accedan a tierras","author":"La Hora del Campo","date":"29 agosto, 2019","format":false,"excerpt":"En el D\u00eda Nacional de la Juventud Rural, se present\u00f3 la publicaci\u00f3n \u201cNuestro tiempo es ahora\u201d, documento s\u00edntesis del Encuentro Nacional de Juventudes Rurales que tuvo lugar el a\u00f1o pasado en Atl\u00e1ntida. El objetivo es difundir a la ciudadan\u00eda y dar a conocer a las instituciones y organizaciones de la\u2026","rel":"","context":"En \u00abActualidad\u00bb","block_context":{"text":"Actualidad","link":"https:\/\/lahoradelcampo.com.uy\/site\/category\/actualidad\/"},"img":{"alt_text":"","src":"https:\/\/i0.wp.com\/lahoradelcampo.com.uy\/site\/wp-content\/uploads\/2019\/08\/mgap.jpg?fit=880%2C440&ssl=1&resize=350%2C200","width":350,"height":200,"srcset":"https:\/\/i0.wp.com\/lahoradelcampo.com.uy\/site\/wp-content\/uploads\/2019\/08\/mgap.jpg?fit=880%2C440&ssl=1&resize=350%2C200 1x, https:\/\/i0.wp.com\/lahoradelcampo.com.uy\/site\/wp-content\/uploads\/2019\/08\/mgap.jpg?fit=880%2C440&ssl=1&resize=525%2C300 1.5x, https:\/\/i0.wp.com\/lahoradelcampo.com.uy\/site\/wp-content\/uploads\/2019\/08\/mgap.jpg?fit=880%2C440&ssl=1&resize=700%2C400 2x"},"classes":[]},{"id":48043,"url":"https:\/\/lahoradelcampo.com.uy\/site\/desarrollo-rural-firmo-acuerdos-para-fortalecer-gremiales-de-jovenes\/","url_meta":{"origin":33096,"position":1},"title":"Desarrollo Rural firm\u00f3 acuerdos para fortalecer gremiales de j\u00f3venes","author":"La Hora del Campo","date":"11 enero, 2023","format":false,"excerpt":"En el marco del proyecto de fortalecimiento de organizaciones rurales en perspectiva de juventud, de la Direcci\u00f3n de Desarrollo Rural del Ministerio de Ganader\u00eda, Agricultura y Pesca (MGAP), se han firmado acuerdos con las siete instituciones que conforman la Comisi\u00f3n Honoraria de Juventudes Rurales. El principal de dicha oficina ministerial,\u2026","rel":"","context":"En \u00abActualidad\u00bb","block_context":{"text":"Actualidad","link":"https:\/\/lahoradelcampo.com.uy\/site\/category\/actualidad\/"},"img":{"alt_text":"","src":"https:\/\/i0.wp.com\/lahoradelcampo.com.uy\/site\/wp-content\/uploads\/2023\/01\/DGDR-Arju.jpg?fit=880%2C440&ssl=1&resize=350%2C200","width":350,"height":200,"srcset":"https:\/\/i0.wp.com\/lahoradelcampo.com.uy\/site\/wp-content\/uploads\/2023\/01\/DGDR-Arju.jpg?fit=880%2C440&ssl=1&resize=350%2C200 1x, https:\/\/i0.wp.com\/lahoradelcampo.com.uy\/site\/wp-content\/uploads\/2023\/01\/DGDR-Arju.jpg?fit=880%2C440&ssl=1&resize=525%2C300 1.5x, https:\/\/i0.wp.com\/lahoradelcampo.com.uy\/site\/wp-content\/uploads\/2023\/01\/DGDR-Arju.jpg?fit=880%2C440&ssl=1&resize=700%2C400 2x"},"classes":[]},{"id":1877,"url":"https:\/\/lahoradelcampo.com.uy\/site\/comienza-hoy-el-congreso-de-la-federacion-rural-de-jovenes\/","url_meta":{"origin":33096,"position":2},"title":"Comienza hoy el Congreso de la Federaci\u00f3n Rural de J\u00f3venes","author":"La Hora del Campo ADMIN","date":"29 septiembre, 2017","format":false,"excerpt":"En\u00a0la jornada de hoy, comienza el Congreso de la Federaci\u00f3n Rural de J\u00f3venes. Se desarrollar\u00e1 en el predio de ferial de la Asociaci\u00f3n Agropecuaria de Salto. La nominaci\u00f3n para que Salto fuera sede del congreso se realiz\u00f3 el a\u00f1o pasado, en la localidad de Zapic\u00e1n. Nicol\u00e1s Ambrosoni Muguerza, presidente de\u2026","rel":"","context":"En \u00abActualidad\u00bb","block_context":{"text":"Actualidad","link":"https:\/\/lahoradelcampo.com.uy\/site\/category\/actualidad\/"},"img":{"alt_text":"","src":"https:\/\/i0.wp.com\/lahoradelcampo.com.uy\/site\/wp-content\/uploads\/2017\/09\/IMG_20170929_084106-1.jpg?fit=1200%2C646&ssl=1&resize=350%2C200","width":350,"height":200,"srcset":"https:\/\/i0.wp.com\/lahoradelcampo.com.uy\/site\/wp-content\/uploads\/2017\/09\/IMG_20170929_084106-1.jpg?fit=1200%2C646&ssl=1&resize=350%2C200 1x, https:\/\/i0.wp.com\/lahoradelcampo.com.uy\/site\/wp-content\/uploads\/2017\/09\/IMG_20170929_084106-1.jpg?fit=1200%2C646&ssl=1&resize=525%2C300 1.5x, https:\/\/i0.wp.com\/lahoradelcampo.com.uy\/site\/wp-content\/uploads\/2017\/09\/IMG_20170929_084106-1.jpg?fit=1200%2C646&ssl=1&resize=700%2C400 2x, https:\/\/i0.wp.com\/lahoradelcampo.com.uy\/site\/wp-content\/uploads\/2017\/09\/IMG_20170929_084106-1.jpg?fit=1200%2C646&ssl=1&resize=1050%2C600 3x"},"classes":[]},{"id":33583,"url":"https:\/\/lahoradelcampo.com.uy\/site\/jovenes-rurales-de-salto-celebraron-el-mes-de-las-juventudes-rurales\/","url_meta":{"origin":33096,"position":3},"title":"J\u00f3venes rurales de Salto celebraron el Mes de las Juventudes Rurales","author":"La Hora del Campo","date":"1 septiembre, 2021","format":false,"excerpt":"La Direcci\u00f3n de Desarrollo Rural del MGAP impulsa pol\u00edticas de apoyo, y visibilizaci\u00f3n de los j\u00f3venes rurales. M\u00e1s all\u00e1 del llamado \u201cLa Buj\u00eda\u201d, que estuvo destinado a propuestas productivas de la juventud rural, recientemente se dispuso de una herramienta \u201cNuestro tiempo es ahora\u201d, que b\u00e1sicamente son fondos que promueven la\u2026","rel":"","context":"En \u00abActualidad\u00bb","block_context":{"text":"Actualidad","link":"https:\/\/lahoradelcampo.com.uy\/site\/category\/actualidad\/"},"img":{"alt_text":"","src":"https:\/\/i0.wp.com\/lahoradelcampo.com.uy\/site\/wp-content\/uploads\/2021\/09\/jovensalto.jpg?fit=880%2C440&ssl=1&resize=350%2C200","width":350,"height":200,"srcset":"https:\/\/i0.wp.com\/lahoradelcampo.com.uy\/site\/wp-content\/uploads\/2021\/09\/jovensalto.jpg?fit=880%2C440&ssl=1&resize=350%2C200 1x, https:\/\/i0.wp.com\/lahoradelcampo.com.uy\/site\/wp-content\/uploads\/2021\/09\/jovensalto.jpg?fit=880%2C440&ssl=1&resize=525%2C300 1.5x, https:\/\/i0.wp.com\/lahoradelcampo.com.uy\/site\/wp-content\/uploads\/2021\/09\/jovensalto.jpg?fit=880%2C440&ssl=1&resize=700%2C400 2x"},"classes":[]},{"id":32900,"url":"https:\/\/lahoradelcampo.com.uy\/site\/jovenes-realizaron-el-primer-taller-virtual-de-agosto\/","url_meta":{"origin":33096,"position":4},"title":"J\u00f3venes realizaron el primer taller virtual de agosto","author":"La Hora del Campo","date":"10 agosto, 2021","format":false,"excerpt":"El pasado viernes 6 de agosto se realiz\u00f3 de forma virtual el primero de los 5 talleres programados para este mes donde j\u00f3venes rurales expresaran sus necesidades y propongan ideas que ser\u00e1n presentadas a las autoridades. El primer encuentro en el sur del pa\u00eds, tuvo como protagonista a Micaela Waller\u2026","rel":"","context":"En \u00abActualidad\u00bb","block_context":{"text":"Actualidad","link":"https:\/\/lahoradelcampo.com.uy\/site\/category\/actualidad\/"},"img":{"alt_text":"","src":"https:\/\/i0.wp.com\/lahoradelcampo.com.uy\/site\/wp-content\/uploads\/2021\/08\/jovenes.jpg?fit=880%2C440&ssl=1&resize=350%2C200","width":350,"height":200,"srcset":"https:\/\/i0.wp.com\/lahoradelcampo.com.uy\/site\/wp-content\/uploads\/2021\/08\/jovenes.jpg?fit=880%2C440&ssl=1&resize=350%2C200 1x, https:\/\/i0.wp.com\/lahoradelcampo.com.uy\/site\/wp-content\/uploads\/2021\/08\/jovenes.jpg?fit=880%2C440&ssl=1&resize=525%2C300 1.5x, https:\/\/i0.wp.com\/lahoradelcampo.com.uy\/site\/wp-content\/uploads\/2021\/08\/jovenes.jpg?fit=880%2C440&ssl=1&resize=700%2C400 2x"},"classes":[]},{"id":54014,"url":"https:\/\/lahoradelcampo.com.uy\/site\/el-consumo-de-vino-en-lata-crece-entre-los-jovenes\/","url_meta":{"origin":33096,"position":5},"title":"El consumo de vino en lata crece entre los j\u00f3venes","author":"La Hora del Campo","date":"22 julio, 2024","format":false,"excerpt":"Un proyecto vit\u00edcola comenzado en 2019, por dos j\u00f3venes en\u00f3logas, termin\u00f3 lanzando en noviembre del a\u00f1o siguiente su primer producto denominado \"Latita\", un vino en lata que se lanz\u00f3 en dos variedades tinto, en base a tannat, y blanco, que es un corte de las variedades Ugni Blanc y Sauvignon\u2026","rel":"","context":"En \u00abActualidad\u00bb","block_context":{"text":"Actualidad","link":"https:\/\/lahoradelcampo.com.uy\/site\/category\/actualidad\/"},"img":{"alt_text":"","src":"https:\/\/i0.wp.com\/lahoradelcampo.com.uy\/site\/wp-content\/uploads\/2023\/06\/INAVI_MariaPaulaVila.jpg?fit=880%2C440&ssl=1&resize=350%2C200","width":350,"height":200,"srcset":"https:\/\/i0.wp.com\/lahoradelcampo.com.uy\/site\/wp-content\/uploads\/2023\/06\/INAVI_MariaPaulaVila.jpg?fit=880%2C440&ssl=1&resize=350%2C200 1x, https:\/\/i0.wp.com\/lahoradelcampo.com.uy\/site\/wp-content\/uploads\/2023\/06\/INAVI_MariaPaulaVila.jpg?fit=880%2C440&ssl=1&resize=525%2C300 1.5x, https:\/\/i0.wp.com\/lahoradelcampo.com.uy\/site\/wp-content\/uploads\/2023\/06\/INAVI_MariaPaulaVila.jpg?fit=880%2C440&ssl=1&resize=700%2C400 2x"},"classes":[]}],"jetpack_likes_enabled":true,"_links":{"self":[{"href":"https:\/\/lahoradelcampo.com.uy\/site\/wp-json\/wp\/v2\/posts\/33096","targetHints":{"allow":["GET"]}}],"collection":[{"href":"https:\/\/lahoradelcampo.com.uy\/site\/wp-json\/wp\/v2\/posts"}],"about":[{"href":"https:\/\/lahoradelcampo.com.uy\/site\/wp-json\/wp\/v2\/types\/post"}],"author":[{"embeddable":true,"href":"https:\/\/lahoradelcampo.com.uy\/site\/wp-json\/wp\/v2\/users\/5"}],"replies":[{"embeddable":true,"href":"https:\/\/lahoradelcampo.com.uy\/site\/wp-json\/wp\/v2\/comments?post=33096"}],"version-history":[{"count":1,"href":"https:\/\/lahoradelcampo.com.uy\/site\/wp-json\/wp\/v2\/posts\/33096\/revisions"}],"predecessor-version":[{"id":33100,"href":"https:\/\/lahoradelcampo.com.uy\/site\/wp-json\/wp\/v2\/posts\/33096\/revisions\/33100"}],"wp:featuredmedia":[{"embeddable":true,"href":"https:\/\/lahoradelcampo.com.uy\/site\/wp-json\/wp\/v2\/media\/33098"}],"wp:attachment":[{"href":"https:\/\/lahoradelcampo.com.uy\/site\/wp-json\/wp\/v2\/media?parent=33096"}],"wp:term":[{"taxonomy":"category","embeddable":true,"href":"https:\/\/lahoradelcampo.com.uy\/site\/wp-json\/wp\/v2\/categories?post=33096"},{"taxonomy":"post_tag","embeddable":true,"href":"https:\/\/lahoradelcampo.com.uy\/site\/wp-json\/wp\/v2\/tags?post=33096"}],"curies":[{"name":"wp","href":"https:\/\/api.w.org\/{rel}","templated":true}]}}