{"id":33086,"date":"2021-08-16T10:10:46","date_gmt":"2021-08-16T13:10:46","guid":{"rendered":"http:\/\/lahoradelcampo.com.uy\/site\/?p=33086"},"modified":"2021-08-16T10:10:49","modified_gmt":"2021-08-16T13:10:49","slug":"mgap-habilito-el-pastoreo-en-la-via-publica-en-siete-seccionales-de-salto","status":"publish","type":"post","link":"https:\/\/lahoradelcampo.com.uy\/site\/mgap-habilito-el-pastoreo-en-la-via-publica-en-siete-seccionales-de-salto\/","title":{"rendered":"MGAP habilit\u00f3 el pastoreo en la v\u00eda p\u00fablica en siete seccionales de Salto"},"content":{"rendered":"\n<figure class=\"wp-block-image\"><img data-recalc-dims=\"1\" loading=\"lazy\" decoding=\"async\" width=\"810\" height=\"405\" data-attachment-id=\"19514\" data-permalink=\"https:\/\/lahoradelcampo.com.uy\/site\/el-mgap-aprobo-el-pastoreo-en-la-via-publica-para-la-seccional-11-de-salto\/sequia\/\" data-orig-file=\"https:\/\/i0.wp.com\/lahoradelcampo.com.uy\/site\/wp-content\/uploads\/2020\/05\/sequ%C3%ADa.jpg?fit=880%2C440&amp;ssl=1\" data-orig-size=\"880,440\" data-comments-opened=\"1\" data-image-meta=\"{&quot;aperture&quot;:&quot;0&quot;,&quot;credit&quot;:&quot;&quot;,&quot;camera&quot;:&quot;&quot;,&quot;caption&quot;:&quot;&quot;,&quot;created_timestamp&quot;:&quot;0&quot;,&quot;copyright&quot;:&quot;&quot;,&quot;focal_length&quot;:&quot;0&quot;,&quot;iso&quot;:&quot;0&quot;,&quot;shutter_speed&quot;:&quot;0&quot;,&quot;title&quot;:&quot;&quot;,&quot;orientation&quot;:&quot;1&quot;}\" data-image-title=\"sequ\u00eda\" data-image-description=\"\" data-image-caption=\"\" data-large-file=\"https:\/\/i0.wp.com\/lahoradelcampo.com.uy\/site\/wp-content\/uploads\/2020\/05\/sequ%C3%ADa.jpg?fit=810%2C405&amp;ssl=1\" src=\"https:\/\/i0.wp.com\/lahoradelcampo.com.uy\/site\/wp-content\/uploads\/2020\/05\/sequ%C3%ADa.jpg?resize=810%2C405\" alt=\"\" class=\"wp-image-19514\" srcset=\"https:\/\/i0.wp.com\/lahoradelcampo.com.uy\/site\/wp-content\/uploads\/2020\/05\/sequ%C3%ADa.jpg?w=880&amp;ssl=1 880w, https:\/\/i0.wp.com\/lahoradelcampo.com.uy\/site\/wp-content\/uploads\/2020\/05\/sequ%C3%ADa.jpg?resize=300%2C150&amp;ssl=1 300w, https:\/\/i0.wp.com\/lahoradelcampo.com.uy\/site\/wp-content\/uploads\/2020\/05\/sequ%C3%ADa.jpg?resize=768%2C384&amp;ssl=1 768w, https:\/\/i0.wp.com\/lahoradelcampo.com.uy\/site\/wp-content\/uploads\/2020\/05\/sequ%C3%ADa.jpg?resize=820%2C410&amp;ssl=1 820w\" sizes=\"auto, (max-width: 810px) 100vw, 810px\" \/><\/figure>\n\n\n\n<p>Ministerio de Ganader\u00eda, Agricultura y Pesca, a trav\u00e9s de la Direcci\u00f3n General de Servicios Ganaderos, ampli\u00f3 el \u00e1rea autorizada para el pastoreo en las rutas, incorporando nuevas Seccionales Policiales y departamentos, pero tambi\u00e9n aument\u00f3 por otros dos meses el plazo de vigencia.<br><\/p>\n\n\n\n<p>Debido a la situaci\u00f3n clim\u00e1tica y a la incidencia del invierno, donde algunos predios quedaron sin alimentaci\u00f3n para el ganado y ante el posible riesgo de p\u00e9rdida, se adopt\u00f3 la decisi\u00f3n. Ya hab\u00eda una resoluci\u00f3n autorizando el pastoreo en rutas, que se hab\u00eda venido extendiendo en el tiempo y fue ampliada.<br><\/p>\n\n\n\n<p>Los productores afectados deben solicitar el permiso ante las oficinas zonales y locales competentes de la Divisi\u00f3n Sanidad Animal. La decisi\u00f3n abarca: <\/p>\n\n\n\n<p>Rocha: 2a., 3a., 4a., 6a, 9a y 10a. <\/p>\n\n\n\n<p>Salto: 7a., 8a, 11a, 12a, 13a, 14a. y 16a. <\/p>\n\n\n\n<p>Paysand\u00fa: 3a., 4a., 5a, 6a, 7a, 8a., 9a., 10a. , 11a. y 12a.<\/p>\n\n\n\n<p>Flores: de 1a a la 9a.<\/p>\n\n\n\n<p>Tacuaremb\u00f3: 12a.<\/p>\n\n\n\n<p>Durazno: 3a. 4a. 5a. 6a. 7a. 8a. y 10a.<\/p>\n\n\n\n<p>Maldonado: 2a.<\/p>\n\n\n\n<p>Florida: 4a., 8a., 10a., 11a. y 12a.<\/p>\n\n\n\n<p>Treinta y Tres: 10a., 6a., 4a., 3a., 5a. y 8a.<\/p>\n\n\n\n<p>Rivera: 3a.<\/p>\n\n\n\n<p>R\u00edo Negro: 3a., 5a., 7a., 9a.y 10a.<\/p>\n\n\n\n<p>Cerro Largo: de la 3a. a la 14a.<br><\/p>\n\n\n\n<p>La autorizaci\u00f3n rige por un plazo de dos meses y se ampara en el Decreto N\u00b0 343\/006 del 25 de septiembre de 2006.<br><\/p>\n\n\n\n<p>A su vez, los productores deben tomar las precauciones para evitar que el ganado acceda  las rutas, cuidando y controlando permanentemente los animales para evitar cualquier accidente. En algunos departamentos hay predios ganaderos que vienen muy castigados desde el oto\u00f1o pasado y entraron al invierno con muy poca disponibilidad de forraje, lo que se agrav\u00f3 por la intensidad de las heladas.<\/p>\n\n\n\n<p style=\"text-align:right\"><strong>Salto, 16 de agosto de 2021<\/strong><\/p>\n","protected":false},"excerpt":{"rendered":"<p>Ministerio de Ganader\u00eda, Agricultura y Pesca, a trav\u00e9s de la Direcci\u00f3n General de Servicios Ganaderos, ampli\u00f3 el \u00e1rea autorizada para el pastoreo en las rutas, incorporando nuevas Seccionales Policiales y [&hellip;]<\/p>\n","protected":false},"author":5,"featured_media":19514,"comment_status":"open","ping_status":"open","sticky":false,"template":"","format":"standard","meta":{"_price":"","_stock":"","_tribe_ticket_header":"","_tribe_default_ticket_provider":"","_tribe_ticket_capacity":"0","_ticket_start_date":"","_ticket_end_date":"","_tribe_ticket_show_description":"","_tribe_ticket_show_not_going":false,"_tribe_ticket_use_global_stock":"","_tribe_ticket_global_stock_level":"","_global_stock_mode":"","_global_stock_cap":"","_tribe_rsvp_for_event":"","_tribe_ticket_going_count":"","_tribe_ticket_not_going_count":"","_tribe_tickets_list":"[]","_tribe_ticket_has_attendee_info_fields":false,"h5ap_radio_sources":[],"_jetpack_newsletter_access":"","_jetpack_dont_email_post_to_subs":false,"_jetpack_newsletter_tier_id":0,"_jetpack_memberships_contains_paywalled_content":false,"_jetpack_memberships_contains_paid_content":false,"footnotes":""},"categories":[21,5],"tags":[],"class_list":["post-33086","post","type-post","status-publish","format-standard","has-post-thumbnail","hentry","category-actualidad","category-ganaderia"],"jetpack_featured_media_url":"https:\/\/i0.wp.com\/lahoradelcampo.com.uy\/site\/wp-content\/uploads\/2020\/05\/sequ%C3%ADa.jpg?fit=880%2C440&ssl=1","jetpack_sharing_enabled":true,"jetpack_shortlink":"https:\/\/wp.me\/p99IaT-8BE","jetpack-related-posts":[{"id":47839,"url":"https:\/\/lahoradelcampo.com.uy\/site\/se-habilito-pastoreo-en-9-seccionales-de-salto\/","url_meta":{"origin":33086,"position":0},"title":"Se habilit\u00f3 pastoreo en 9 seccionales de Salto","author":"La Hora del Campo","date":"3 enero, 2023","format":false,"excerpt":"Al cierre del a\u00f1o 2022, el Ministerio de Ganader\u00eda, Agricultura y Pesca (MGAP) emiti\u00f3 una resoluci\u00f3n donde ampli\u00f3 el \u00e1rea de habilitaci\u00f3n para pastoreo en la v\u00eda p\u00fablica. Puntualmente en el departamento de Salto est\u00e1n autorizadas nueve seccionales policiales, en tanto que en Artigas y Paysand\u00fa pr\u00e1cticamente esta la totalidad\u2026","rel":"","context":"En \u00abActualidad\u00bb","block_context":{"text":"Actualidad","link":"https:\/\/lahoradelcampo.com.uy\/site\/category\/actualidad\/"},"img":{"alt_text":"","src":"https:\/\/i0.wp.com\/lahoradelcampo.com.uy\/site\/wp-content\/uploads\/2023\/01\/Pastoreo-viapublica.jpg?fit=880%2C440&ssl=1&resize=350%2C200","width":350,"height":200,"srcset":"https:\/\/i0.wp.com\/lahoradelcampo.com.uy\/site\/wp-content\/uploads\/2023\/01\/Pastoreo-viapublica.jpg?fit=880%2C440&ssl=1&resize=350%2C200 1x, https:\/\/i0.wp.com\/lahoradelcampo.com.uy\/site\/wp-content\/uploads\/2023\/01\/Pastoreo-viapublica.jpg?fit=880%2C440&ssl=1&resize=525%2C300 1.5x, https:\/\/i0.wp.com\/lahoradelcampo.com.uy\/site\/wp-content\/uploads\/2023\/01\/Pastoreo-viapublica.jpg?fit=880%2C440&ssl=1&resize=700%2C400 2x"},"classes":[]},{"id":48953,"url":"https:\/\/lahoradelcampo.com.uy\/site\/se-extendio-por-30-dias-el-pastoreo-en-la-via-publica\/","url_meta":{"origin":33086,"position":1},"title":"Se extendi\u00f3 por 30 d\u00edas, el pastoreo en la v\u00eda p\u00fablica","author":"La Hora del Campo","date":"1 marzo, 2023","format":false,"excerpt":"Delante de la situaci\u00f3n de d\u00e9ficit h\u00eddrico que registra el pa\u00eds, desde hace varios meses, las escases de pasturas, praderas y reservas forrajeras, el Ministerio de Ganader\u00eda, Agricultura y Pesca (MGAP) a trav\u00e9s de la Direcci\u00f3n General de los Servicios Ganaderos (DGSG), entendi\u00f3 que era necesaria la autorizaci\u00f3n del pastoreo\u2026","rel":"","context":"En \u00abActualidad\u00bb","block_context":{"text":"Actualidad","link":"https:\/\/lahoradelcampo.com.uy\/site\/category\/actualidad\/"},"img":{"alt_text":"","src":"https:\/\/i0.wp.com\/lahoradelcampo.com.uy\/site\/wp-content\/uploads\/2023\/03\/Pastoreo-viapublica-2.jpg?fit=880%2C440&ssl=1&resize=350%2C200","width":350,"height":200,"srcset":"https:\/\/i0.wp.com\/lahoradelcampo.com.uy\/site\/wp-content\/uploads\/2023\/03\/Pastoreo-viapublica-2.jpg?fit=880%2C440&ssl=1&resize=350%2C200 1x, https:\/\/i0.wp.com\/lahoradelcampo.com.uy\/site\/wp-content\/uploads\/2023\/03\/Pastoreo-viapublica-2.jpg?fit=880%2C440&ssl=1&resize=525%2C300 1.5x, https:\/\/i0.wp.com\/lahoradelcampo.com.uy\/site\/wp-content\/uploads\/2023\/03\/Pastoreo-viapublica-2.jpg?fit=880%2C440&ssl=1&resize=700%2C400 2x"},"classes":[]},{"id":48477,"url":"https:\/\/lahoradelcampo.com.uy\/site\/mgap-autorizo-el-pastoreo-en-la-via-publica-para-todo-el-departamento-de-salto\/","url_meta":{"origin":33086,"position":2},"title":"MGAP autoriz\u00f3 el pastoreo en la v\u00eda p\u00fablica para todo el departamento de Salto","author":"La Hora del Campo","date":"31 enero, 2023","format":false,"excerpt":"El Ministerio de Ganader\u00eda, Agricultura y Pesca (MGAP) emiti\u00f3 una resoluci\u00f3n en la cual extiende por 30 d\u00edas la autorizaci\u00f3n para el pastoreo en la v\u00eda p\u00fablica, ampliando adem\u00e1s el \u00e1rea destinada para tal fin a nivel pa\u00eds. En la misma se establece que hasta el pr\u00f3ximo 27 de febrero\u2026","rel":"","context":"En \u00abActualidad\u00bb","block_context":{"text":"Actualidad","link":"https:\/\/lahoradelcampo.com.uy\/site\/category\/actualidad\/"},"img":{"alt_text":"","src":"https:\/\/i0.wp.com\/lahoradelcampo.com.uy\/site\/wp-content\/uploads\/2023\/01\/Pastoreo-viapublica-1.jpg?fit=880%2C440&ssl=1&resize=350%2C200","width":350,"height":200,"srcset":"https:\/\/i0.wp.com\/lahoradelcampo.com.uy\/site\/wp-content\/uploads\/2023\/01\/Pastoreo-viapublica-1.jpg?fit=880%2C440&ssl=1&resize=350%2C200 1x, https:\/\/i0.wp.com\/lahoradelcampo.com.uy\/site\/wp-content\/uploads\/2023\/01\/Pastoreo-viapublica-1.jpg?fit=880%2C440&ssl=1&resize=525%2C300 1.5x, https:\/\/i0.wp.com\/lahoradelcampo.com.uy\/site\/wp-content\/uploads\/2023\/01\/Pastoreo-viapublica-1.jpg?fit=880%2C440&ssl=1&resize=700%2C400 2x"},"classes":[]},{"id":44319,"url":"https:\/\/lahoradelcampo.com.uy\/site\/mgap-autorizo-el-pastoreo-de-animales-en-via-publica-en-salto\/","url_meta":{"origin":33086,"position":3},"title":"MGAP autoriz\u00f3 el pastoreo de animales en v\u00eda p\u00fablica en Salto","author":"La Hora del Campo","date":"29 julio, 2022","format":false,"excerpt":"Se autoriza a la Divisi\u00f3n de Sanidad Animal, por 60 d\u00edas, a extender autorizaciones a pastoreo de animales en la v\u00eda p\u00fablica a productores ganaderos de seccionales de siete departamentos afectados por la situaci\u00f3n clim\u00e1tica adversa. La Divisi\u00f3n Sanidad Animal, a trav\u00e9s de sus Oficinas Zonales y Locales competentes, podr\u00e1\u2026","rel":"","context":"En \u00abActualidad\u00bb","block_context":{"text":"Actualidad","link":"https:\/\/lahoradelcampo.com.uy\/site\/category\/actualidad\/"},"img":{"alt_text":"","src":"https:\/\/i0.wp.com\/lahoradelcampo.com.uy\/site\/wp-content\/uploads\/2022\/03\/MGAP-Pastoreoemergencia.jpg?fit=880%2C440&ssl=1&resize=350%2C200","width":350,"height":200,"srcset":"https:\/\/i0.wp.com\/lahoradelcampo.com.uy\/site\/wp-content\/uploads\/2022\/03\/MGAP-Pastoreoemergencia.jpg?fit=880%2C440&ssl=1&resize=350%2C200 1x, https:\/\/i0.wp.com\/lahoradelcampo.com.uy\/site\/wp-content\/uploads\/2022\/03\/MGAP-Pastoreoemergencia.jpg?fit=880%2C440&ssl=1&resize=525%2C300 1.5x, https:\/\/i0.wp.com\/lahoradelcampo.com.uy\/site\/wp-content\/uploads\/2022\/03\/MGAP-Pastoreoemergencia.jpg?fit=880%2C440&ssl=1&resize=700%2C400 2x"},"classes":[]},{"id":23038,"url":"https:\/\/lahoradelcampo.com.uy\/site\/cinco-seccionales-policiales-estan-habilitadas-para-el-pastoreo-en-rutas\/","url_meta":{"origin":33086,"position":4},"title":"Cinco seccionales policiales est\u00e1n habilitadas para el pastoreo en rutas","author":"La Hora del Campo","date":"28 agosto, 2020","format":false,"excerpt":"El norte del pa\u00eds est\u00e1 con dificultades desde el punto de vista de pasturas disponibles para el ganado, con las principales problem\u00e1ticas en las zonas lim\u00edtrofes entre los departamentos de Artigas y Salto. En este sentido para el departamento de Salto est\u00e1n habilitadas las seccionales 10\u00ba de Colonia Lavalleja y\u2026","rel":"","context":"En \u00abActualidad\u00bb","block_context":{"text":"Actualidad","link":"https:\/\/lahoradelcampo.com.uy\/site\/category\/actualidad\/"},"img":{"alt_text":"","src":"https:\/\/i0.wp.com\/lahoradelcampo.com.uy\/site\/wp-content\/uploads\/2019\/10\/criavacuna.jpg?fit=880%2C440&ssl=1&resize=350%2C200","width":350,"height":200,"srcset":"https:\/\/i0.wp.com\/lahoradelcampo.com.uy\/site\/wp-content\/uploads\/2019\/10\/criavacuna.jpg?fit=880%2C440&ssl=1&resize=350%2C200 1x, https:\/\/i0.wp.com\/lahoradelcampo.com.uy\/site\/wp-content\/uploads\/2019\/10\/criavacuna.jpg?fit=880%2C440&ssl=1&resize=525%2C300 1.5x, https:\/\/i0.wp.com\/lahoradelcampo.com.uy\/site\/wp-content\/uploads\/2019\/10\/criavacuna.jpg?fit=880%2C440&ssl=1&resize=700%2C400 2x"},"classes":[]},{"id":25624,"url":"https:\/\/lahoradelcampo.com.uy\/site\/mgap-extendio-por-60-dias-la-autorizacion-para-el-pastoreo-en-la-via-publica\/","url_meta":{"origin":33086,"position":5},"title":"MGAP extendi\u00f3 por 60 d\u00edas la autorizaci\u00f3n para el pastoreo en la v\u00eda p\u00fablica","author":"La Hora del Campo","date":"20 noviembre, 2020","format":false,"excerpt":"El Ministerio de Ganader\u00eda, Agricultura y Pesca (MGAP) resolvi\u00f3 ayer extender por 60 d\u00edas la autorizaci\u00f3n a pastorear en la v\u00eda p\u00fablica en las regiones del pa\u00eds m\u00e1s afectadas por la situaci\u00f3n clim\u00e1tica adversa. La resoluci\u00f3n de la Direcci\u00f3n General de los Servicios Ganaderos habilita el pastoreo en v\u00eda p\u00fablica:\u2026","rel":"","context":"En \u00abActualidad\u00bb","block_context":{"text":"Actualidad","link":"https:\/\/lahoradelcampo.com.uy\/site\/category\/actualidad\/"},"img":{"alt_text":"","src":"https:\/\/i0.wp.com\/lahoradelcampo.com.uy\/site\/wp-content\/uploads\/2020\/04\/pasturaseca.jpg?fit=880%2C440&ssl=1&resize=350%2C200","width":350,"height":200,"srcset":"https:\/\/i0.wp.com\/lahoradelcampo.com.uy\/site\/wp-content\/uploads\/2020\/04\/pasturaseca.jpg?fit=880%2C440&ssl=1&resize=350%2C200 1x, https:\/\/i0.wp.com\/lahoradelcampo.com.uy\/site\/wp-content\/uploads\/2020\/04\/pasturaseca.jpg?fit=880%2C440&ssl=1&resize=525%2C300 1.5x, https:\/\/i0.wp.com\/lahoradelcampo.com.uy\/site\/wp-content\/uploads\/2020\/04\/pasturaseca.jpg?fit=880%2C440&ssl=1&resize=700%2C400 2x"},"classes":[]}],"jetpack_likes_enabled":true,"_links":{"self":[{"href":"https:\/\/lahoradelcampo.com.uy\/site\/wp-json\/wp\/v2\/posts\/33086","targetHints":{"allow":["GET"]}}],"collection":[{"href":"https:\/\/lahoradelcampo.com.uy\/site\/wp-json\/wp\/v2\/posts"}],"about":[{"href":"https:\/\/lahoradelcampo.com.uy\/site\/wp-json\/wp\/v2\/types\/post"}],"author":[{"embeddable":true,"href":"https:\/\/lahoradelcampo.com.uy\/site\/wp-json\/wp\/v2\/users\/5"}],"replies":[{"embeddable":true,"href":"https:\/\/lahoradelcampo.com.uy\/site\/wp-json\/wp\/v2\/comments?post=33086"}],"version-history":[{"count":1,"href":"https:\/\/lahoradelcampo.com.uy\/site\/wp-json\/wp\/v2\/posts\/33086\/revisions"}],"predecessor-version":[{"id":33088,"href":"https:\/\/lahoradelcampo.com.uy\/site\/wp-json\/wp\/v2\/posts\/33086\/revisions\/33088"}],"wp:featuredmedia":[{"embeddable":true,"href":"https:\/\/lahoradelcampo.com.uy\/site\/wp-json\/wp\/v2\/media\/19514"}],"wp:attachment":[{"href":"https:\/\/lahoradelcampo.com.uy\/site\/wp-json\/wp\/v2\/media?parent=33086"}],"wp:term":[{"taxonomy":"category","embeddable":true,"href":"https:\/\/lahoradelcampo.com.uy\/site\/wp-json\/wp\/v2\/categories?post=33086"},{"taxonomy":"post_tag","embeddable":true,"href":"https:\/\/lahoradelcampo.com.uy\/site\/wp-json\/wp\/v2\/tags?post=33086"}],"curies":[{"name":"wp","href":"https:\/\/api.w.org\/{rel}","templated":true}]}}