{"id":33080,"date":"2021-08-13T10:19:28","date_gmt":"2021-08-13T13:19:28","guid":{"rendered":"http:\/\/lahoradelcampo.com.uy\/site\/?p=33080"},"modified":"2021-08-13T10:19:34","modified_gmt":"2021-08-13T13:19:34","slug":"agosto-es-ideal-para-comenzar-un-buen-tratamiento-contra-la-garrapata","status":"publish","type":"post","link":"https:\/\/lahoradelcampo.com.uy\/site\/agosto-es-ideal-para-comenzar-un-buen-tratamiento-contra-la-garrapata\/","title":{"rendered":"Agosto es ideal para comenzar un buen tratamiento contra la garrapata"},"content":{"rendered":"\n<figure class=\"wp-block-image\"><img data-recalc-dims=\"1\" loading=\"lazy\" decoding=\"async\" width=\"810\" height=\"405\" data-attachment-id=\"28022\" data-permalink=\"https:\/\/lahoradelcampo.com.uy\/site\/estamos-para-entrar-en-la-3a-generacion-de-garrapatas-conozca-como-combatirla\/biogenesis-2\/\" data-orig-file=\"https:\/\/i0.wp.com\/lahoradelcampo.com.uy\/site\/wp-content\/uploads\/2021\/02\/biogenesis-2.jpg?fit=880%2C440&amp;ssl=1\" data-orig-size=\"880,440\" data-comments-opened=\"1\" data-image-meta=\"{&quot;aperture&quot;:&quot;0&quot;,&quot;credit&quot;:&quot;&quot;,&quot;camera&quot;:&quot;&quot;,&quot;caption&quot;:&quot;&quot;,&quot;created_timestamp&quot;:&quot;0&quot;,&quot;copyright&quot;:&quot;&quot;,&quot;focal_length&quot;:&quot;0&quot;,&quot;iso&quot;:&quot;0&quot;,&quot;shutter_speed&quot;:&quot;0&quot;,&quot;title&quot;:&quot;&quot;,&quot;orientation&quot;:&quot;1&quot;}\" data-image-title=\"biogenesis 2\" data-image-description=\"\" data-image-caption=\"\" data-large-file=\"https:\/\/i0.wp.com\/lahoradelcampo.com.uy\/site\/wp-content\/uploads\/2021\/02\/biogenesis-2.jpg?fit=810%2C405&amp;ssl=1\" src=\"https:\/\/i0.wp.com\/lahoradelcampo.com.uy\/site\/wp-content\/uploads\/2021\/02\/biogenesis-2.jpg?resize=810%2C405\" alt=\"\" class=\"wp-image-28022\" srcset=\"https:\/\/i0.wp.com\/lahoradelcampo.com.uy\/site\/wp-content\/uploads\/2021\/02\/biogenesis-2.jpg?w=880&amp;ssl=1 880w, https:\/\/i0.wp.com\/lahoradelcampo.com.uy\/site\/wp-content\/uploads\/2021\/02\/biogenesis-2.jpg?resize=300%2C150&amp;ssl=1 300w, https:\/\/i0.wp.com\/lahoradelcampo.com.uy\/site\/wp-content\/uploads\/2021\/02\/biogenesis-2.jpg?resize=768%2C384&amp;ssl=1 768w, https:\/\/i0.wp.com\/lahoradelcampo.com.uy\/site\/wp-content\/uploads\/2021\/02\/biogenesis-2.jpg?resize=820%2C410&amp;ssl=1 820w\" sizes=\"auto, (max-width: 810px) 100vw, 810px\" \/><\/figure>\n\n\n\n<p>En Agosto comienza el primer ciclo de la garrapata, de los tres que tiene el par\u00e1sito en nuestro pa\u00eds, por lo tanto es un buen momento para comenzar con un buen tratamiento, reducir la poblaci\u00f3n del par\u00e1sito y evitar la resistencia. <\/p>\n\n\n\n<p>En Uruguay hay tres generaciones de garrapata, la primera entre agosto y noviembre, la segunda de diciembre a febrero y la tercera de marzo a mayo. Para su control se recomienda la realizaci\u00f3n de un diagn\u00f3stico de situaci\u00f3n, conocer el status de resistencia y el nivel respecto a los hectopar\u00e1sitos. <\/p>\n\n\n\n<p>El Dr. Horacio Mederos, integrante del equipo de Biog\u00e9nesis Bag\u00f3, realiz\u00f3 una recomendaci\u00f3n detallada del uso de los productos para el combate a la garrapata. <\/p>\n\n\n\n<figure class=\"wp-block-embed-youtube wp-block-embed is-type-video is-provider-youtube wp-embed-aspect-16-9 wp-has-aspect-ratio\"><div class=\"wp-block-embed__wrapper\">\n<span class=\"embed-youtube\" style=\"text-align:center; display: block;\"><iframe loading=\"lazy\" class=\"youtube-player\" width=\"810\" height=\"456\" src=\"https:\/\/www.youtube.com\/embed\/7ycMe_GGWZ0?version=3&#038;rel=1&#038;showsearch=0&#038;showinfo=1&#038;iv_load_policy=1&#038;fs=1&#038;hl=es-ES&#038;autohide=2&#038;wmode=transparent\" allowfullscreen=\"true\" style=\"border:0;\" sandbox=\"allow-scripts allow-same-origin allow-popups allow-presentation allow-popups-to-escape-sandbox\"><\/iframe><\/span>\n<\/div><\/figure>\n\n\n\n<p>Salto, 13 de agosto de 2021<\/p>\n","protected":false},"excerpt":{"rendered":"<p>En Agosto comienza el primer ciclo de la garrapata, de los tres que tiene el par\u00e1sito en nuestro pa\u00eds, por lo tanto es un buen momento para comenzar con un [&hellip;]<\/p>\n","protected":false},"author":5,"featured_media":28022,"comment_status":"open","ping_status":"open","sticky":false,"template":"","format":"standard","meta":{"_price":"","_stock":"","_tribe_ticket_header":"","_tribe_default_ticket_provider":"","_tribe_ticket_capacity":"0","_ticket_start_date":"","_ticket_end_date":"","_tribe_ticket_show_description":"","_tribe_ticket_show_not_going":false,"_tribe_ticket_use_global_stock":"","_tribe_ticket_global_stock_level":"","_global_stock_mode":"","_global_stock_cap":"","_tribe_rsvp_for_event":"","_tribe_ticket_going_count":"","_tribe_ticket_not_going_count":"","_tribe_tickets_list":"[]","_tribe_ticket_has_attendee_info_fields":false,"h5ap_radio_sources":[],"_jetpack_newsletter_access":"","_jetpack_dont_email_post_to_subs":false,"_jetpack_newsletter_tier_id":0,"_jetpack_memberships_contains_paywalled_content":false,"_jetpack_memberships_contains_paid_content":false,"footnotes":""},"categories":[21,5],"tags":[],"class_list":["post-33080","post","type-post","status-publish","format-standard","has-post-thumbnail","hentry","category-actualidad","category-ganaderia"],"jetpack_featured_media_url":"https:\/\/i0.wp.com\/lahoradelcampo.com.uy\/site\/wp-content\/uploads\/2021\/02\/biogenesis-2.jpg?fit=880%2C440&ssl=1","jetpack_sharing_enabled":true,"jetpack_shortlink":"https:\/\/wp.me\/p99IaT-8By","jetpack-related-posts":[{"id":45083,"url":"https:\/\/lahoradelcampo.com.uy\/site\/estamos-en-el-momento-ideal-para-un-buen-control-de-la-garrapata\/","url_meta":{"origin":33080,"position":0},"title":"Estamos en el momento ideal para un buen control de la garrapata","author":"La Hora del Campo","date":"29 agosto, 2022","format":false,"excerpt":"En el inicio de la primera generaci\u00f3n de la garrapata, que se desarrolla hasta el mes de noviembre, estamos en el momento propicio para realizar un buen control del par\u00e1sito, disminuir su presencia y la generaci\u00f3n de resistencia. El Dr. Horario Mederos, Director t\u00e9cnico de Biog\u00e9nesis Bag\u00f3, remarc\u00f3 la importancia\u2026","rel":"","context":"En \u00abActualidad\u00bb","block_context":{"text":"Actualidad","link":"https:\/\/lahoradelcampo.com.uy\/site\/category\/actualidad\/"},"img":{"alt_text":"","src":"https:\/\/i0.wp.com\/lahoradelcampo.com.uy\/site\/wp-content\/uploads\/2022\/05\/Biogenesis-Mederos.jpg?fit=880%2C440&ssl=1&resize=350%2C200","width":350,"height":200,"srcset":"https:\/\/i0.wp.com\/lahoradelcampo.com.uy\/site\/wp-content\/uploads\/2022\/05\/Biogenesis-Mederos.jpg?fit=880%2C440&ssl=1&resize=350%2C200 1x, https:\/\/i0.wp.com\/lahoradelcampo.com.uy\/site\/wp-content\/uploads\/2022\/05\/Biogenesis-Mederos.jpg?fit=880%2C440&ssl=1&resize=525%2C300 1.5x, https:\/\/i0.wp.com\/lahoradelcampo.com.uy\/site\/wp-content\/uploads\/2022\/05\/Biogenesis-Mederos.jpg?fit=880%2C440&ssl=1&resize=700%2C400 2x"},"classes":[]},{"id":33048,"url":"https:\/\/lahoradelcampo.com.uy\/site\/dgsg-exhorta-a-iniciar-tratamiento-contra-la-garrapata-en-agosto\/","url_meta":{"origin":33080,"position":1},"title":"DGSG exhorta a iniciar tratamiento contra la garrapata en agosto","author":"La Hora del Campo","date":"13 agosto, 2021","format":false,"excerpt":"En la jornada de ayer, la Direcci\u00f3n General de Servicios Ganaderos del Ministerio de Ganader\u00eda, Agricultura y Pesca (MGAP) exhort\u00f3 a los productores, mediante un comunicado, a iniciar los tratamientos para el combate contra la garrapata en el mes de agosto. En este sentido recomienda asesorarse y planificar con el\u2026","rel":"","context":"En \u00abActualidad\u00bb","block_context":{"text":"Actualidad","link":"https:\/\/lahoradelcampo.com.uy\/site\/category\/actualidad\/"},"img":{"alt_text":"","src":"https:\/\/i0.wp.com\/lahoradelcampo.com.uy\/site\/wp-content\/uploads\/2021\/08\/Garrapata.jpg?fit=880%2C440&ssl=1&resize=350%2C200","width":350,"height":200,"srcset":"https:\/\/i0.wp.com\/lahoradelcampo.com.uy\/site\/wp-content\/uploads\/2021\/08\/Garrapata.jpg?fit=880%2C440&ssl=1&resize=350%2C200 1x, https:\/\/i0.wp.com\/lahoradelcampo.com.uy\/site\/wp-content\/uploads\/2021\/08\/Garrapata.jpg?fit=880%2C440&ssl=1&resize=525%2C300 1.5x, https:\/\/i0.wp.com\/lahoradelcampo.com.uy\/site\/wp-content\/uploads\/2021\/08\/Garrapata.jpg?fit=880%2C440&ssl=1&resize=700%2C400 2x"},"classes":[]},{"id":45259,"url":"https:\/\/lahoradelcampo.com.uy\/site\/comenzo-la-lucha-contra-la-garrapata-temporada-2022-2023\/","url_meta":{"origin":33080,"position":2},"title":"Comenz\u00f3 la lucha contra la garrapata: temporada 2022-2023","author":"La Hora del Campo","date":"5 septiembre, 2022","format":false,"excerpt":"Nos encontramos en un momento del a\u00f1o apropiado para comenzar los primeros tratamientos contra la garrapata com\u00fan del ganado bovino (Rhipicephalus microplus). Es de amplio conocimiento el comportamiento epidemiol\u00f3gico de la garrapata en el Uruguay que se caracteriza por tener tres generaciones que ocurren a lo largo del a\u00f1o. La\u2026","rel":"","context":"En \u00abActualidad\u00bb","block_context":{"text":"Actualidad","link":"https:\/\/lahoradelcampo.com.uy\/site\/category\/actualidad\/"},"img":{"alt_text":"","src":"https:\/\/i0.wp.com\/lahoradelcampo.com.uy\/site\/wp-content\/uploads\/2021\/08\/Garrapata.jpg?fit=880%2C440&ssl=1&resize=350%2C200","width":350,"height":200,"srcset":"https:\/\/i0.wp.com\/lahoradelcampo.com.uy\/site\/wp-content\/uploads\/2021\/08\/Garrapata.jpg?fit=880%2C440&ssl=1&resize=350%2C200 1x, https:\/\/i0.wp.com\/lahoradelcampo.com.uy\/site\/wp-content\/uploads\/2021\/08\/Garrapata.jpg?fit=880%2C440&ssl=1&resize=525%2C300 1.5x, https:\/\/i0.wp.com\/lahoradelcampo.com.uy\/site\/wp-content\/uploads\/2021\/08\/Garrapata.jpg?fit=880%2C440&ssl=1&resize=700%2C400 2x"},"classes":[]},{"id":56210,"url":"https:\/\/lahoradelcampo.com.uy\/site\/la-garrapata-no-es-invencible-hay-que-conocerla-para-ganarle\/","url_meta":{"origin":33080,"position":3},"title":"La garrapata no es invencible: \u00abhay que conocerla para ganarle\u00bb","author":"La Hora del Campo","date":"16 junio, 2025","format":false,"excerpt":"El m\u00e9dico veterinario y caba\u00f1ero, del departamento de Rivera, Dr. Marcelo Mendon\u00e7a advirti\u00f3 que el mayor problema de situaci\u00f3n de la garrapata es mayormente por desconocimiento del ciclo de la garrapata y la utilizaci\u00f3n de los distintos principios activos para su control. \"El 80% de los problemas con la garrapata\u2026","rel":"","context":"En \u00abActualidad\u00bb","block_context":{"text":"Actualidad","link":"https:\/\/lahoradelcampo.com.uy\/site\/category\/actualidad\/"},"img":{"alt_text":"","src":"https:\/\/i0.wp.com\/lahoradelcampo.com.uy\/site\/wp-content\/uploads\/2025\/06\/Doctormarcelomendonza.jpg?fit=880%2C440&ssl=1&resize=350%2C200","width":350,"height":200,"srcset":"https:\/\/i0.wp.com\/lahoradelcampo.com.uy\/site\/wp-content\/uploads\/2025\/06\/Doctormarcelomendonza.jpg?fit=880%2C440&ssl=1&resize=350%2C200 1x, https:\/\/i0.wp.com\/lahoradelcampo.com.uy\/site\/wp-content\/uploads\/2025\/06\/Doctormarcelomendonza.jpg?fit=880%2C440&ssl=1&resize=525%2C300 1.5x, https:\/\/i0.wp.com\/lahoradelcampo.com.uy\/site\/wp-content\/uploads\/2025\/06\/Doctormarcelomendonza.jpg?fit=880%2C440&ssl=1&resize=700%2C400 2x"},"classes":[]},{"id":44163,"url":"https:\/\/lahoradelcampo.com.uy\/site\/garrapata-se-debe-hacer-diagnosticos-de-situacion-y-rotar-moleculas\/","url_meta":{"origin":33080,"position":4},"title":"Garrapata: Se debe hacer diagn\u00f3sticos de situaci\u00f3n y rotar mol\u00e9culas","author":"La Hora del Campo","date":"26 julio, 2022","format":false,"excerpt":"En el marco de la reuni\u00f3n de consignatarios, se invit\u00f3 al Dr. Gast\u00f3n Borderes de Corrientes, Argentina, a presentar su visi\u00f3n sobre el control y combate a la garrapata. En ese marco dijo que la realidad del par\u00e1sito \u201ces una guerra constante\u201d, principalmente por la decisi\u00f3n de los productores en\u2026","rel":"","context":"En \u00abActualidad\u00bb","block_context":{"text":"Actualidad","link":"https:\/\/lahoradelcampo.com.uy\/site\/category\/actualidad\/"},"img":{"alt_text":"","src":"https:\/\/i0.wp.com\/lahoradelcampo.com.uy\/site\/wp-content\/uploads\/2022\/07\/Dr-Gaston-Borderes.jpg?fit=880%2C440&ssl=1&resize=350%2C200","width":350,"height":200,"srcset":"https:\/\/i0.wp.com\/lahoradelcampo.com.uy\/site\/wp-content\/uploads\/2022\/07\/Dr-Gaston-Borderes.jpg?fit=880%2C440&ssl=1&resize=350%2C200 1x, https:\/\/i0.wp.com\/lahoradelcampo.com.uy\/site\/wp-content\/uploads\/2022\/07\/Dr-Gaston-Borderes.jpg?fit=880%2C440&ssl=1&resize=525%2C300 1.5x, https:\/\/i0.wp.com\/lahoradelcampo.com.uy\/site\/wp-content\/uploads\/2022\/07\/Dr-Gaston-Borderes.jpg?fit=880%2C440&ssl=1&resize=700%2C400 2x"},"classes":[]},{"id":11911,"url":"https:\/\/lahoradelcampo.com.uy\/site\/garrapata-cambiar-de-principios-activos-entre-generaciones-puede-ser-suicida\/","url_meta":{"origin":33080,"position":5},"title":"Garrapata: Cambiar de principios activos entre generaciones puede ser \u201csuicida\u201d","author":"La Hora del Campo","date":"18 junio, 2019","format":false,"excerpt":"La preocupaci\u00f3n es creciente en el sector ganadero por la presencia de la garrapata en los rodeos vacunos este a\u00f1o, m\u00e1s all\u00e1 de los trabajos que se vienen desarrollando desde el grupo de trabajo del Ministerio de Ganader\u00eda, Agricultura y Pesca, con otros integrantes del sector productivo y comercial. En\u2026","rel":"","context":"En \u00abActualidad\u00bb","block_context":{"text":"Actualidad","link":"https:\/\/lahoradelcampo.com.uy\/site\/category\/actualidad\/"},"img":{"alt_text":"","src":"https:\/\/i0.wp.com\/lahoradelcampo.com.uy\/site\/wp-content\/uploads\/2019\/06\/Daniel-Salada-2.jpg?fit=880%2C440&ssl=1&resize=350%2C200","width":350,"height":200,"srcset":"https:\/\/i0.wp.com\/lahoradelcampo.com.uy\/site\/wp-content\/uploads\/2019\/06\/Daniel-Salada-2.jpg?fit=880%2C440&ssl=1&resize=350%2C200 1x, https:\/\/i0.wp.com\/lahoradelcampo.com.uy\/site\/wp-content\/uploads\/2019\/06\/Daniel-Salada-2.jpg?fit=880%2C440&ssl=1&resize=525%2C300 1.5x, https:\/\/i0.wp.com\/lahoradelcampo.com.uy\/site\/wp-content\/uploads\/2019\/06\/Daniel-Salada-2.jpg?fit=880%2C440&ssl=1&resize=700%2C400 2x"},"classes":[]}],"jetpack_likes_enabled":true,"_links":{"self":[{"href":"https:\/\/lahoradelcampo.com.uy\/site\/wp-json\/wp\/v2\/posts\/33080","targetHints":{"allow":["GET"]}}],"collection":[{"href":"https:\/\/lahoradelcampo.com.uy\/site\/wp-json\/wp\/v2\/posts"}],"about":[{"href":"https:\/\/lahoradelcampo.com.uy\/site\/wp-json\/wp\/v2\/types\/post"}],"author":[{"embeddable":true,"href":"https:\/\/lahoradelcampo.com.uy\/site\/wp-json\/wp\/v2\/users\/5"}],"replies":[{"embeddable":true,"href":"https:\/\/lahoradelcampo.com.uy\/site\/wp-json\/wp\/v2\/comments?post=33080"}],"version-history":[{"count":1,"href":"https:\/\/lahoradelcampo.com.uy\/site\/wp-json\/wp\/v2\/posts\/33080\/revisions"}],"predecessor-version":[{"id":33082,"href":"https:\/\/lahoradelcampo.com.uy\/site\/wp-json\/wp\/v2\/posts\/33080\/revisions\/33082"}],"wp:featuredmedia":[{"embeddable":true,"href":"https:\/\/lahoradelcampo.com.uy\/site\/wp-json\/wp\/v2\/media\/28022"}],"wp:attachment":[{"href":"https:\/\/lahoradelcampo.com.uy\/site\/wp-json\/wp\/v2\/media?parent=33080"}],"wp:term":[{"taxonomy":"category","embeddable":true,"href":"https:\/\/lahoradelcampo.com.uy\/site\/wp-json\/wp\/v2\/categories?post=33080"},{"taxonomy":"post_tag","embeddable":true,"href":"https:\/\/lahoradelcampo.com.uy\/site\/wp-json\/wp\/v2\/tags?post=33080"}],"curies":[{"name":"wp","href":"https:\/\/api.w.org\/{rel}","templated":true}]}}