{"id":33048,"date":"2021-08-13T07:31:24","date_gmt":"2021-08-13T10:31:24","guid":{"rendered":"http:\/\/lahoradelcampo.com.uy\/site\/?p=33048"},"modified":"2021-08-13T07:31:30","modified_gmt":"2021-08-13T10:31:30","slug":"dgsg-exhorta-a-iniciar-tratamiento-contra-la-garrapata-en-agosto","status":"publish","type":"post","link":"https:\/\/lahoradelcampo.com.uy\/site\/dgsg-exhorta-a-iniciar-tratamiento-contra-la-garrapata-en-agosto\/","title":{"rendered":"DGSG exhorta a iniciar tratamiento contra la garrapata en agosto"},"content":{"rendered":"\n<figure class=\"wp-block-image\"><img data-recalc-dims=\"1\" loading=\"lazy\" decoding=\"async\" width=\"810\" height=\"405\" data-attachment-id=\"33050\" data-permalink=\"https:\/\/lahoradelcampo.com.uy\/site\/dgsg-exhorta-a-iniciar-tratamiento-contra-la-garrapata-en-agosto\/garrapata\/\" data-orig-file=\"https:\/\/i0.wp.com\/lahoradelcampo.com.uy\/site\/wp-content\/uploads\/2021\/08\/Garrapata.jpg?fit=880%2C440&amp;ssl=1\" data-orig-size=\"880,440\" data-comments-opened=\"1\" data-image-meta=\"{&quot;aperture&quot;:&quot;0&quot;,&quot;credit&quot;:&quot;&quot;,&quot;camera&quot;:&quot;&quot;,&quot;caption&quot;:&quot;&quot;,&quot;created_timestamp&quot;:&quot;0&quot;,&quot;copyright&quot;:&quot;&quot;,&quot;focal_length&quot;:&quot;0&quot;,&quot;iso&quot;:&quot;0&quot;,&quot;shutter_speed&quot;:&quot;0&quot;,&quot;title&quot;:&quot;&quot;,&quot;orientation&quot;:&quot;1&quot;}\" data-image-title=\"Garrapata\" data-image-description=\"\" data-image-caption=\"\" data-large-file=\"https:\/\/i0.wp.com\/lahoradelcampo.com.uy\/site\/wp-content\/uploads\/2021\/08\/Garrapata.jpg?fit=810%2C405&amp;ssl=1\" src=\"https:\/\/i0.wp.com\/lahoradelcampo.com.uy\/site\/wp-content\/uploads\/2021\/08\/Garrapata.jpg?resize=810%2C405\" alt=\"\" class=\"wp-image-33050\" srcset=\"https:\/\/i0.wp.com\/lahoradelcampo.com.uy\/site\/wp-content\/uploads\/2021\/08\/Garrapata.jpg?w=880&amp;ssl=1 880w, https:\/\/i0.wp.com\/lahoradelcampo.com.uy\/site\/wp-content\/uploads\/2021\/08\/Garrapata.jpg?resize=300%2C150&amp;ssl=1 300w, https:\/\/i0.wp.com\/lahoradelcampo.com.uy\/site\/wp-content\/uploads\/2021\/08\/Garrapata.jpg?resize=768%2C384&amp;ssl=1 768w, https:\/\/i0.wp.com\/lahoradelcampo.com.uy\/site\/wp-content\/uploads\/2021\/08\/Garrapata.jpg?resize=820%2C410&amp;ssl=1 820w\" sizes=\"auto, (max-width: 810px) 100vw, 810px\" \/><\/figure>\n\n\n\n<p>En la jornada de ayer, la  Direcci\u00f3n General de Servicios Ganaderos del Ministerio de Ganader\u00eda, Agricultura y Pesca (MGAP) exhort\u00f3 a los productores, mediante un comunicado, a iniciar los tratamientos para el combate contra la garrapata en el mes de agosto. <br><\/p>\n\n\n\n<p>En este sentido recomienda asesorarse y planificar con el m\u00e9dico veterinario. Al mismo tiempo se recuerda que el productor cuenta con el apoyo de los Servicios Ganaderos oficiales.  <br><\/p>\n\n\n\n<p>El objetivo de esta campa\u00f1a es disminuir la proliferaci\u00f3n de garrapata, fomentar el uso responsable de los productos veterinarios y as\u00ed evitar las p\u00e9rdidas que este par\u00e1sito puede ocasionar.<br><\/p>\n\n\n\n<p>En tal sentido, la DGSG recuerda:<\/p>\n\n\n\n<ul class=\"wp-block-list\"><li>Usar los productos registrados por el MGAP.<\/li><li>Proceder como indica la etiqueta de los productos veterinarios.<\/li><li>Respetar los tiempos de espera y registrar su uso en planilla de control sanitario.<\/li><li><\/li><\/ul>\n\n\n\n<p>Ante sospechas de casos de tristeza parasitaria, recurra a su veterinario y\/o a los Servicios oficiales. Para evitar el ingreso de garrapata en su predio, conozca el origen de los animales y aumente los controles durante el ingreso.<\/p>\n\n\n\n<p>Salto, 13 de agosto de 2021<\/p>\n","protected":false},"excerpt":{"rendered":"<p>En la jornada de ayer, la Direcci\u00f3n General de Servicios Ganaderos del Ministerio de Ganader\u00eda, Agricultura y Pesca (MGAP) exhort\u00f3 a los productores, mediante un comunicado, a iniciar los tratamientos [&hellip;]<\/p>\n","protected":false},"author":5,"featured_media":33050,"comment_status":"open","ping_status":"open","sticky":false,"template":"","format":"standard","meta":{"_price":"","_stock":"","_tribe_ticket_header":"","_tribe_default_ticket_provider":"","_tribe_ticket_capacity":"0","_ticket_start_date":"","_ticket_end_date":"","_tribe_ticket_show_description":"","_tribe_ticket_show_not_going":false,"_tribe_ticket_use_global_stock":"","_tribe_ticket_global_stock_level":"","_global_stock_mode":"","_global_stock_cap":"","_tribe_rsvp_for_event":"","_tribe_ticket_going_count":"","_tribe_ticket_not_going_count":"","_tribe_tickets_list":"[]","_tribe_ticket_has_attendee_info_fields":false,"h5ap_radio_sources":[],"_jetpack_newsletter_access":"","_jetpack_dont_email_post_to_subs":false,"_jetpack_newsletter_tier_id":0,"_jetpack_memberships_contains_paywalled_content":false,"_jetpack_memberships_contains_paid_content":false,"footnotes":""},"categories":[21,5],"tags":[],"class_list":["post-33048","post","type-post","status-publish","format-standard","has-post-thumbnail","hentry","category-actualidad","category-ganaderia"],"jetpack_featured_media_url":"https:\/\/i0.wp.com\/lahoradelcampo.com.uy\/site\/wp-content\/uploads\/2021\/08\/Garrapata.jpg?fit=880%2C440&ssl=1","jetpack_sharing_enabled":true,"jetpack_shortlink":"https:\/\/wp.me\/p99IaT-8B2","jetpack-related-posts":[{"id":53890,"url":"https:\/\/lahoradelcampo.com.uy\/site\/el-mgap-emitio-un-decreto-que-habilita-el-remate-de-ganados-con-garrapata\/","url_meta":{"origin":33048,"position":0},"title":"El MGAP emiti\u00f3 un decreto que habilita el remate de ganados con garrapata","author":"La Hora del Campo","date":"24 mayo, 2024","format":false,"excerpt":"En la campa\u00f1a contra la garrapata, el Ministerio de Ganader\u00eda, Agricultura y Pesca (MGAP), a trav\u00e9s de la Direcci\u00f3n General de los Servicios Ganaderos, emiti\u00f3 un decreto que modifica decretos anteriores respecto al movimiento de ganados, la venta en locales de remates feria y el traslado a corrales de engorde.\u2026","rel":"","context":"En \u00abActualidad\u00bb","block_context":{"text":"Actualidad","link":"https:\/\/lahoradelcampo.com.uy\/site\/category\/actualidad\/"},"img":{"alt_text":"","src":"https:\/\/i0.wp.com\/lahoradelcampo.com.uy\/site\/wp-content\/uploads\/2020\/07\/garrapataweb1.jpg?fit=880%2C440&ssl=1&resize=350%2C200","width":350,"height":200,"srcset":"https:\/\/i0.wp.com\/lahoradelcampo.com.uy\/site\/wp-content\/uploads\/2020\/07\/garrapataweb1.jpg?fit=880%2C440&ssl=1&resize=350%2C200 1x, https:\/\/i0.wp.com\/lahoradelcampo.com.uy\/site\/wp-content\/uploads\/2020\/07\/garrapataweb1.jpg?fit=880%2C440&ssl=1&resize=525%2C300 1.5x, https:\/\/i0.wp.com\/lahoradelcampo.com.uy\/site\/wp-content\/uploads\/2020\/07\/garrapataweb1.jpg?fit=880%2C440&ssl=1&resize=700%2C400 2x"},"classes":[]},{"id":56615,"url":"https:\/\/lahoradelcampo.com.uy\/site\/uruguay-lanza-un-plan-integral-para-combatir-la-garrapata-y-proteger-la-ganaderia\/","url_meta":{"origin":33048,"position":1},"title":"Uruguay lanza un plan integral para combatir la garrapata y proteger la ganader\u00eda","author":"La Hora del Campo","date":"20 agosto, 2025","format":false,"excerpt":"El Ministerio de Ganader\u00eda, Agricultura y Pesca (MGAP) junto al Instituto Nacional de Investigaci\u00f3n Agropecuaria (INIA) realizar\u00e1n el pr\u00f3ximo jueves 21 de agosto, a partir de las 16:00 horas en el CENUR Litoral Norte de Salto, la jornada \"Hacia una estrategia efectiva para el control de la garrapata en Uruguay\",\u2026","rel":"","context":"En \u00abActualidad\u00bb","block_context":{"text":"Actualidad","link":"https:\/\/lahoradelcampo.com.uy\/site\/category\/actualidad\/"},"img":{"alt_text":"","src":"https:\/\/i0.wp.com\/lahoradelcampo.com.uy\/site\/wp-content\/uploads\/2025\/08\/garrapatas.jpg?fit=880%2C440&ssl=1&resize=350%2C200","width":350,"height":200,"srcset":"https:\/\/i0.wp.com\/lahoradelcampo.com.uy\/site\/wp-content\/uploads\/2025\/08\/garrapatas.jpg?fit=880%2C440&ssl=1&resize=350%2C200 1x, https:\/\/i0.wp.com\/lahoradelcampo.com.uy\/site\/wp-content\/uploads\/2025\/08\/garrapatas.jpg?fit=880%2C440&ssl=1&resize=525%2C300 1.5x, https:\/\/i0.wp.com\/lahoradelcampo.com.uy\/site\/wp-content\/uploads\/2025\/08\/garrapatas.jpg?fit=880%2C440&ssl=1&resize=700%2C400 2x"},"classes":[]},{"id":39751,"url":"https:\/\/lahoradelcampo.com.uy\/site\/se-realizara-en-colonia-lavalleja-una-jornada-de-sanidad-animal\/","url_meta":{"origin":33048,"position":2},"title":"Se realizar\u00e1 en Colonia Lavalleja una jornada de sanidad animal","author":"La Hora del Campo","date":"11 marzo, 2022","format":false,"excerpt":"En coordinaci\u00f3n entre productores y la Direcci\u00f3n General de los Servicios Ganaderos (DGSG) del Ministerio de Ganader\u00eda, Agricultura y Pesca (MGAP), se ha organizado para el pr\u00f3ximo viernes 18 de marzo, una jornada de sanidad animal que se desarrollar\u00e1 en el predio de la Sociedad Fomento de Colonia Lavalleja. La\u2026","rel":"","context":"En \u00abActualidad\u00bb","block_context":{"text":"Actualidad","link":"https:\/\/lahoradelcampo.com.uy\/site\/category\/actualidad\/"},"img":{"alt_text":"","src":"https:\/\/i0.wp.com\/lahoradelcampo.com.uy\/site\/wp-content\/uploads\/2019\/05\/Ganado-reposicion.jpg?fit=880%2C440&ssl=1&resize=350%2C200","width":350,"height":200,"srcset":"https:\/\/i0.wp.com\/lahoradelcampo.com.uy\/site\/wp-content\/uploads\/2019\/05\/Ganado-reposicion.jpg?fit=880%2C440&ssl=1&resize=350%2C200 1x, https:\/\/i0.wp.com\/lahoradelcampo.com.uy\/site\/wp-content\/uploads\/2019\/05\/Ganado-reposicion.jpg?fit=880%2C440&ssl=1&resize=525%2C300 1.5x, https:\/\/i0.wp.com\/lahoradelcampo.com.uy\/site\/wp-content\/uploads\/2019\/05\/Ganado-reposicion.jpg?fit=880%2C440&ssl=1&resize=700%2C400 2x"},"classes":[]},{"id":43659,"url":"https:\/\/lahoradelcampo.com.uy\/site\/garrapata-45-de-los-predios-a-nivel-pais-tienen-multiresistencia\/","url_meta":{"origin":33048,"position":3},"title":"Garrapata: 4,5% de los predios a nivel pa\u00eds tienen multiresistencia","author":"La Hora del Campo","date":"11 julio, 2022","format":false,"excerpt":"El Dr. Marcelo Cortes, qui\u00e9n ha sido nombrado \"Dinamizador de la Campa\u00f1a contra la Garrapata\" por parte la Direcci\u00f3n General de los Servicios Ganaderos del MGAP, dijo que desde el \u00e1mbito oficial se han \"definido varias l\u00edneas de trabajo\" en procura de \"fortalecer la lucha contra la garrapata\". El profesional,\u2026","rel":"","context":"En \u00abActualidad\u00bb","block_context":{"text":"Actualidad","link":"https:\/\/lahoradelcampo.com.uy\/site\/category\/actualidad\/"},"img":{"alt_text":"","src":"https:\/\/i0.wp.com\/lahoradelcampo.com.uy\/site\/wp-content\/uploads\/2022\/07\/Mgap-garrapata.jpg?fit=880%2C440&ssl=1&resize=350%2C200","width":350,"height":200,"srcset":"https:\/\/i0.wp.com\/lahoradelcampo.com.uy\/site\/wp-content\/uploads\/2022\/07\/Mgap-garrapata.jpg?fit=880%2C440&ssl=1&resize=350%2C200 1x, https:\/\/i0.wp.com\/lahoradelcampo.com.uy\/site\/wp-content\/uploads\/2022\/07\/Mgap-garrapata.jpg?fit=880%2C440&ssl=1&resize=525%2C300 1.5x, https:\/\/i0.wp.com\/lahoradelcampo.com.uy\/site\/wp-content\/uploads\/2022\/07\/Mgap-garrapata.jpg?fit=880%2C440&ssl=1&resize=700%2C400 2x"},"classes":[]},{"id":29968,"url":"https:\/\/lahoradelcampo.com.uy\/site\/como-dijo-carlos-silva-nosotros-somos-veterinarios-sanitaristas-y-llevamos-la-sanidad-animal-en-las-venas\/","url_meta":{"origin":33048,"position":4},"title":"Como dijo Carlos Silva \u00abnosotros somos veterinarios sanitaristas y llevamos la sanidad animal en las venas\u00bb","author":"La Hora del Campo","date":"12 mayo, 2021","format":false,"excerpt":"Los cambios de autoridades registrados en el Ministerio de Ganader\u00eda, Agricultura y Pesca (MGAP), llevaron al Dr. Mart\u00edn Altuna a ser el responsable de la Divisi\u00f3n de Sanidad Animal de la Direcci\u00f3n General de los Servicios Ganaderos (DGSG). Salte\u00f1o que ha desarrollado su carrera profesional dentro del ministerio siempre en\u2026","rel":"","context":"En \u00abActualidad\u00bb","block_context":{"text":"Actualidad","link":"https:\/\/lahoradelcampo.com.uy\/site\/category\/actualidad\/"},"img":{"alt_text":"","src":"https:\/\/i0.wp.com\/lahoradelcampo.com.uy\/site\/wp-content\/uploads\/2021\/05\/MartinAltuna.jpg?fit=880%2C440&ssl=1&resize=350%2C200","width":350,"height":200,"srcset":"https:\/\/i0.wp.com\/lahoradelcampo.com.uy\/site\/wp-content\/uploads\/2021\/05\/MartinAltuna.jpg?fit=880%2C440&ssl=1&resize=350%2C200 1x, https:\/\/i0.wp.com\/lahoradelcampo.com.uy\/site\/wp-content\/uploads\/2021\/05\/MartinAltuna.jpg?fit=880%2C440&ssl=1&resize=525%2C300 1.5x, https:\/\/i0.wp.com\/lahoradelcampo.com.uy\/site\/wp-content\/uploads\/2021\/05\/MartinAltuna.jpg?fit=880%2C440&ssl=1&resize=700%2C400 2x"},"classes":[]},{"id":56397,"url":"https:\/\/lahoradelcampo.com.uy\/site\/mgap-lanza-campana-sms-para-prevenir-la-garrapata\/","url_meta":{"origin":33048,"position":5},"title":"MGAP lanza campa\u00f1a SMS para prevenir la garrapata","author":"La Hora del Campo","date":"29 julio, 2025","format":false,"excerpt":"El Ministerio de Ganader\u00eda, Agricultura y Pesca (MGAP), a trav\u00e9s de la Direcci\u00f3n General de Servicios Ganaderos, inici\u00f3 una campa\u00f1a nacional de env\u00edo de mensajes de texto (SMS) dirigida a productores ganaderos, con el objetivo de fortalecer las medidas de prevenci\u00f3n y control sanitario frente a la garrapata y la\u2026","rel":"","context":"En \u00abActualidad\u00bb","block_context":{"text":"Actualidad","link":"https:\/\/lahoradelcampo.com.uy\/site\/category\/actualidad\/"},"img":{"alt_text":"","src":"https:\/\/i0.wp.com\/lahoradelcampo.com.uy\/site\/wp-content\/uploads\/2025\/07\/MGAP-SMS.jpg?fit=880%2C440&ssl=1&resize=350%2C200","width":350,"height":200,"srcset":"https:\/\/i0.wp.com\/lahoradelcampo.com.uy\/site\/wp-content\/uploads\/2025\/07\/MGAP-SMS.jpg?fit=880%2C440&ssl=1&resize=350%2C200 1x, https:\/\/i0.wp.com\/lahoradelcampo.com.uy\/site\/wp-content\/uploads\/2025\/07\/MGAP-SMS.jpg?fit=880%2C440&ssl=1&resize=525%2C300 1.5x, https:\/\/i0.wp.com\/lahoradelcampo.com.uy\/site\/wp-content\/uploads\/2025\/07\/MGAP-SMS.jpg?fit=880%2C440&ssl=1&resize=700%2C400 2x"},"classes":[]}],"jetpack_likes_enabled":true,"_links":{"self":[{"href":"https:\/\/lahoradelcampo.com.uy\/site\/wp-json\/wp\/v2\/posts\/33048","targetHints":{"allow":["GET"]}}],"collection":[{"href":"https:\/\/lahoradelcampo.com.uy\/site\/wp-json\/wp\/v2\/posts"}],"about":[{"href":"https:\/\/lahoradelcampo.com.uy\/site\/wp-json\/wp\/v2\/types\/post"}],"author":[{"embeddable":true,"href":"https:\/\/lahoradelcampo.com.uy\/site\/wp-json\/wp\/v2\/users\/5"}],"replies":[{"embeddable":true,"href":"https:\/\/lahoradelcampo.com.uy\/site\/wp-json\/wp\/v2\/comments?post=33048"}],"version-history":[{"count":1,"href":"https:\/\/lahoradelcampo.com.uy\/site\/wp-json\/wp\/v2\/posts\/33048\/revisions"}],"predecessor-version":[{"id":33052,"href":"https:\/\/lahoradelcampo.com.uy\/site\/wp-json\/wp\/v2\/posts\/33048\/revisions\/33052"}],"wp:featuredmedia":[{"embeddable":true,"href":"https:\/\/lahoradelcampo.com.uy\/site\/wp-json\/wp\/v2\/media\/33050"}],"wp:attachment":[{"href":"https:\/\/lahoradelcampo.com.uy\/site\/wp-json\/wp\/v2\/media?parent=33048"}],"wp:term":[{"taxonomy":"category","embeddable":true,"href":"https:\/\/lahoradelcampo.com.uy\/site\/wp-json\/wp\/v2\/categories?post=33048"},{"taxonomy":"post_tag","embeddable":true,"href":"https:\/\/lahoradelcampo.com.uy\/site\/wp-json\/wp\/v2\/tags?post=33048"}],"curies":[{"name":"wp","href":"https:\/\/api.w.org\/{rel}","templated":true}]}}