{"id":33042,"date":"2021-08-13T07:24:40","date_gmt":"2021-08-13T10:24:40","guid":{"rendered":"http:\/\/lahoradelcampo.com.uy\/site\/?p=33042"},"modified":"2021-08-13T07:24:45","modified_gmt":"2021-08-13T10:24:45","slug":"hay-que-aprovechar-la-debilidad-de-la-garrapata-en-invierno","status":"publish","type":"post","link":"https:\/\/lahoradelcampo.com.uy\/site\/hay-que-aprovechar-la-debilidad-de-la-garrapata-en-invierno\/","title":{"rendered":"Hay que aprovechar la debilidad de la garrapata en invierno"},"content":{"rendered":"\n<figure class=\"wp-block-image\"><img data-recalc-dims=\"1\" loading=\"lazy\" decoding=\"async\" width=\"810\" height=\"405\" data-attachment-id=\"33044\" data-permalink=\"https:\/\/lahoradelcampo.com.uy\/site\/hay-que-aprovechar-la-debilidad-de-la-garrapata-en-invierno\/saladagarrapata\/\" data-orig-file=\"https:\/\/i0.wp.com\/lahoradelcampo.com.uy\/site\/wp-content\/uploads\/2021\/08\/SaladaGarrapata.jpg?fit=880%2C440&amp;ssl=1\" data-orig-size=\"880,440\" data-comments-opened=\"1\" data-image-meta=\"{&quot;aperture&quot;:&quot;0&quot;,&quot;credit&quot;:&quot;&quot;,&quot;camera&quot;:&quot;&quot;,&quot;caption&quot;:&quot;&quot;,&quot;created_timestamp&quot;:&quot;0&quot;,&quot;copyright&quot;:&quot;&quot;,&quot;focal_length&quot;:&quot;0&quot;,&quot;iso&quot;:&quot;0&quot;,&quot;shutter_speed&quot;:&quot;0&quot;,&quot;title&quot;:&quot;&quot;,&quot;orientation&quot;:&quot;1&quot;}\" data-image-title=\"SaladaGarrapata\" data-image-description=\"\" data-image-caption=\"\" data-large-file=\"https:\/\/i0.wp.com\/lahoradelcampo.com.uy\/site\/wp-content\/uploads\/2021\/08\/SaladaGarrapata.jpg?fit=810%2C405&amp;ssl=1\" src=\"https:\/\/i0.wp.com\/lahoradelcampo.com.uy\/site\/wp-content\/uploads\/2021\/08\/SaladaGarrapata.jpg?resize=810%2C405\" alt=\"\" class=\"wp-image-33044\" srcset=\"https:\/\/i0.wp.com\/lahoradelcampo.com.uy\/site\/wp-content\/uploads\/2021\/08\/SaladaGarrapata.jpg?w=880&amp;ssl=1 880w, https:\/\/i0.wp.com\/lahoradelcampo.com.uy\/site\/wp-content\/uploads\/2021\/08\/SaladaGarrapata.jpg?resize=300%2C150&amp;ssl=1 300w, https:\/\/i0.wp.com\/lahoradelcampo.com.uy\/site\/wp-content\/uploads\/2021\/08\/SaladaGarrapata.jpg?resize=768%2C384&amp;ssl=1 768w, https:\/\/i0.wp.com\/lahoradelcampo.com.uy\/site\/wp-content\/uploads\/2021\/08\/SaladaGarrapata.jpg?resize=820%2C410&amp;ssl=1 820w\" sizes=\"auto, (max-width: 810px) 100vw, 810px\" \/><\/figure>\n\n\n\n<p>En la jornada de ayer se realiz\u00f3 una charla sobre garrapata con el Dr. Daniel Salada, director t\u00e9cnico de Laboratorio Cibeles, que fue organizada por Escritorio Veterinario, una empresa que re\u00fane a ocho profesionales del \u00e1rea veterinaria aqu\u00ed en Salto. <br><\/p>\n\n\n\n<p>El Dr. Fernando Ant\u00fanez, uno de los integrantes de la firma, aclar\u00f3 que la charla se realiz\u00f3 con pocos clientes debido a la situaci\u00f3n de pandemia y el aforo permitido. El profesional explic\u00f3 que la charla surge del dialogo con los clientes, ante una problem\u00e1tica de la garrapata \u00abque nunca paro\u00bb, por lo que se busc\u00f3 al Dr. Daniel Salada que tiene \u00abmucha experiencia, para que por lo menos tengamos alguna herramienta m\u00e1s para trabajar en conjunto\u00bb. <br><\/p>\n\n\n\n<p>Sobre la problem\u00e1tica actual con este par\u00e1sito, el Dr. Daniel Salada dijo que \u00abla situaci\u00f3n de la garrapata se va a ver en unos meses como se comporta, pero de cualquier manera creo que lo m\u00e1s favorable esto es que como viviendo en invierno como los de antes\u00bb. Explic\u00f3 que esas bajas temperaturas que han venido registr\u00e1ndose durante el invierno \u00abpor m\u00e1s que veamos garrapata sobre los animales, eso no quiere decir que cuando caigan prosperen\u00bb. <br><\/p>\n\n\n\n<p>El profesional indic\u00f3 que todos los inviernos hay garrapatas que sobreviven, \u00abque son capaces de subir alg\u00fan mediod\u00eda cuando la temperatura suben, cumplir su ciclo, pero a los 20 d\u00edas cuando les toca caer para desovar, ah\u00ed se le va a complicar\u00bb. <br><\/p>\n\n\n\n<p>Salada explic\u00f3 que si la garrapata \u00abno desova en un determinado plazo despu\u00e9s que cay\u00f3, no prospera. Ese es el punto d\u00e9bil de la garrapata que debemos saber aprovechar\u00bb.  En este sentido dijo que esos \u00abpuntos d\u00e9biles son los que tenemos que saber aprovechar y por eso tenemos que empezar los tratamientos bien temprano para evitar justamente que se repongan en el campo larvas frescas, o sea, reci\u00e9n puestas\u00bb.<br><\/p>\n\n\n\n<p>\u00abLas garrapatas que estamos viendo hoy, son las que cayeron en el oto\u00f1o y que est\u00e1n en el campo todav\u00eda. El fr\u00edo a las larvas no las mata\u00bb dijo el director t\u00e9cnico de Laboratorio Cibeles. <br><\/p>\n\n\n\n<p>Desde el punto de vista de la resistencia a diferentes productos activos, Salada explic\u00f3 que \u00abes mucho menos probable encontrar la garrapata resistente cuando hay pocas que cuando hay muchas\u00bb, por lo que el momento de mayor exposici\u00f3n de nuevas drogas o que funcionan bien \u00abes en la tercera generaci\u00f3n\u00bb. <br><\/p>\n\n\n\n<p>Sobre la resistencia y la rotaci\u00f3n de principios activos para el control de la problem\u00e1tica, dijo que lo m\u00e1s importantes es \u00absaber qu\u00e9 es lo que funciona en nuestro campo, no en la zona, ni el departamento, en nuestro campo. Ese es un dato absolutamente trascendente\u00bb. Desde su punto de vista la rotaci\u00f3n de productos activos depende del conocimiento que el productor y el veterinario tengan de la efectividad de los mismos, \u00absino m\u00e1s vale abstenerse y seguir con el que sabemos que funciona aunque tengamos que ocuparlo no solo en un ciclo sino en dos\u00bb. <br><\/p>\n\n\n\n<p>El Escritorio Veterinario aqu\u00ed en Salto est\u00e1 conformado por ocho profesionales: Fernando Ant\u00fanez, Jaime S\u00e1nchez, Gustavo Maldini, Jos\u00e9 Enrique Artegoytia, Carlos Irigoyen, Pedro y Federico Herrman y Juan Mart\u00edn Secco. <\/p>\n\n\n\n<p>Salto, 13 de agosto de 2021<\/p>\n","protected":false},"excerpt":{"rendered":"<p>En la jornada de ayer se realiz\u00f3 una charla sobre garrapata con el Dr. Daniel Salada, director t\u00e9cnico de Laboratorio Cibeles, que fue organizada por Escritorio Veterinario, una empresa que [&hellip;]<\/p>\n","protected":false},"author":5,"featured_media":33044,"comment_status":"open","ping_status":"open","sticky":false,"template":"","format":"standard","meta":{"_price":"","_stock":"","_tribe_ticket_header":"","_tribe_default_ticket_provider":"","_tribe_ticket_capacity":"0","_ticket_start_date":"","_ticket_end_date":"","_tribe_ticket_show_description":"","_tribe_ticket_show_not_going":false,"_tribe_ticket_use_global_stock":"","_tribe_ticket_global_stock_level":"","_global_stock_mode":"","_global_stock_cap":"","_tribe_rsvp_for_event":"","_tribe_ticket_going_count":"","_tribe_ticket_not_going_count":"","_tribe_tickets_list":"[]","_tribe_ticket_has_attendee_info_fields":false,"h5ap_radio_sources":[],"_jetpack_newsletter_access":"","_jetpack_dont_email_post_to_subs":false,"_jetpack_newsletter_tier_id":0,"_jetpack_memberships_contains_paywalled_content":false,"_jetpack_memberships_contains_paid_content":false,"footnotes":""},"categories":[21,5],"tags":[],"class_list":["post-33042","post","type-post","status-publish","format-standard","has-post-thumbnail","hentry","category-actualidad","category-ganaderia"],"jetpack_featured_media_url":"https:\/\/i0.wp.com\/lahoradelcampo.com.uy\/site\/wp-content\/uploads\/2021\/08\/SaladaGarrapata.jpg?fit=880%2C440&ssl=1","jetpack_sharing_enabled":true,"jetpack_shortlink":"https:\/\/wp.me\/p99IaT-8AW","jetpack-related-posts":[{"id":11911,"url":"https:\/\/lahoradelcampo.com.uy\/site\/garrapata-cambiar-de-principios-activos-entre-generaciones-puede-ser-suicida\/","url_meta":{"origin":33042,"position":0},"title":"Garrapata: Cambiar de principios activos entre generaciones puede ser \u201csuicida\u201d","author":"La Hora del Campo","date":"18 junio, 2019","format":false,"excerpt":"La preocupaci\u00f3n es creciente en el sector ganadero por la presencia de la garrapata en los rodeos vacunos este a\u00f1o, m\u00e1s all\u00e1 de los trabajos que se vienen desarrollando desde el grupo de trabajo del Ministerio de Ganader\u00eda, Agricultura y Pesca, con otros integrantes del sector productivo y comercial. En\u2026","rel":"","context":"En \u00abActualidad\u00bb","block_context":{"text":"Actualidad","link":"https:\/\/lahoradelcampo.com.uy\/site\/category\/actualidad\/"},"img":{"alt_text":"","src":"https:\/\/i0.wp.com\/lahoradelcampo.com.uy\/site\/wp-content\/uploads\/2019\/06\/Daniel-Salada-2.jpg?fit=880%2C440&ssl=1&resize=350%2C200","width":350,"height":200,"srcset":"https:\/\/i0.wp.com\/lahoradelcampo.com.uy\/site\/wp-content\/uploads\/2019\/06\/Daniel-Salada-2.jpg?fit=880%2C440&ssl=1&resize=350%2C200 1x, https:\/\/i0.wp.com\/lahoradelcampo.com.uy\/site\/wp-content\/uploads\/2019\/06\/Daniel-Salada-2.jpg?fit=880%2C440&ssl=1&resize=525%2C300 1.5x, https:\/\/i0.wp.com\/lahoradelcampo.com.uy\/site\/wp-content\/uploads\/2019\/06\/Daniel-Salada-2.jpg?fit=880%2C440&ssl=1&resize=700%2C400 2x"},"classes":[]},{"id":44113,"url":"https:\/\/lahoradelcampo.com.uy\/site\/con-un-70-de-eficacia-uruguay-dispondra-de-una-vacuna-contra-la-garrapata\/","url_meta":{"origin":33042,"position":1},"title":"Con un 70% de eficacia, Uruguay dispondr\u00e1 de una vacuna contra la garrapata","author":"La Hora del Campo","date":"25 julio, 2022","format":false,"excerpt":"El Dr. Marcelo Cortes, dinamizador de la campa\u00f1a contra la garrapata, dijo 3a pasada semana que los datos de la encuesta que se realiz\u00f3 con la distribuci\u00f3n de la vacuna antiaftosa, existe un 30% de los predios a nivel pa\u00eds con problemas de garrapata y un 4,5% de los mismos\u2026","rel":"","context":"En \u00abActualidad\u00bb","block_context":{"text":"Actualidad","link":"https:\/\/lahoradelcampo.com.uy\/site\/category\/actualidad\/"},"img":{"alt_text":"","src":"https:\/\/i0.wp.com\/lahoradelcampo.com.uy\/site\/wp-content\/uploads\/2021\/08\/Garrapata.jpg?fit=880%2C440&ssl=1&resize=350%2C200","width":350,"height":200,"srcset":"https:\/\/i0.wp.com\/lahoradelcampo.com.uy\/site\/wp-content\/uploads\/2021\/08\/Garrapata.jpg?fit=880%2C440&ssl=1&resize=350%2C200 1x, https:\/\/i0.wp.com\/lahoradelcampo.com.uy\/site\/wp-content\/uploads\/2021\/08\/Garrapata.jpg?fit=880%2C440&ssl=1&resize=525%2C300 1.5x, https:\/\/i0.wp.com\/lahoradelcampo.com.uy\/site\/wp-content\/uploads\/2021\/08\/Garrapata.jpg?fit=880%2C440&ssl=1&resize=700%2C400 2x"},"classes":[]},{"id":21536,"url":"https:\/\/lahoradelcampo.com.uy\/site\/fluazuron-el-principio-activo-para-la-primera-generacion-de-garrapata-en-el-invierno\/","url_meta":{"origin":33042,"position":2},"title":"Fluazur\u00f3n: el principio activo para la primera generaci\u00f3n de garrapata en el invierno","author":"La Hora del Campo","date":"3 julio, 2020","format":false,"excerpt":"El Dr. Daniel Salada, director t\u00e9cnico de Laboratorio Cibeles, en di\u00e1logo con La Hora del Campo, indic\u00f3 que se debe aprovechar \"la baja de la guardia\" de la garrapata en el invierno y realizar aplicaciones \"con productos efectivos\". Consultado al respecto, el profesional record\u00f3 que cambiar el principio activo sin\u2026","rel":"","context":"En \u00abActualidad\u00bb","block_context":{"text":"Actualidad","link":"https:\/\/lahoradelcampo.com.uy\/site\/category\/actualidad\/"},"img":{"alt_text":"","src":"https:\/\/i0.wp.com\/lahoradelcampo.com.uy\/site\/wp-content\/uploads\/2019\/06\/Daniel-Salada.jpg?fit=880%2C440&ssl=1&resize=350%2C200","width":350,"height":200,"srcset":"https:\/\/i0.wp.com\/lahoradelcampo.com.uy\/site\/wp-content\/uploads\/2019\/06\/Daniel-Salada.jpg?fit=880%2C440&ssl=1&resize=350%2C200 1x, https:\/\/i0.wp.com\/lahoradelcampo.com.uy\/site\/wp-content\/uploads\/2019\/06\/Daniel-Salada.jpg?fit=880%2C440&ssl=1&resize=525%2C300 1.5x, https:\/\/i0.wp.com\/lahoradelcampo.com.uy\/site\/wp-content\/uploads\/2019\/06\/Daniel-Salada.jpg?fit=880%2C440&ssl=1&resize=700%2C400 2x"},"classes":[]},{"id":41677,"url":"https:\/\/lahoradelcampo.com.uy\/site\/martinez-la-garrapata-es-un-tema-candente-y-permanente-en-la-region\/","url_meta":{"origin":33042,"position":3},"title":"Mart\u00ednez: \u201cLa garrapata es un tema candente y permanente en la regi\u00f3n\u201d","author":"La Hora del Campo","date":"11 mayo, 2022","format":false,"excerpt":"Agropecuaria Salto realiz\u00f3 recientemente una jornada sobre el control de la garrapata y la presentaci\u00f3n de las particularidades de un producto a base Fluazur\u00f3n, principio activo que hasta el momento no presenta niveles de resistencia por parte del par\u00e1sito en nuestro pa\u00eds. El Dr. Mauricio Mart\u00ednez, uno de los principales\u2026","rel":"","context":"En \u00abActualidad\u00bb","block_context":{"text":"Actualidad","link":"https:\/\/lahoradelcampo.com.uy\/site\/category\/actualidad\/"},"img":{"alt_text":"","src":"https:\/\/i0.wp.com\/lahoradelcampo.com.uy\/site\/wp-content\/uploads\/2022\/05\/AgropecuariaSalto1.jpg?fit=880%2C440&ssl=1&resize=350%2C200","width":350,"height":200,"srcset":"https:\/\/i0.wp.com\/lahoradelcampo.com.uy\/site\/wp-content\/uploads\/2022\/05\/AgropecuariaSalto1.jpg?fit=880%2C440&ssl=1&resize=350%2C200 1x, https:\/\/i0.wp.com\/lahoradelcampo.com.uy\/site\/wp-content\/uploads\/2022\/05\/AgropecuariaSalto1.jpg?fit=880%2C440&ssl=1&resize=525%2C300 1.5x, https:\/\/i0.wp.com\/lahoradelcampo.com.uy\/site\/wp-content\/uploads\/2022\/05\/AgropecuariaSalto1.jpg?fit=880%2C440&ssl=1&resize=700%2C400 2x"},"classes":[]},{"id":53725,"url":"https:\/\/lahoradelcampo.com.uy\/site\/el-fosfato-de-levamisol-tiene-menos-resistencia-en-parasitosis-gastrointestinales\/","url_meta":{"origin":33042,"position":4},"title":"El fosfato de levamisol tiene menos resistencia en parasitosis gastrointestinales","author":"La Hora del Campo","date":"10 abril, 2024","format":false,"excerpt":"La resistencia a los principios activos en los par\u00e1sitos gastrointestinales ha venido creciendo y est\u00e1 determinando el producto m\u00e1s reciente en el tiempo, presente mayores niveles de resistencia que los anteriores. A modo de ejemplo, la Ivermectina que tiene 40 a\u00f1os en el pa\u00eds, tiene mayores porcentajes de resistencia que\u2026","rel":"","context":"En \u00abActualidad\u00bb","block_context":{"text":"Actualidad","link":"https:\/\/lahoradelcampo.com.uy\/site\/category\/actualidad\/"},"img":{"alt_text":"","src":"https:\/\/i0.wp.com\/lahoradelcampo.com.uy\/site\/wp-content\/uploads\/2024\/04\/Daniel-Salada.jpg?fit=880%2C440&ssl=1&resize=350%2C200","width":350,"height":200,"srcset":"https:\/\/i0.wp.com\/lahoradelcampo.com.uy\/site\/wp-content\/uploads\/2024\/04\/Daniel-Salada.jpg?fit=880%2C440&ssl=1&resize=350%2C200 1x, https:\/\/i0.wp.com\/lahoradelcampo.com.uy\/site\/wp-content\/uploads\/2024\/04\/Daniel-Salada.jpg?fit=880%2C440&ssl=1&resize=525%2C300 1.5x, https:\/\/i0.wp.com\/lahoradelcampo.com.uy\/site\/wp-content\/uploads\/2024\/04\/Daniel-Salada.jpg?fit=880%2C440&ssl=1&resize=700%2C400 2x"},"classes":[]},{"id":21358,"url":"https:\/\/lahoradelcampo.com.uy\/site\/laboratorio-de-udelar-se-instalara-en-artigas-para-el-estudio-de-la-garrapata\/","url_meta":{"origin":33042,"position":5},"title":"Laboratorio de Udelar se instalar\u00e1 en Artigas para el estudio de la garrapata","author":"La Hora del Campo","date":"29 junio, 2020","format":false,"excerpt":"Artigas contar\u00e1 con un laboratorio de la Universidad de la Rep\u00fablica para el estudio de la garrapata de ganado en la regi\u00f3n. El pasado jueves el Consejo del Centro Universitario Regional (Cenur) Litoral Norte aprob\u00f3 por unanimidad la instalaci\u00f3n del \u201cLaboratorio de estudios de sensibilidad a acaricidas en la garrapata\u2026","rel":"","context":"En \u00abActualidad\u00bb","block_context":{"text":"Actualidad","link":"https:\/\/lahoradelcampo.com.uy\/site\/category\/actualidad\/"},"img":{"alt_text":"","src":"https:\/\/i0.wp.com\/lahoradelcampo.com.uy\/site\/wp-content\/uploads\/2020\/06\/garrapataweb.jpg?fit=880%2C440&ssl=1&resize=350%2C200","width":350,"height":200,"srcset":"https:\/\/i0.wp.com\/lahoradelcampo.com.uy\/site\/wp-content\/uploads\/2020\/06\/garrapataweb.jpg?fit=880%2C440&ssl=1&resize=350%2C200 1x, https:\/\/i0.wp.com\/lahoradelcampo.com.uy\/site\/wp-content\/uploads\/2020\/06\/garrapataweb.jpg?fit=880%2C440&ssl=1&resize=525%2C300 1.5x, https:\/\/i0.wp.com\/lahoradelcampo.com.uy\/site\/wp-content\/uploads\/2020\/06\/garrapataweb.jpg?fit=880%2C440&ssl=1&resize=700%2C400 2x"},"classes":[]}],"jetpack_likes_enabled":true,"_links":{"self":[{"href":"https:\/\/lahoradelcampo.com.uy\/site\/wp-json\/wp\/v2\/posts\/33042","targetHints":{"allow":["GET"]}}],"collection":[{"href":"https:\/\/lahoradelcampo.com.uy\/site\/wp-json\/wp\/v2\/posts"}],"about":[{"href":"https:\/\/lahoradelcampo.com.uy\/site\/wp-json\/wp\/v2\/types\/post"}],"author":[{"embeddable":true,"href":"https:\/\/lahoradelcampo.com.uy\/site\/wp-json\/wp\/v2\/users\/5"}],"replies":[{"embeddable":true,"href":"https:\/\/lahoradelcampo.com.uy\/site\/wp-json\/wp\/v2\/comments?post=33042"}],"version-history":[{"count":1,"href":"https:\/\/lahoradelcampo.com.uy\/site\/wp-json\/wp\/v2\/posts\/33042\/revisions"}],"predecessor-version":[{"id":33046,"href":"https:\/\/lahoradelcampo.com.uy\/site\/wp-json\/wp\/v2\/posts\/33042\/revisions\/33046"}],"wp:featuredmedia":[{"embeddable":true,"href":"https:\/\/lahoradelcampo.com.uy\/site\/wp-json\/wp\/v2\/media\/33044"}],"wp:attachment":[{"href":"https:\/\/lahoradelcampo.com.uy\/site\/wp-json\/wp\/v2\/media?parent=33042"}],"wp:term":[{"taxonomy":"category","embeddable":true,"href":"https:\/\/lahoradelcampo.com.uy\/site\/wp-json\/wp\/v2\/categories?post=33042"},{"taxonomy":"post_tag","embeddable":true,"href":"https:\/\/lahoradelcampo.com.uy\/site\/wp-json\/wp\/v2\/tags?post=33042"}],"curies":[{"name":"wp","href":"https:\/\/api.w.org\/{rel}","templated":true}]}}