{"id":33038,"date":"2021-08-13T07:18:59","date_gmt":"2021-08-13T10:18:59","guid":{"rendered":"http:\/\/lahoradelcampo.com.uy\/site\/?p=33038"},"modified":"2021-08-13T07:19:04","modified_gmt":"2021-08-13T10:19:04","slug":"semana-sin-operaciones-y-pocos-negocios-durante-el-receso","status":"publish","type":"post","link":"https:\/\/lahoradelcampo.com.uy\/site\/semana-sin-operaciones-y-pocos-negocios-durante-el-receso\/","title":{"rendered":"Semana sin operaciones y pocos negocios durante el receso"},"content":{"rendered":"\n<figure class=\"wp-block-image\"><img data-recalc-dims=\"1\" loading=\"lazy\" decoding=\"async\" width=\"810\" height=\"405\" data-attachment-id=\"30944\" data-permalink=\"https:\/\/lahoradelcampo.com.uy\/site\/tras-negocios-puntuales-productores-esperan-mejores-precios-para-vender\/lanauruguay\/\" data-orig-file=\"https:\/\/i0.wp.com\/lahoradelcampo.com.uy\/site\/wp-content\/uploads\/2021\/06\/lanauruguay.jpg?fit=880%2C440&amp;ssl=1\" data-orig-size=\"880,440\" data-comments-opened=\"1\" data-image-meta=\"{&quot;aperture&quot;:&quot;0&quot;,&quot;credit&quot;:&quot;&quot;,&quot;camera&quot;:&quot;&quot;,&quot;caption&quot;:&quot;&quot;,&quot;created_timestamp&quot;:&quot;0&quot;,&quot;copyright&quot;:&quot;&quot;,&quot;focal_length&quot;:&quot;0&quot;,&quot;iso&quot;:&quot;0&quot;,&quot;shutter_speed&quot;:&quot;0&quot;,&quot;title&quot;:&quot;&quot;,&quot;orientation&quot;:&quot;1&quot;}\" data-image-title=\"lanauruguay\" data-image-description=\"\" data-image-caption=\"\" data-large-file=\"https:\/\/i0.wp.com\/lahoradelcampo.com.uy\/site\/wp-content\/uploads\/2021\/06\/lanauruguay.jpg?fit=810%2C405&amp;ssl=1\" src=\"https:\/\/i0.wp.com\/lahoradelcampo.com.uy\/site\/wp-content\/uploads\/2021\/06\/lanauruguay.jpg?resize=810%2C405\" alt=\"\" class=\"wp-image-30944\" srcset=\"https:\/\/i0.wp.com\/lahoradelcampo.com.uy\/site\/wp-content\/uploads\/2021\/06\/lanauruguay.jpg?w=880&amp;ssl=1 880w, https:\/\/i0.wp.com\/lahoradelcampo.com.uy\/site\/wp-content\/uploads\/2021\/06\/lanauruguay.jpg?resize=300%2C150&amp;ssl=1 300w, https:\/\/i0.wp.com\/lahoradelcampo.com.uy\/site\/wp-content\/uploads\/2021\/06\/lanauruguay.jpg?resize=768%2C384&amp;ssl=1 768w, https:\/\/i0.wp.com\/lahoradelcampo.com.uy\/site\/wp-content\/uploads\/2021\/06\/lanauruguay.jpg?resize=820%2C410&amp;ssl=1 820w\" sizes=\"auto, (max-width: 810px) 100vw, 810px\" \/><\/figure>\n\n\n\n<p>Durante el per\u00edodo de receso de invierno, el mercado lanero a nivel interno registr\u00f3 muy pocas operativas y enfocadas en lanas merino. <br><\/p>\n\n\n\n<p>En esas tres semanas de inactividad a nivel internacional, la Uni\u00f3n de Consignatarios y Rematadores de Lanas del Uruguay (UCRLU) presentaron dos negocios en sus planillas semanales. El primero fue para un lote de 21 a 21,9 micras, acondicionado grifa verde con certificaci\u00f3n org\u00e1nica en US$ 6,90 el kilogramo de vell\u00f3n y US$ 1,00 los subproductos, en tanto que la pasada semana se inform\u00f3 un lote de 23 a 23,9 micras, con acondicionamiento grifa verde, pero con certificaci\u00f3n RWS, que cotiz\u00f3 a US$ 6,00 el vell\u00f3n y US$ 1,00 los subproductos. <br><\/p>\n\n\n\n<p>En ese mismo per\u00edodo en el litoral norte del pa\u00eds se concret\u00f3 la colocaci\u00f3n la pasada semana de un lote de 25.000 kilos de lana de 20,3 micras, acondicionado grifa verde y con certificaci\u00f3n RWS a US$ 6,70 el kilogramo de vell\u00f3n y US$ 1,00 los subproductos. Este negocio se realiz\u00f3 con destino a la industria topista. <br><\/p>\n\n\n\n<p>Durante la presente semana no se han registrado negocios a nivel de los operadores consultados por Faxlana, si bien se ha confirmado que muy t\u00edmidamente ha llegado alguna consulta desde el exterior por lanas merino de 19 micras, aunque la baja de precios de esta semana a nivel internacional enfri\u00f3 el mercado. <br><\/p>\n\n\n\n<p>La UCRLU esta semana informa de un negocio de lanas de 23 a 23,9 micras, acondicionado grifa verde, en US$ 6,00 el kilogramo de vell\u00f3n y US$ 1,00 los subproductos. <\/p>\n\n\n\n<p>Salto, 13 de agosto de 2021<\/p>\n","protected":false},"excerpt":{"rendered":"<p>Durante el per\u00edodo de receso de invierno, el mercado lanero a nivel interno registr\u00f3 muy pocas operativas y enfocadas en lanas merino. En esas tres semanas de inactividad a nivel [&hellip;]<\/p>\n","protected":false},"author":5,"featured_media":30944,"comment_status":"open","ping_status":"open","sticky":false,"template":"","format":"standard","meta":{"_price":"","_stock":"","_tribe_ticket_header":"","_tribe_default_ticket_provider":"","_tribe_ticket_capacity":"0","_ticket_start_date":"","_ticket_end_date":"","_tribe_ticket_show_description":"","_tribe_ticket_show_not_going":false,"_tribe_ticket_use_global_stock":"","_tribe_ticket_global_stock_level":"","_global_stock_mode":"","_global_stock_cap":"","_tribe_rsvp_for_event":"","_tribe_ticket_going_count":"","_tribe_ticket_not_going_count":"","_tribe_tickets_list":"[]","_tribe_ticket_has_attendee_info_fields":false,"h5ap_radio_sources":[],"_jetpack_newsletter_access":"","_jetpack_dont_email_post_to_subs":false,"_jetpack_newsletter_tier_id":0,"_jetpack_memberships_contains_paywalled_content":false,"_jetpack_memberships_contains_paid_content":false,"footnotes":""},"categories":[21,13],"tags":[],"class_list":["post-33038","post","type-post","status-publish","format-standard","has-post-thumbnail","hentry","category-actualidad","category-ovinos"],"jetpack_featured_media_url":"https:\/\/i0.wp.com\/lahoradelcampo.com.uy\/site\/wp-content\/uploads\/2021\/06\/lanauruguay.jpg?fit=880%2C440&ssl=1","jetpack_sharing_enabled":true,"jetpack_shortlink":"https:\/\/wp.me\/p99IaT-8AS","jetpack-related-posts":[{"id":47637,"url":"https:\/\/lahoradelcampo.com.uy\/site\/interesante-operativa-en-lanas-merino-e-ideal-en-el-mercado-interno\/","url_meta":{"origin":33038,"position":0},"title":"Interesante operativa en lanas Merino e Ideal en el mercado interno","author":"La Hora del Campo","date":"17 diciembre, 2022","format":false,"excerpt":"En el transcurso de la pasada semana y principalmente en las \u00faltimas horas del jueves, se dieron a conocer varios negocios de lanas, principalmente en el rango de las lanas merinas, donde se alcanzaron valores de destaque, con una referencia de 10 d\u00f3lares para un lote de 17,7 micras en\u2026","rel":"","context":"En \u00abActualidad\u00bb","block_context":{"text":"Actualidad","link":"https:\/\/lahoradelcampo.com.uy\/site\/category\/actualidad\/"},"img":{"alt_text":"","src":"https:\/\/i0.wp.com\/lahoradelcampo.com.uy\/site\/wp-content\/uploads\/2018\/05\/lana-2.jpg?fit=880%2C440&ssl=1&resize=350%2C200","width":350,"height":200,"srcset":"https:\/\/i0.wp.com\/lahoradelcampo.com.uy\/site\/wp-content\/uploads\/2018\/05\/lana-2.jpg?fit=880%2C440&ssl=1&resize=350%2C200 1x, https:\/\/i0.wp.com\/lahoradelcampo.com.uy\/site\/wp-content\/uploads\/2018\/05\/lana-2.jpg?fit=880%2C440&ssl=1&resize=525%2C300 1.5x, https:\/\/i0.wp.com\/lahoradelcampo.com.uy\/site\/wp-content\/uploads\/2018\/05\/lana-2.jpg?fit=880%2C440&ssl=1&resize=700%2C400 2x"},"classes":[]},{"id":56796,"url":"https:\/\/lahoradelcampo.com.uy\/site\/el-mercado-lanero-interno-sigue-firme-y-con-demanda-en-todos-los-micronajes\/","url_meta":{"origin":33038,"position":1},"title":"El mercado lanero interno sigue firme y con demanda en todos los micronajes","author":"La Hora del Campo","date":"13 septiembre, 2025","format":false,"excerpt":"En las dos \u00faltimas semanas el mercado lanero interno se ha movilizado de forma importante, pero con reserva en la informaci\u00f3n. El pasado viernes le inform\u00e1bamos algunos lotes, y se\u00f1alamos que exist\u00edan varios negocios que se ir\u00edan confirmando el d\u00eda viernes, lo que fue sucediendo por lo que el lunes\u2026","rel":"","context":"En \u00abActualidad\u00bb","block_context":{"text":"Actualidad","link":"https:\/\/lahoradelcampo.com.uy\/site\/category\/actualidad\/"},"img":{"alt_text":"","src":"https:\/\/i0.wp.com\/lahoradelcampo.com.uy\/site\/wp-content\/uploads\/2025\/09\/Lanassemana.jpg?fit=880%2C440&ssl=1&resize=350%2C200","width":350,"height":200,"srcset":"https:\/\/i0.wp.com\/lahoradelcampo.com.uy\/site\/wp-content\/uploads\/2025\/09\/Lanassemana.jpg?fit=880%2C440&ssl=1&resize=350%2C200 1x, https:\/\/i0.wp.com\/lahoradelcampo.com.uy\/site\/wp-content\/uploads\/2025\/09\/Lanassemana.jpg?fit=880%2C440&ssl=1&resize=525%2C300 1.5x, https:\/\/i0.wp.com\/lahoradelcampo.com.uy\/site\/wp-content\/uploads\/2025\/09\/Lanassemana.jpg?fit=880%2C440&ssl=1&resize=700%2C400 2x"},"classes":[]},{"id":56990,"url":"https:\/\/lahoradelcampo.com.uy\/site\/mas-negocios-de-lanas-esta-semana-con-lotes-muy-finos-cerca-de-us-10\/","url_meta":{"origin":33038,"position":2},"title":"M\u00e1s negocios de lanas esta semana, con lotes muy finos cerca de US$ 10","author":"La Hora del Campo","date":"3 octubre, 2025","format":false,"excerpt":"El mercado lanero interno tuvo una semana de menos a m\u00e1s, en una semana muy activa, con negocios que arrancaron el lunes por esta zona norte del pa\u00eds, donde el posicionamiento de la oferta es diferente. Por un lado, quienes esperan los resultados de los coreos para vender, quienes a\u00fan\u2026","rel":"","context":"En \u00abActualidad\u00bb","block_context":{"text":"Actualidad","link":"https:\/\/lahoradelcampo.com.uy\/site\/category\/actualidad\/"},"img":{"alt_text":"","src":"https:\/\/i0.wp.com\/lahoradelcampo.com.uy\/site\/wp-content\/uploads\/2023\/02\/Lana-uruguaya.jpg?fit=880%2C440&ssl=1&resize=350%2C200","width":350,"height":200,"srcset":"https:\/\/i0.wp.com\/lahoradelcampo.com.uy\/site\/wp-content\/uploads\/2023\/02\/Lana-uruguaya.jpg?fit=880%2C440&ssl=1&resize=350%2C200 1x, https:\/\/i0.wp.com\/lahoradelcampo.com.uy\/site\/wp-content\/uploads\/2023\/02\/Lana-uruguaya.jpg?fit=880%2C440&ssl=1&resize=525%2C300 1.5x, https:\/\/i0.wp.com\/lahoradelcampo.com.uy\/site\/wp-content\/uploads\/2023\/02\/Lana-uruguaya.jpg?fit=880%2C440&ssl=1&resize=700%2C400 2x"},"classes":[]},{"id":48677,"url":"https:\/\/lahoradelcampo.com.uy\/site\/el-mercado-interno-con-buena-demanda-y-enfocado-en-lanas-finas\/","url_meta":{"origin":33038,"position":3},"title":"El mercado interno con buena demanda y enfocado en lanas finas","author":"La Hora del Campo","date":"10 febrero, 2023","format":false,"excerpt":"El mercado lanero a nivel interno, se encuentra con varias operativas esta semana, a pesar que existen muchos negocios planteados en los \u00faltimos d\u00edas donde las aspiraciones de los productores est\u00e1n distantes de los valores propuestos por la demanda. La mayor parte de los negocios que se han recabado esta\u2026","rel":"","context":"En \u00abActualidad\u00bb","block_context":{"text":"Actualidad","link":"https:\/\/lahoradelcampo.com.uy\/site\/category\/actualidad\/"},"img":{"alt_text":"","src":"https:\/\/i0.wp.com\/lahoradelcampo.com.uy\/site\/wp-content\/uploads\/2017\/10\/Lanas-australia-1.jpg?fit=880%2C440&ssl=1&resize=350%2C200","width":350,"height":200,"srcset":"https:\/\/i0.wp.com\/lahoradelcampo.com.uy\/site\/wp-content\/uploads\/2017\/10\/Lanas-australia-1.jpg?fit=880%2C440&ssl=1&resize=350%2C200 1x, https:\/\/i0.wp.com\/lahoradelcampo.com.uy\/site\/wp-content\/uploads\/2017\/10\/Lanas-australia-1.jpg?fit=880%2C440&ssl=1&resize=525%2C300 1.5x, https:\/\/i0.wp.com\/lahoradelcampo.com.uy\/site\/wp-content\/uploads\/2017\/10\/Lanas-australia-1.jpg?fit=880%2C440&ssl=1&resize=700%2C400 2x"},"classes":[]},{"id":54855,"url":"https:\/\/lahoradelcampo.com.uy\/site\/en-uruguay-la-exportacion-tracciona-el-mercado-para-las-lanas-finas\/","url_meta":{"origin":33038,"position":4},"title":"En Uruguay, la exportaci\u00f3n tracciona el mercado para las lanas finas","author":"La Hora del Campo","date":"11 octubre, 2024","format":false,"excerpt":"A nivel del mercado interno, el comportamiento de las industrias topistas es dispar, algunas mantienen un ritmo de compra con precios que est\u00e1n dentro de un rango bastante constante en los \u00faltimos meses, mientras que otras entran y salen del mercado de forma puntual, por negocios especiales y en su\u2026","rel":"","context":"En \u00abActualidad\u00bb","block_context":{"text":"Actualidad","link":"https:\/\/lahoradelcampo.com.uy\/site\/category\/actualidad\/"},"img":{"alt_text":"","src":"https:\/\/i0.wp.com\/lahoradelcampo.com.uy\/site\/wp-content\/uploads\/2023\/06\/Lana-uruguay3.jpg?fit=880%2C440&ssl=1&resize=350%2C200","width":350,"height":200,"srcset":"https:\/\/i0.wp.com\/lahoradelcampo.com.uy\/site\/wp-content\/uploads\/2023\/06\/Lana-uruguay3.jpg?fit=880%2C440&ssl=1&resize=350%2C200 1x, https:\/\/i0.wp.com\/lahoradelcampo.com.uy\/site\/wp-content\/uploads\/2023\/06\/Lana-uruguay3.jpg?fit=880%2C440&ssl=1&resize=525%2C300 1.5x, https:\/\/i0.wp.com\/lahoradelcampo.com.uy\/site\/wp-content\/uploads\/2023\/06\/Lana-uruguay3.jpg?fit=880%2C440&ssl=1&resize=700%2C400 2x"},"classes":[]},{"id":48511,"url":"https:\/\/lahoradelcampo.com.uy\/site\/hay-una-mayor-disposicion-de-la-demanda-por-negocios-en-lanas-finas\/","url_meta":{"origin":33038,"position":5},"title":"Hay una mayor disposici\u00f3n de la demanda por negocios en lanas finas","author":"La Hora del Campo","date":"6 febrero, 2023","format":false,"excerpt":"El mercado lanero ha tenido varias operativas concretadas en las \u00faltimas semanas, con lanas que llegaron a superar los US$ 11,00, en tanto que las lanas por encima de las 20 micras tienen un menor nivel de agilidad para concretarse las operaciones y sobre las 25 micras el mercado tiene\u2026","rel":"","context":"En \u00abActualidad\u00bb","block_context":{"text":"Actualidad","link":"https:\/\/lahoradelcampo.com.uy\/site\/category\/actualidad\/"},"img":{"alt_text":"","src":"https:\/\/i0.wp.com\/lahoradelcampo.com.uy\/site\/wp-content\/uploads\/2023\/02\/Lana-uruguaya.jpg?fit=880%2C440&ssl=1&resize=350%2C200","width":350,"height":200,"srcset":"https:\/\/i0.wp.com\/lahoradelcampo.com.uy\/site\/wp-content\/uploads\/2023\/02\/Lana-uruguaya.jpg?fit=880%2C440&ssl=1&resize=350%2C200 1x, https:\/\/i0.wp.com\/lahoradelcampo.com.uy\/site\/wp-content\/uploads\/2023\/02\/Lana-uruguaya.jpg?fit=880%2C440&ssl=1&resize=525%2C300 1.5x, https:\/\/i0.wp.com\/lahoradelcampo.com.uy\/site\/wp-content\/uploads\/2023\/02\/Lana-uruguaya.jpg?fit=880%2C440&ssl=1&resize=700%2C400 2x"},"classes":[]}],"jetpack_likes_enabled":true,"_links":{"self":[{"href":"https:\/\/lahoradelcampo.com.uy\/site\/wp-json\/wp\/v2\/posts\/33038","targetHints":{"allow":["GET"]}}],"collection":[{"href":"https:\/\/lahoradelcampo.com.uy\/site\/wp-json\/wp\/v2\/posts"}],"about":[{"href":"https:\/\/lahoradelcampo.com.uy\/site\/wp-json\/wp\/v2\/types\/post"}],"author":[{"embeddable":true,"href":"https:\/\/lahoradelcampo.com.uy\/site\/wp-json\/wp\/v2\/users\/5"}],"replies":[{"embeddable":true,"href":"https:\/\/lahoradelcampo.com.uy\/site\/wp-json\/wp\/v2\/comments?post=33038"}],"version-history":[{"count":1,"href":"https:\/\/lahoradelcampo.com.uy\/site\/wp-json\/wp\/v2\/posts\/33038\/revisions"}],"predecessor-version":[{"id":33040,"href":"https:\/\/lahoradelcampo.com.uy\/site\/wp-json\/wp\/v2\/posts\/33038\/revisions\/33040"}],"wp:featuredmedia":[{"embeddable":true,"href":"https:\/\/lahoradelcampo.com.uy\/site\/wp-json\/wp\/v2\/media\/30944"}],"wp:attachment":[{"href":"https:\/\/lahoradelcampo.com.uy\/site\/wp-json\/wp\/v2\/media?parent=33038"}],"wp:term":[{"taxonomy":"category","embeddable":true,"href":"https:\/\/lahoradelcampo.com.uy\/site\/wp-json\/wp\/v2\/categories?post=33038"},{"taxonomy":"post_tag","embeddable":true,"href":"https:\/\/lahoradelcampo.com.uy\/site\/wp-json\/wp\/v2\/tags?post=33038"}],"curies":[{"name":"wp","href":"https:\/\/api.w.org\/{rel}","templated":true}]}}