{"id":33034,"date":"2021-08-13T07:15:02","date_gmt":"2021-08-13T10:15:02","guid":{"rendered":"http:\/\/lahoradelcampo.com.uy\/site\/?p=33034"},"modified":"2021-08-13T07:15:07","modified_gmt":"2021-08-13T10:15:07","slug":"el-ime-cayo-525-tras-el-retorno-a-las-ventas","status":"publish","type":"post","link":"https:\/\/lahoradelcampo.com.uy\/site\/el-ime-cayo-525-tras-el-retorno-a-las-ventas\/","title":{"rendered":"El IME cay\u00f3 5,25% tras el retorno a las ventas"},"content":{"rendered":"\n<figure class=\"wp-block-image\"><img data-recalc-dims=\"1\" loading=\"lazy\" decoding=\"async\" width=\"810\" height=\"405\" data-attachment-id=\"11359\" data-permalink=\"https:\/\/lahoradelcampo.com.uy\/site\/mayo-cerro-con-el-ime-recuperandose-luego-de-una-fuerte-baja\/lanas-australia-a\/\" data-orig-file=\"https:\/\/i0.wp.com\/lahoradelcampo.com.uy\/site\/wp-content\/uploads\/2019\/05\/lanas-australia-a.jpg?fit=880%2C440&amp;ssl=1\" data-orig-size=\"880,440\" data-comments-opened=\"1\" data-image-meta=\"{&quot;aperture&quot;:&quot;0&quot;,&quot;credit&quot;:&quot;&quot;,&quot;camera&quot;:&quot;&quot;,&quot;caption&quot;:&quot;&quot;,&quot;created_timestamp&quot;:&quot;0&quot;,&quot;copyright&quot;:&quot;&quot;,&quot;focal_length&quot;:&quot;0&quot;,&quot;iso&quot;:&quot;0&quot;,&quot;shutter_speed&quot;:&quot;0&quot;,&quot;title&quot;:&quot;&quot;,&quot;orientation&quot;:&quot;1&quot;}\" data-image-title=\"lanas australia a\" data-image-description=\"\" data-image-caption=\"\" data-large-file=\"https:\/\/i0.wp.com\/lahoradelcampo.com.uy\/site\/wp-content\/uploads\/2019\/05\/lanas-australia-a.jpg?fit=810%2C405&amp;ssl=1\" src=\"https:\/\/i0.wp.com\/lahoradelcampo.com.uy\/site\/wp-content\/uploads\/2019\/05\/lanas-australia-a.jpg?resize=810%2C405\" alt=\"\" class=\"wp-image-11359\" srcset=\"https:\/\/i0.wp.com\/lahoradelcampo.com.uy\/site\/wp-content\/uploads\/2019\/05\/lanas-australia-a.jpg?w=880&amp;ssl=1 880w, https:\/\/i0.wp.com\/lahoradelcampo.com.uy\/site\/wp-content\/uploads\/2019\/05\/lanas-australia-a.jpg?resize=300%2C150&amp;ssl=1 300w, https:\/\/i0.wp.com\/lahoradelcampo.com.uy\/site\/wp-content\/uploads\/2019\/05\/lanas-australia-a.jpg?resize=768%2C384&amp;ssl=1 768w, https:\/\/i0.wp.com\/lahoradelcampo.com.uy\/site\/wp-content\/uploads\/2019\/05\/lanas-australia-a.jpg?resize=820%2C410&amp;ssl=1 820w\" sizes=\"auto, (max-width: 810px) 100vw, 810px\" \/><\/figure>\n\n\n\n<p>Cerr\u00f3 la primera semana tras el receso de invierno con un mercado fuertemente dominado por el retiro de la oferta previo a las ventas y el alto volumen de lanas merino que pasaron sin comercializarse debido a las reservas de precios planteadas por los productores australianos. A esto se le suma el lento retorno de los operadores luego del verano europeo y las problem\u00e1ticas que est\u00e1 generando la variante Delta del Covid-19, en China, Europa y tambi\u00e9n en Australia.<br><\/p>\n\n\n\n<p>La oferta anunciada durante el receso marcaba un aumento de la oferta que superaba los 56.000 fardos, sin embargo se presentaron poco m\u00e1s de 53.000 fardos y entraron a las salas de subastas solamente 49.181 fardos. Lo particular de esta oferta, que es la mayor para el retorno luego del receso invernal desde la zafra 2018-2019, es que este volumen es apenas 0,8% superior a lo ofertado en la segunda semana de la zafra, previo al receso.<br><\/p>\n\n\n\n<p>Las ventas se vieron disminuidas en el caso de las lanas merinas, donde la oferta fue de 25.914 fardos, pero se coloc\u00f3 \u00fanicamente el 60,3%. Luego de la fuerte ca\u00edda el primer d\u00eda de ventas, el productor australiano retiro un mayor volumen y trato de sostener los valores con reservas de precios superiores a lo propuesto por la demanda, lo que gener\u00f3 subas en algunos micronajes durante las dos \u00faltimas jornadas de ventas.  <br><\/p>\n\n\n\n<p>El IME cotiz\u00f3 a 13,72 d\u00f3lares australianos por kilogramo base limpia, perdiendo un 3,9%, es decir 56 centavos, ante el pasado mi\u00e9rcoles 14 de julio.  Mientras que en la moneda norteamericana el indicador cotiz\u00f3 a US$ 10,10, bajando en la semana un 5,25%.<br><\/p>\n\n\n\n<p>Durante los d\u00edas martes 17 y mi\u00e9rcoles 18 se realizar\u00e1n las ventas de la pr\u00f3xima semana con una oferta inscripta de 41.284 fardos. Durante los d\u00edas martes y mi\u00e9rcoles se comercializar\u00e1 en Melbourne y Sidney, mientras que Fremantle comercializar\u00e1 \u00fanicamente el d\u00eda martes. <\/p>\n\n\n\n<p>Salto, 13 de agosto de 2021<\/p>\n","protected":false},"excerpt":{"rendered":"<p>Cerr\u00f3 la primera semana tras el receso de invierno con un mercado fuertemente dominado por el retiro de la oferta previo a las ventas y el alto volumen de lanas [&hellip;]<\/p>\n","protected":false},"author":5,"featured_media":11359,"comment_status":"open","ping_status":"open","sticky":false,"template":"","format":"standard","meta":{"_price":"","_stock":"","_tribe_ticket_header":"","_tribe_default_ticket_provider":"","_tribe_ticket_capacity":"0","_ticket_start_date":"","_ticket_end_date":"","_tribe_ticket_show_description":"","_tribe_ticket_show_not_going":false,"_tribe_ticket_use_global_stock":"","_tribe_ticket_global_stock_level":"","_global_stock_mode":"","_global_stock_cap":"","_tribe_rsvp_for_event":"","_tribe_ticket_going_count":"","_tribe_ticket_not_going_count":"","_tribe_tickets_list":"[]","_tribe_ticket_has_attendee_info_fields":false,"h5ap_radio_sources":[],"_jetpack_newsletter_access":"","_jetpack_dont_email_post_to_subs":false,"_jetpack_newsletter_tier_id":0,"_jetpack_memberships_contains_paywalled_content":false,"_jetpack_memberships_contains_paid_content":false,"footnotes":""},"categories":[21,13],"tags":[],"class_list":["post-33034","post","type-post","status-publish","format-standard","has-post-thumbnail","hentry","category-actualidad","category-ovinos"],"jetpack_featured_media_url":"https:\/\/i0.wp.com\/lahoradelcampo.com.uy\/site\/wp-content\/uploads\/2019\/05\/lanas-australia-a.jpg?fit=880%2C440&ssl=1","jetpack_sharing_enabled":true,"jetpack_shortlink":"https:\/\/wp.me\/p99IaT-8AO","jetpack-related-posts":[{"id":22386,"url":"https:\/\/lahoradelcampo.com.uy\/site\/fuerte-caida-del-ime-al-retorno-del-receso-invernal\/","url_meta":{"origin":33034,"position":0},"title":"Fuerte ca\u00edda del IME al retorno del receso invernal","author":"La Hora del Campo","date":"4 agosto, 2020","format":false,"excerpt":"El mercado lanero australiano retomo la actividad luego del receso invernal con un nuevo ajuste en las referencias del Indicador de Mercados del Este. La salida del receso se da tambi\u00e9n en pleno verano en el hemisferio norte y con la disputa comercial entre China y Estados Unidos en un\u2026","rel":"","context":"En \u00abActualidad\u00bb","block_context":{"text":"Actualidad","link":"https:\/\/lahoradelcampo.com.uy\/site\/category\/actualidad\/"},"img":{"alt_text":"","src":"https:\/\/i0.wp.com\/lahoradelcampo.com.uy\/site\/wp-content\/uploads\/2017\/10\/Lanas-australia-1.jpg?fit=880%2C440&ssl=1&resize=350%2C200","width":350,"height":200,"srcset":"https:\/\/i0.wp.com\/lahoradelcampo.com.uy\/site\/wp-content\/uploads\/2017\/10\/Lanas-australia-1.jpg?fit=880%2C440&ssl=1&resize=350%2C200 1x, https:\/\/i0.wp.com\/lahoradelcampo.com.uy\/site\/wp-content\/uploads\/2017\/10\/Lanas-australia-1.jpg?fit=880%2C440&ssl=1&resize=525%2C300 1.5x, https:\/\/i0.wp.com\/lahoradelcampo.com.uy\/site\/wp-content\/uploads\/2017\/10\/Lanas-australia-1.jpg?fit=880%2C440&ssl=1&resize=700%2C400 2x"},"classes":[]},{"id":16900,"url":"https:\/\/lahoradelcampo.com.uy\/site\/el-retorno-del-receso-dejo-un-sabor-agridulce-en-el-mercado-lanero\/","url_meta":{"origin":33034,"position":1},"title":"El retorno del receso dej\u00f3 un sabor agridulce en el mercado lanero","author":"La Hora del Campo","date":"17 enero, 2020","format":false,"excerpt":"Luego de un comienzo de la semana con una suba de 63 centavos en el Indicador de Mercados del Este (IME), el mercado se fue moderando y finaliz\u00f3 con una retracci\u00f3n en los valores 23 centavos el \u00faltimo d\u00eda de ventas. Si bien no deja de ser una semana positiva\u2026","rel":"","context":"En \u00abActualidad\u00bb","block_context":{"text":"Actualidad","link":"https:\/\/lahoradelcampo.com.uy\/site\/category\/actualidad\/"},"img":{"alt_text":"","src":"https:\/\/i0.wp.com\/lahoradelcampo.com.uy\/site\/wp-content\/uploads\/2017\/09\/Lanas-1.jpg?fit=880%2C440&ssl=1&resize=350%2C200","width":350,"height":200,"srcset":"https:\/\/i0.wp.com\/lahoradelcampo.com.uy\/site\/wp-content\/uploads\/2017\/09\/Lanas-1.jpg?fit=880%2C440&ssl=1&resize=350%2C200 1x, https:\/\/i0.wp.com\/lahoradelcampo.com.uy\/site\/wp-content\/uploads\/2017\/09\/Lanas-1.jpg?fit=880%2C440&ssl=1&resize=525%2C300 1.5x, https:\/\/i0.wp.com\/lahoradelcampo.com.uy\/site\/wp-content\/uploads\/2017\/09\/Lanas-1.jpg?fit=880%2C440&ssl=1&resize=700%2C400 2x"},"classes":[]},{"id":52180,"url":"https:\/\/lahoradelcampo.com.uy\/site\/el-tipo-de-cambio-presiono-el-ime-a-la-baja\/","url_meta":{"origin":33034,"position":2},"title":"El tipo de cambio presion\u00f3 el IME a la baja","author":"La Hora del Campo","date":"14 agosto, 2023","format":false,"excerpt":"Hasta la pasada semana, si se analizaba un posible comportamiento del indicador de mercados del este (IME) en base a la cotizaci\u00f3n de la moneda australiana frente al d\u00f3lar estadounidense, se pod\u00eda prever un mercado entre estable y al alza, sin embargo el d\u00eda lunes el gobierno australiano deval\u00fao su\u2026","rel":"","context":"En \u00abActualidad\u00bb","block_context":{"text":"Actualidad","link":"https:\/\/lahoradelcampo.com.uy\/site\/category\/actualidad\/"},"img":{"alt_text":"","src":"https:\/\/i0.wp.com\/lahoradelcampo.com.uy\/site\/wp-content\/uploads\/2018\/03\/Lanaa.jpg?fit=880%2C440&ssl=1&resize=350%2C200","width":350,"height":200,"srcset":"https:\/\/i0.wp.com\/lahoradelcampo.com.uy\/site\/wp-content\/uploads\/2018\/03\/Lanaa.jpg?fit=880%2C440&ssl=1&resize=350%2C200 1x, https:\/\/i0.wp.com\/lahoradelcampo.com.uy\/site\/wp-content\/uploads\/2018\/03\/Lanaa.jpg?fit=880%2C440&ssl=1&resize=525%2C300 1.5x, https:\/\/i0.wp.com\/lahoradelcampo.com.uy\/site\/wp-content\/uploads\/2018\/03\/Lanaa.jpg?fit=880%2C440&ssl=1&resize=700%2C400 2x"},"classes":[]},{"id":53708,"url":"https:\/\/lahoradelcampo.com.uy\/site\/con-aumento-de-la-oferta-se-retoma-las-ventas-de-lanas-en-australia\/","url_meta":{"origin":33034,"position":3},"title":"Con aumento de la oferta, se retoma las ventas de lanas en Australia","author":"La Hora del Campo","date":"5 abril, 2024","format":false,"excerpt":"Luego de un mes de bajas en el indicador y el tradicional receso de Pascuas en el mercado lanero australiano, los tres centros de ventas volver\u00e1n a estar activos la pr\u00f3xima semana, pero con un incremento en la oferta pre-inscripta, que seg\u00fan Australian Wool Exchange (Awex) superar\u00e1 los 53.000 fardos.\u2026","rel":"","context":"En \u00abActualidad\u00bb","block_context":{"text":"Actualidad","link":"https:\/\/lahoradelcampo.com.uy\/site\/category\/actualidad\/"},"img":{"alt_text":"","src":"https:\/\/i0.wp.com\/lahoradelcampo.com.uy\/site\/wp-content\/uploads\/2017\/11\/lanas.jpg?fit=880%2C440&ssl=1&resize=350%2C200","width":350,"height":200,"srcset":"https:\/\/i0.wp.com\/lahoradelcampo.com.uy\/site\/wp-content\/uploads\/2017\/11\/lanas.jpg?fit=880%2C440&ssl=1&resize=350%2C200 1x, https:\/\/i0.wp.com\/lahoradelcampo.com.uy\/site\/wp-content\/uploads\/2017\/11\/lanas.jpg?fit=880%2C440&ssl=1&resize=525%2C300 1.5x, https:\/\/i0.wp.com\/lahoradelcampo.com.uy\/site\/wp-content\/uploads\/2017\/11\/lanas.jpg?fit=880%2C440&ssl=1&resize=700%2C400 2x"},"classes":[]},{"id":32802,"url":"https:\/\/lahoradelcampo.com.uy\/site\/el-aumento-de-la-oferta-preocupa-en-el-mercado-lanero-australiano\/","url_meta":{"origin":33034,"position":4},"title":"El aumento de la oferta preocupa en el mercado lanero australiano","author":"La Hora del Campo","date":"6 agosto, 2021","format":false,"excerpt":"La pr\u00f3xima semana Australia retoma las subastas en los tres centros de ventas, luego de tres semanas del tradicional receso de invierno, y algunas de las principales variables del mercado est\u00e1n generando cierta preocupaci\u00f3n sobre la reacci\u00f3n de la demanda al retorno de la operativa comercial. Recordemos que el Indicador\u2026","rel":"","context":"En \u00abActualidad\u00bb","block_context":{"text":"Actualidad","link":"https:\/\/lahoradelcampo.com.uy\/site\/category\/actualidad\/"},"img":{"alt_text":"","src":"https:\/\/i0.wp.com\/lahoradelcampo.com.uy\/site\/wp-content\/uploads\/2019\/06\/Lana-australia-1.jpg?fit=880%2C440&ssl=1&resize=350%2C200","width":350,"height":200,"srcset":"https:\/\/i0.wp.com\/lahoradelcampo.com.uy\/site\/wp-content\/uploads\/2019\/06\/Lana-australia-1.jpg?fit=880%2C440&ssl=1&resize=350%2C200 1x, https:\/\/i0.wp.com\/lahoradelcampo.com.uy\/site\/wp-content\/uploads\/2019\/06\/Lana-australia-1.jpg?fit=880%2C440&ssl=1&resize=525%2C300 1.5x, https:\/\/i0.wp.com\/lahoradelcampo.com.uy\/site\/wp-content\/uploads\/2019\/06\/Lana-australia-1.jpg?fit=880%2C440&ssl=1&resize=700%2C400 2x"},"classes":[]},{"id":44505,"url":"https:\/\/lahoradelcampo.com.uy\/site\/importante-volumen-en-la-oferta-para-el-retorno-del-mercado-lanero\/","url_meta":{"origin":33034,"position":5},"title":"Importante volumen en la oferta para el retorno del mercado lanero","author":"La Hora del Campo","date":"5 agosto, 2022","format":false,"excerpt":"Como es tradicional, la nueva zafra lanera realiz\u00f3 las dos primeras semanas de ventas en el mes de julio y posteriormente se fue al receso de tres semanas, retomando las actividades la pr\u00f3xima semana. En el arranque de la zafra, el mercado continu\u00f3 con la tendencia bajista que tra\u00eda en\u2026","rel":"","context":"En \u00abActualidad\u00bb","block_context":{"text":"Actualidad","link":"https:\/\/lahoradelcampo.com.uy\/site\/category\/actualidad\/"},"img":{"alt_text":"","src":"https:\/\/i0.wp.com\/lahoradelcampo.com.uy\/site\/wp-content\/uploads\/2022\/06\/lanas-australia.jpg?fit=880%2C440&ssl=1&resize=350%2C200","width":350,"height":200,"srcset":"https:\/\/i0.wp.com\/lahoradelcampo.com.uy\/site\/wp-content\/uploads\/2022\/06\/lanas-australia.jpg?fit=880%2C440&ssl=1&resize=350%2C200 1x, https:\/\/i0.wp.com\/lahoradelcampo.com.uy\/site\/wp-content\/uploads\/2022\/06\/lanas-australia.jpg?fit=880%2C440&ssl=1&resize=525%2C300 1.5x, https:\/\/i0.wp.com\/lahoradelcampo.com.uy\/site\/wp-content\/uploads\/2022\/06\/lanas-australia.jpg?fit=880%2C440&ssl=1&resize=700%2C400 2x"},"classes":[]}],"jetpack_likes_enabled":true,"_links":{"self":[{"href":"https:\/\/lahoradelcampo.com.uy\/site\/wp-json\/wp\/v2\/posts\/33034","targetHints":{"allow":["GET"]}}],"collection":[{"href":"https:\/\/lahoradelcampo.com.uy\/site\/wp-json\/wp\/v2\/posts"}],"about":[{"href":"https:\/\/lahoradelcampo.com.uy\/site\/wp-json\/wp\/v2\/types\/post"}],"author":[{"embeddable":true,"href":"https:\/\/lahoradelcampo.com.uy\/site\/wp-json\/wp\/v2\/users\/5"}],"replies":[{"embeddable":true,"href":"https:\/\/lahoradelcampo.com.uy\/site\/wp-json\/wp\/v2\/comments?post=33034"}],"version-history":[{"count":1,"href":"https:\/\/lahoradelcampo.com.uy\/site\/wp-json\/wp\/v2\/posts\/33034\/revisions"}],"predecessor-version":[{"id":33036,"href":"https:\/\/lahoradelcampo.com.uy\/site\/wp-json\/wp\/v2\/posts\/33034\/revisions\/33036"}],"wp:featuredmedia":[{"embeddable":true,"href":"https:\/\/lahoradelcampo.com.uy\/site\/wp-json\/wp\/v2\/media\/11359"}],"wp:attachment":[{"href":"https:\/\/lahoradelcampo.com.uy\/site\/wp-json\/wp\/v2\/media?parent=33034"}],"wp:term":[{"taxonomy":"category","embeddable":true,"href":"https:\/\/lahoradelcampo.com.uy\/site\/wp-json\/wp\/v2\/categories?post=33034"},{"taxonomy":"post_tag","embeddable":true,"href":"https:\/\/lahoradelcampo.com.uy\/site\/wp-json\/wp\/v2\/tags?post=33034"}],"curies":[{"name":"wp","href":"https:\/\/api.w.org\/{rel}","templated":true}]}}