{"id":33028,"date":"2021-08-13T07:12:52","date_gmt":"2021-08-13T10:12:52","guid":{"rendered":"http:\/\/lahoradelcampo.com.uy\/site\/?p=33028"},"modified":"2021-08-13T07:12:58","modified_gmt":"2021-08-13T10:12:58","slug":"mgap-planteo-plan-de-contingencia-ante-posible-llegada-del-hlb","status":"publish","type":"post","link":"https:\/\/lahoradelcampo.com.uy\/site\/mgap-planteo-plan-de-contingencia-ante-posible-llegada-del-hlb\/","title":{"rendered":"MGAP plante\u00f3 plan de contingencia ante posible llegada del HLB"},"content":{"rendered":"\n<figure class=\"wp-block-image\"><img data-recalc-dims=\"1\" loading=\"lazy\" decoding=\"async\" width=\"810\" height=\"405\" data-attachment-id=\"33030\" data-permalink=\"https:\/\/lahoradelcampo.com.uy\/site\/mgap-planteo-plan-de-contingencia-ante-posible-llegada-del-hlb\/oliveraymattos\/\" data-orig-file=\"https:\/\/i0.wp.com\/lahoradelcampo.com.uy\/site\/wp-content\/uploads\/2021\/08\/OLiveraymattos.jpg?fit=880%2C440&amp;ssl=1\" data-orig-size=\"880,440\" data-comments-opened=\"1\" data-image-meta=\"{&quot;aperture&quot;:&quot;0&quot;,&quot;credit&quot;:&quot;&quot;,&quot;camera&quot;:&quot;&quot;,&quot;caption&quot;:&quot;&quot;,&quot;created_timestamp&quot;:&quot;0&quot;,&quot;copyright&quot;:&quot;&quot;,&quot;focal_length&quot;:&quot;0&quot;,&quot;iso&quot;:&quot;0&quot;,&quot;shutter_speed&quot;:&quot;0&quot;,&quot;title&quot;:&quot;&quot;,&quot;orientation&quot;:&quot;1&quot;}\" data-image-title=\"OLiveraymattos\" data-image-description=\"\" data-image-caption=\"\" data-large-file=\"https:\/\/i0.wp.com\/lahoradelcampo.com.uy\/site\/wp-content\/uploads\/2021\/08\/OLiveraymattos.jpg?fit=810%2C405&amp;ssl=1\" src=\"https:\/\/i0.wp.com\/lahoradelcampo.com.uy\/site\/wp-content\/uploads\/2021\/08\/OLiveraymattos.jpg?resize=810%2C405\" alt=\"\" class=\"wp-image-33030\" srcset=\"https:\/\/i0.wp.com\/lahoradelcampo.com.uy\/site\/wp-content\/uploads\/2021\/08\/OLiveraymattos.jpg?w=880&amp;ssl=1 880w, https:\/\/i0.wp.com\/lahoradelcampo.com.uy\/site\/wp-content\/uploads\/2021\/08\/OLiveraymattos.jpg?resize=300%2C150&amp;ssl=1 300w, https:\/\/i0.wp.com\/lahoradelcampo.com.uy\/site\/wp-content\/uploads\/2021\/08\/OLiveraymattos.jpg?resize=768%2C384&amp;ssl=1 768w, https:\/\/i0.wp.com\/lahoradelcampo.com.uy\/site\/wp-content\/uploads\/2021\/08\/OLiveraymattos.jpg?resize=820%2C410&amp;ssl=1 820w\" sizes=\"auto, (max-width: 810px) 100vw, 810px\" \/><\/figure>\n\n\n\n<p>En la jornada de ayer se realiz\u00f3 una conferencia de prensa por parte del Ministerio de Ganader\u00eda, Agricultura y Pesca (MGAP) para informar las medidas de control adoptadas para prevenir el ingreso del HLB y la Peste Porcina Africana. En dicho encuentro el ministro de Ganader\u00eda, Agricultura y Pesca, Fernando Mattos enfatiz\u00f3 que ambas enfermedades pueden ingresar a trav\u00e9s de los humanos de manera involuntaria. <br><\/p>\n\n\n\n<p>\u201cSi se ingresan plantas de forma ilegal o productos de origen suino o se visitaron establecimientos afectados se puede introducir y diseminar estas enfermedades incluso a trav\u00e9s de la ropa y afectar gravemente las cadenas productivas, por ende a muchos productores, empleos e industrias\u201d indic\u00f3.<br><\/p>\n\n\n\n<p>El Director de Servicios Agr\u00edcolas, Ing. Leonardo Olivera, indic\u00f3 que se considera que Uruguay tiene alto riesgo fitosanitario por detecciones de HLB en Corrientes y Entre R\u00edos. <br><\/p>\n\n\n\n<p>Durante su exposici\u00f3n, el Director de los Servicios Agr\u00edcolas, explic\u00f3 que el HLB es la enfermedad m\u00e1s destructiva de los c\u00edtricos, causada por tres bacterias y hasta el momento no tiene cura. \u201cHabitan el floema y se mueven por toda la planta. Todos los c\u00edtricos son susceptibles. La Murraya o mirto tambi\u00e9n puede hospedar la bacteria y el vector\u201d.<br><\/p>\n\n\n\n<p>Agreg\u00f3 adem\u00e1s, que su situaci\u00f3n en Uruguay, se define como plaga cuarentenaria ausente, con presencia del vector Diaphorina citri en la zona Norte del pa\u00eds.<br><\/p>\n\n\n\n<p>Olivera record\u00f3 que el citr\u00edcola es el principal rubro frut\u00edcola de exportaci\u00f3n del pa\u00eds, y que el destino de la producci\u00f3n de fruta fresca de alta calidad para exportaci\u00f3n es de aproximadamente el 50%. Por otra parte, emplea a 16.000 trabajadores entre permanentes y zafrales.<br><\/p>\n\n\n\n<p>La enfermedad causa la muerte de plantas, la disminuci\u00f3n de la producci\u00f3n, la ca\u00edda prematura de frutos y el  aumento de los costos de producci\u00f3n y p\u00e9rdida de valor de la fruta.<br><\/p>\n\n\n\n<p>La principal v\u00eda de dispersi\u00f3n es la acci\u00f3n del hombre a trav\u00e9s del transporte de plantas de c\u00edtricos infectadas, transporte de otros hospedantes infectados o transporte del vector infectado en materiales vegetales.<br><\/p>\n\n\n\n<p>Medidas adoptadas por la DGSA<br><\/p>\n\n\n\n<p>En funci\u00f3n de la detecci\u00f3n y avance de la enfermedad en la regi\u00f3n, se ha dise\u00f1ado una estrategia Nacional de prevenci\u00f3n basada en: Programa Nacional de Vigilancia para HLB, Programa de Vigilancia para Diaphorina citri, Medidas fitosanitarias, Comit\u00e9 T\u00e9cnico asesor, Investigaci\u00f3n y desarrollo, Capacitaci\u00f3n, Divulgaci\u00f3n y Plan de Contingencia, as\u00ed como el Programa de producci\u00f3n y certificaci\u00f3n de materiales de propagaci\u00f3n de c\u00edtricos.<br><\/p>\n\n\n\n<p>Consultado por La Hora del Campo, puntualmente sobre el Plan de Contingencia anunciado por el jerarca, dijo que las medidas planificadas son el corte de la planta infectada y la realizaci\u00f3n de aplicaciones para el control del vector, as\u00ed como tambi\u00e9n la salida de plantas y\/o frutos de dicho predio. <br><\/p>\n\n\n\n<p>Respecto a apoyos desde el punto de vista financiero al productor o empresa afectada por esta problem\u00e1tica, Olivera dijo que en principio los costos ser\u00e1n a cuenta del productor. En tanto que el Ing. Fernando Mattos, explic\u00f3 que son planes de trabajo para contener la enfermedad en caso que ingrese al pa\u00eds y que en el caso puntual de la aparici\u00f3n el ministerio tiene el mecanismo de Declaraci\u00f3n de Emergencia Agropecuaria, lo que permitir\u00eda darle un apoyo a los productores afectados. <\/p>\n\n\n\n<p>Salto, 13 de agosto de 2021<\/p>\n","protected":false},"excerpt":{"rendered":"<p>En la jornada de ayer se realiz\u00f3 una conferencia de prensa por parte del Ministerio de Ganader\u00eda, Agricultura y Pesca (MGAP) para informar las medidas de control adoptadas para prevenir [&hellip;]<\/p>\n","protected":false},"author":5,"featured_media":33030,"comment_status":"open","ping_status":"open","sticky":false,"template":"","format":"standard","meta":{"_price":"","_stock":"","_tribe_ticket_header":"","_tribe_default_ticket_provider":"","_tribe_ticket_capacity":"0","_ticket_start_date":"","_ticket_end_date":"","_tribe_ticket_show_description":"","_tribe_ticket_show_not_going":false,"_tribe_ticket_use_global_stock":"","_tribe_ticket_global_stock_level":"","_global_stock_mode":"","_global_stock_cap":"","_tribe_rsvp_for_event":"","_tribe_ticket_going_count":"","_tribe_ticket_not_going_count":"","_tribe_tickets_list":"[]","_tribe_ticket_has_attendee_info_fields":false,"h5ap_radio_sources":[],"_jetpack_newsletter_access":"","_jetpack_dont_email_post_to_subs":false,"_jetpack_newsletter_tier_id":0,"_jetpack_memberships_contains_paywalled_content":false,"_jetpack_memberships_contains_paid_content":false,"footnotes":""},"categories":[21,9],"tags":[],"class_list":["post-33028","post","type-post","status-publish","format-standard","has-post-thumbnail","hentry","category-actualidad","category-granja"],"jetpack_featured_media_url":"https:\/\/i0.wp.com\/lahoradelcampo.com.uy\/site\/wp-content\/uploads\/2021\/08\/OLiveraymattos.jpg?fit=880%2C440&ssl=1","jetpack_sharing_enabled":true,"jetpack_shortlink":"https:\/\/wp.me\/p99IaT-8AI","jetpack-related-posts":[{"id":53473,"url":"https:\/\/lahoradelcampo.com.uy\/site\/hlb-mgap-y-pasantes-de-utu-visitan-hogares-en-artigas-salto-y-paysandu\/","url_meta":{"origin":33028,"position":0},"title":"HLB: MGAP y pasantes de UTU visitan hogares en Artigas, Salto y Paysand\u00fa","author":"La Hora del Campo","date":"27 febrero, 2024","format":false,"excerpt":"En un esfuerzo para prevenir la propagaci\u00f3n del Huanglongbing (HLB), tambi\u00e9n conocido como \"greening\" o \"drag\u00f3n amarillo\", el Ministerio de Ganader\u00eda, Agricultura y Pesca (MGAP) se encuentra realizando monitoreos casa por casa en los departamentos de Artigas, Salto y Paysand\u00fa. La campa\u00f1a, llevada a cabo por funcionarios del MGAP y\u2026","rel":"","context":"En \u00abActualidad\u00bb","block_context":{"text":"Actualidad","link":"https:\/\/lahoradelcampo.com.uy\/site\/category\/actualidad\/"},"img":{"alt_text":"","src":"https:\/\/i0.wp.com\/lahoradelcampo.com.uy\/site\/wp-content\/uploads\/2024\/02\/HLB-mgap.jpg?fit=880%2C440&ssl=1&resize=350%2C200","width":350,"height":200,"srcset":"https:\/\/i0.wp.com\/lahoradelcampo.com.uy\/site\/wp-content\/uploads\/2024\/02\/HLB-mgap.jpg?fit=880%2C440&ssl=1&resize=350%2C200 1x, https:\/\/i0.wp.com\/lahoradelcampo.com.uy\/site\/wp-content\/uploads\/2024\/02\/HLB-mgap.jpg?fit=880%2C440&ssl=1&resize=525%2C300 1.5x, https:\/\/i0.wp.com\/lahoradelcampo.com.uy\/site\/wp-content\/uploads\/2024\/02\/HLB-mgap.jpg?fit=880%2C440&ssl=1&resize=700%2C400 2x"},"classes":[]},{"id":43755,"url":"https:\/\/lahoradelcampo.com.uy\/site\/la-dgsa-realiza-relevamiento-de-diaphorina-citri-en-el-norte\/","url_meta":{"origin":33028,"position":1},"title":"La DGSA realiza relevamiento de Diaphorina Citri en el norte","author":"La Hora del Campo","date":"13 julio, 2022","format":false,"excerpt":"T\u00e9cnicos de la Direcci\u00f3n General de los Servicios Agr\u00edcolas (DGSA) del Ministerio de Ganader\u00eda, Agricultura y Pesca (MGAP) realizar\u00e1n en la jornada de hoy recolecci\u00f3n de muestras de la posible presencia del vector Diaphorina Citri, que recordemos es el transmisor del Huanglongbing (HLB) en caso que la enfermedad de los\u2026","rel":"","context":"En \u00abActualidad\u00bb","block_context":{"text":"Actualidad","link":"https:\/\/lahoradelcampo.com.uy\/site\/category\/actualidad\/"},"img":{"alt_text":"","src":"https:\/\/i0.wp.com\/lahoradelcampo.com.uy\/site\/wp-content\/uploads\/2022\/07\/Hlb-control.jpg?fit=880%2C440&ssl=1&resize=350%2C200","width":350,"height":200,"srcset":"https:\/\/i0.wp.com\/lahoradelcampo.com.uy\/site\/wp-content\/uploads\/2022\/07\/Hlb-control.jpg?fit=880%2C440&ssl=1&resize=350%2C200 1x, https:\/\/i0.wp.com\/lahoradelcampo.com.uy\/site\/wp-content\/uploads\/2022\/07\/Hlb-control.jpg?fit=880%2C440&ssl=1&resize=525%2C300 1.5x, https:\/\/i0.wp.com\/lahoradelcampo.com.uy\/site\/wp-content\/uploads\/2022\/07\/Hlb-control.jpg?fit=880%2C440&ssl=1&resize=700%2C400 2x"},"classes":[]},{"id":48203,"url":"https:\/\/lahoradelcampo.com.uy\/site\/se-detecto-hlb-por-primera-vez-en-uruguay\/","url_meta":{"origin":33028,"position":2},"title":"Se detect\u00f3 HLB por primera vez en Uruguay","author":"La Hora del Campo","date":"18 enero, 2023","format":false,"excerpt":"El Ministerio de Ganader\u00eda, Agricultura y Pesca (MGAP) dio a conocer en la jornada de ayer la detecci\u00f3n de una planta c\u00edtrica con la presencia de Huanglongbing (HLB), y la presencia del vector transmisor, la Dhiaphorina Citri, con resultado positivo a la enfermedad. De acuerdo a la comunicaci\u00f3n oficial, esto\u2026","rel":"","context":"En \u00abActualidad\u00bb","block_context":{"text":"Actualidad","link":"https:\/\/lahoradelcampo.com.uy\/site\/category\/actualidad\/"},"img":{"alt_text":"","src":"https:\/\/i0.wp.com\/lahoradelcampo.com.uy\/site\/wp-content\/uploads\/2023\/01\/hlb-bELLA-1.jpg?fit=880%2C440&ssl=1&resize=350%2C200","width":350,"height":200,"srcset":"https:\/\/i0.wp.com\/lahoradelcampo.com.uy\/site\/wp-content\/uploads\/2023\/01\/hlb-bELLA-1.jpg?fit=880%2C440&ssl=1&resize=350%2C200 1x, https:\/\/i0.wp.com\/lahoradelcampo.com.uy\/site\/wp-content\/uploads\/2023\/01\/hlb-bELLA-1.jpg?fit=880%2C440&ssl=1&resize=525%2C300 1.5x, https:\/\/i0.wp.com\/lahoradelcampo.com.uy\/site\/wp-content\/uploads\/2023\/01\/hlb-bELLA-1.jpg?fit=880%2C440&ssl=1&resize=700%2C400 2x"},"classes":[]},{"id":54136,"url":"https:\/\/lahoradelcampo.com.uy\/site\/se-confirmo-la-presencia-de-hlb-en-quintas-comerciales-en-artigas\/","url_meta":{"origin":33028,"position":3},"title":"Se confirm\u00f3 la presencia de HLB en quintas comerciales en Artigas","author":"La Hora del Campo","date":"6 agosto, 2024","format":false,"excerpt":"Tras la detecci\u00f3n de los casos de HLB en el traspatio de la ciudad de Bella Uni\u00f3n y posteriormente en la localidad de Tom\u00e1s Gomensoro, en Artigas, el Ministerio de Ganader\u00eda, Agricultura y Pesca (MGAP) continu\u00f3 realizando monitoreos y controles a nivel de las localidades cercanas a las zonas citr\u00edcolas\u2026","rel":"","context":"En \u00abActualidad\u00bb","block_context":{"text":"Actualidad","link":"https:\/\/lahoradelcampo.com.uy\/site\/category\/actualidad\/"},"img":{"alt_text":"","src":"https:\/\/i0.wp.com\/lahoradelcampo.com.uy\/site\/wp-content\/uploads\/2024\/08\/FernandoMattos3.jpg?fit=880%2C440&ssl=1&resize=350%2C200","width":350,"height":200,"srcset":"https:\/\/i0.wp.com\/lahoradelcampo.com.uy\/site\/wp-content\/uploads\/2024\/08\/FernandoMattos3.jpg?fit=880%2C440&ssl=1&resize=350%2C200 1x, https:\/\/i0.wp.com\/lahoradelcampo.com.uy\/site\/wp-content\/uploads\/2024\/08\/FernandoMattos3.jpg?fit=880%2C440&ssl=1&resize=525%2C300 1.5x, https:\/\/i0.wp.com\/lahoradelcampo.com.uy\/site\/wp-content\/uploads\/2024\/08\/FernandoMattos3.jpg?fit=880%2C440&ssl=1&resize=700%2C400 2x"},"classes":[]},{"id":54388,"url":"https:\/\/lahoradelcampo.com.uy\/site\/mgap-confirmo-oficialmente-la-deteccion-de-hlb-en-una-quinta-comercial-en-artigas\/","url_meta":{"origin":33028,"position":4},"title":"MGAP confirm\u00f3 oficialmente la detecci\u00f3n de HLB en una quinta comercial en Artigas","author":"La Hora del Campo","date":"3 septiembre, 2024","format":false,"excerpt":"El Ministerio de Ganader\u00eda, Agricultura y Pesca (MGAP) inform\u00f3 oficialmente, la confirmaci\u00f3n del caso de HLB en una quinta comercial en el departamento de Artigas, en la jornada de ayer, tal cual lo ha informado CAMBIO, en di\u00e1logo con las autoridades desde el pasado 25 de junio. En aquel momento,\u2026","rel":"","context":"En \u00abActualidad\u00bb","block_context":{"text":"Actualidad","link":"https:\/\/lahoradelcampo.com.uy\/site\/category\/actualidad\/"},"img":{"alt_text":"","src":"https:\/\/i0.wp.com\/lahoradelcampo.com.uy\/site\/wp-content\/uploads\/2023\/01\/hlb-bELLA-2.jpg?fit=880%2C440&ssl=1&resize=350%2C200","width":350,"height":200,"srcset":"https:\/\/i0.wp.com\/lahoradelcampo.com.uy\/site\/wp-content\/uploads\/2023\/01\/hlb-bELLA-2.jpg?fit=880%2C440&ssl=1&resize=350%2C200 1x, https:\/\/i0.wp.com\/lahoradelcampo.com.uy\/site\/wp-content\/uploads\/2023\/01\/hlb-bELLA-2.jpg?fit=880%2C440&ssl=1&resize=525%2C300 1.5x, https:\/\/i0.wp.com\/lahoradelcampo.com.uy\/site\/wp-content\/uploads\/2023\/01\/hlb-bELLA-2.jpg?fit=880%2C440&ssl=1&resize=700%2C400 2x"},"classes":[]},{"id":6685,"url":"https:\/\/lahoradelcampo.com.uy\/site\/exhortan-control-sanitario-y-cuidado-de-plantas-para-prevenir-el-hlb\/","url_meta":{"origin":33028,"position":5},"title":"Exhortan control sanitario y cuidado de plantas para prevenir el HLB","author":"La Hora del Campo","date":"26 abril, 2018","format":false,"excerpt":"Ante la presencia en Argentina de HLB, enfermedad que afecta especialmente a la producci\u00f3n citr\u00edcola, el Ministerio de Ganader\u00eda, Agricultura y Pesca exhorta a reforzar el control sanitario y cuidado de las plantas en Uruguay, a trav\u00e9s de medidas implementadas y previstas en diversos programas de la cartera. El mayor\u2026","rel":"","context":"En \u00abActualidad\u00bb","block_context":{"text":"Actualidad","link":"https:\/\/lahoradelcampo.com.uy\/site\/category\/actualidad\/"},"img":{"alt_text":"","src":"https:\/\/i0.wp.com\/lahoradelcampo.com.uy\/site\/wp-content\/uploads\/2018\/05\/Federico-Montes%C3%A7.jpg?fit=880%2C440&ssl=1&resize=350%2C200","width":350,"height":200,"srcset":"https:\/\/i0.wp.com\/lahoradelcampo.com.uy\/site\/wp-content\/uploads\/2018\/05\/Federico-Montes%C3%A7.jpg?fit=880%2C440&ssl=1&resize=350%2C200 1x, https:\/\/i0.wp.com\/lahoradelcampo.com.uy\/site\/wp-content\/uploads\/2018\/05\/Federico-Montes%C3%A7.jpg?fit=880%2C440&ssl=1&resize=525%2C300 1.5x, https:\/\/i0.wp.com\/lahoradelcampo.com.uy\/site\/wp-content\/uploads\/2018\/05\/Federico-Montes%C3%A7.jpg?fit=880%2C440&ssl=1&resize=700%2C400 2x"},"classes":[]}],"jetpack_likes_enabled":true,"_links":{"self":[{"href":"https:\/\/lahoradelcampo.com.uy\/site\/wp-json\/wp\/v2\/posts\/33028","targetHints":{"allow":["GET"]}}],"collection":[{"href":"https:\/\/lahoradelcampo.com.uy\/site\/wp-json\/wp\/v2\/posts"}],"about":[{"href":"https:\/\/lahoradelcampo.com.uy\/site\/wp-json\/wp\/v2\/types\/post"}],"author":[{"embeddable":true,"href":"https:\/\/lahoradelcampo.com.uy\/site\/wp-json\/wp\/v2\/users\/5"}],"replies":[{"embeddable":true,"href":"https:\/\/lahoradelcampo.com.uy\/site\/wp-json\/wp\/v2\/comments?post=33028"}],"version-history":[{"count":1,"href":"https:\/\/lahoradelcampo.com.uy\/site\/wp-json\/wp\/v2\/posts\/33028\/revisions"}],"predecessor-version":[{"id":33032,"href":"https:\/\/lahoradelcampo.com.uy\/site\/wp-json\/wp\/v2\/posts\/33028\/revisions\/33032"}],"wp:featuredmedia":[{"embeddable":true,"href":"https:\/\/lahoradelcampo.com.uy\/site\/wp-json\/wp\/v2\/media\/33030"}],"wp:attachment":[{"href":"https:\/\/lahoradelcampo.com.uy\/site\/wp-json\/wp\/v2\/media?parent=33028"}],"wp:term":[{"taxonomy":"category","embeddable":true,"href":"https:\/\/lahoradelcampo.com.uy\/site\/wp-json\/wp\/v2\/categories?post=33028"},{"taxonomy":"post_tag","embeddable":true,"href":"https:\/\/lahoradelcampo.com.uy\/site\/wp-json\/wp\/v2\/tags?post=33028"}],"curies":[{"name":"wp","href":"https:\/\/api.w.org\/{rel}","templated":true}]}}