{"id":33008,"date":"2021-08-12T07:30:04","date_gmt":"2021-08-12T10:30:04","guid":{"rendered":"http:\/\/lahoradelcampo.com.uy\/site\/?p=33008"},"modified":"2021-08-12T07:30:09","modified_gmt":"2021-08-12T10:30:09","slug":"usu-advirtio-que-continuara-en-las-rutas","status":"publish","type":"post","link":"https:\/\/lahoradelcampo.com.uy\/site\/usu-advirtio-que-continuara-en-las-rutas\/","title":{"rendered":"USU advirti\u00f3 que continuar\u00e1 en las rutas"},"content":{"rendered":"\n<figure class=\"wp-block-image\"><img data-recalc-dims=\"1\" loading=\"lazy\" decoding=\"async\" width=\"810\" height=\"405\" data-attachment-id=\"33010\" data-permalink=\"https:\/\/lahoradelcampo.com.uy\/site\/usu-advirtio-que-continuara-en-las-rutas\/usu-sanjose\/\" data-orig-file=\"https:\/\/i0.wp.com\/lahoradelcampo.com.uy\/site\/wp-content\/uploads\/2021\/08\/USU-sanjose.jpg?fit=880%2C440&amp;ssl=1\" data-orig-size=\"880,440\" data-comments-opened=\"1\" data-image-meta=\"{&quot;aperture&quot;:&quot;0&quot;,&quot;credit&quot;:&quot;&quot;,&quot;camera&quot;:&quot;&quot;,&quot;caption&quot;:&quot;&quot;,&quot;created_timestamp&quot;:&quot;0&quot;,&quot;copyright&quot;:&quot;&quot;,&quot;focal_length&quot;:&quot;0&quot;,&quot;iso&quot;:&quot;0&quot;,&quot;shutter_speed&quot;:&quot;0&quot;,&quot;title&quot;:&quot;&quot;,&quot;orientation&quot;:&quot;1&quot;}\" data-image-title=\"USU-sanjose\" data-image-description=\"\" data-image-caption=\"\" data-large-file=\"https:\/\/i0.wp.com\/lahoradelcampo.com.uy\/site\/wp-content\/uploads\/2021\/08\/USU-sanjose.jpg?fit=810%2C405&amp;ssl=1\" src=\"https:\/\/i0.wp.com\/lahoradelcampo.com.uy\/site\/wp-content\/uploads\/2021\/08\/USU-sanjose.jpg?resize=810%2C405\" alt=\"\" class=\"wp-image-33010\" srcset=\"https:\/\/i0.wp.com\/lahoradelcampo.com.uy\/site\/wp-content\/uploads\/2021\/08\/USU-sanjose.jpg?w=880&amp;ssl=1 880w, https:\/\/i0.wp.com\/lahoradelcampo.com.uy\/site\/wp-content\/uploads\/2021\/08\/USU-sanjose.jpg?resize=300%2C150&amp;ssl=1 300w, https:\/\/i0.wp.com\/lahoradelcampo.com.uy\/site\/wp-content\/uploads\/2021\/08\/USU-sanjose.jpg?resize=768%2C384&amp;ssl=1 768w, https:\/\/i0.wp.com\/lahoradelcampo.com.uy\/site\/wp-content\/uploads\/2021\/08\/USU-sanjose.jpg?resize=820%2C410&amp;ssl=1 820w\" sizes=\"auto, (max-width: 810px) 100vw, 810px\" \/><\/figure>\n\n\n\n<p>Juli\u00e1n Cabrera Menditegui, productor del departamento de Florida, fue el encargado de leer la proclama del Movimiento Un Solo Uruguay (USU) en la jornada de ayer. El movimiento a comenzado a movilizarse contra el aumento de los combustibles y advirti\u00f3 ayer que continuar\u00e1n en las rutas \u00abhasta que gobierno y oposici\u00f3n dignifiquen la funci\u00f3n p\u00fablica que se les confi\u00f3\u00bb.<br><\/p>\n\n\n\n<p>A continuaci\u00f3n le transcribimos la proclama le\u00edda por el productor floridense. <br><\/p>\n\n\n\n<p><strong>Proclama USU<\/strong><br><\/p>\n\n\n\n<p>Han pasado 44 meses de aquel hist\u00f3rico encuentro de orientales, que de todos los rincones de la Patria, en aquel t\u00f3rrido 23 enero dejaron de lado sus divisas partidarias, y con un profundo esp\u00edritu de libertad y democracia se embanderaron de cielo el alma para gritar a viva voz \u2026\u2026..Basta!!!<br><\/p>\n\n\n\n<p>Ese basta retumb\u00f3 fuerte en los amplias y lujosas salas del poder\u2026\u2026<br><\/p>\n\n\n\n<p>Ese grito rompi\u00f3 con el indigno silencio de un pueblo adormecido temeroso de contradecir un relato que todo sofocaba.<br><\/p>\n\n\n\n<p>Como era posible que ese grito honesto, genuino y libre hubiera escapado a las estructuras corporativas pol\u00edticas y sociales?<br><\/p>\n\n\n\n<p>Aun hoy cuesta mucho comprender como existe un conjunto de orientales no lleve del otro lado de sus reclamos, ansias y ambiciones de espacio de poder.<br><\/p>\n\n\n\n<p>Hay un poder insoslayable que no nace de rangos y cargos, que no se apoya en estructuras de gobierno, que no viene de conquistas corporativas, que no necesita de apalancamiento m\u00e1s que sus propias convicciones.<br><\/p>\n\n\n\n<p>Nada m\u00e1s poderoso que un pueblo libre de ataduras. <br><\/p>\n\n\n\n<p>Este movimiento de hombres y mujeres de los m\u00e1s diversos or\u00edgenes y cunas, naci\u00f3 en libertad, es libre y caminar\u00e1 libre con un \u00fanico compromiso, que no es una carga, sino la motivaci\u00f3n m\u00e1s genuina para seguir adelante. El bienestar del pueblo uruguayo y sus nuevas generaciones.<br><\/p>\n\n\n\n<p>44 meses, casi 4 a\u00f1os. En la historia de un pa\u00eds no es nada. Pero para la historia de vida de muchos uruguayos de trabajo es mucho tiempo. <br><\/p>\n\n\n\n<p>Muchos han visto en las reivindicaciones del movimiento, el impulso de un nuevo espacio partidario. Muchos otros vieron un movimiento que quer\u00eda desplazar un gobierno para que otro fuera el color que ostentara el poder. Muchos vieron un grupo de intereses corporativos pujando por espacios de poder.<br><\/p>\n\n\n\n<p>Sin embargo las reivindicaciones del movimiento siguen siendo las mismas que lo concibieron. Cambi\u00f3 el gobierno, cambiaron lo nombres, cambi\u00f3 el equilibrio pol\u00edtico en el parlamento, cambi\u00f3 de tienda el rol de oposici\u00f3n.<br><\/p>\n\n\n\n<p>Pero lo que no ha cambiado son los problemas estructurales que no permiten edificar un pa\u00eds con posibilidades de desarrollo para todos.<br><\/p>\n\n\n\n<p>El pueblo Oriental, haciendo uso de su libertad forjada y defendida por la sangre derramada de muchas vidas que se entregaron por el bienestar com\u00fan, envi\u00f3 un mensaje claro de cambio de rumbo.<br><\/p>\n\n\n\n<p>Ese cambio de rumbo necesita de transformaciones, que quiten el peso de estructuras envejecidas sobre los hombros de quienes trabajan y generan divisas para el desarrollo del pa\u00eds. En un mundo que se transforma a un ritmo vertiginoso el estado no puede ser UN LASTRE.<br><\/p>\n\n\n\n<p>\u00abPor los cambios necesarios\u00bb, fue la consigna del movimiento antes de asumir una nueva administraci\u00f3n en el gobierno.<br><\/p>\n\n\n\n<p>Cambios que generaran condiciones de competitividad, cambios que racionalizaran el peso de un estado lleno de estructuras burocr\u00e1ticas que absorben recursos que faltan para dignificar la vida y el trabajo de la mayor\u00eda de los uruguayos. Una competitividad que se le asegura al capital extranjero con condiciones asim\u00e9tricas respecto a los responsables de la generaci\u00f3n de m\u00e1s del 90% de los puestos de trabajo de este pa\u00eds. Las micro, peque\u00f1as y medianas empresas. Los verdaderos Malla oro.<br><\/p>\n\n\n\n<p>Este movimiento tiene consciencia, se mueve y se maneja con sentido com\u00fan.<br><\/p>\n\n\n\n<p>No prejuzga, no rompe puentes, no descalifica, no insulta, no discrimina, no antepone sus ideas por sobre el inter\u00e9s general. As\u00ed se manej\u00f3 siempre y as\u00ed lo seguir\u00e1 haciendo.<br><\/p>\n\n\n\n<p>Este movimiento no hizo pol\u00edtica con la pandemia, colabor\u00f3, contempl\u00f3 y sum\u00f3 esfuerzos para enfrentar un enemigo que puso en jaque al mundo entero. Este movimiento no es prepotente, no llam\u00f3 a movilizarse cuando nos ped\u00edan cuidarnos. No presion\u00f3, ni condicion\u00f3 a un gobierno reci\u00e9n llegado al poder, con un pa\u00eds estructuralmente comprometido, con niveles de pobreza, informalidad, y fragilidad socioecon\u00f3mica que la pandemia dej\u00f3 en evidencia plena, pero que para este movimiento no fueron sorpresa. <\/p>\n\n\n\n<p>La precariedad educativa, la situaci\u00f3n insostenible de inseguridad, el desmantelamiento del entramado social en el medio rural con el mayor proceso de extranjerizaci\u00f3n de la tierra y las p\u00e9simas  condiciones para poder mantenerse produciendo, nunca nos fueron ajenas. Y as\u00ed lo marcamos. <\/p>\n\n\n\n<p>La p\u00e9rdida sistem\u00e1tica de productores y trabajadores en el medio rural tampoco. La necesidad de pol\u00edticas reales de descentralizaci\u00f3n que trajeran desarrollo al interior tampoco nos eran ajenas, y as\u00ed lo marcamos.<br><\/p>\n\n\n\n<p>Pero conscientes de que no es posible generar los cambios necesarios de la noche a la ma\u00f1ana, el movimiento ha tenido la comprensi\u00f3n y la consideraci\u00f3n de la dif\u00edcil tarea en este contexto.<br><\/p>\n\n\n\n<p>Sin embargo, s\u00ed creemos en las se\u00f1ales. Si creemos en los rumbos definidos y firmes. Si creemos en las decisiones que aunque puedan ser dif\u00edciles, reflejen la voluntad de la gran mayor\u00eda de los uruguayos. Esos que no tienen corporaciones que operen hasta lograr sus intereses.<br><\/p>\n\n\n\n<p>Los compromisos se cumplen. La palabra se honra. La confianza que el sistema pol\u00edtico le pide a la gente en campa\u00f1a, se valora y cobija en la gesti\u00f3n.<br><\/p>\n\n\n\n<p>Hoy volvemos a las rutas, con mejores condiciones de precios internacionales, con expectativas de una reactivaci\u00f3n del pa\u00eds de la mano de una mejor apertura al mundo. Sin embargo nos sentimos en la obligaci\u00f3n de volver a alzar la voz en libertad, ante el titubeo, la relativizaci\u00f3n de los compromisos, ante la actitud permeable de sectores pol\u00edticos frente a la presi\u00f3n de minor\u00edas corporativas que hacen ruido, frente a la seducci\u00f3n de los sillones obtenidos en espacios de poder.<br><\/p>\n\n\n\n<p>Debemos volver a recordarles que son administradores de turno de los recursos de los ciudadanos de este pa\u00eds.<br><\/p>\n\n\n\n<p>La situaci\u00f3n de los combustibles m\u00e1s que mostrar un aumento de su precio, reflejan la ineficiencia, la falta de contemplaci\u00f3n a los sectores que generan la riqueza en este pa\u00eds. Refleja todos los vicios que se prometieron sofocar, reflejan el cambio de postura por presiones corporativas, reflejan la utilizaci\u00f3n de argumentos ileg\u00edtimos para disimular las limitaciones propias, como el de comparar el precio del petr\u00f3leo y los combustibles con los precios de exportaci\u00f3n de nuestros productos. <\/p>\n\n\n\n<p>En una clara intenci\u00f3n de defender espacios de poder dentro del gobierno, utilizando datos de la realidad parciales que llevan al enga\u00f1o a la opini\u00f3n p\u00fablica. La situaci\u00f3n de los combustibles refleja tambi\u00e9n que no se  quieren tocar intereses particulares, obligando a los sectores productivos a subsidiar la actividad empresarial de ciertas corporaciones. <br><\/p>\n\n\n\n<p>Y que se entienda bien claro, la gente debe tener un boleto accesible, y si debe ser subsidiado que lo sea. Pero que no sea un subsidio a algunas empresas vinculadas al poder, y no siempre con el gasoil como ha sido hasta ahora. <\/p>\n\n\n\n<p>Por que no aportan al subsidio otros sectores como el financiero con las extraordinarias ganancias de los \u00faltimos a\u00f1os?<br><\/p>\n\n\n\n<p>La situaci\u00f3n de los combustibles refleja que no se quiere revisar el funcionamiento de Alur que lejos de beneficiar a los productores y toda la cadena de valor, se lleva la mayor parte de los recursos en un proceso industrial ineficiente con altos sueldos y baja productividad.<br><\/p>\n\n\n\n<p>Los combustibles reflejan la ineficiencia de una ANCAP llena de intereses corporativos que perjudican a miles de puestos de trabajo en todo el pa\u00eds por falta de condiciones.<br><\/p>\n\n\n\n<p>Los combustibles reflejan una enorme carga tributaria producto de un estado que no se optimiza.<br><\/p>\n\n\n\n<p>Tuvimos que salir a las rutas a decir que seguimos esperando y apostando a los cambios necesarios.<br><\/p>\n\n\n\n<p>Que como lo expresamos en la asamblea, seguiremos reivindicando la libertad de marcar lo que est\u00e1 mal, venga de donde venga.<br><\/p>\n\n\n\n<p>Que no nos importa el color del gobierno de turno. Que el inter\u00e9s de Uruguay est\u00e1 muy por encima de los colores partidarios, y muy por encima de intereses corporativos.<br><\/p>\n\n\n\n<p>Nos ver\u00e1n en las rutas hasta que las se\u00f1ales sean claras de que se procesan esos cambios necesarios comprometidos.<br><\/p>\n\n\n\n<p>Nos ver\u00e1n en las rutas hasta que gobierno y oposici\u00f3n dignifiquen la funci\u00f3n p\u00fablica que se les confi\u00f3. Eleven el nivel del debate democr\u00e1tico y trabajen por el bienestar de los uruguayos sin exclusiones.<\/p>\n\n\n\n<p>Salto, 12 de agosto de 2021<\/p>\n","protected":false},"excerpt":{"rendered":"<p>Juli\u00e1n Cabrera Menditegui, productor del departamento de Florida, fue el encargado de leer la proclama del Movimiento Un Solo Uruguay (USU) en la jornada de ayer. El movimiento a comenzado [&hellip;]<\/p>\n","protected":false},"author":5,"featured_media":33010,"comment_status":"open","ping_status":"open","sticky":false,"template":"","format":"standard","meta":{"_price":"","_stock":"","_tribe_ticket_header":"","_tribe_default_ticket_provider":"","_tribe_ticket_capacity":"0","_ticket_start_date":"","_ticket_end_date":"","_tribe_ticket_show_description":"","_tribe_ticket_show_not_going":false,"_tribe_ticket_use_global_stock":"","_tribe_ticket_global_stock_level":"","_global_stock_mode":"","_global_stock_cap":"","_tribe_rsvp_for_event":"","_tribe_ticket_going_count":"","_tribe_ticket_not_going_count":"","_tribe_tickets_list":"[]","_tribe_ticket_has_attendee_info_fields":false,"h5ap_radio_sources":[],"_jetpack_newsletter_access":"","_jetpack_dont_email_post_to_subs":false,"_jetpack_newsletter_tier_id":0,"_jetpack_memberships_contains_paywalled_content":false,"_jetpack_memberships_contains_paid_content":false,"footnotes":""},"categories":[21,5],"tags":[],"class_list":["post-33008","post","type-post","status-publish","format-standard","has-post-thumbnail","hentry","category-actualidad","category-ganaderia"],"jetpack_featured_media_url":"https:\/\/i0.wp.com\/lahoradelcampo.com.uy\/site\/wp-content\/uploads\/2021\/08\/USU-sanjose.jpg?fit=880%2C440&ssl=1","jetpack_sharing_enabled":true,"jetpack_shortlink":"https:\/\/wp.me\/p99IaT-8Ao","jetpack-related-posts":[{"id":48329,"url":"https:\/\/lahoradelcampo.com.uy\/site\/sin-la-misma-efervescencia-de-2018-usu-leyo-su-proclama-en-la-capital\/","url_meta":{"origin":33008,"position":0},"title":"Sin la misma efervescencia de 2018, USU ley\u00f3 su proclama en la capital","author":"La Hora del Campo","date":"25 enero, 2023","format":false,"excerpt":"\"Cuando quieras progresar, Mor\u00eds en la capital\" dec\u00eda la letra del cantautor uruguayo, Pablo Estram\u00edn, y que fue recordada por varios integrantes de Un Solo Uruguay durante los \u00faltimos d\u00edas a trav\u00e9s de los grupos de Whatsapp del movimiento. Haciendo una clara alusi\u00f3n a lo que fue la efervescencia del\u2026","rel":"","context":"En \u00abActualidad\u00bb","block_context":{"text":"Actualidad","link":"https:\/\/lahoradelcampo.com.uy\/site\/category\/actualidad\/"},"img":{"alt_text":"","src":"https:\/\/i0.wp.com\/lahoradelcampo.com.uy\/site\/wp-content\/uploads\/2023\/01\/USU-Montevideo.jpg?fit=880%2C440&ssl=1&resize=350%2C200","width":350,"height":200,"srcset":"https:\/\/i0.wp.com\/lahoradelcampo.com.uy\/site\/wp-content\/uploads\/2023\/01\/USU-Montevideo.jpg?fit=880%2C440&ssl=1&resize=350%2C200 1x, https:\/\/i0.wp.com\/lahoradelcampo.com.uy\/site\/wp-content\/uploads\/2023\/01\/USU-Montevideo.jpg?fit=880%2C440&ssl=1&resize=525%2C300 1.5x, https:\/\/i0.wp.com\/lahoradelcampo.com.uy\/site\/wp-content\/uploads\/2023\/01\/USU-Montevideo.jpg?fit=880%2C440&ssl=1&resize=700%2C400 2x"},"classes":[]},{"id":48309,"url":"https:\/\/lahoradelcampo.com.uy\/site\/usu-en-marcha-hacia-una-opcion-politica-en-las-urnas\/","url_meta":{"origin":33008,"position":1},"title":"USU \u00aben marcha\u00bb: \u00bfhacia una opci\u00f3n pol\u00edtica en las urnas?","author":"La Hora del Campo","date":"23 enero, 2023","format":false,"excerpt":"Atr\u00e1s qued\u00f3 en el tiempo aquella efervescencia que gener\u00f3 el Movimiento Un Solo Uruguay (USU) en sus inicios, y m\u00e1s a\u00fan de aquel 23 de enero de 2018 cuando el local Santa Bernardina se vio colmado de personas de distintos \u00edndole social, pero principalmente por productores, a los que se\u2026","rel":"","context":"En \u00abGanader\u00eda\u00bb","block_context":{"text":"Ganader\u00eda","link":"https:\/\/lahoradelcampo.com.uy\/site\/category\/ganaderia\/"},"img":{"alt_text":"","src":"https:\/\/i0.wp.com\/lahoradelcampo.com.uy\/site\/wp-content\/uploads\/2018\/04\/un-solo-uruguay.jpg?fit=880%2C440&ssl=1&resize=350%2C200","width":350,"height":200,"srcset":"https:\/\/i0.wp.com\/lahoradelcampo.com.uy\/site\/wp-content\/uploads\/2018\/04\/un-solo-uruguay.jpg?fit=880%2C440&ssl=1&resize=350%2C200 1x, https:\/\/i0.wp.com\/lahoradelcampo.com.uy\/site\/wp-content\/uploads\/2018\/04\/un-solo-uruguay.jpg?fit=880%2C440&ssl=1&resize=525%2C300 1.5x, https:\/\/i0.wp.com\/lahoradelcampo.com.uy\/site\/wp-content\/uploads\/2018\/04\/un-solo-uruguay.jpg?fit=880%2C440&ssl=1&resize=700%2C400 2x"},"classes":[]},{"id":42751,"url":"https:\/\/lahoradelcampo.com.uy\/site\/aru-no-acompanara-a-usu-en-la-creacion-de-un-partido-politico\/","url_meta":{"origin":33008,"position":2},"title":"ARU no acompa\u00f1ar\u00e1 a USU en la creaci\u00f3n de un partido pol\u00edtico","author":"La Hora del Campo","date":"14 junio, 2022","format":false,"excerpt":"Un Solo Uruguay (USU) anunci\u00f3 su decisi\u00f3n avanzar hacia la conformaci\u00f3n de un partido pol\u00edtico, algo que no todos los que impulsaron el movimiento en sus inicios estar\u00eda dispuesto a acompa\u00f1ar. El movimiento de autoconvocados, que fuera fuertemente respaldado en su momento por el sector agropecuario, ha comenzado a marcar\u2026","rel":"","context":"En \u00abActualidad\u00bb","block_context":{"text":"Actualidad","link":"https:\/\/lahoradelcampo.com.uy\/site\/category\/actualidad\/"},"img":{"alt_text":"","src":"https:\/\/i0.wp.com\/lahoradelcampo.com.uy\/site\/wp-content\/uploads\/2022\/06\/GonzaloValdez.jpg?fit=880%2C440&ssl=1&resize=350%2C200","width":350,"height":200,"srcset":"https:\/\/i0.wp.com\/lahoradelcampo.com.uy\/site\/wp-content\/uploads\/2022\/06\/GonzaloValdez.jpg?fit=880%2C440&ssl=1&resize=350%2C200 1x, https:\/\/i0.wp.com\/lahoradelcampo.com.uy\/site\/wp-content\/uploads\/2022\/06\/GonzaloValdez.jpg?fit=880%2C440&ssl=1&resize=525%2C300 1.5x, https:\/\/i0.wp.com\/lahoradelcampo.com.uy\/site\/wp-content\/uploads\/2022\/06\/GonzaloValdez.jpg?fit=880%2C440&ssl=1&resize=700%2C400 2x"},"classes":[]},{"id":27080,"url":"https:\/\/lahoradelcampo.com.uy\/site\/usu-realizo-su-encuentro-virtual-y-presento-candidatos-a-las-elecciones-del-bps\/","url_meta":{"origin":33008,"position":3},"title":"USU realiz\u00f3 su encuentro virtual y present\u00f3 candidatos a las elecciones del BPS","author":"La Hora del Campo","date":"25 enero, 2021","format":false,"excerpt":"El realizar el evento de forma virtual, sin el tradicional encuentro, donde se pod\u00eda compartir el mate en la rueda con gente de todo el pa\u00eds, o el fog\u00f3n en la noche previa, dej\u00f3 este a\u00f1o a muchos mirando la transmisi\u00f3n a trav\u00e9s de las redes sociales, por televisi\u00f3n o\u2026","rel":"","context":"En \u00abActualidad\u00bb","block_context":{"text":"Actualidad","link":"https:\/\/lahoradelcampo.com.uy\/site\/category\/actualidad\/"},"img":{"alt_text":"","src":"https:\/\/i0.wp.com\/lahoradelcampo.com.uy\/site\/wp-content\/uploads\/2021\/01\/USUHolzman.jpg?fit=880%2C440&ssl=1&resize=350%2C200","width":350,"height":200,"srcset":"https:\/\/i0.wp.com\/lahoradelcampo.com.uy\/site\/wp-content\/uploads\/2021\/01\/USUHolzman.jpg?fit=880%2C440&ssl=1&resize=350%2C200 1x, https:\/\/i0.wp.com\/lahoradelcampo.com.uy\/site\/wp-content\/uploads\/2021\/01\/USUHolzman.jpg?fit=880%2C440&ssl=1&resize=525%2C300 1.5x, https:\/\/i0.wp.com\/lahoradelcampo.com.uy\/site\/wp-content\/uploads\/2021\/01\/USUHolzman.jpg?fit=880%2C440&ssl=1&resize=700%2C400 2x"},"classes":[]},{"id":17064,"url":"https:\/\/lahoradelcampo.com.uy\/site\/un-solo-uruguay-comprometio-su-apoyo-al-nuevo-gobierno-ayer-en-durazno\/","url_meta":{"origin":33008,"position":4},"title":"Un Solo Uruguay comprometi\u00f3  su apoyo  al nuevo gobierno ayer en Durazno","author":"La Hora del Campo","date":"24 enero, 2020","format":false,"excerpt":"Con un marco de p\u00fablico inferior al registrado en los dos primeros a\u00f1os del movimiento, Un Solo Uruguay realiz\u00f3 ayer un nuevo encuentro en Durazno, remarcando ese d\u00eda tan especial en el que se ha convertido el 23 de enero, luego del 2018, donde el grupo de ciudadanos autoconvocados registr\u00f3\u2026","rel":"","context":"En \u00abActualidad\u00bb","block_context":{"text":"Actualidad","link":"https:\/\/lahoradelcampo.com.uy\/site\/category\/actualidad\/"},"img":{"alt_text":"","src":"https:\/\/i0.wp.com\/lahoradelcampo.com.uy\/site\/wp-content\/uploads\/2020\/01\/USU-Durazno.jpg?fit=880%2C440&ssl=1&resize=350%2C200","width":350,"height":200,"srcset":"https:\/\/i0.wp.com\/lahoradelcampo.com.uy\/site\/wp-content\/uploads\/2020\/01\/USU-Durazno.jpg?fit=880%2C440&ssl=1&resize=350%2C200 1x, https:\/\/i0.wp.com\/lahoradelcampo.com.uy\/site\/wp-content\/uploads\/2020\/01\/USU-Durazno.jpg?fit=880%2C440&ssl=1&resize=525%2C300 1.5x, https:\/\/i0.wp.com\/lahoradelcampo.com.uy\/site\/wp-content\/uploads\/2020\/01\/USU-Durazno.jpg?fit=880%2C440&ssl=1&resize=700%2C400 2x"},"classes":[]},{"id":5951,"url":"https:\/\/lahoradelcampo.com.uy\/site\/medidas-del-gobierno-continuan-siendo-insuficientes\/","url_meta":{"origin":33008,"position":5},"title":"Medidas del gobierno contin\u00faan siendo insuficientes","author":"La Hora del Campo","date":"20 febrero, 2018","format":false,"excerpt":"El movimiento de autoconvocados \"Un Solo Uruguay\" particip\u00f3 de la reuni\u00f3n realizada en la jornada de ayer en el Ministerio de Ganader\u00eda, Agricultura y Pesca, en la cual participaron tambi\u00e9n las gremiales agropecuarias que se alinearon tras los puntos planteados en la proclama del pasado 23 de enero en Durazno.\u2026","rel":"","context":"En \u00abActualidad\u00bb","block_context":{"text":"Actualidad","link":"https:\/\/lahoradelcampo.com.uy\/site\/category\/actualidad\/"},"img":{"alt_text":"","src":"https:\/\/i0.wp.com\/lahoradelcampo.com.uy\/site\/wp-content\/uploads\/2018\/02\/web-reunion.jpg?fit=880%2C440&ssl=1&resize=350%2C200","width":350,"height":200,"srcset":"https:\/\/i0.wp.com\/lahoradelcampo.com.uy\/site\/wp-content\/uploads\/2018\/02\/web-reunion.jpg?fit=880%2C440&ssl=1&resize=350%2C200 1x, https:\/\/i0.wp.com\/lahoradelcampo.com.uy\/site\/wp-content\/uploads\/2018\/02\/web-reunion.jpg?fit=880%2C440&ssl=1&resize=525%2C300 1.5x, https:\/\/i0.wp.com\/lahoradelcampo.com.uy\/site\/wp-content\/uploads\/2018\/02\/web-reunion.jpg?fit=880%2C440&ssl=1&resize=700%2C400 2x"},"classes":[]}],"jetpack_likes_enabled":true,"_links":{"self":[{"href":"https:\/\/lahoradelcampo.com.uy\/site\/wp-json\/wp\/v2\/posts\/33008","targetHints":{"allow":["GET"]}}],"collection":[{"href":"https:\/\/lahoradelcampo.com.uy\/site\/wp-json\/wp\/v2\/posts"}],"about":[{"href":"https:\/\/lahoradelcampo.com.uy\/site\/wp-json\/wp\/v2\/types\/post"}],"author":[{"embeddable":true,"href":"https:\/\/lahoradelcampo.com.uy\/site\/wp-json\/wp\/v2\/users\/5"}],"replies":[{"embeddable":true,"href":"https:\/\/lahoradelcampo.com.uy\/site\/wp-json\/wp\/v2\/comments?post=33008"}],"version-history":[{"count":1,"href":"https:\/\/lahoradelcampo.com.uy\/site\/wp-json\/wp\/v2\/posts\/33008\/revisions"}],"predecessor-version":[{"id":33012,"href":"https:\/\/lahoradelcampo.com.uy\/site\/wp-json\/wp\/v2\/posts\/33008\/revisions\/33012"}],"wp:featuredmedia":[{"embeddable":true,"href":"https:\/\/lahoradelcampo.com.uy\/site\/wp-json\/wp\/v2\/media\/33010"}],"wp:attachment":[{"href":"https:\/\/lahoradelcampo.com.uy\/site\/wp-json\/wp\/v2\/media?parent=33008"}],"wp:term":[{"taxonomy":"category","embeddable":true,"href":"https:\/\/lahoradelcampo.com.uy\/site\/wp-json\/wp\/v2\/categories?post=33008"},{"taxonomy":"post_tag","embeddable":true,"href":"https:\/\/lahoradelcampo.com.uy\/site\/wp-json\/wp\/v2\/tags?post=33008"}],"curies":[{"name":"wp","href":"https:\/\/api.w.org\/{rel}","templated":true}]}}