{"id":33002,"date":"2021-08-12T07:11:12","date_gmt":"2021-08-12T10:11:12","guid":{"rendered":"http:\/\/lahoradelcampo.com.uy\/site\/?p=33002"},"modified":"2021-08-12T07:11:16","modified_gmt":"2021-08-12T10:11:16","slug":"irazoqui-y-negri-fueron-presentados-como-asesores-del-mgap","status":"publish","type":"post","link":"https:\/\/lahoradelcampo.com.uy\/site\/irazoqui-y-negri-fueron-presentados-como-asesores-del-mgap\/","title":{"rendered":"Irazoqui y Negri, fueron presentados como asesores del MGAP"},"content":{"rendered":"\n<figure class=\"wp-block-image\"><img data-recalc-dims=\"1\" loading=\"lazy\" decoding=\"async\" width=\"810\" height=\"405\" data-attachment-id=\"33004\" data-permalink=\"https:\/\/lahoradelcampo.com.uy\/site\/irazoqui-y-negri-fueron-presentados-como-asesores-del-mgap\/mgap-asesores\/\" data-orig-file=\"https:\/\/i0.wp.com\/lahoradelcampo.com.uy\/site\/wp-content\/uploads\/2021\/08\/MGAP-Asesores.jpg?fit=880%2C440&amp;ssl=1\" data-orig-size=\"880,440\" data-comments-opened=\"1\" data-image-meta=\"{&quot;aperture&quot;:&quot;0&quot;,&quot;credit&quot;:&quot;&quot;,&quot;camera&quot;:&quot;&quot;,&quot;caption&quot;:&quot;&quot;,&quot;created_timestamp&quot;:&quot;0&quot;,&quot;copyright&quot;:&quot;&quot;,&quot;focal_length&quot;:&quot;0&quot;,&quot;iso&quot;:&quot;0&quot;,&quot;shutter_speed&quot;:&quot;0&quot;,&quot;title&quot;:&quot;&quot;,&quot;orientation&quot;:&quot;1&quot;}\" data-image-title=\"MGAP-Asesores\" data-image-description=\"\" data-image-caption=\"\" data-large-file=\"https:\/\/i0.wp.com\/lahoradelcampo.com.uy\/site\/wp-content\/uploads\/2021\/08\/MGAP-Asesores.jpg?fit=810%2C405&amp;ssl=1\" src=\"https:\/\/i0.wp.com\/lahoradelcampo.com.uy\/site\/wp-content\/uploads\/2021\/08\/MGAP-Asesores.jpg?resize=810%2C405\" alt=\"\" class=\"wp-image-33004\" srcset=\"https:\/\/i0.wp.com\/lahoradelcampo.com.uy\/site\/wp-content\/uploads\/2021\/08\/MGAP-Asesores.jpg?w=880&amp;ssl=1 880w, https:\/\/i0.wp.com\/lahoradelcampo.com.uy\/site\/wp-content\/uploads\/2021\/08\/MGAP-Asesores.jpg?resize=300%2C150&amp;ssl=1 300w, https:\/\/i0.wp.com\/lahoradelcampo.com.uy\/site\/wp-content\/uploads\/2021\/08\/MGAP-Asesores.jpg?resize=768%2C384&amp;ssl=1 768w, https:\/\/i0.wp.com\/lahoradelcampo.com.uy\/site\/wp-content\/uploads\/2021\/08\/MGAP-Asesores.jpg?resize=820%2C410&amp;ssl=1 820w\" sizes=\"auto, (max-width: 810px) 100vw, 810px\" \/><\/figure>\n\n\n\n<p>Mattos destac\u00f3 que \u00abnuestra misi\u00f3n  adem\u00e1s de respaldarlos, es presentar una medida importante para reforzar las capacidades t\u00e9cnicas\u00bb. En ese sentido se\u00f1al\u00f3 que se convoc\u00f3 como asesores del ministro al Dr. Diego Irazoqui y al Ing. Ricardo Negri. <br><\/p>\n\n\n\n<p>Irazoqui es M\u00e9dico Veterinario de profesi\u00f3n con destacada trayectoria a nivel privado y regional en laboratorios y campo y el Ing. Agr. Ricardo Negri, tiene larga experiencia como presidente del SENASA, de Argentina.<br><\/p>\n\n\n\n<p>El ministro subray\u00f3 que \u00abla presencia de Irazoqui y Negri nos ayudar\u00e1 a dise\u00f1ar las metas para pensar el ma\u00f1ana\u00bb.<br><\/p>\n\n\n\n<p>Este asesoramiento es posible a trav\u00e9s de un convenio entre en MGAP, la Corporaci\u00f3n Nacional para el Desarrollo y el Instituto Nacional de la Carne.<br><\/p>\n\n\n\n<p>En el marco de la presentaci\u00f3n y frente a los integrantes de la Direcci\u00f3n General de Servicios Ganaderos, el ministro Mattos enfatiz\u00f3 en que se trata de \u00abuna instancia importante de apoyo y respaldo a Servicios Ganaderos\u00bb.<br><\/p>\n\n\n\n<p>Record\u00f3 que es una unidad ejecutora de las m\u00e1s importantes desde el punto de vista estrat\u00e9gico para el pa\u00eds en cuanto a sanidad e inocuidad y reconoci\u00f3 \u00abel esfuerzo que realizan los funcionarios\u00bb y se comprometi\u00f3 por su parte a realizar \u00abtodos los esfuerzos para fortalecer los Servicios Ganaderos\u00bb, al tiempo que manifest\u00f3 que \u00abTienen todo el apoyo\u00bb de los jerarcas del MGAP.<br><\/p>\n\n\n\n<p>El subsecretario Ignacio Buffa se congratul\u00f3 de \u00abver esta sala con gente luego de tantos meses de pandemia\u00bb y dijo que para \u00abServicios Ganaderos es muy significativo\u00bb, porque \u00abtenemos claro que los cambios y las transformaciones que son necesarios en toda la administraci\u00f3n p\u00fablica las vamos a hacer con ustedes\u00bb.<br><\/p>\n\n\n\n<p>Adem\u00e1s del asesoramiento en campa\u00f1as y pol\u00edticas sanitarias, como en el caso del Dr. Diego Irazoqui, el Ing. Ricardo Negri llevar\u00e1 adelante un plan espec\u00edfico para el desarrollo de la industrializaci\u00f3n y exportaci\u00f3n de la carne de cerdo. \u00abPienso que Uruguay puede exportar la misma cantidad de carne de cerdo que de carne vacuna en 13 a\u00f1os\u00bb, concluy\u00f3 Negri.<\/p>\n\n\n\n<p>Salto, 12 de agosto de 2021<\/p>\n","protected":false},"excerpt":{"rendered":"<p>Mattos destac\u00f3 que \u00abnuestra misi\u00f3n adem\u00e1s de respaldarlos, es presentar una medida importante para reforzar las capacidades t\u00e9cnicas\u00bb. En ese sentido se\u00f1al\u00f3 que se convoc\u00f3 como asesores del ministro al [&hellip;]<\/p>\n","protected":false},"author":5,"featured_media":33004,"comment_status":"open","ping_status":"open","sticky":false,"template":"","format":"standard","meta":{"_price":"","_stock":"","_tribe_ticket_header":"","_tribe_default_ticket_provider":"","_tribe_ticket_capacity":"0","_ticket_start_date":"","_ticket_end_date":"","_tribe_ticket_show_description":"","_tribe_ticket_show_not_going":false,"_tribe_ticket_use_global_stock":"","_tribe_ticket_global_stock_level":"","_global_stock_mode":"","_global_stock_cap":"","_tribe_rsvp_for_event":"","_tribe_ticket_going_count":"","_tribe_ticket_not_going_count":"","_tribe_tickets_list":"[]","_tribe_ticket_has_attendee_info_fields":false,"h5ap_radio_sources":[],"_jetpack_newsletter_access":"","_jetpack_dont_email_post_to_subs":false,"_jetpack_newsletter_tier_id":0,"_jetpack_memberships_contains_paywalled_content":false,"_jetpack_memberships_contains_paid_content":false,"footnotes":""},"categories":[21,5],"tags":[],"class_list":["post-33002","post","type-post","status-publish","format-standard","has-post-thumbnail","hentry","category-actualidad","category-ganaderia"],"jetpack_featured_media_url":"https:\/\/i0.wp.com\/lahoradelcampo.com.uy\/site\/wp-content\/uploads\/2021\/08\/MGAP-Asesores.jpg?fit=880%2C440&ssl=1","jetpack_sharing_enabled":true,"jetpack_shortlink":"https:\/\/wp.me\/p99IaT-8Ai","jetpack-related-posts":[{"id":31606,"url":"https:\/\/lahoradelcampo.com.uy\/site\/fernando-mattos-asume-como-ministro-de-ganaderia-agricultura-y-pesca\/","url_meta":{"origin":33002,"position":0},"title":"Fernando Mattos asume como Ministro de Ganader\u00eda, Agricultura y Pesca","author":"La Hora del Campo","date":"28 junio, 2021","format":false,"excerpt":"El s\u00e1bado por la tarde, Carlos Mar\u00eda Uriarte particip\u00f3 como ministro en el Congreso Anual de la Federaci\u00f3n Rural y realiz\u00f3 un racconto de los temas m\u00e1s importantes en su gesti\u00f3n durante el \u00faltimo a\u00f1o, donde marc\u00f3 avances en varios temas, otros que est\u00e1n en carpeta y tambi\u00e9n proyectos a\u2026","rel":"","context":"En \u00abActualidad\u00bb","block_context":{"text":"Actualidad","link":"https:\/\/lahoradelcampo.com.uy\/site\/category\/actualidad\/"},"img":{"alt_text":"","src":"https:\/\/i0.wp.com\/lahoradelcampo.com.uy\/site\/wp-content\/uploads\/2020\/03\/Fernando-Mattos.jpg?fit=880%2C440&ssl=1&resize=350%2C200","width":350,"height":200,"srcset":"https:\/\/i0.wp.com\/lahoradelcampo.com.uy\/site\/wp-content\/uploads\/2020\/03\/Fernando-Mattos.jpg?fit=880%2C440&ssl=1&resize=350%2C200 1x, https:\/\/i0.wp.com\/lahoradelcampo.com.uy\/site\/wp-content\/uploads\/2020\/03\/Fernando-Mattos.jpg?fit=880%2C440&ssl=1&resize=525%2C300 1.5x, https:\/\/i0.wp.com\/lahoradelcampo.com.uy\/site\/wp-content\/uploads\/2020\/03\/Fernando-Mattos.jpg?fit=880%2C440&ssl=1&resize=700%2C400 2x"},"classes":[]},{"id":12623,"url":"https:\/\/lahoradelcampo.com.uy\/site\/argentina-y-china-realizaron-la-primera-auditoria-on-line\/","url_meta":{"origin":33002,"position":1},"title":"Argentina y China realizaron la primera auditoria on-line","author":"La Hora del Campo","date":"12 julio, 2019","format":false,"excerpt":"Las autoridades argentinas y chinas se reunieron en la jornada de hoy viernes a trav\u00e9s de una videoconferencia on-line, para realizar el primer control a distancia de establecimientos, as\u00ed lo hizo saber en su cuenta de Twitter el presidente del Senasa, Ricardo Luis Negri. El jerarca argentino coment\u00f3 en un\u2026","rel":"","context":"En \u00abActualidad\u00bb","block_context":{"text":"Actualidad","link":"https:\/\/lahoradelcampo.com.uy\/site\/category\/actualidad\/"},"img":{"alt_text":"","src":"https:\/\/i0.wp.com\/lahoradelcampo.com.uy\/site\/wp-content\/uploads\/2019\/07\/Senasa.jpg?fit=880%2C440&ssl=1&resize=350%2C200","width":350,"height":200,"srcset":"https:\/\/i0.wp.com\/lahoradelcampo.com.uy\/site\/wp-content\/uploads\/2019\/07\/Senasa.jpg?fit=880%2C440&ssl=1&resize=350%2C200 1x, https:\/\/i0.wp.com\/lahoradelcampo.com.uy\/site\/wp-content\/uploads\/2019\/07\/Senasa.jpg?fit=880%2C440&ssl=1&resize=525%2C300 1.5x, https:\/\/i0.wp.com\/lahoradelcampo.com.uy\/site\/wp-content\/uploads\/2019\/07\/Senasa.jpg?fit=880%2C440&ssl=1&resize=700%2C400 2x"},"classes":[]},{"id":10951,"url":"https:\/\/lahoradelcampo.com.uy\/site\/mgap-presenta-denuncia-penal-por-manejos-irregulares-del-fondo-de-la-granja\/","url_meta":{"origin":33002,"position":2},"title":"MGAP presenta denuncia penal por manejos irregulares del Fondo de la Granja","author":"La Hora del Campo","date":"21 mayo, 2019","format":false,"excerpt":"El Ministro de Ganader\u00eda, Agricultura y Pesca, Ing. Agr. Enzo Benech, luego de reunirse con la Junta Nacional de la Granja, comunic\u00f3 en conferencia de prensa, la decisi\u00f3n de realizar una denuncia penal ante la constataci\u00f3n de presuntos manejos irregulares del Fondo Nacional de la Granja y tras aceptar la\u2026","rel":"","context":"En \u00abActualidad\u00bb","block_context":{"text":"Actualidad","link":"https:\/\/lahoradelcampo.com.uy\/site\/category\/actualidad\/"},"img":{"alt_text":"","src":"https:\/\/i0.wp.com\/lahoradelcampo.com.uy\/site\/wp-content\/uploads\/2019\/05\/benech.jpg?fit=880%2C440&ssl=1&resize=350%2C200","width":350,"height":200,"srcset":"https:\/\/i0.wp.com\/lahoradelcampo.com.uy\/site\/wp-content\/uploads\/2019\/05\/benech.jpg?fit=880%2C440&ssl=1&resize=350%2C200 1x, https:\/\/i0.wp.com\/lahoradelcampo.com.uy\/site\/wp-content\/uploads\/2019\/05\/benech.jpg?fit=880%2C440&ssl=1&resize=525%2C300 1.5x, https:\/\/i0.wp.com\/lahoradelcampo.com.uy\/site\/wp-content\/uploads\/2019\/05\/benech.jpg?fit=880%2C440&ssl=1&resize=700%2C400 2x"},"classes":[]},{"id":16650,"url":"https:\/\/lahoradelcampo.com.uy\/site\/comenzo-la-transicion-en-el-mgap-y-surgen-nombres-del-futuro-gabinete\/","url_meta":{"origin":33002,"position":3},"title":"Comenz\u00f3 la transici\u00f3n en el MGAP y surgen nombres del futuro gabinete","author":"La Hora del Campo","date":"2 enero, 2020","format":false,"excerpt":"El Ing. Enzo Benech, antes de finalizar el 2019, recibi\u00f3 a qui\u00e9n a sido presentado como el pr\u00f3ximo ministro de ganader\u00eda, Ing. Agr. Carlos Mar\u00eda Uriarte, quien acompa\u00f1ado por el Ing. Agr. Ignacio Buffa ( pr\u00f2ximo Sub secretario) y la Dra. Fernanda Maldonado (futura Directora General del MGAP), para dar\u2026","rel":"","context":"En \u00abActualidad\u00bb","block_context":{"text":"Actualidad","link":"https:\/\/lahoradelcampo.com.uy\/site\/category\/actualidad\/"},"img":{"alt_text":"","src":"https:\/\/i0.wp.com\/lahoradelcampo.com.uy\/site\/wp-content\/uploads\/2019\/12\/uriarte.jpg?fit=880%2C440&ssl=1&resize=350%2C200","width":350,"height":200,"srcset":"https:\/\/i0.wp.com\/lahoradelcampo.com.uy\/site\/wp-content\/uploads\/2019\/12\/uriarte.jpg?fit=880%2C440&ssl=1&resize=350%2C200 1x, https:\/\/i0.wp.com\/lahoradelcampo.com.uy\/site\/wp-content\/uploads\/2019\/12\/uriarte.jpg?fit=880%2C440&ssl=1&resize=525%2C300 1.5x, https:\/\/i0.wp.com\/lahoradelcampo.com.uy\/site\/wp-content\/uploads\/2019\/12\/uriarte.jpg?fit=880%2C440&ssl=1&resize=700%2C400 2x"},"classes":[]},{"id":29658,"url":"https:\/\/lahoradelcampo.com.uy\/site\/asumio-la-primera-plana-de-los-servicios-ganaderos-del-mgap-encabezados-por-el-dr-diego-de-freitas\/","url_meta":{"origin":33002,"position":4},"title":"Asumi\u00f3 la primera plana de los Servicios Ganaderos del MGAP encabezados por el Dr. Diego de Freitas","author":"La Hora del Campo","date":"5 mayo, 2021","format":false,"excerpt":"En la jornada de ayer el Ministerio de Ganader\u00eda, Agricultura y Pesca (MGAP) present\u00f3 en conferencia de prensa a las nuevas autoridades que estar\u00e1n encabezando la plana mayor de la Direcci\u00f3n General de los Servicios Ganaderos, en donde se ratific\u00f3 al Dr. Diego de Freitas como el nuevo director de\u2026","rel":"","context":"En \u00abActualidad\u00bb","block_context":{"text":"Actualidad","link":"https:\/\/lahoradelcampo.com.uy\/site\/category\/actualidad\/"},"img":{"alt_text":"","src":"https:\/\/i0.wp.com\/lahoradelcampo.com.uy\/site\/wp-content\/uploads\/2021\/05\/mgapdgsg.jpg?fit=880%2C440&ssl=1&resize=350%2C200","width":350,"height":200,"srcset":"https:\/\/i0.wp.com\/lahoradelcampo.com.uy\/site\/wp-content\/uploads\/2021\/05\/mgapdgsg.jpg?fit=880%2C440&ssl=1&resize=350%2C200 1x, https:\/\/i0.wp.com\/lahoradelcampo.com.uy\/site\/wp-content\/uploads\/2021\/05\/mgapdgsg.jpg?fit=880%2C440&ssl=1&resize=525%2C300 1.5x, https:\/\/i0.wp.com\/lahoradelcampo.com.uy\/site\/wp-content\/uploads\/2021\/05\/mgapdgsg.jpg?fit=880%2C440&ssl=1&resize=700%2C400 2x"},"classes":[]},{"id":17608,"url":"https:\/\/lahoradelcampo.com.uy\/site\/el-salteno-eduardo-barre-continuara-al-frente-de-la-dgsg-en-el-mgap\/","url_meta":{"origin":33002,"position":5},"title":"El salte\u00f1o Eduardo Barr\u00e9 continuar\u00e1 al frente de la DGSG en el MGAP","author":"La Hora del Campo","date":"24 febrero, 2020","format":false,"excerpt":"Al cierre de 2019, luego del di\u00e1logo mantenido con el futuro ministro, Carlos Mar\u00eda Uriarte, en la reuni\u00f3n del SUL con la prensa en Cerro Colorado, Florida, aqu\u00ed en La Hora del Campo le hemos venido se\u00f1alando que el Dr. Eduardo Barr\u00e9 quien se encuentra al frente de la Direcci\u00f3n\u2026","rel":"","context":"En \u00abActualidad\u00bb","block_context":{"text":"Actualidad","link":"https:\/\/lahoradelcampo.com.uy\/site\/category\/actualidad\/"},"img":{"alt_text":"","src":"https:\/\/i0.wp.com\/lahoradelcampo.com.uy\/site\/wp-content\/uploads\/2017\/10\/Barre.jpg?fit=880%2C440&ssl=1&resize=350%2C200","width":350,"height":200,"srcset":"https:\/\/i0.wp.com\/lahoradelcampo.com.uy\/site\/wp-content\/uploads\/2017\/10\/Barre.jpg?fit=880%2C440&ssl=1&resize=350%2C200 1x, https:\/\/i0.wp.com\/lahoradelcampo.com.uy\/site\/wp-content\/uploads\/2017\/10\/Barre.jpg?fit=880%2C440&ssl=1&resize=525%2C300 1.5x, https:\/\/i0.wp.com\/lahoradelcampo.com.uy\/site\/wp-content\/uploads\/2017\/10\/Barre.jpg?fit=880%2C440&ssl=1&resize=700%2C400 2x"},"classes":[]}],"jetpack_likes_enabled":true,"_links":{"self":[{"href":"https:\/\/lahoradelcampo.com.uy\/site\/wp-json\/wp\/v2\/posts\/33002","targetHints":{"allow":["GET"]}}],"collection":[{"href":"https:\/\/lahoradelcampo.com.uy\/site\/wp-json\/wp\/v2\/posts"}],"about":[{"href":"https:\/\/lahoradelcampo.com.uy\/site\/wp-json\/wp\/v2\/types\/post"}],"author":[{"embeddable":true,"href":"https:\/\/lahoradelcampo.com.uy\/site\/wp-json\/wp\/v2\/users\/5"}],"replies":[{"embeddable":true,"href":"https:\/\/lahoradelcampo.com.uy\/site\/wp-json\/wp\/v2\/comments?post=33002"}],"version-history":[{"count":1,"href":"https:\/\/lahoradelcampo.com.uy\/site\/wp-json\/wp\/v2\/posts\/33002\/revisions"}],"predecessor-version":[{"id":33006,"href":"https:\/\/lahoradelcampo.com.uy\/site\/wp-json\/wp\/v2\/posts\/33002\/revisions\/33006"}],"wp:featuredmedia":[{"embeddable":true,"href":"https:\/\/lahoradelcampo.com.uy\/site\/wp-json\/wp\/v2\/media\/33004"}],"wp:attachment":[{"href":"https:\/\/lahoradelcampo.com.uy\/site\/wp-json\/wp\/v2\/media?parent=33002"}],"wp:term":[{"taxonomy":"category","embeddable":true,"href":"https:\/\/lahoradelcampo.com.uy\/site\/wp-json\/wp\/v2\/categories?post=33002"},{"taxonomy":"post_tag","embeddable":true,"href":"https:\/\/lahoradelcampo.com.uy\/site\/wp-json\/wp\/v2\/tags?post=33002"}],"curies":[{"name":"wp","href":"https:\/\/api.w.org\/{rel}","templated":true}]}}