{"id":32998,"date":"2021-08-12T07:00:19","date_gmt":"2021-08-12T10:00:19","guid":{"rendered":"http:\/\/lahoradelcampo.com.uy\/site\/?p=32998"},"modified":"2021-08-12T07:00:24","modified_gmt":"2021-08-12T10:00:24","slug":"los-ovinos-mantendran-el-doble-turno-en-la-expo-prado-2021","status":"publish","type":"post","link":"https:\/\/lahoradelcampo.com.uy\/site\/los-ovinos-mantendran-el-doble-turno-en-la-expo-prado-2021\/","title":{"rendered":"Los ovinos mantendr\u00e1n el doble turno en la Expo Prado 2021"},"content":{"rendered":"\n<figure class=\"wp-block-image\"><img data-recalc-dims=\"1\" loading=\"lazy\" decoding=\"async\" width=\"810\" height=\"405\" data-attachment-id=\"14297\" data-permalink=\"https:\/\/lahoradelcampo.com.uy\/site\/la-raza-ideal-presento-su-potencial-en-las-pistas-del-prado\/ideal-prado\/\" data-orig-file=\"https:\/\/i0.wp.com\/lahoradelcampo.com.uy\/site\/wp-content\/uploads\/2019\/09\/ideal-prado.jpg?fit=880%2C440&amp;ssl=1\" data-orig-size=\"880,440\" data-comments-opened=\"1\" data-image-meta=\"{&quot;aperture&quot;:&quot;0&quot;,&quot;credit&quot;:&quot;&quot;,&quot;camera&quot;:&quot;&quot;,&quot;caption&quot;:&quot;&quot;,&quot;created_timestamp&quot;:&quot;0&quot;,&quot;copyright&quot;:&quot;&quot;,&quot;focal_length&quot;:&quot;0&quot;,&quot;iso&quot;:&quot;0&quot;,&quot;shutter_speed&quot;:&quot;0&quot;,&quot;title&quot;:&quot;&quot;,&quot;orientation&quot;:&quot;1&quot;}\" data-image-title=\"ideal prado\" data-image-description=\"\" data-image-caption=\"\" data-large-file=\"https:\/\/i0.wp.com\/lahoradelcampo.com.uy\/site\/wp-content\/uploads\/2019\/09\/ideal-prado.jpg?fit=810%2C405&amp;ssl=1\" src=\"https:\/\/i0.wp.com\/lahoradelcampo.com.uy\/site\/wp-content\/uploads\/2019\/09\/ideal-prado.jpg?resize=810%2C405\" alt=\"\" class=\"wp-image-14297\" srcset=\"https:\/\/i0.wp.com\/lahoradelcampo.com.uy\/site\/wp-content\/uploads\/2019\/09\/ideal-prado.jpg?w=880&amp;ssl=1 880w, https:\/\/i0.wp.com\/lahoradelcampo.com.uy\/site\/wp-content\/uploads\/2019\/09\/ideal-prado.jpg?resize=300%2C150&amp;ssl=1 300w, https:\/\/i0.wp.com\/lahoradelcampo.com.uy\/site\/wp-content\/uploads\/2019\/09\/ideal-prado.jpg?resize=768%2C384&amp;ssl=1 768w, https:\/\/i0.wp.com\/lahoradelcampo.com.uy\/site\/wp-content\/uploads\/2019\/09\/ideal-prado.jpg?resize=820%2C410&amp;ssl=1 820w\" sizes=\"auto, (max-width: 810px) 100vw, 810px\" \/><\/figure>\n\n\n\n<p>Poco a poco se va acercando la 116\u00aa Exposici\u00f3n internacional de ganader\u00eda, muestra agroindustrial y comercial, la Expo Prado 2021, la gremial organizadora dio a conocer el cronograma ganadero que como ya se ha mencionado, tendr\u00e1 variantes respecto a a\u00f1os anteriores, con menor cantidad de d\u00edas, pero adem\u00e1s con la participaci\u00f3n de jurados extranjeros en la pista. <br><\/p>\n\n\n\n<p>En este sentido se recuerda que se mantiene la decisi\u00f3n adoptada para el ingreso tanto de los expositores, trabajadores, como as\u00ed tambi\u00e9n del p\u00fablico en general a la muestra, quienes deber\u00e1n tener 15 d\u00edas de la segunda dosis de la vacuna contra Covid-19 para poder acceder. <br><\/p>\n\n\n\n<p>En el caso de los ovinos habr\u00e1 dos turnos, calific\u00e1ndose las razas carniceras en la primera etapa y las laneras o doble prop\u00f3sito en la segunda. <br><\/p>\n\n\n\n<p>En este sentido se inform\u00f3 que el viernes 10 de agosto, d\u00eda de inauguraci\u00f3n de la muestra, ingresaran las razas Frisona Milchschaf, Hampshire Down, Ile de France, Poll Dorset, Suffolk, Southdown y Texel. <br><\/p>\n\n\n\n<p>Las calificaciones de estas razas comenzar\u00e1 el lunes 13, con la raza Texel, la mayoritaria de la muestra en la especie, con Jos\u00e9 Thiago Machado de Mattos, productor de R\u00edo Grande del Sur, Brasil, como jurado y la raza Hampshire Down ser\u00e1 calificada por el Dr. Pedro Scremini. Esa misma jornada tambi\u00e9n se calificara las razas Ile de France, Frisona Milchschaff, Poll Dorset, Southdown y Suffolk. Y al final de la jornada ser\u00e1 el remate de las mismas razas ovinas, que al d\u00eda siguiente deber\u00e1n abandonar las instalaciones de la rural. <br><\/p>\n\n\n\n<p>El mi\u00e9rcoles 15 ingresan los ovinos del segundo turno: Corriedale, Ideal, Merilin, Merino, Merino Dohne y Romney Marsh. La segunda ronda de calificaci\u00f3n se realizar\u00e1 el viernes 17 de agosto, comenzando por la raza Corriedale que tendr\u00e1 como jurados a Rodrigo Granja, presidente de la Sociedad de Criadores de Corriedale del Uruguay, y a Jos\u00e9 Antonio Zugarramurdi, productor de la zona de Soriano. <br><\/p>\n\n\n\n<p>En el caso del Merino Australiano y Poll Merino Australiano, el jurado designado por la gremial de criadores es Juan Manuel Gonz\u00e1lez. Adem\u00e1s se calificaran las restantes razas ovinas: Romney Marsh, Merino Dohne, Ideal, Meril\u00edn y Border Leicester. Finalizando la jornada con el remate de los ovinos del segundo turno.<\/p>\n\n\n\n<p>Salto, 12 de agosto de 2021<\/p>\n","protected":false},"excerpt":{"rendered":"<p>Poco a poco se va acercando la 116\u00aa Exposici\u00f3n internacional de ganader\u00eda, muestra agroindustrial y comercial, la Expo Prado 2021, la gremial organizadora dio a conocer el cronograma ganadero que [&hellip;]<\/p>\n","protected":false},"author":5,"featured_media":14297,"comment_status":"open","ping_status":"open","sticky":false,"template":"","format":"standard","meta":{"_price":"","_stock":"","_tribe_ticket_header":"","_tribe_default_ticket_provider":"","_tribe_ticket_capacity":"0","_ticket_start_date":"","_ticket_end_date":"","_tribe_ticket_show_description":"","_tribe_ticket_show_not_going":false,"_tribe_ticket_use_global_stock":"","_tribe_ticket_global_stock_level":"","_global_stock_mode":"","_global_stock_cap":"","_tribe_rsvp_for_event":"","_tribe_ticket_going_count":"","_tribe_ticket_not_going_count":"","_tribe_tickets_list":"[]","_tribe_ticket_has_attendee_info_fields":false,"h5ap_radio_sources":[],"_jetpack_newsletter_access":"","_jetpack_dont_email_post_to_subs":false,"_jetpack_newsletter_tier_id":0,"_jetpack_memberships_contains_paywalled_content":false,"_jetpack_memberships_contains_paid_content":false,"footnotes":""},"categories":[21,13],"tags":[],"class_list":["post-32998","post","type-post","status-publish","format-standard","has-post-thumbnail","hentry","category-actualidad","category-ovinos"],"jetpack_featured_media_url":"https:\/\/i0.wp.com\/lahoradelcampo.com.uy\/site\/wp-content\/uploads\/2019\/09\/ideal-prado.jpg?fit=880%2C440&ssl=1","jetpack_sharing_enabled":true,"jetpack_shortlink":"https:\/\/wp.me\/p99IaT-8Ae","jetpack-related-posts":[{"id":45107,"url":"https:\/\/lahoradelcampo.com.uy\/site\/ayer-se-lanzo-la-expo-prado-2022-sin-restricciones\/","url_meta":{"origin":32998,"position":0},"title":"Ayer se lanz\u00f3 la Expo Prado  2022 sin restricciones","author":"La Hora del Campo","date":"30 agosto, 2022","format":false,"excerpt":"Con la presencia del Ministro de Ganader\u00eda, Agricultura y Pesca, Ing. Agr. Fernando Mattos, se realiz\u00f3 en la jornada de ayer el lanzamiento de una nueva edici\u00f3n de la Expo Prado, organizada por la Asociaci\u00f3n Rural del Uruguay (ARU), que se desarrollar\u00e1 entre el 9 y el 19 de septiembre,\u2026","rel":"","context":"En \u00abActualidad\u00bb","block_context":{"text":"Actualidad","link":"https:\/\/lahoradelcampo.com.uy\/site\/category\/actualidad\/"},"img":{"alt_text":"","src":"https:\/\/i0.wp.com\/lahoradelcampo.com.uy\/site\/wp-content\/uploads\/2021\/09\/Prado-Corriedale1.jpg?fit=880%2C440&ssl=1&resize=350%2C200","width":350,"height":200,"srcset":"https:\/\/i0.wp.com\/lahoradelcampo.com.uy\/site\/wp-content\/uploads\/2021\/09\/Prado-Corriedale1.jpg?fit=880%2C440&ssl=1&resize=350%2C200 1x, https:\/\/i0.wp.com\/lahoradelcampo.com.uy\/site\/wp-content\/uploads\/2021\/09\/Prado-Corriedale1.jpg?fit=880%2C440&ssl=1&resize=525%2C300 1.5x, https:\/\/i0.wp.com\/lahoradelcampo.com.uy\/site\/wp-content\/uploads\/2021\/09\/Prado-Corriedale1.jpg?fit=880%2C440&ssl=1&resize=700%2C400 2x"},"classes":[]},{"id":44989,"url":"https:\/\/lahoradelcampo.com.uy\/site\/expo-prado-contara-con-un-10-mas-de-animales-que-en-2021\/","url_meta":{"origin":32998,"position":1},"title":"Expo Prado contar\u00e1 con un 10% m\u00e1s de animales que en 2021","author":"La Hora del Campo","date":"27 agosto, 2022","format":false,"excerpt":"La Expo Prado que organiza la Asociaci\u00f3n Rural del Uruguay (ARU) que se realizar\u00e1 entre el 9 y el 19 de setiembre, ya tiene el programa de actividades pr\u00e1cticamente confirmado, con 2.158 animales que ser\u00e1n juzgados y participar\u00e1n de actividades que se desarrollar\u00e1n en la m\u00e1xima muestra agropecuaria del pa\u00eds.\u2026","rel":"","context":"En \u00abActualidad\u00bb","block_context":{"text":"Actualidad","link":"https:\/\/lahoradelcampo.com.uy\/site\/category\/actualidad\/"},"img":{"alt_text":"","src":"https:\/\/i0.wp.com\/lahoradelcampo.com.uy\/site\/wp-content\/uploads\/2021\/09\/PradoExpo.jpg?fit=880%2C440&ssl=1&resize=350%2C200","width":350,"height":200,"srcset":"https:\/\/i0.wp.com\/lahoradelcampo.com.uy\/site\/wp-content\/uploads\/2021\/09\/PradoExpo.jpg?fit=880%2C440&ssl=1&resize=350%2C200 1x, https:\/\/i0.wp.com\/lahoradelcampo.com.uy\/site\/wp-content\/uploads\/2021\/09\/PradoExpo.jpg?fit=880%2C440&ssl=1&resize=525%2C300 1.5x, https:\/\/i0.wp.com\/lahoradelcampo.com.uy\/site\/wp-content\/uploads\/2021\/09\/PradoExpo.jpg?fit=880%2C440&ssl=1&resize=700%2C400 2x"},"classes":[]},{"id":32702,"url":"https:\/\/lahoradelcampo.com.uy\/site\/aru-definio-el-cronograma-ganadero-de-la-expo-prado-2021\/","url_meta":{"origin":32998,"position":2},"title":"ARU defini\u00f3 el cronograma ganadero de la Expo Prado 2021","author":"La Hora del Campo","date":"4 agosto, 2021","format":false,"excerpt":"Poco a poco se va acercando la 116\u00aa Exposici\u00f3n internacional de ganader\u00eda, muestra agroindustrial y comercial, la Expo Prado 2021, la gremial organizadora dio a conocer el cronograma ganadero que como ya se ha mencionado aqu\u00ed en La Hora del Campo, tendr\u00e1 variantes respecto a a\u00f1os anteriores, con menor cantidad\u2026","rel":"","context":"En \u00abActualidad\u00bb","block_context":{"text":"Actualidad","link":"https:\/\/lahoradelcampo.com.uy\/site\/category\/actualidad\/"},"img":{"alt_text":"","src":"https:\/\/i0.wp.com\/lahoradelcampo.com.uy\/site\/wp-content\/uploads\/2019\/09\/Angus-Prado.jpg?fit=880%2C440&ssl=1&resize=350%2C200","width":350,"height":200,"srcset":"https:\/\/i0.wp.com\/lahoradelcampo.com.uy\/site\/wp-content\/uploads\/2019\/09\/Angus-Prado.jpg?fit=880%2C440&ssl=1&resize=350%2C200 1x, https:\/\/i0.wp.com\/lahoradelcampo.com.uy\/site\/wp-content\/uploads\/2019\/09\/Angus-Prado.jpg?fit=880%2C440&ssl=1&resize=525%2C300 1.5x, https:\/\/i0.wp.com\/lahoradelcampo.com.uy\/site\/wp-content\/uploads\/2019\/09\/Angus-Prado.jpg?fit=880%2C440&ssl=1&resize=700%2C400 2x"},"classes":[]},{"id":30826,"url":"https:\/\/lahoradelcampo.com.uy\/site\/expo-prado-exigira-la-vacunacion-contra-el-covid-19-para-autorizar-el-ingreso\/","url_meta":{"origin":32998,"position":3},"title":"Expo Prado exigir\u00e1 la vacunaci\u00f3n contra el Covid-19 para autorizar el ingreso","author":"La Hora del Campo","date":"2 junio, 2021","format":false,"excerpt":"En su reuni\u00f3n semanal, la directiva de la Asociaci\u00f3n Rural del Uruguay tomo definici\u00f3n en varios temas de cara a la Edici\u00f3n 2021 de la Expo Prado, donde adem\u00e1s se celebraran los 150 a\u00f1os de la gremial organizadora. Uno de los cambios m\u00e1s importantes tiene que ver con la duraci\u00f3n\u2026","rel":"","context":"En \u00abActualidad\u00bb","block_context":{"text":"Actualidad","link":"https:\/\/lahoradelcampo.com.uy\/site\/category\/actualidad\/"},"img":{"alt_text":"","src":"https:\/\/i0.wp.com\/lahoradelcampo.com.uy\/site\/wp-content\/uploads\/2021\/06\/expoprado.jpg?fit=880%2C440&ssl=1&resize=350%2C200","width":350,"height":200,"srcset":"https:\/\/i0.wp.com\/lahoradelcampo.com.uy\/site\/wp-content\/uploads\/2021\/06\/expoprado.jpg?fit=880%2C440&ssl=1&resize=350%2C200 1x, https:\/\/i0.wp.com\/lahoradelcampo.com.uy\/site\/wp-content\/uploads\/2021\/06\/expoprado.jpg?fit=880%2C440&ssl=1&resize=525%2C300 1.5x, https:\/\/i0.wp.com\/lahoradelcampo.com.uy\/site\/wp-content\/uploads\/2021\/06\/expoprado.jpg?fit=880%2C440&ssl=1&resize=700%2C400 2x"},"classes":[]},{"id":43477,"url":"https:\/\/lahoradelcampo.com.uy\/site\/las-razas-carniceras-vuelven-a-ser-la-mayoria-de-los-ovinos-en-el-prado\/","url_meta":{"origin":32998,"position":4},"title":"Las razas carniceras vuelven a ser la mayor\u00eda de los ovinos en el Prado","author":"La Hora del Campo","date":"5 julio, 2022","format":false,"excerpt":"En las preinscripciones para la 117 edici\u00f3n de la Expo Prado, que se realizar\u00e1 del 9 al 18 de setiembre, tambi\u00e9n se visualiz\u00f3 un incremento del 8% en la sumatoria de las razas ovinas. En total est\u00e1n preinscriptos 508 ovinos con un fuerte incremento de la raza Hampshire Down, que\u2026","rel":"","context":"En \u00abActualidad\u00bb","block_context":{"text":"Actualidad","link":"https:\/\/lahoradelcampo.com.uy\/site\/category\/actualidad\/"},"img":{"alt_text":"","src":"https:\/\/i0.wp.com\/lahoradelcampo.com.uy\/site\/wp-content\/uploads\/2021\/07\/Hampshiredown.jpg?fit=880%2C440&ssl=1&resize=350%2C200","width":350,"height":200,"srcset":"https:\/\/i0.wp.com\/lahoradelcampo.com.uy\/site\/wp-content\/uploads\/2021\/07\/Hampshiredown.jpg?fit=880%2C440&ssl=1&resize=350%2C200 1x, https:\/\/i0.wp.com\/lahoradelcampo.com.uy\/site\/wp-content\/uploads\/2021\/07\/Hampshiredown.jpg?fit=880%2C440&ssl=1&resize=525%2C300 1.5x, https:\/\/i0.wp.com\/lahoradelcampo.com.uy\/site\/wp-content\/uploads\/2021\/07\/Hampshiredown.jpg?fit=880%2C440&ssl=1&resize=700%2C400 2x"},"classes":[]},{"id":45243,"url":"https:\/\/lahoradelcampo.com.uy\/site\/el-viernes-9-comienza-una-nueva-exposicion-del-prado\/","url_meta":{"origin":32998,"position":5},"title":"El viernes 9 comienza una nueva Exposici\u00f3n del Prado","author":"La Hora del Campo","date":"5 septiembre, 2022","format":false,"excerpt":"El viernes 9 de setiembre da inicio una nueva edici\u00f3n de la Exposici\u00f3n Internacional de Ganader\u00eda, Muestra Agroindustrial y Comercial en el predio de la Rural del Prado, organizada por la Asociaci\u00f3n Rural del Uruguay (ARU), y se extender\u00e1 hasta el domingo 19 de setiembre. El gran cambio de esta\u2026","rel":"","context":"En \u00abActualidad\u00bb","block_context":{"text":"Actualidad","link":"https:\/\/lahoradelcampo.com.uy\/site\/category\/actualidad\/"},"img":{"alt_text":"","src":"https:\/\/i0.wp.com\/lahoradelcampo.com.uy\/site\/wp-content\/uploads\/2019\/09\/Angus-Prado.jpg?fit=880%2C440&ssl=1&resize=350%2C200","width":350,"height":200,"srcset":"https:\/\/i0.wp.com\/lahoradelcampo.com.uy\/site\/wp-content\/uploads\/2019\/09\/Angus-Prado.jpg?fit=880%2C440&ssl=1&resize=350%2C200 1x, https:\/\/i0.wp.com\/lahoradelcampo.com.uy\/site\/wp-content\/uploads\/2019\/09\/Angus-Prado.jpg?fit=880%2C440&ssl=1&resize=525%2C300 1.5x, https:\/\/i0.wp.com\/lahoradelcampo.com.uy\/site\/wp-content\/uploads\/2019\/09\/Angus-Prado.jpg?fit=880%2C440&ssl=1&resize=700%2C400 2x"},"classes":[]}],"jetpack_likes_enabled":true,"_links":{"self":[{"href":"https:\/\/lahoradelcampo.com.uy\/site\/wp-json\/wp\/v2\/posts\/32998","targetHints":{"allow":["GET"]}}],"collection":[{"href":"https:\/\/lahoradelcampo.com.uy\/site\/wp-json\/wp\/v2\/posts"}],"about":[{"href":"https:\/\/lahoradelcampo.com.uy\/site\/wp-json\/wp\/v2\/types\/post"}],"author":[{"embeddable":true,"href":"https:\/\/lahoradelcampo.com.uy\/site\/wp-json\/wp\/v2\/users\/5"}],"replies":[{"embeddable":true,"href":"https:\/\/lahoradelcampo.com.uy\/site\/wp-json\/wp\/v2\/comments?post=32998"}],"version-history":[{"count":1,"href":"https:\/\/lahoradelcampo.com.uy\/site\/wp-json\/wp\/v2\/posts\/32998\/revisions"}],"predecessor-version":[{"id":33000,"href":"https:\/\/lahoradelcampo.com.uy\/site\/wp-json\/wp\/v2\/posts\/32998\/revisions\/33000"}],"wp:featuredmedia":[{"embeddable":true,"href":"https:\/\/lahoradelcampo.com.uy\/site\/wp-json\/wp\/v2\/media\/14297"}],"wp:attachment":[{"href":"https:\/\/lahoradelcampo.com.uy\/site\/wp-json\/wp\/v2\/media?parent=32998"}],"wp:term":[{"taxonomy":"category","embeddable":true,"href":"https:\/\/lahoradelcampo.com.uy\/site\/wp-json\/wp\/v2\/categories?post=32998"},{"taxonomy":"post_tag","embeddable":true,"href":"https:\/\/lahoradelcampo.com.uy\/site\/wp-json\/wp\/v2\/tags?post=32998"}],"curies":[{"name":"wp","href":"https:\/\/api.w.org\/{rel}","templated":true}]}}