{"id":32992,"date":"2021-08-12T06:46:08","date_gmt":"2021-08-12T09:46:08","guid":{"rendered":"http:\/\/lahoradelcampo.com.uy\/site\/?p=32992"},"modified":"2021-08-12T06:53:54","modified_gmt":"2021-08-12T09:53:54","slug":"el-6to-taller-de-diagnosticos-de-gestacion-en-ovinos-tendra-foco-un-ano-mellicero","status":"publish","type":"post","link":"https:\/\/lahoradelcampo.com.uy\/site\/el-6to-taller-de-diagnosticos-de-gestacion-en-ovinos-tendra-foco-un-ano-mellicero\/","title":{"rendered":"El 6to taller de diagn\u00f3sticos de gestaci\u00f3n en ovinos tendr\u00e1 foco \u00abun a\u00f1o mellicero\u00bb"},"content":{"rendered":"\n<figure class=\"wp-block-image\"><img data-recalc-dims=\"1\" loading=\"lazy\" decoding=\"async\" width=\"810\" height=\"405\" data-attachment-id=\"32994\" data-permalink=\"https:\/\/lahoradelcampo.com.uy\/site\/el-6to-taller-de-diagnosticos-de-gestacion-en-ovinos-tendra-foco-un-ano-mellicero\/georgget-banchero\/\" data-orig-file=\"https:\/\/i0.wp.com\/lahoradelcampo.com.uy\/site\/wp-content\/uploads\/2021\/08\/georgget-banchero.jpg?fit=880%2C440&amp;ssl=1\" data-orig-size=\"880,440\" data-comments-opened=\"1\" data-image-meta=\"{&quot;aperture&quot;:&quot;0&quot;,&quot;credit&quot;:&quot;&quot;,&quot;camera&quot;:&quot;&quot;,&quot;caption&quot;:&quot;&quot;,&quot;created_timestamp&quot;:&quot;0&quot;,&quot;copyright&quot;:&quot;&quot;,&quot;focal_length&quot;:&quot;0&quot;,&quot;iso&quot;:&quot;0&quot;,&quot;shutter_speed&quot;:&quot;0&quot;,&quot;title&quot;:&quot;&quot;,&quot;orientation&quot;:&quot;1&quot;}\" data-image-title=\"georgget banchero\" data-image-description=\"\" data-image-caption=\"\" data-large-file=\"https:\/\/i0.wp.com\/lahoradelcampo.com.uy\/site\/wp-content\/uploads\/2021\/08\/georgget-banchero.jpg?fit=810%2C405&amp;ssl=1\" src=\"https:\/\/i0.wp.com\/lahoradelcampo.com.uy\/site\/wp-content\/uploads\/2021\/08\/georgget-banchero.jpg?resize=810%2C405\" alt=\"\" class=\"wp-image-32994\" srcset=\"https:\/\/i0.wp.com\/lahoradelcampo.com.uy\/site\/wp-content\/uploads\/2021\/08\/georgget-banchero.jpg?w=880&amp;ssl=1 880w, https:\/\/i0.wp.com\/lahoradelcampo.com.uy\/site\/wp-content\/uploads\/2021\/08\/georgget-banchero.jpg?resize=300%2C150&amp;ssl=1 300w, https:\/\/i0.wp.com\/lahoradelcampo.com.uy\/site\/wp-content\/uploads\/2021\/08\/georgget-banchero.jpg?resize=768%2C384&amp;ssl=1 768w, https:\/\/i0.wp.com\/lahoradelcampo.com.uy\/site\/wp-content\/uploads\/2021\/08\/georgget-banchero.jpg?resize=820%2C410&amp;ssl=1 820w\" sizes=\"auto, (max-width: 810px) 100vw, 810px\" \/><\/figure>\n\n\n\n<p>El pr\u00f3ximo jueves 19 de agosto, el Instituto Nacional de Investigaci\u00f3n Agropecuaria (INIA) desarrollar\u00e1 el 6to Taller de diagn\u00f3sticos de gestaci\u00f3n en ovinos, que ser\u00e1 transmitido a trav\u00e9s de su canal de Youtube a partir de las 16 horas. <br><\/p>\n\n\n\n<p>Dicho encuentro contar\u00e1 con dos partes bien definidas, la primera ser\u00e1 la presentaci\u00f3n y discusi\u00f3n de los datos a cargo de los profesionales del ejercicio liberal, el Dr. Joaqu\u00edn Gambetta en la zona norte y noreste, el Dr.  Juan Andr\u00e9s Garc\u00eda Pintos en el centro-este y norte. El Dr. Pablo Marinho en la zona noreste y este del pa\u00eds, mientras que el Dr. Santiago Bordaberry presentar\u00e1 los datos de las zonas centro sur y norte. <br><\/p>\n\n\n\n<p> El segundo bloque tendr\u00e1 como componente principal la presentaci\u00f3n de aportes y herramientas para mejorar la sobrevivencia de mellizos, en un a\u00f1o donde las proyecciones indicar\u00edan un alto porcentaje de partos m\u00faltiples en la majada. En esta parte del encuentro estar\u00e1n el Dr Sergio Fierro y el Ing. Francisco Ramos, ambos t\u00e9cnicos del Secretariado Uruguayo de la Lana (SUL) y el Ing. Andr\u00e9s Ganzabal y la Dra. Georgget Banchero de INIA. <br><\/p>\n\n\n\n<p>La Dra. Banchero dijo que \u00abva a ser un a\u00f1o muy mellicero, por lo menos por lo que hemos visto hasta ahora\u00bb, si bien aclar\u00f3 que a\u00fan no est\u00e1n disponibles los datos que aportaran los profesionales del ejercicio liberal, explic\u00f3 que las condicionantes del ambiente han sido propicias para que las ovejas tengan altos porcentajes de partos m\u00faltiples. <br><\/p>\n\n\n\n<p>El a\u00f1o pasado los datos del quinto taller de gestaci\u00f3n en ovinos estuvieron cercanos al 93%, lo que reafirma que pre\u00f1ar la oveja no es una gran limitante para el rubro a nivel pa\u00eds, \u00abpre\u00f1ar las ovejas quiz\u00e1s es lo m\u00e1s f\u00e1cil, el gran desaf\u00edo es salvar esos corderos y sobre todo venderlos, ya sea a frigor\u00edfico o como reemplazo\u00bb dijo Banchero. <br><\/p>\n\n\n\n<p>La profesional dijo que se presentaran las conclusiones m\u00e1s relevantes de un grupo de 25 proyectos que se llevaron adelante para evaluar las limitantes para la producci\u00f3n de mellizos en el ovino. En este sentido dijo que el factor principal \u00abes la gen\u00e9tica, las ovejas ya est\u00e1n destinadas a tener mellizos, pero despu\u00e9s como todos sabemos es la nutrici\u00f3n\u00bb. <\/p>\n\n\n\n<p style=\"text-align:right\"><strong>Salto, 12 de agosto de 2021<\/strong><\/p>\n","protected":false},"excerpt":{"rendered":"<p>El pr\u00f3ximo jueves 19 de agosto, el Instituto Nacional de Investigaci\u00f3n Agropecuaria (INIA) desarrollar\u00e1 el 6to Taller de diagn\u00f3sticos de gestaci\u00f3n en ovinos, que ser\u00e1 transmitido a trav\u00e9s de su [&hellip;]<\/p>\n","protected":false},"author":5,"featured_media":32994,"comment_status":"open","ping_status":"open","sticky":false,"template":"","format":"standard","meta":{"_price":"","_stock":"","_tribe_ticket_header":"","_tribe_default_ticket_provider":"","_tribe_ticket_capacity":"0","_ticket_start_date":"","_ticket_end_date":"","_tribe_ticket_show_description":"","_tribe_ticket_show_not_going":false,"_tribe_ticket_use_global_stock":"","_tribe_ticket_global_stock_level":"","_global_stock_mode":"","_global_stock_cap":"","_tribe_rsvp_for_event":"","_tribe_ticket_going_count":"","_tribe_ticket_not_going_count":"","_tribe_tickets_list":"[]","_tribe_ticket_has_attendee_info_fields":false,"h5ap_radio_sources":[],"_jetpack_newsletter_access":"","_jetpack_dont_email_post_to_subs":false,"_jetpack_newsletter_tier_id":0,"_jetpack_memberships_contains_paywalled_content":false,"_jetpack_memberships_contains_paid_content":false,"footnotes":""},"categories":[21,13],"tags":[],"class_list":["post-32992","post","type-post","status-publish","format-standard","has-post-thumbnail","hentry","category-actualidad","category-ovinos"],"jetpack_featured_media_url":"https:\/\/i0.wp.com\/lahoradelcampo.com.uy\/site\/wp-content\/uploads\/2021\/08\/georgget-banchero.jpg?fit=880%2C440&ssl=1","jetpack_sharing_enabled":true,"jetpack_shortlink":"https:\/\/wp.me\/p99IaT-8A8","jetpack-related-posts":[{"id":33331,"url":"https:\/\/lahoradelcampo.com.uy\/site\/ovinos-con-un-112-de-potencial-de-paricion\/","url_meta":{"origin":32992,"position":0},"title":"Ovinos con un 112% de potencial de parici\u00f3n","author":"La Hora del Campo","date":"23 agosto, 2021","format":false,"excerpt":"El jueves, INIA realiz\u00f3 el sexto taller de diagn\u00f3sticos en gestaci\u00f3n ovina, donde se concluye que se ha constatado un 93% de pre\u00f1ez un potencial de parici\u00f3n del 112%, lo cual reafirma lo se\u00f1alado previamente al encuentro por parte por la Dra. Georgett Banchero en La Hora del Campo, que\u2026","rel":"","context":"En \u00abActualidad\u00bb","block_context":{"text":"Actualidad","link":"https:\/\/lahoradelcampo.com.uy\/site\/category\/actualidad\/"},"img":{"alt_text":"","src":"https:\/\/i0.wp.com\/lahoradelcampo.com.uy\/site\/wp-content\/uploads\/2019\/07\/ovinos-corderos.jpg?fit=880%2C440&ssl=1&resize=350%2C200","width":350,"height":200,"srcset":"https:\/\/i0.wp.com\/lahoradelcampo.com.uy\/site\/wp-content\/uploads\/2019\/07\/ovinos-corderos.jpg?fit=880%2C440&ssl=1&resize=350%2C200 1x, https:\/\/i0.wp.com\/lahoradelcampo.com.uy\/site\/wp-content\/uploads\/2019\/07\/ovinos-corderos.jpg?fit=880%2C440&ssl=1&resize=525%2C300 1.5x, https:\/\/i0.wp.com\/lahoradelcampo.com.uy\/site\/wp-content\/uploads\/2019\/07\/ovinos-corderos.jpg?fit=880%2C440&ssl=1&resize=700%2C400 2x"},"classes":[]},{"id":13126,"url":"https:\/\/lahoradelcampo.com.uy\/site\/el-iv-taller-de-gestacion-en-ovinos-se-desarrollara-en-salto\/","url_meta":{"origin":32992,"position":1},"title":"El IV taller de gestaci\u00f3n en ovinos se desarrollar\u00e1 en Salto","author":"La Hora del Campo","date":"30 julio, 2019","format":false,"excerpt":"Este a\u00f1o el taller de gestaci\u00f3n en ovinos, que llega a su cuarta edici\u00f3n, se desarrollar\u00e1 en las instalaciones de INIA Salto Grande, con la participaci\u00f3n de destacados t\u00e9cnicos a nivel nacional. La actividad se realizar\u00e1 el 14 de agosto, a partir de la hora 9, y es organizada por\u2026","rel":"","context":"En \u00abActualidad\u00bb","block_context":{"text":"Actualidad","link":"https:\/\/lahoradelcampo.com.uy\/site\/category\/actualidad\/"},"img":{"alt_text":"","src":"https:\/\/i0.wp.com\/lahoradelcampo.com.uy\/site\/wp-content\/uploads\/2019\/07\/ovinos-corderos.jpg?fit=880%2C440&ssl=1&resize=350%2C200","width":350,"height":200,"srcset":"https:\/\/i0.wp.com\/lahoradelcampo.com.uy\/site\/wp-content\/uploads\/2019\/07\/ovinos-corderos.jpg?fit=880%2C440&ssl=1&resize=350%2C200 1x, https:\/\/i0.wp.com\/lahoradelcampo.com.uy\/site\/wp-content\/uploads\/2019\/07\/ovinos-corderos.jpg?fit=880%2C440&ssl=1&resize=525%2C300 1.5x, https:\/\/i0.wp.com\/lahoradelcampo.com.uy\/site\/wp-content\/uploads\/2019\/07\/ovinos-corderos.jpg?fit=880%2C440&ssl=1&resize=700%2C400 2x"},"classes":[]},{"id":12055,"url":"https:\/\/lahoradelcampo.com.uy\/site\/xvii-taller-de-diagnosticos-de-gestacion-en-vacunos\/","url_meta":{"origin":32992,"position":2},"title":"XVII Taller de diagn\u00f3sticos de gestaci\u00f3n en vacunos","author":"La Hora del Campo","date":"22 junio, 2019","format":false,"excerpt":"El pr\u00f3ximo mi\u00e9rcoles 26 de junio se realizar\u00e1 la XVII edici\u00f3n del taller de diagn\u00f3sticos de gestaci\u00f3n en vacunos, en Inia Treinta y Tres. Otra edici\u00f3n de esta actividad en la cual se presentan resultados de diagn\u00f3sticos de gestaci\u00f3n de varias regiones del pa\u00eds, que son una muy buena estimaci\u00f3n\u2026","rel":"","context":"En \u00abActualidad\u00bb","block_context":{"text":"Actualidad","link":"https:\/\/lahoradelcampo.com.uy\/site\/category\/actualidad\/"},"img":{"alt_text":"","src":"https:\/\/i0.wp.com\/lahoradelcampo.com.uy\/site\/wp-content\/uploads\/2019\/06\/cria.jpg?fit=880%2C440&ssl=1&resize=350%2C200","width":350,"height":200,"srcset":"https:\/\/i0.wp.com\/lahoradelcampo.com.uy\/site\/wp-content\/uploads\/2019\/06\/cria.jpg?fit=880%2C440&ssl=1&resize=350%2C200 1x, https:\/\/i0.wp.com\/lahoradelcampo.com.uy\/site\/wp-content\/uploads\/2019\/06\/cria.jpg?fit=880%2C440&ssl=1&resize=525%2C300 1.5x, https:\/\/i0.wp.com\/lahoradelcampo.com.uy\/site\/wp-content\/uploads\/2019\/06\/cria.jpg?fit=880%2C440&ssl=1&resize=700%2C400 2x"},"classes":[]},{"id":54186,"url":"https:\/\/lahoradelcampo.com.uy\/site\/el-ovino-tiene-un-potencial-del-1129-de-senalada-este-ano\/","url_meta":{"origin":32992,"position":3},"title":"El ovino tiene un potencial del 112,9% de se\u00f1alada este a\u00f1o","author":"La Hora del Campo","date":"9 agosto, 2024","format":false,"excerpt":"Se realiz\u00f3 este jueves 8 de agosto en los salones de la Comisi\u00f3n T\u00e9cnica Mixta de Salto Grande, la jornada \"\u00bfQu\u00e9 Ovinos necesitamos en el escenario actual?\", desarrollada por el Instituto Nacional de Investigaci\u00f3n Agropecuaria (Inia), en la cual se incluy\u00f3 el noveno taller de resultados de los diagn\u00f3sticos de\u2026","rel":"","context":"En \u00abActualidad\u00bb","block_context":{"text":"Actualidad","link":"https:\/\/lahoradelcampo.com.uy\/site\/category\/actualidad\/"},"img":{"alt_text":"","src":"https:\/\/i0.wp.com\/lahoradelcampo.com.uy\/site\/wp-content\/uploads\/2024\/08\/Tallerdediagnostico.jpg?fit=880%2C440&ssl=1&resize=350%2C200","width":350,"height":200,"srcset":"https:\/\/i0.wp.com\/lahoradelcampo.com.uy\/site\/wp-content\/uploads\/2024\/08\/Tallerdediagnostico.jpg?fit=880%2C440&ssl=1&resize=350%2C200 1x, https:\/\/i0.wp.com\/lahoradelcampo.com.uy\/site\/wp-content\/uploads\/2024\/08\/Tallerdediagnostico.jpg?fit=880%2C440&ssl=1&resize=525%2C300 1.5x, https:\/\/i0.wp.com\/lahoradelcampo.com.uy\/site\/wp-content\/uploads\/2024\/08\/Tallerdediagnostico.jpg?fit=880%2C440&ssl=1&resize=700%2C400 2x"},"classes":[]},{"id":13460,"url":"https:\/\/lahoradelcampo.com.uy\/site\/el-iv-taller-de-diagnosticos-de-gestacion-en-ovinos-arrojo-un-925-de-prenez\/","url_meta":{"origin":32992,"position":4},"title":"El IV Taller de Diagn\u00f3sticos de Gestaci\u00f3n en Ovinos arroj\u00f3 un 92,5% de pre\u00f1ez","author":"La Hora del Campo","date":"14 agosto, 2019","format":false,"excerpt":"Este mi\u00e9rcoles 14 de agosto, se desarroll\u00f3 en las instalaciones del Instituto Nacional de Investigaci\u00f3n Agropecuaria Salto Grande, el IV Taller de Gestaci\u00f3n en Ovinos donde se presentaron los resultados alcanzados por diferentes profesionales en pr\u00e1cticamente todo el pa\u00eds. En un total de 173.753 vientres ovinos los resultados arrojan un\u2026","rel":"","context":"En \u00abActualidad\u00bb","block_context":{"text":"Actualidad","link":"https:\/\/lahoradelcampo.com.uy\/site\/category\/actualidad\/"},"img":{"alt_text":"","src":"https:\/\/i0.wp.com\/lahoradelcampo.com.uy\/site\/wp-content\/uploads\/2019\/08\/diagnosticos.jpg?fit=880%2C440&ssl=1&resize=350%2C200","width":350,"height":200,"srcset":"https:\/\/i0.wp.com\/lahoradelcampo.com.uy\/site\/wp-content\/uploads\/2019\/08\/diagnosticos.jpg?fit=880%2C440&ssl=1&resize=350%2C200 1x, https:\/\/i0.wp.com\/lahoradelcampo.com.uy\/site\/wp-content\/uploads\/2019\/08\/diagnosticos.jpg?fit=880%2C440&ssl=1&resize=525%2C300 1.5x, https:\/\/i0.wp.com\/lahoradelcampo.com.uy\/site\/wp-content\/uploads\/2019\/08\/diagnosticos.jpg?fit=880%2C440&ssl=1&resize=700%2C400 2x"},"classes":[]},{"id":44027,"url":"https:\/\/lahoradelcampo.com.uy\/site\/crece-el-porcentaje-de-mellizos-en-ovinos\/","url_meta":{"origin":32992,"position":5},"title":"Crece el porcentaje de mellizos en ovinos","author":"La Hora del Campo","date":"22 julio, 2022","format":false,"excerpt":"De cara a lo que ser\u00e1 el s\u00e9ptimo taller de diagn\u00f3sticos de gestaci\u00f3n en ovinos, que se realizar\u00e1 el 11 de agosto en Inia Tacuaremb\u00f3, se viene relevando informaci\u00f3n en distintos puntos del pa\u00eds sobre los datos de las ecograf\u00edas en ovinos. Al respecto, el Dr. Sergio Fierro del Secretariado\u2026","rel":"","context":"En \u00abActualidad\u00bb","block_context":{"text":"Actualidad","link":"https:\/\/lahoradelcampo.com.uy\/site\/category\/actualidad\/"},"img":{"alt_text":"","src":"https:\/\/i0.wp.com\/lahoradelcampo.com.uy\/site\/wp-content\/uploads\/2022\/06\/SUL-SergioFierro.jpg?fit=880%2C440&ssl=1&resize=350%2C200","width":350,"height":200,"srcset":"https:\/\/i0.wp.com\/lahoradelcampo.com.uy\/site\/wp-content\/uploads\/2022\/06\/SUL-SergioFierro.jpg?fit=880%2C440&ssl=1&resize=350%2C200 1x, https:\/\/i0.wp.com\/lahoradelcampo.com.uy\/site\/wp-content\/uploads\/2022\/06\/SUL-SergioFierro.jpg?fit=880%2C440&ssl=1&resize=525%2C300 1.5x, https:\/\/i0.wp.com\/lahoradelcampo.com.uy\/site\/wp-content\/uploads\/2022\/06\/SUL-SergioFierro.jpg?fit=880%2C440&ssl=1&resize=700%2C400 2x"},"classes":[]}],"jetpack_likes_enabled":true,"_links":{"self":[{"href":"https:\/\/lahoradelcampo.com.uy\/site\/wp-json\/wp\/v2\/posts\/32992","targetHints":{"allow":["GET"]}}],"collection":[{"href":"https:\/\/lahoradelcampo.com.uy\/site\/wp-json\/wp\/v2\/posts"}],"about":[{"href":"https:\/\/lahoradelcampo.com.uy\/site\/wp-json\/wp\/v2\/types\/post"}],"author":[{"embeddable":true,"href":"https:\/\/lahoradelcampo.com.uy\/site\/wp-json\/wp\/v2\/users\/5"}],"replies":[{"embeddable":true,"href":"https:\/\/lahoradelcampo.com.uy\/site\/wp-json\/wp\/v2\/comments?post=32992"}],"version-history":[{"count":1,"href":"https:\/\/lahoradelcampo.com.uy\/site\/wp-json\/wp\/v2\/posts\/32992\/revisions"}],"predecessor-version":[{"id":32996,"href":"https:\/\/lahoradelcampo.com.uy\/site\/wp-json\/wp\/v2\/posts\/32992\/revisions\/32996"}],"wp:featuredmedia":[{"embeddable":true,"href":"https:\/\/lahoradelcampo.com.uy\/site\/wp-json\/wp\/v2\/media\/32994"}],"wp:attachment":[{"href":"https:\/\/lahoradelcampo.com.uy\/site\/wp-json\/wp\/v2\/media?parent=32992"}],"wp:term":[{"taxonomy":"category","embeddable":true,"href":"https:\/\/lahoradelcampo.com.uy\/site\/wp-json\/wp\/v2\/categories?post=32992"},{"taxonomy":"post_tag","embeddable":true,"href":"https:\/\/lahoradelcampo.com.uy\/site\/wp-json\/wp\/v2\/tags?post=32992"}],"curies":[{"name":"wp","href":"https:\/\/api.w.org\/{rel}","templated":true}]}}