{"id":32968,"date":"2021-08-11T07:58:52","date_gmt":"2021-08-11T10:58:52","guid":{"rendered":"http:\/\/lahoradelcampo.com.uy\/site\/?p=32968"},"modified":"2021-08-11T07:58:57","modified_gmt":"2021-08-11T10:58:57","slug":"el-valor-del-arroz-continua-cayendo-a-nivel-mundial","status":"publish","type":"post","link":"https:\/\/lahoradelcampo.com.uy\/site\/el-valor-del-arroz-continua-cayendo-a-nivel-mundial\/","title":{"rendered":"El valor del arroz contin\u00faa cayendo a nivel mundial"},"content":{"rendered":"\n<figure class=\"wp-block-image\"><img data-recalc-dims=\"1\" loading=\"lazy\" decoding=\"async\" width=\"810\" height=\"405\" data-attachment-id=\"29836\" data-permalink=\"https:\/\/lahoradelcampo.com.uy\/site\/valores-de-la-exportacion-de-arroz-subieron-un-28-en-el-mes-de-abril\/arroz1\/\" data-orig-file=\"https:\/\/i0.wp.com\/lahoradelcampo.com.uy\/site\/wp-content\/uploads\/2021\/05\/arroz1.jpg?fit=880%2C440&amp;ssl=1\" data-orig-size=\"880,440\" data-comments-opened=\"1\" data-image-meta=\"{&quot;aperture&quot;:&quot;0&quot;,&quot;credit&quot;:&quot;&quot;,&quot;camera&quot;:&quot;&quot;,&quot;caption&quot;:&quot;&quot;,&quot;created_timestamp&quot;:&quot;0&quot;,&quot;copyright&quot;:&quot;&quot;,&quot;focal_length&quot;:&quot;0&quot;,&quot;iso&quot;:&quot;0&quot;,&quot;shutter_speed&quot;:&quot;0&quot;,&quot;title&quot;:&quot;&quot;,&quot;orientation&quot;:&quot;1&quot;}\" data-image-title=\"arroz1\" data-image-description=\"\" data-image-caption=\"\" data-large-file=\"https:\/\/i0.wp.com\/lahoradelcampo.com.uy\/site\/wp-content\/uploads\/2021\/05\/arroz1.jpg?fit=810%2C405&amp;ssl=1\" src=\"https:\/\/i0.wp.com\/lahoradelcampo.com.uy\/site\/wp-content\/uploads\/2021\/05\/arroz1.jpg?resize=810%2C405\" alt=\"\" class=\"wp-image-29836\" srcset=\"https:\/\/i0.wp.com\/lahoradelcampo.com.uy\/site\/wp-content\/uploads\/2021\/05\/arroz1.jpg?w=880&amp;ssl=1 880w, https:\/\/i0.wp.com\/lahoradelcampo.com.uy\/site\/wp-content\/uploads\/2021\/05\/arroz1.jpg?resize=300%2C150&amp;ssl=1 300w, https:\/\/i0.wp.com\/lahoradelcampo.com.uy\/site\/wp-content\/uploads\/2021\/05\/arroz1.jpg?resize=768%2C384&amp;ssl=1 768w, https:\/\/i0.wp.com\/lahoradelcampo.com.uy\/site\/wp-content\/uploads\/2021\/05\/arroz1.jpg?resize=820%2C410&amp;ssl=1 820w\" sizes=\"auto, (max-width: 810px) 100vw, 810px\" \/><\/figure>\n\n\n\n<p>Durante el pasado mes de julio, los precios mundiales del arroz bajaron considerablemente, disminuyendo adem\u00e1s la brecha entre el grano entre los distintos or\u00edgenes, seg\u00fan Infoarroz. <br><\/p>\n\n\n\n<p>La publicaci\u00f3n del Centro de Cooperaci\u00f3n Internacional en Investigaci\u00f3n Agron\u00f3mica para el Desarrollo (CIRAD) establece que el diferencial de precios entre el arroz indio y el de sus principales competidores asi\u00e1ticos es el m\u00e1s bajo desde diciembre de 2019. <br><\/p>\n\n\n\n<p>La demanda mundial sigue relativamente escasa y el aumento de costo de los fletes mar\u00edtimos obliga a los exportadores a reducir sus precios. Adem\u00e1s, los valores a nivel de los mercados asi\u00e1ticos suelen bajar entre junio y agosto con la llegada de la segunda cosecha al mercado. <br><\/p>\n\n\n\n<p>Por otro lado, la desvalorizaci\u00f3n de las monedas locales frente al d\u00f3lar, sobre todo en India y Tailandia, contribuye a la ca\u00edda de los precios de exportaci\u00f3n. <br><\/p>\n\n\n\n<p>El Ing. Agr. Patricio M\u00e9ndez del Villar, responsable de la publicaci\u00f3n, indic\u00f3 que se espera que la tendencia bajista contin\u00fae en los pr\u00f3ximos meses debido a un importante aumento de la oferta de exportaci\u00f3n como consecuencia de las excelentes cosechas en las principales regiones arroceras de Asia. <br><\/p>\n\n\n\n<p>A su vez, se espera que la demanda mundial se recupere en los pr\u00f3ximos meses. Se estima que el comercio mundial crecer\u00e1 un 6% en 2021, a 48,2 millones de toneladas debido en gran parte a la fuerte demanda africana.<\/p>\n\n\n\n<p>Salto, 11 de agosto de 2021<\/p>\n","protected":false},"excerpt":{"rendered":"<p>Durante el pasado mes de julio, los precios mundiales del arroz bajaron considerablemente, disminuyendo adem\u00e1s la brecha entre el grano entre los distintos or\u00edgenes, seg\u00fan Infoarroz. La publicaci\u00f3n del Centro [&hellip;]<\/p>\n","protected":false},"author":5,"featured_media":29836,"comment_status":"open","ping_status":"open","sticky":false,"template":"","format":"standard","meta":{"_price":"","_stock":"","_tribe_ticket_header":"","_tribe_default_ticket_provider":"","_tribe_ticket_capacity":"0","_ticket_start_date":"","_ticket_end_date":"","_tribe_ticket_show_description":"","_tribe_ticket_show_not_going":false,"_tribe_ticket_use_global_stock":"","_tribe_ticket_global_stock_level":"","_global_stock_mode":"","_global_stock_cap":"","_tribe_rsvp_for_event":"","_tribe_ticket_going_count":"","_tribe_ticket_not_going_count":"","_tribe_tickets_list":"[]","_tribe_ticket_has_attendee_info_fields":false,"h5ap_radio_sources":[],"_jetpack_newsletter_access":"","_jetpack_dont_email_post_to_subs":false,"_jetpack_newsletter_tier_id":0,"_jetpack_memberships_contains_paywalled_content":false,"_jetpack_memberships_contains_paid_content":false,"footnotes":""},"categories":[21,7],"tags":[],"class_list":["post-32968","post","type-post","status-publish","format-standard","has-post-thumbnail","hentry","category-actualidad","category-agricultura"],"jetpack_featured_media_url":"https:\/\/i0.wp.com\/lahoradelcampo.com.uy\/site\/wp-content\/uploads\/2021\/05\/arroz1.jpg?fit=880%2C440&ssl=1","jetpack_sharing_enabled":true,"jetpack_shortlink":"https:\/\/wp.me\/p99IaT-8zK","jetpack-related-posts":[{"id":37505,"url":"https:\/\/lahoradelcampo.com.uy\/site\/los-precios-mundiales-del-arroz-cayeron-en-noviembre\/","url_meta":{"origin":32968,"position":0},"title":"Los precios mundiales del arroz cayeron en noviembre","author":"La Hora del Campo","date":"13 diciembre, 2021","format":false,"excerpt":"De acuerdo al informe elaborado por el Ing. Agr. Patricio M\u00e9ndez del Villar, del Cirad de Francia, durante el pasado mes de noviembre, los precios mundiales del arroz declinaron en la mayor\u00eda de los mercados de exportaci\u00f3n a ra\u00edz de la llegada progresiva de las nuevas cosechas asi\u00e1ticas. Los importadores\u2026","rel":"","context":"En \u00abActualidad\u00bb","block_context":{"text":"Actualidad","link":"https:\/\/lahoradelcampo.com.uy\/site\/category\/actualidad\/"},"img":{"alt_text":"","src":"https:\/\/i0.wp.com\/lahoradelcampo.com.uy\/site\/wp-content\/uploads\/2021\/06\/arroz-merin.jpg?fit=880%2C440&ssl=1&resize=350%2C200","width":350,"height":200,"srcset":"https:\/\/i0.wp.com\/lahoradelcampo.com.uy\/site\/wp-content\/uploads\/2021\/06\/arroz-merin.jpg?fit=880%2C440&ssl=1&resize=350%2C200 1x, https:\/\/i0.wp.com\/lahoradelcampo.com.uy\/site\/wp-content\/uploads\/2021\/06\/arroz-merin.jpg?fit=880%2C440&ssl=1&resize=525%2C300 1.5x, https:\/\/i0.wp.com\/lahoradelcampo.com.uy\/site\/wp-content\/uploads\/2021\/06\/arroz-merin.jpg?fit=880%2C440&ssl=1&resize=700%2C400 2x"},"classes":[]},{"id":32048,"url":"https:\/\/lahoradelcampo.com.uy\/site\/los-precios-mundiales-del-arroz-bajaron-en-todos-los-mercados\/","url_meta":{"origin":32968,"position":1},"title":"Los precios mundiales del arroz bajaron en todos los mercados","author":"La Hora del Campo","date":"14 julio, 2021","format":false,"excerpt":"Seg\u00fan el informe del Centro de Cooperaci\u00f3n Internacional en Investigaci\u00f3n Agron\u00f3mica para el Desarrollo (Cirad) de Francia, durante el pasado mes de junio se registr\u00f3 bajas en los precios mundiales del arroz en todos los mercados de exportaci\u00f3n. La escasa demanda mundial y el alto costo del frete mar\u00edtimo tienden\u2026","rel":"","context":"En \u00abActualidad\u00bb","block_context":{"text":"Actualidad","link":"https:\/\/lahoradelcampo.com.uy\/site\/category\/actualidad\/"},"img":{"alt_text":"","src":"https:\/\/i0.wp.com\/lahoradelcampo.com.uy\/site\/wp-content\/uploads\/2019\/05\/arroz-2.jpg?fit=880%2C440&ssl=1&resize=350%2C200","width":350,"height":200,"srcset":"https:\/\/i0.wp.com\/lahoradelcampo.com.uy\/site\/wp-content\/uploads\/2019\/05\/arroz-2.jpg?fit=880%2C440&ssl=1&resize=350%2C200 1x, https:\/\/i0.wp.com\/lahoradelcampo.com.uy\/site\/wp-content\/uploads\/2019\/05\/arroz-2.jpg?fit=880%2C440&ssl=1&resize=525%2C300 1.5x, https:\/\/i0.wp.com\/lahoradelcampo.com.uy\/site\/wp-content\/uploads\/2019\/05\/arroz-2.jpg?fit=880%2C440&ssl=1&resize=700%2C400 2x"},"classes":[]},{"id":55854,"url":"https:\/\/lahoradelcampo.com.uy\/site\/el-arroz-sigue-con-precios-a-la-baja-a-nivel-mundial\/","url_meta":{"origin":32968,"position":2},"title":"El arroz sigue con precios a la baja a nivel mundial","author":"La Hora del Campo","date":"13 abril, 2025","format":false,"excerpt":"En marzo, los precios internacionales del arroz cayeron en promedio un 3% respecto al mes anterior, alcanzando su nivel m\u00e1s bajo desde septiembre de 2022, seg\u00fan los \u00faltimos registros del mercado mundial, informados por el Infoarroz del Cirad de Francia. Esta tendencia descendente, monitoreada en regiones clave como Tailandia, India,\u2026","rel":"","context":"En \u00abInternacionales\u00bb","block_context":{"text":"Internacionales","link":"https:\/\/lahoradelcampo.com.uy\/site\/category\/columnistas\/"},"img":{"alt_text":"","src":"https:\/\/i0.wp.com\/lahoradelcampo.com.uy\/site\/wp-content\/uploads\/2024\/09\/Arroz-plantado.jpg?fit=880%2C440&ssl=1&resize=350%2C200","width":350,"height":200,"srcset":"https:\/\/i0.wp.com\/lahoradelcampo.com.uy\/site\/wp-content\/uploads\/2024\/09\/Arroz-plantado.jpg?fit=880%2C440&ssl=1&resize=350%2C200 1x, https:\/\/i0.wp.com\/lahoradelcampo.com.uy\/site\/wp-content\/uploads\/2024\/09\/Arroz-plantado.jpg?fit=880%2C440&ssl=1&resize=525%2C300 1.5x, https:\/\/i0.wp.com\/lahoradelcampo.com.uy\/site\/wp-content\/uploads\/2024\/09\/Arroz-plantado.jpg?fit=880%2C440&ssl=1&resize=700%2C400 2x"},"classes":[]},{"id":57085,"url":"https:\/\/lahoradelcampo.com.uy\/site\/el-negocio-del-arroz-es-malo-para-el-productor-pero-muy-bueno-para-el-pais\/","url_meta":{"origin":32968,"position":3},"title":"\u00abEl negocio del arroz es malo para el productor, pero muy bueno para el pa\u00eds\u00bb","author":"La Hora del Campo","date":"19 noviembre, 2025","format":false,"excerpt":"El productor arrocero Alfredo Lago, expresidente de la Asociaci\u00f3n de Cultivadores de Arroz (ACA), sostuvo que la ecuaci\u00f3n econ\u00f3mica del arroz \"es desalentadora\" y que la zafra 2025\/26 \"lamentablemente ser\u00e1 a p\u00e9rdida\". Explic\u00f3 que la situaci\u00f3n clim\u00e1tica y de mercado se combinan en un escenario desafiante para este sector productivo.\u2026","rel":"","context":"En \u00abActualidad\u00bb","block_context":{"text":"Actualidad","link":"https:\/\/lahoradelcampo.com.uy\/site\/category\/actualidad\/"},"img":{"alt_text":"","src":"https:\/\/i0.wp.com\/lahoradelcampo.com.uy\/site\/wp-content\/uploads\/2025\/11\/Alfredo-lago.jpg?fit=600%2C365&ssl=1&resize=350%2C200","width":350,"height":200,"srcset":"https:\/\/i0.wp.com\/lahoradelcampo.com.uy\/site\/wp-content\/uploads\/2025\/11\/Alfredo-lago.jpg?fit=600%2C365&ssl=1&resize=350%2C200 1x, https:\/\/i0.wp.com\/lahoradelcampo.com.uy\/site\/wp-content\/uploads\/2025\/11\/Alfredo-lago.jpg?fit=600%2C365&ssl=1&resize=525%2C300 1.5x"},"classes":[]},{"id":54776,"url":"https:\/\/lahoradelcampo.com.uy\/site\/india-retoma-exportaciones-de-arroz-blanco-no-basmati\/","url_meta":{"origin":32968,"position":4},"title":"India retoma exportaciones de arroz blanco no basmati","author":"La Hora del Campo","date":"1 octubre, 2024","format":false,"excerpt":"India, el mayor exportador mundial de arroz, ha reanudado sus exportaciones de arroz blanco no basmati tras m\u00e1s de un a\u00f1o de restricciones. La medida fue tomada debido a un incremento en sus reservas internas, favorecidas por una exitosa temporada de siembra impulsada por el clima. En septiembre, la Corporaci\u00f3n\u2026","rel":"","context":"En \u00abActualidad\u00bb","block_context":{"text":"Actualidad","link":"https:\/\/lahoradelcampo.com.uy\/site\/category\/actualidad\/"},"img":{"alt_text":"","src":"https:\/\/i0.wp.com\/lahoradelcampo.com.uy\/site\/wp-content\/uploads\/2018\/03\/Arroz-web.jpg?fit=880%2C440&ssl=1&resize=350%2C200","width":350,"height":200,"srcset":"https:\/\/i0.wp.com\/lahoradelcampo.com.uy\/site\/wp-content\/uploads\/2018\/03\/Arroz-web.jpg?fit=880%2C440&ssl=1&resize=350%2C200 1x, https:\/\/i0.wp.com\/lahoradelcampo.com.uy\/site\/wp-content\/uploads\/2018\/03\/Arroz-web.jpg?fit=880%2C440&ssl=1&resize=525%2C300 1.5x, https:\/\/i0.wp.com\/lahoradelcampo.com.uy\/site\/wp-content\/uploads\/2018\/03\/Arroz-web.jpg?fit=880%2C440&ssl=1&resize=700%2C400 2x"},"classes":[]},{"id":53182,"url":"https:\/\/lahoradelcampo.com.uy\/site\/precios-mundiales-del-arroz-cayeron-un-3-en-el-mes-de-octubre\/","url_meta":{"origin":32968,"position":5},"title":"Precios mundiales del arroz cayeron un 3% en el mes de octubre","author":"La Hora del Campo","date":"21 noviembre, 2023","format":false,"excerpt":"Seg\u00fan el \u00faltimo informe del Infoarroz elaborado por Patricio Mendez del Villar del Cirad de Francia, los precios internacionales del arroz experimentaron en octubre una disminuci\u00f3n promedio del 3%. Este fen\u00f3meno encuentra su explicaci\u00f3n en la llegada de las nuevas cosechas asi\u00e1ticas, generando un impacto directo en la oferta y\u2026","rel":"","context":"En \u00abActualidad\u00bb","block_context":{"text":"Actualidad","link":"https:\/\/lahoradelcampo.com.uy\/site\/category\/actualidad\/"},"img":{"alt_text":"","src":"https:\/\/i0.wp.com\/lahoradelcampo.com.uy\/site\/wp-content\/uploads\/2018\/03\/Arroz-web.jpg?fit=880%2C440&ssl=1&resize=350%2C200","width":350,"height":200,"srcset":"https:\/\/i0.wp.com\/lahoradelcampo.com.uy\/site\/wp-content\/uploads\/2018\/03\/Arroz-web.jpg?fit=880%2C440&ssl=1&resize=350%2C200 1x, https:\/\/i0.wp.com\/lahoradelcampo.com.uy\/site\/wp-content\/uploads\/2018\/03\/Arroz-web.jpg?fit=880%2C440&ssl=1&resize=525%2C300 1.5x, https:\/\/i0.wp.com\/lahoradelcampo.com.uy\/site\/wp-content\/uploads\/2018\/03\/Arroz-web.jpg?fit=880%2C440&ssl=1&resize=700%2C400 2x"},"classes":[]}],"jetpack_likes_enabled":true,"_links":{"self":[{"href":"https:\/\/lahoradelcampo.com.uy\/site\/wp-json\/wp\/v2\/posts\/32968","targetHints":{"allow":["GET"]}}],"collection":[{"href":"https:\/\/lahoradelcampo.com.uy\/site\/wp-json\/wp\/v2\/posts"}],"about":[{"href":"https:\/\/lahoradelcampo.com.uy\/site\/wp-json\/wp\/v2\/types\/post"}],"author":[{"embeddable":true,"href":"https:\/\/lahoradelcampo.com.uy\/site\/wp-json\/wp\/v2\/users\/5"}],"replies":[{"embeddable":true,"href":"https:\/\/lahoradelcampo.com.uy\/site\/wp-json\/wp\/v2\/comments?post=32968"}],"version-history":[{"count":1,"href":"https:\/\/lahoradelcampo.com.uy\/site\/wp-json\/wp\/v2\/posts\/32968\/revisions"}],"predecessor-version":[{"id":32970,"href":"https:\/\/lahoradelcampo.com.uy\/site\/wp-json\/wp\/v2\/posts\/32968\/revisions\/32970"}],"wp:featuredmedia":[{"embeddable":true,"href":"https:\/\/lahoradelcampo.com.uy\/site\/wp-json\/wp\/v2\/media\/29836"}],"wp:attachment":[{"href":"https:\/\/lahoradelcampo.com.uy\/site\/wp-json\/wp\/v2\/media?parent=32968"}],"wp:term":[{"taxonomy":"category","embeddable":true,"href":"https:\/\/lahoradelcampo.com.uy\/site\/wp-json\/wp\/v2\/categories?post=32968"},{"taxonomy":"post_tag","embeddable":true,"href":"https:\/\/lahoradelcampo.com.uy\/site\/wp-json\/wp\/v2\/tags?post=32968"}],"curies":[{"name":"wp","href":"https:\/\/api.w.org\/{rel}","templated":true}]}}