{"id":32962,"date":"2021-08-11T07:54:50","date_gmt":"2021-08-11T10:54:50","guid":{"rendered":"http:\/\/lahoradelcampo.com.uy\/site\/?p=32962"},"modified":"2021-08-11T07:55:09","modified_gmt":"2021-08-11T10:55:09","slug":"mevir-impulsa-la-construccion-en-madera-de-viviendas-sustentables","status":"publish","type":"post","link":"https:\/\/lahoradelcampo.com.uy\/site\/mevir-impulsa-la-construccion-en-madera-de-viviendas-sustentables\/","title":{"rendered":"Mevir impulsa la construcci\u00f3n en madera de \u00abViviendas Sustentables\u00bb"},"content":{"rendered":"\n<figure class=\"wp-block-image\"><img data-recalc-dims=\"1\" loading=\"lazy\" decoding=\"async\" width=\"810\" height=\"405\" data-attachment-id=\"32964\" data-permalink=\"https:\/\/lahoradelcampo.com.uy\/site\/mevir-impulsa-la-construccion-en-madera-de-viviendas-sustentables\/mevir3\/\" data-orig-file=\"https:\/\/i0.wp.com\/lahoradelcampo.com.uy\/site\/wp-content\/uploads\/2021\/08\/Mevir3.jpg?fit=880%2C440&amp;ssl=1\" data-orig-size=\"880,440\" data-comments-opened=\"1\" data-image-meta=\"{&quot;aperture&quot;:&quot;0&quot;,&quot;credit&quot;:&quot;&quot;,&quot;camera&quot;:&quot;&quot;,&quot;caption&quot;:&quot;&quot;,&quot;created_timestamp&quot;:&quot;0&quot;,&quot;copyright&quot;:&quot;&quot;,&quot;focal_length&quot;:&quot;0&quot;,&quot;iso&quot;:&quot;0&quot;,&quot;shutter_speed&quot;:&quot;0&quot;,&quot;title&quot;:&quot;&quot;,&quot;orientation&quot;:&quot;1&quot;}\" data-image-title=\"Mevir3\" data-image-description=\"\" data-image-caption=\"\" data-large-file=\"https:\/\/i0.wp.com\/lahoradelcampo.com.uy\/site\/wp-content\/uploads\/2021\/08\/Mevir3.jpg?fit=810%2C405&amp;ssl=1\" src=\"https:\/\/i0.wp.com\/lahoradelcampo.com.uy\/site\/wp-content\/uploads\/2021\/08\/Mevir3.jpg?resize=810%2C405\" alt=\"\" class=\"wp-image-32964\" srcset=\"https:\/\/i0.wp.com\/lahoradelcampo.com.uy\/site\/wp-content\/uploads\/2021\/08\/Mevir3.jpg?w=880&amp;ssl=1 880w, https:\/\/i0.wp.com\/lahoradelcampo.com.uy\/site\/wp-content\/uploads\/2021\/08\/Mevir3.jpg?resize=300%2C150&amp;ssl=1 300w, https:\/\/i0.wp.com\/lahoradelcampo.com.uy\/site\/wp-content\/uploads\/2021\/08\/Mevir3.jpg?resize=768%2C384&amp;ssl=1 768w, https:\/\/i0.wp.com\/lahoradelcampo.com.uy\/site\/wp-content\/uploads\/2021\/08\/Mevir3.jpg?resize=820%2C410&amp;ssl=1 820w\" sizes=\"auto, (max-width: 810px) 100vw, 810px\" \/><\/figure>\n\n\n\n<p>El Movimiento de Erradicaci\u00f3n de la Vivienda Insalubre Rural (MEVIR) realiz\u00f3 el lanzamiento de un nuevo plan de \u00abViviendas Sustentables\u00bb construidas en madera, a iniciativa de la ministra de Vivienda, Irene Moreira. El Arq. Juan Pablo Delgado, presidente de Mevir, resalt\u00f3 en la presentaci\u00f3n que \u00abel concepto de concepto de construir comunidad con la presencia de otros organismos y 3 pilares del fundador de Mevir que se mantienen: austeridad, innovaci\u00f3n y ayuda mutua\u00bb.<br><\/p>\n\n\n\n<p>La ministra de vivienda expres\u00f3 \u00bb Realmente nos sentimos junto al equipo de MVOT, muy contentos. No solo logramos poner el tema sobre la mesa, sino que hoy le estamos dando lanzamiento a este proyecto que est\u00e1 en Rivera y ser\u00e1 un \u00e9xito, y pensamos que se va a poder repetir en otros departamentos. No vamos a perder la calidad de la vivienda, al contrario, queremos que nuestros compatriotas tengan una vivienda digna\u00bb<br><\/p>\n\n\n\n<p>Desde el 2020, MEVIR ha venido incursionando en la utilizaci\u00f3n e implementaci\u00f3n de nuevas tecnolog\u00edas en la construcci\u00f3n que promueven la optimizaci\u00f3n de los recursos. En este caso se trata de la utilizaci\u00f3n de madera nacional como materia prima para la construcci\u00f3n de las viviendas.<br><\/p>\n\n\n\n<p>El programa que incluye 9 viviendas se ejecutar\u00e1 en el barrio progreso de la ciudad de Rivera y se realizar\u00e1 en coordinaci\u00f3n con distintas Instituciones p\u00fablicas y privadas: MVOT, ANV, MA, MIEM, Intendencia de Rivera, \u00d1and\u00e9, Lumin Urufor y Laviere.<br><\/p>\n\n\n\n<p>El terreno donde estar\u00e1n ubicadas las construcciones es una donaci\u00f3n de la intendencia qui\u00e9n tambi\u00e9n ser\u00e1 la responsable de la selecci\u00f3n de las familias participantes del plan. En este sentido, el MVOT y MEVIR junto a la intendencia har\u00e1n un trabajo coordinado con los participantes que trabajar\u00e1n con el aporte de horas por ayuda mutua.<br><\/p>\n\n\n\n<p>A su vez, el ministerio de Vivienda brindar\u00e1 recursos para financiar el proyecto y el ministerio de Ambiente realizar\u00e1 un estudio del impacto ambiental y de habitabilidad del programa. El ministerio de industria Energ\u00eda y Miner\u00eda (MIEM), por su parte, brindar\u00e1 recursos para la promoci\u00f3n de la eficiencia energ\u00e9tica y donar\u00e1 los calefactores de alto rendimiento para calefaccionar los hogares.<br><\/p>\n\n\n\n<p>Se proyecta que las viviendas sean terminadas antes de fin de a\u00f1o y que este sea el comienzo del uso de la madera en las construcciones de MEVIR.<\/p>\n\n\n\n<p>Salto, 11 de agosto de 2021<\/p>\n","protected":false},"excerpt":{"rendered":"<p>El Movimiento de Erradicaci\u00f3n de la Vivienda Insalubre Rural (MEVIR) realiz\u00f3 el lanzamiento de un nuevo plan de \u00abViviendas Sustentables\u00bb construidas en madera, a iniciativa de la ministra de Vivienda, [&hellip;]<\/p>\n","protected":false},"author":5,"featured_media":32964,"comment_status":"open","ping_status":"open","sticky":false,"template":"","format":"standard","meta":{"_price":"","_stock":"","_tribe_ticket_header":"","_tribe_default_ticket_provider":"","_tribe_ticket_capacity":"0","_ticket_start_date":"","_ticket_end_date":"","_tribe_ticket_show_description":"","_tribe_ticket_show_not_going":false,"_tribe_ticket_use_global_stock":"","_tribe_ticket_global_stock_level":"","_global_stock_mode":"","_global_stock_cap":"","_tribe_rsvp_for_event":"","_tribe_ticket_going_count":"","_tribe_ticket_not_going_count":"","_tribe_tickets_list":"[]","_tribe_ticket_has_attendee_info_fields":false,"h5ap_radio_sources":[],"_jetpack_newsletter_access":"","_jetpack_dont_email_post_to_subs":false,"_jetpack_newsletter_tier_id":0,"_jetpack_memberships_contains_paywalled_content":false,"_jetpack_memberships_contains_paid_content":false,"footnotes":""},"categories":[21,5],"tags":[],"class_list":["post-32962","post","type-post","status-publish","format-standard","has-post-thumbnail","hentry","category-actualidad","category-ganaderia"],"jetpack_featured_media_url":"https:\/\/i0.wp.com\/lahoradelcampo.com.uy\/site\/wp-content\/uploads\/2021\/08\/Mevir3.jpg?fit=880%2C440&ssl=1","jetpack_sharing_enabled":true,"jetpack_shortlink":"https:\/\/wp.me\/p99IaT-8zE","jetpack-related-posts":[{"id":39367,"url":"https:\/\/lahoradelcampo.com.uy\/site\/mevir-trabaja-en-la-erradicacion-de-asentamientos-en-el-area-rural\/","url_meta":{"origin":32962,"position":0},"title":"Mevir trabaja en la erradicaci\u00f3n de asentamientos en el \u00e1rea rural","author":"La Hora del Campo","date":"23 febrero, 2022","format":false,"excerpt":"La generaci\u00f3n de comunidad no es s\u00f3lo hacer la vivienda, hay casos en que esa vivienda en la que se va a trabajar no es mala pero no tiene los servicios b\u00e1sicos de saneamiento, agua, electricidad, urbanizaciones, y esos aspectos tambi\u00e9n se atienden. \u201cSe busca erradicar la vivienda insalubre que\u2026","rel":"","context":"En \u00abActualidad\u00bb","block_context":{"text":"Actualidad","link":"https:\/\/lahoradelcampo.com.uy\/site\/category\/actualidad\/"},"img":{"alt_text":"","src":"https:\/\/i0.wp.com\/lahoradelcampo.com.uy\/site\/wp-content\/uploads\/2022\/02\/MEVIR-Asentamientorural.jpg?fit=880%2C440&ssl=1&resize=350%2C200","width":350,"height":200,"srcset":"https:\/\/i0.wp.com\/lahoradelcampo.com.uy\/site\/wp-content\/uploads\/2022\/02\/MEVIR-Asentamientorural.jpg?fit=880%2C440&ssl=1&resize=350%2C200 1x, https:\/\/i0.wp.com\/lahoradelcampo.com.uy\/site\/wp-content\/uploads\/2022\/02\/MEVIR-Asentamientorural.jpg?fit=880%2C440&ssl=1&resize=525%2C300 1.5x, https:\/\/i0.wp.com\/lahoradelcampo.com.uy\/site\/wp-content\/uploads\/2022\/02\/MEVIR-Asentamientorural.jpg?fit=880%2C440&ssl=1&resize=700%2C400 2x"},"classes":[]},{"id":31926,"url":"https:\/\/lahoradelcampo.com.uy\/site\/mevir-lanzo-esta-semana-el-proyecto-pequenas-grandes-obras-rurales\/","url_meta":{"origin":32962,"position":1},"title":"Mevir lanz\u00f3 esta semana el proyecto \u00abPeque\u00f1as Grandes Obras Rurales\u00bb","author":"La Hora del Campo","date":"9 julio, 2021","format":false,"excerpt":"Las autoridades de Vivienda y Ordenamiento Territorial, Irene Moreira, y de Ganader\u00eda, Agricultura y Pesca, Fernando Mattos, junto al Presidente de Mevir, Juan Pablo Delgado, realizaron el lanzamiento del plan piloto, \u201cPeque\u00f1as Grandes Obras Rurales\u201d. La actividad que tuvo lugar esta semana, cont\u00f3 adem\u00e1s, con la presencia de la Intendenta\u2026","rel":"","context":"En \u00abActualidad\u00bb","block_context":{"text":"Actualidad","link":"https:\/\/lahoradelcampo.com.uy\/site\/category\/actualidad\/"},"img":{"alt_text":"","src":"https:\/\/i0.wp.com\/lahoradelcampo.com.uy\/site\/wp-content\/uploads\/2021\/07\/Mevir2.jpg?fit=880%2C440&ssl=1&resize=350%2C200","width":350,"height":200,"srcset":"https:\/\/i0.wp.com\/lahoradelcampo.com.uy\/site\/wp-content\/uploads\/2021\/07\/Mevir2.jpg?fit=880%2C440&ssl=1&resize=350%2C200 1x, https:\/\/i0.wp.com\/lahoradelcampo.com.uy\/site\/wp-content\/uploads\/2021\/07\/Mevir2.jpg?fit=880%2C440&ssl=1&resize=525%2C300 1.5x, https:\/\/i0.wp.com\/lahoradelcampo.com.uy\/site\/wp-content\/uploads\/2021\/07\/Mevir2.jpg?fit=880%2C440&ssl=1&resize=700%2C400 2x"},"classes":[]},{"id":27976,"url":"https:\/\/lahoradelcampo.com.uy\/site\/mevir-denuncio-acciones-del-mandato-anterior-que-comprometieron-su-financiamiento\/","url_meta":{"origin":32962,"position":2},"title":"Mevir denunci\u00f3 acciones del mandato anterior que comprometieron su financiamiento","author":"La Hora del Campo","date":"24 febrero, 2021","format":false,"excerpt":"Las autoridades del Movimiento de Erradicaci\u00f3n de la Vivienda Insalubre Rural (MEVIR) Dr. Alberto Gallinal, presentaron en los \u00faltimos d\u00edas su balance de gesti\u00f3n del a\u00f1o 2020 y las proyecciones para el 2021, en un documento que est\u00e1 publicado en su p\u00e1gina web, con el objetivo de fomentar la transparencia\u2026","rel":"","context":"En \u00abActualidad\u00bb","block_context":{"text":"Actualidad","link":"https:\/\/lahoradelcampo.com.uy\/site\/category\/actualidad\/"},"img":{"alt_text":"","src":"https:\/\/i0.wp.com\/lahoradelcampo.com.uy\/site\/wp-content\/uploads\/2020\/04\/Mevir.jpg?fit=880%2C440&ssl=1&resize=350%2C200","width":350,"height":200,"srcset":"https:\/\/i0.wp.com\/lahoradelcampo.com.uy\/site\/wp-content\/uploads\/2020\/04\/Mevir.jpg?fit=880%2C440&ssl=1&resize=350%2C200 1x, https:\/\/i0.wp.com\/lahoradelcampo.com.uy\/site\/wp-content\/uploads\/2020\/04\/Mevir.jpg?fit=880%2C440&ssl=1&resize=525%2C300 1.5x, https:\/\/i0.wp.com\/lahoradelcampo.com.uy\/site\/wp-content\/uploads\/2020\/04\/Mevir.jpg?fit=880%2C440&ssl=1&resize=700%2C400 2x"},"classes":[]},{"id":31792,"url":"https:\/\/lahoradelcampo.com.uy\/site\/mevir-instauro-clausulas-para-proteger-a-las-familias-ante-violencia-domestica\/","url_meta":{"origin":32962,"position":3},"title":"MEVIR instaur\u00f3 clausulas para proteger a las familias ante violencia dom\u00e9stica","author":"La Hora del Campo","date":"5 julio, 2021","format":false,"excerpt":"Desde MEVIR se ha informado que se ha venido trabajando desde hace algunos a\u00f1os atr\u00e1s, en dar respuesta habitacional a las v\u00edctimas en violencia de g\u00e9nero en procesos de salida de situaciones de violencia. La ley N.\u00ba 19.580 establece que los integrantes del sistema p\u00fablico de vivienda prever\u00e1n garantizar, a\u2026","rel":"","context":"En \u00abActualidad\u00bb","block_context":{"text":"Actualidad","link":"https:\/\/lahoradelcampo.com.uy\/site\/category\/actualidad\/"},"img":{"alt_text":"","src":"https:\/\/i0.wp.com\/lahoradelcampo.com.uy\/site\/wp-content\/uploads\/2021\/07\/MEvir.jpg?fit=880%2C440&ssl=1&resize=350%2C200","width":350,"height":200,"srcset":"https:\/\/i0.wp.com\/lahoradelcampo.com.uy\/site\/wp-content\/uploads\/2021\/07\/MEvir.jpg?fit=880%2C440&ssl=1&resize=350%2C200 1x, https:\/\/i0.wp.com\/lahoradelcampo.com.uy\/site\/wp-content\/uploads\/2021\/07\/MEvir.jpg?fit=880%2C440&ssl=1&resize=525%2C300 1.5x, https:\/\/i0.wp.com\/lahoradelcampo.com.uy\/site\/wp-content\/uploads\/2021\/07\/MEvir.jpg?fit=880%2C440&ssl=1&resize=700%2C400 2x"},"classes":[]},{"id":48923,"url":"https:\/\/lahoradelcampo.com.uy\/site\/colonizacion-y-mevir-invierten-us-17-millones-en-salas-de-ordene\/","url_meta":{"origin":32962,"position":4},"title":"Colonizaci\u00f3n y Mevir invierten  US$ 1,7 millones en salas de orde\u00f1e","author":"La Hora del Campo","date":"1 marzo, 2023","format":false,"excerpt":"El Instituto Nacional de Colonizaci\u00f3n y Mevir firmaron, este lunes 27, un convenio para la construcci\u00f3n de 22 salas de orde\u00f1e en predios de los departamentos de Florida, Colonia y Soriano. La inversi\u00f3n asciende a 1,7 millones de d\u00f3lares y las obras comenzar\u00e1n este a\u00f1o. El ministro de Ganader\u00eda, Fernando\u2026","rel":"","context":"En \u00abActualidad\u00bb","block_context":{"text":"Actualidad","link":"https:\/\/lahoradelcampo.com.uy\/site\/category\/actualidad\/"},"img":{"alt_text":"","src":"https:\/\/i0.wp.com\/lahoradelcampo.com.uy\/site\/wp-content\/uploads\/2023\/03\/Colonizaci%C3%B3n-Mevir-MGAP.jpg?fit=880%2C440&ssl=1&resize=350%2C200","width":350,"height":200,"srcset":"https:\/\/i0.wp.com\/lahoradelcampo.com.uy\/site\/wp-content\/uploads\/2023\/03\/Colonizaci%C3%B3n-Mevir-MGAP.jpg?fit=880%2C440&ssl=1&resize=350%2C200 1x, https:\/\/i0.wp.com\/lahoradelcampo.com.uy\/site\/wp-content\/uploads\/2023\/03\/Colonizaci%C3%B3n-Mevir-MGAP.jpg?fit=880%2C440&ssl=1&resize=525%2C300 1.5x, https:\/\/i0.wp.com\/lahoradelcampo.com.uy\/site\/wp-content\/uploads\/2023\/03\/Colonizaci%C3%B3n-Mevir-MGAP.jpg?fit=880%2C440&ssl=1&resize=700%2C400 2x"},"classes":[]},{"id":34493,"url":"https:\/\/lahoradelcampo.com.uy\/site\/mevir-y-el-mgap-firmaron-convenio-para-financiar-pequenas-grandes-obras\/","url_meta":{"origin":32962,"position":5},"title":"Mevir y el MGAP firmaron convenio para financiar \u00abPeque\u00f1as Grandes Obras\u00bb","author":"La Hora del Campo","date":"22 septiembre, 2021","format":false,"excerpt":"En el stand de MEVIR en la Expo Prado, se firm\u00f3 un acuerdo entre el Ministro de Ganader\u00eda, Agricultura y Pesca, Ing. Agr. Fernando Mattos y el presidente de MEVIR, Arq. Juan Pablo Delgado, para avanzar en la concreci\u00f3n del proyecto \"Peque\u00f1as Grandes Obras Rurales\" que lleva adelante el Movimiento\u2026","rel":"","context":"En \u00abActualidad\u00bb","block_context":{"text":"Actualidad","link":"https:\/\/lahoradelcampo.com.uy\/site\/category\/actualidad\/"},"img":{"alt_text":"","src":"https:\/\/i0.wp.com\/lahoradelcampo.com.uy\/site\/wp-content\/uploads\/2021\/09\/Mevir-Prado.jpg?fit=880%2C440&ssl=1&resize=350%2C200","width":350,"height":200,"srcset":"https:\/\/i0.wp.com\/lahoradelcampo.com.uy\/site\/wp-content\/uploads\/2021\/09\/Mevir-Prado.jpg?fit=880%2C440&ssl=1&resize=350%2C200 1x, https:\/\/i0.wp.com\/lahoradelcampo.com.uy\/site\/wp-content\/uploads\/2021\/09\/Mevir-Prado.jpg?fit=880%2C440&ssl=1&resize=525%2C300 1.5x, https:\/\/i0.wp.com\/lahoradelcampo.com.uy\/site\/wp-content\/uploads\/2021\/09\/Mevir-Prado.jpg?fit=880%2C440&ssl=1&resize=700%2C400 2x"},"classes":[]}],"jetpack_likes_enabled":true,"_links":{"self":[{"href":"https:\/\/lahoradelcampo.com.uy\/site\/wp-json\/wp\/v2\/posts\/32962","targetHints":{"allow":["GET"]}}],"collection":[{"href":"https:\/\/lahoradelcampo.com.uy\/site\/wp-json\/wp\/v2\/posts"}],"about":[{"href":"https:\/\/lahoradelcampo.com.uy\/site\/wp-json\/wp\/v2\/types\/post"}],"author":[{"embeddable":true,"href":"https:\/\/lahoradelcampo.com.uy\/site\/wp-json\/wp\/v2\/users\/5"}],"replies":[{"embeddable":true,"href":"https:\/\/lahoradelcampo.com.uy\/site\/wp-json\/wp\/v2\/comments?post=32962"}],"version-history":[{"count":1,"href":"https:\/\/lahoradelcampo.com.uy\/site\/wp-json\/wp\/v2\/posts\/32962\/revisions"}],"predecessor-version":[{"id":32966,"href":"https:\/\/lahoradelcampo.com.uy\/site\/wp-json\/wp\/v2\/posts\/32962\/revisions\/32966"}],"wp:featuredmedia":[{"embeddable":true,"href":"https:\/\/lahoradelcampo.com.uy\/site\/wp-json\/wp\/v2\/media\/32964"}],"wp:attachment":[{"href":"https:\/\/lahoradelcampo.com.uy\/site\/wp-json\/wp\/v2\/media?parent=32962"}],"wp:term":[{"taxonomy":"category","embeddable":true,"href":"https:\/\/lahoradelcampo.com.uy\/site\/wp-json\/wp\/v2\/categories?post=32962"},{"taxonomy":"post_tag","embeddable":true,"href":"https:\/\/lahoradelcampo.com.uy\/site\/wp-json\/wp\/v2\/tags?post=32962"}],"curies":[{"name":"wp","href":"https:\/\/api.w.org\/{rel}","templated":true}]}}