{"id":32958,"date":"2021-08-11T07:40:59","date_gmt":"2021-08-11T10:40:59","guid":{"rendered":"http:\/\/lahoradelcampo.com.uy\/site\/?p=32958"},"modified":"2021-08-11T07:41:04","modified_gmt":"2021-08-11T10:41:04","slug":"exportaciones-lacteas-suben-un-12-en-los-7-meses-de-2021","status":"publish","type":"post","link":"https:\/\/lahoradelcampo.com.uy\/site\/exportaciones-lacteas-suben-un-12-en-los-7-meses-de-2021\/","title":{"rendered":"Exportaciones l\u00e1cteas suben un 12% en los 7 meses de 2021"},"content":{"rendered":"\n<figure class=\"wp-block-image\"><img data-recalc-dims=\"1\" loading=\"lazy\" decoding=\"async\" width=\"810\" height=\"405\" data-attachment-id=\"12631\" data-permalink=\"https:\/\/lahoradelcampo.com.uy\/site\/ue-mercosur-se-abriran-cuotas-reciprocas-de-forma-progresiva-en-10-anos-para-la-lecheria\/leche-en-polvo-3\/\" data-orig-file=\"https:\/\/i0.wp.com\/lahoradelcampo.com.uy\/site\/wp-content\/uploads\/2019\/07\/leche-en-polvo.jpg?fit=880%2C440&amp;ssl=1\" data-orig-size=\"880,440\" data-comments-opened=\"1\" data-image-meta=\"{&quot;aperture&quot;:&quot;0&quot;,&quot;credit&quot;:&quot;&quot;,&quot;camera&quot;:&quot;&quot;,&quot;caption&quot;:&quot;&quot;,&quot;created_timestamp&quot;:&quot;0&quot;,&quot;copyright&quot;:&quot;&quot;,&quot;focal_length&quot;:&quot;0&quot;,&quot;iso&quot;:&quot;0&quot;,&quot;shutter_speed&quot;:&quot;0&quot;,&quot;title&quot;:&quot;&quot;,&quot;orientation&quot;:&quot;1&quot;}\" data-image-title=\"leche en polvo\" data-image-description=\"\" data-image-caption=\"\" data-large-file=\"https:\/\/i0.wp.com\/lahoradelcampo.com.uy\/site\/wp-content\/uploads\/2019\/07\/leche-en-polvo.jpg?fit=810%2C405&amp;ssl=1\" src=\"https:\/\/i0.wp.com\/lahoradelcampo.com.uy\/site\/wp-content\/uploads\/2019\/07\/leche-en-polvo.jpg?resize=810%2C405\" alt=\"\" class=\"wp-image-12631\" srcset=\"https:\/\/i0.wp.com\/lahoradelcampo.com.uy\/site\/wp-content\/uploads\/2019\/07\/leche-en-polvo.jpg?w=880&amp;ssl=1 880w, https:\/\/i0.wp.com\/lahoradelcampo.com.uy\/site\/wp-content\/uploads\/2019\/07\/leche-en-polvo.jpg?resize=300%2C150&amp;ssl=1 300w, https:\/\/i0.wp.com\/lahoradelcampo.com.uy\/site\/wp-content\/uploads\/2019\/07\/leche-en-polvo.jpg?resize=768%2C384&amp;ssl=1 768w, https:\/\/i0.wp.com\/lahoradelcampo.com.uy\/site\/wp-content\/uploads\/2019\/07\/leche-en-polvo.jpg?resize=820%2C410&amp;ssl=1 820w\" sizes=\"auto, (max-width: 810px) 100vw, 810px\" \/><\/figure>\n\n\n\n<p>La facturaci\u00f3n de las exportaciones de productos l\u00e1cteos del Uruguay se posiciona en US$ 400,1 millones de d\u00f3lares  en el acumulado de los primeros siete meses de 2021, en comparaci\u00f3n con igual per\u00edodo del a\u00f1o pasado, seg\u00fan el balance del Instituto Nacional de la Leche (INALE). Este incremento se debe principalmente a la mejora en las cotizaciones de lo principales productos de exportaci\u00f3n de Uruguay. <br><\/p>\n\n\n\n<p>La Leche en Polvo Entera alcanza los 278,2 millones de d\u00f3lares, un 15% m\u00e1s que 2020, en tanto que la Leche en Polvo Descremada subi\u00f3 un 23% a US$ 16,9 millones. El segundo producto en ingreso de divisas al pa\u00eds tras la Leche en Polvo Entera, son los Quesos  que facturan 58,4 millones de d\u00f3lares y en tercer lugar est\u00e1 la Manteca con 22,2 millones de d\u00f3lares de ingreso al pa\u00eds, seg\u00fan el INALE. <\/p>\n\n\n\n<p>Salto, 11 de agosto de 2021<\/p>\n","protected":false},"excerpt":{"rendered":"<p>La facturaci\u00f3n de las exportaciones de productos l\u00e1cteos del Uruguay se posiciona en US$ 400,1 millones de d\u00f3lares en el acumulado de los primeros siete meses de 2021, en comparaci\u00f3n [&hellip;]<\/p>\n","protected":false},"author":5,"featured_media":12631,"comment_status":"open","ping_status":"open","sticky":false,"template":"","format":"standard","meta":{"_price":"","_stock":"","_tribe_ticket_header":"","_tribe_default_ticket_provider":"","_tribe_ticket_capacity":"0","_ticket_start_date":"","_ticket_end_date":"","_tribe_ticket_show_description":"","_tribe_ticket_show_not_going":false,"_tribe_ticket_use_global_stock":"","_tribe_ticket_global_stock_level":"","_global_stock_mode":"","_global_stock_cap":"","_tribe_rsvp_for_event":"","_tribe_ticket_going_count":"","_tribe_ticket_not_going_count":"","_tribe_tickets_list":"[]","_tribe_ticket_has_attendee_info_fields":false,"h5ap_radio_sources":[],"_jetpack_newsletter_access":"","_jetpack_dont_email_post_to_subs":false,"_jetpack_newsletter_tier_id":0,"_jetpack_memberships_contains_paywalled_content":false,"_jetpack_memberships_contains_paid_content":false,"footnotes":""},"categories":[21,11],"tags":[],"class_list":["post-32958","post","type-post","status-publish","format-standard","has-post-thumbnail","hentry","category-actualidad","category-lecheria"],"jetpack_featured_media_url":"https:\/\/i0.wp.com\/lahoradelcampo.com.uy\/site\/wp-content\/uploads\/2019\/07\/leche-en-polvo.jpg?fit=880%2C440&ssl=1","jetpack_sharing_enabled":true,"jetpack_shortlink":"https:\/\/wp.me\/p99IaT-8zA","jetpack-related-posts":[{"id":26252,"url":"https:\/\/lahoradelcampo.com.uy\/site\/argelia-ha-sido-el-principal-destino-para-las-exportaciones-de-leche-en-polvo-entera\/","url_meta":{"origin":32958,"position":0},"title":"Argelia ha sido el principal destino para las exportaciones de leche en polvo entera","author":"La Hora del Campo","date":"18 diciembre, 2020","format":false,"excerpt":"Durante el a\u00f1o 2020 se destinaron 1.572 millones de litros de leche (diciembre 2019-noviembre 2020), un 12% m\u00e1s que el per\u00edodo anterior, e ingresaron al pa\u00eds US$ 675 millones lo que report\u00f3 un aumento del 5%, de acuerdo a la informaci\u00f3n brindada por el Instituto Nacional de la Leche. Leche\u2026","rel":"","context":"En \u00abActualidad\u00bb","block_context":{"text":"Actualidad","link":"https:\/\/lahoradelcampo.com.uy\/site\/category\/actualidad\/"},"img":{"alt_text":"","src":"https:\/\/i0.wp.com\/lahoradelcampo.com.uy\/site\/wp-content\/uploads\/2017\/12\/Lacteos.jpg?fit=880%2C440&ssl=1&resize=350%2C200","width":350,"height":200,"srcset":"https:\/\/i0.wp.com\/lahoradelcampo.com.uy\/site\/wp-content\/uploads\/2017\/12\/Lacteos.jpg?fit=880%2C440&ssl=1&resize=350%2C200 1x, https:\/\/i0.wp.com\/lahoradelcampo.com.uy\/site\/wp-content\/uploads\/2017\/12\/Lacteos.jpg?fit=880%2C440&ssl=1&resize=525%2C300 1.5x, https:\/\/i0.wp.com\/lahoradelcampo.com.uy\/site\/wp-content\/uploads\/2017\/12\/Lacteos.jpg?fit=880%2C440&ssl=1&resize=700%2C400 2x"},"classes":[]},{"id":3703,"url":"https:\/\/lahoradelcampo.com.uy\/site\/exportacion-de-lacteos-uruguayos-quebro-tendencia-a-la-baja\/","url_meta":{"origin":32958,"position":1},"title":"Exportaci\u00f3n de l\u00e1cteos uruguayos quebr\u00f3 tendencia a la baja","author":"La Hora del Campo","date":"7 noviembre, 2017","format":false,"excerpt":"Las ventas de productos l\u00e1cteos de Uruguay totalizan 471 millones de d\u00f3lares entre el 1.\u00ba de enero y el 31 de octubre, un ingreso de divisas similar al registrado en el mismo per\u00edodo de 2016, como resultado de las mejoras de los precios de la manteca, la leche en polvo\u2026","rel":"","context":"En \u00abLecher\u00eda\u00bb","block_context":{"text":"Lecher\u00eda","link":"https:\/\/lahoradelcampo.com.uy\/site\/category\/lecheria\/"},"img":{"alt_text":"","src":"https:\/\/i0.wp.com\/lahoradelcampo.com.uy\/site\/wp-content\/uploads\/2017\/11\/Lecheria2.jpg?fit=880%2C440&ssl=1&resize=350%2C200","width":350,"height":200,"srcset":"https:\/\/i0.wp.com\/lahoradelcampo.com.uy\/site\/wp-content\/uploads\/2017\/11\/Lecheria2.jpg?fit=880%2C440&ssl=1&resize=350%2C200 1x, https:\/\/i0.wp.com\/lahoradelcampo.com.uy\/site\/wp-content\/uploads\/2017\/11\/Lecheria2.jpg?fit=880%2C440&ssl=1&resize=525%2C300 1.5x, https:\/\/i0.wp.com\/lahoradelcampo.com.uy\/site\/wp-content\/uploads\/2017\/11\/Lecheria2.jpg?fit=880%2C440&ssl=1&resize=700%2C400 2x"},"classes":[]},{"id":37461,"url":"https:\/\/lahoradelcampo.com.uy\/site\/facturacion-de-las-exportaciones-de-manteca-crecen-un-22-en-2021\/","url_meta":{"origin":32958,"position":2},"title":"Facturaci\u00f3n de las exportaciones de manteca crecen un 22% en 2021","author":"La Hora del Campo","date":"13 diciembre, 2021","format":false,"excerpt":"Durante los primeros 11 meses del a\u00f1o, desde enero a noviembre, la facturaci\u00f3n de las exportaciones de productos l\u00e1cteos creci\u00f3 un 9% respecto a igual per\u00edodo del a\u00f1o 2020. En este contexto subieron un 11% las ventas de leche en polvo entera, descendieron un 8% las de leche en polvo\u2026","rel":"","context":"En \u00abActualidad\u00bb","block_context":{"text":"Actualidad","link":"https:\/\/lahoradelcampo.com.uy\/site\/category\/actualidad\/"},"img":{"alt_text":"","src":"https:\/\/i0.wp.com\/lahoradelcampo.com.uy\/site\/wp-content\/uploads\/2021\/12\/Lecheria-manteca.jpg?fit=880%2C440&ssl=1&resize=350%2C200","width":350,"height":200,"srcset":"https:\/\/i0.wp.com\/lahoradelcampo.com.uy\/site\/wp-content\/uploads\/2021\/12\/Lecheria-manteca.jpg?fit=880%2C440&ssl=1&resize=350%2C200 1x, https:\/\/i0.wp.com\/lahoradelcampo.com.uy\/site\/wp-content\/uploads\/2021\/12\/Lecheria-manteca.jpg?fit=880%2C440&ssl=1&resize=525%2C300 1.5x, https:\/\/i0.wp.com\/lahoradelcampo.com.uy\/site\/wp-content\/uploads\/2021\/12\/Lecheria-manteca.jpg?fit=880%2C440&ssl=1&resize=700%2C400 2x"},"classes":[]},{"id":53843,"url":"https:\/\/lahoradelcampo.com.uy\/site\/descenso-en-las-exportaciones-de-lacteos-de-uruguay-durante-abril\/","url_meta":{"origin":32958,"position":3},"title":"Descenso en las exportaciones de l\u00e1cteos de Uruguay durante abril","author":"La Hora del Campo","date":"10 mayo, 2024","format":false,"excerpt":"El Instituto Nacional de la Leche (INALE) ha revelado cifras preocupantes respecto a las exportaciones l\u00e1cteas de Uruguay durante el mes de abril del a\u00f1o en curso. Seg\u00fan el informe presentado, la facturaci\u00f3n recibida por exportaciones ha experimentado un descenso del 16%, lo que refleja una notable disminuci\u00f3n en los\u2026","rel":"","context":"En \u00abActualidad\u00bb","block_context":{"text":"Actualidad","link":"https:\/\/lahoradelcampo.com.uy\/site\/category\/actualidad\/"},"img":{"alt_text":"","src":"https:\/\/i0.wp.com\/lahoradelcampo.com.uy\/site\/wp-content\/uploads\/2024\/05\/Exportacioneslacteasabril.jpg?fit=880%2C440&ssl=1&resize=350%2C200","width":350,"height":200,"srcset":"https:\/\/i0.wp.com\/lahoradelcampo.com.uy\/site\/wp-content\/uploads\/2024\/05\/Exportacioneslacteasabril.jpg?fit=880%2C440&ssl=1&resize=350%2C200 1x, https:\/\/i0.wp.com\/lahoradelcampo.com.uy\/site\/wp-content\/uploads\/2024\/05\/Exportacioneslacteasabril.jpg?fit=880%2C440&ssl=1&resize=525%2C300 1.5x, https:\/\/i0.wp.com\/lahoradelcampo.com.uy\/site\/wp-content\/uploads\/2024\/05\/Exportacioneslacteasabril.jpg?fit=880%2C440&ssl=1&resize=700%2C400 2x"},"classes":[]},{"id":4833,"url":"https:\/\/lahoradelcampo.com.uy\/site\/exportacion-de-lacteos-crecio-un-4-en-2017\/","url_meta":{"origin":32958,"position":4},"title":"Exportaci\u00f3n de l\u00e1cteos creci\u00f3 un 4% en 2017","author":"La Hora del Campo","date":"12 diciembre, 2017","format":false,"excerpt":"Los datos aportados por el Instituto Nacional de la Leche muestran un incremento del 4% en la facturaci\u00f3n final por la exportaci\u00f3n de productos l\u00e1cteos de Uruguay, que alcanza los U$S 587,8 millones entre los meses de enero y noviembre de 2017. A pesar de la ca\u00edda en los vol\u00famenes\u2026","rel":"","context":"En \u00abLecher\u00eda\u00bb","block_context":{"text":"Lecher\u00eda","link":"https:\/\/lahoradelcampo.com.uy\/site\/category\/lecheria\/"},"img":{"alt_text":"","src":"https:\/\/i0.wp.com\/lahoradelcampo.com.uy\/site\/wp-content\/uploads\/2017\/12\/Lacteos.jpg?fit=880%2C440&ssl=1&resize=350%2C200","width":350,"height":200,"srcset":"https:\/\/i0.wp.com\/lahoradelcampo.com.uy\/site\/wp-content\/uploads\/2017\/12\/Lacteos.jpg?fit=880%2C440&ssl=1&resize=350%2C200 1x, https:\/\/i0.wp.com\/lahoradelcampo.com.uy\/site\/wp-content\/uploads\/2017\/12\/Lacteos.jpg?fit=880%2C440&ssl=1&resize=525%2C300 1.5x, https:\/\/i0.wp.com\/lahoradelcampo.com.uy\/site\/wp-content\/uploads\/2017\/12\/Lacteos.jpg?fit=880%2C440&ssl=1&resize=700%2C400 2x"},"classes":[]},{"id":55901,"url":"https:\/\/lahoradelcampo.com.uy\/site\/exportaciones-de-lacteos-crecen-19-en-el-2025\/","url_meta":{"origin":32958,"position":5},"title":"Exportaciones de l\u00e1cteos crecen 19% en el 2025","author":"La Hora del Campo","date":"14 abril, 2025","format":false,"excerpt":"De acuerdo con el informe de exportaciones de l\u00e1cteos, elaborado por el Instituto Nacional de la Leche (INALE), la facturaci\u00f3n de la venta de productos en el exterior creci\u00f3 un 19% durante el primer trimestre del a\u00f1o, impulsado por fuertes subas en los valores tanto de la leche en polvo\u2026","rel":"","context":"En \u00abActualidad\u00bb","block_context":{"text":"Actualidad","link":"https:\/\/lahoradelcampo.com.uy\/site\/category\/actualidad\/"},"img":{"alt_text":"","src":"https:\/\/i0.wp.com\/lahoradelcampo.com.uy\/site\/wp-content\/uploads\/2025\/01\/lacteos1.jpg?fit=880%2C440&ssl=1&resize=350%2C200","width":350,"height":200,"srcset":"https:\/\/i0.wp.com\/lahoradelcampo.com.uy\/site\/wp-content\/uploads\/2025\/01\/lacteos1.jpg?fit=880%2C440&ssl=1&resize=350%2C200 1x, https:\/\/i0.wp.com\/lahoradelcampo.com.uy\/site\/wp-content\/uploads\/2025\/01\/lacteos1.jpg?fit=880%2C440&ssl=1&resize=525%2C300 1.5x, https:\/\/i0.wp.com\/lahoradelcampo.com.uy\/site\/wp-content\/uploads\/2025\/01\/lacteos1.jpg?fit=880%2C440&ssl=1&resize=700%2C400 2x"},"classes":[]}],"jetpack_likes_enabled":true,"_links":{"self":[{"href":"https:\/\/lahoradelcampo.com.uy\/site\/wp-json\/wp\/v2\/posts\/32958","targetHints":{"allow":["GET"]}}],"collection":[{"href":"https:\/\/lahoradelcampo.com.uy\/site\/wp-json\/wp\/v2\/posts"}],"about":[{"href":"https:\/\/lahoradelcampo.com.uy\/site\/wp-json\/wp\/v2\/types\/post"}],"author":[{"embeddable":true,"href":"https:\/\/lahoradelcampo.com.uy\/site\/wp-json\/wp\/v2\/users\/5"}],"replies":[{"embeddable":true,"href":"https:\/\/lahoradelcampo.com.uy\/site\/wp-json\/wp\/v2\/comments?post=32958"}],"version-history":[{"count":1,"href":"https:\/\/lahoradelcampo.com.uy\/site\/wp-json\/wp\/v2\/posts\/32958\/revisions"}],"predecessor-version":[{"id":32960,"href":"https:\/\/lahoradelcampo.com.uy\/site\/wp-json\/wp\/v2\/posts\/32958\/revisions\/32960"}],"wp:featuredmedia":[{"embeddable":true,"href":"https:\/\/lahoradelcampo.com.uy\/site\/wp-json\/wp\/v2\/media\/12631"}],"wp:attachment":[{"href":"https:\/\/lahoradelcampo.com.uy\/site\/wp-json\/wp\/v2\/media?parent=32958"}],"wp:term":[{"taxonomy":"category","embeddable":true,"href":"https:\/\/lahoradelcampo.com.uy\/site\/wp-json\/wp\/v2\/categories?post=32958"},{"taxonomy":"post_tag","embeddable":true,"href":"https:\/\/lahoradelcampo.com.uy\/site\/wp-json\/wp\/v2\/tags?post=32958"}],"curies":[{"name":"wp","href":"https:\/\/api.w.org\/{rel}","templated":true}]}}