{"id":32954,"date":"2021-08-11T07:38:36","date_gmt":"2021-08-11T10:38:36","guid":{"rendered":"http:\/\/lahoradelcampo.com.uy\/site\/?p=32954"},"modified":"2021-08-11T07:38:41","modified_gmt":"2021-08-11T10:38:41","slug":"la-canasta-frutihorticola-subio-un-08-en-el-mes-de-julio","status":"publish","type":"post","link":"https:\/\/lahoradelcampo.com.uy\/site\/la-canasta-frutihorticola-subio-un-08-en-el-mes-de-julio\/","title":{"rendered":"La canasta frutihort\u00edcola subi\u00f3 un 0,8% en el mes de julio"},"content":{"rendered":"\n<figure class=\"wp-block-image\"><img data-recalc-dims=\"1\" loading=\"lazy\" decoding=\"async\" width=\"810\" height=\"405\" data-attachment-id=\"7307\" data-permalink=\"https:\/\/lahoradelcampo.com.uy\/site\/primeros-frios-normalizan-el-nivel-de-oferta-en-el-mercado-modelo\/granja-2\/\" data-orig-file=\"https:\/\/i0.wp.com\/lahoradelcampo.com.uy\/site\/wp-content\/uploads\/2018\/05\/Granja.jpg?fit=880%2C440&amp;ssl=1\" data-orig-size=\"880,440\" data-comments-opened=\"1\" data-image-meta=\"{&quot;aperture&quot;:&quot;0&quot;,&quot;credit&quot;:&quot;&quot;,&quot;camera&quot;:&quot;&quot;,&quot;caption&quot;:&quot;&quot;,&quot;created_timestamp&quot;:&quot;0&quot;,&quot;copyright&quot;:&quot;&quot;,&quot;focal_length&quot;:&quot;0&quot;,&quot;iso&quot;:&quot;0&quot;,&quot;shutter_speed&quot;:&quot;0&quot;,&quot;title&quot;:&quot;&quot;,&quot;orientation&quot;:&quot;1&quot;}\" data-image-title=\"Granja\" data-image-description=\"\" data-image-caption=\"\" data-large-file=\"https:\/\/i0.wp.com\/lahoradelcampo.com.uy\/site\/wp-content\/uploads\/2018\/05\/Granja.jpg?fit=810%2C405&amp;ssl=1\" src=\"https:\/\/i0.wp.com\/lahoradelcampo.com.uy\/site\/wp-content\/uploads\/2018\/05\/Granja.jpg?resize=810%2C405\" alt=\"\" class=\"wp-image-7307\" srcset=\"https:\/\/i0.wp.com\/lahoradelcampo.com.uy\/site\/wp-content\/uploads\/2018\/05\/Granja.jpg?w=880&amp;ssl=1 880w, https:\/\/i0.wp.com\/lahoradelcampo.com.uy\/site\/wp-content\/uploads\/2018\/05\/Granja.jpg?resize=300%2C150&amp;ssl=1 300w, https:\/\/i0.wp.com\/lahoradelcampo.com.uy\/site\/wp-content\/uploads\/2018\/05\/Granja.jpg?resize=768%2C384&amp;ssl=1 768w, https:\/\/i0.wp.com\/lahoradelcampo.com.uy\/site\/wp-content\/uploads\/2018\/05\/Granja.jpg?resize=820%2C410&amp;ssl=1 820w\" sizes=\"auto, (max-width: 810px) 100vw, 810px\" \/><\/figure>\n\n\n\n<p>El Observatorio Granjero, integrado por la Unidad Agroalimentaria Metropolitana (UAM) y el Ministerio de Ganader\u00eda, Agricultura y Pesca a trav\u00e9s de la Direcci\u00f3n General de la Granja (MGAP-DIGEGRA), ha emitido el informe mensual de la comercializaci\u00f3n frutihort\u00edcola en la capital del pa\u00eds, a nivel mayorista, donde se visualiza un incremento del 0,8% en el valor del kilogramo de una canasta compuesta por los treinta principales productos ponderados de acuerdo con su incidencia en los ingresos a la UAM.<br><\/p>\n\n\n\n<p>De acuerdo al informe el valor del kilogramo de la canasta paso de $ 33,10 en el mes de junio a $ 33,30 en julio. Comparado con igual mes de 2020, el valor ha disminuido un 10,5%, mientras que es 8,5% inferior al promedio de los \u00faltimos cinco a\u00f1os. <br><\/p>\n\n\n\n<p>Respecto a junio, se registraron bajas en pr\u00e1cticamente todas las verduras, excepto el choclo, la remolacha y la acelga. En el caso de las frutas baj\u00f3 fuertemente la naranja (-13%), pero subieron la manzana, el mel\u00f3n y la banana. <\/p>\n\n\n\n<p>Salto, 11 de agosto de 2021<\/p>\n","protected":false},"excerpt":{"rendered":"<p>El Observatorio Granjero, integrado por la Unidad Agroalimentaria Metropolitana (UAM) y el Ministerio de Ganader\u00eda, Agricultura y Pesca a trav\u00e9s de la Direcci\u00f3n General de la Granja (MGAP-DIGEGRA), ha emitido [&hellip;]<\/p>\n","protected":false},"author":5,"featured_media":7307,"comment_status":"open","ping_status":"open","sticky":false,"template":"","format":"standard","meta":{"_price":"","_stock":"","_tribe_ticket_header":"","_tribe_default_ticket_provider":"","_tribe_ticket_capacity":"0","_ticket_start_date":"","_ticket_end_date":"","_tribe_ticket_show_description":"","_tribe_ticket_show_not_going":false,"_tribe_ticket_use_global_stock":"","_tribe_ticket_global_stock_level":"","_global_stock_mode":"","_global_stock_cap":"","_tribe_rsvp_for_event":"","_tribe_ticket_going_count":"","_tribe_ticket_not_going_count":"","_tribe_tickets_list":"[]","_tribe_ticket_has_attendee_info_fields":false,"h5ap_radio_sources":[],"_jetpack_newsletter_access":"","_jetpack_dont_email_post_to_subs":false,"_jetpack_newsletter_tier_id":0,"_jetpack_memberships_contains_paywalled_content":false,"_jetpack_memberships_contains_paid_content":false,"footnotes":""},"categories":[21,9],"tags":[],"class_list":["post-32954","post","type-post","status-publish","format-standard","has-post-thumbnail","hentry","category-actualidad","category-granja"],"jetpack_featured_media_url":"https:\/\/i0.wp.com\/lahoradelcampo.com.uy\/site\/wp-content\/uploads\/2018\/05\/Granja.jpg?fit=880%2C440&ssl=1","jetpack_sharing_enabled":true,"jetpack_shortlink":"https:\/\/wp.me\/p99IaT-8zw","jetpack-related-posts":[{"id":47049,"url":"https:\/\/lahoradelcampo.com.uy\/site\/el-kilo-de-la-canasta-frutihorticola-subio-un-294-en-octubre\/","url_meta":{"origin":32954,"position":0},"title":"El kilo de la canasta frutihort\u00edcola subi\u00f3 un 2,94% en octubre","author":"La Hora del Campo","date":"17 noviembre, 2022","format":false,"excerpt":"Durante el pasado mes de octubre, el valor promedio del kilogramo de la canasta frutihort\u00edcola a nivel mayorista, subi\u00f3 un 2,9% con respecto al mes de setiembre, seg\u00fan el informe mensual de la Unidad Agroalimentaria Metropolitana (UAM). El mes pasado el promedio se ubico en $ 41,8 por kilogramo al\u2026","rel":"","context":"En \u00abActualidad\u00bb","block_context":{"text":"Actualidad","link":"https:\/\/lahoradelcampo.com.uy\/site\/category\/actualidad\/"},"img":{"alt_text":"","src":"https:\/\/i0.wp.com\/lahoradelcampo.com.uy\/site\/wp-content\/uploads\/2021\/06\/UAMmercado.jpg?fit=880%2C440&ssl=1&resize=350%2C200","width":350,"height":200,"srcset":"https:\/\/i0.wp.com\/lahoradelcampo.com.uy\/site\/wp-content\/uploads\/2021\/06\/UAMmercado.jpg?fit=880%2C440&ssl=1&resize=350%2C200 1x, https:\/\/i0.wp.com\/lahoradelcampo.com.uy\/site\/wp-content\/uploads\/2021\/06\/UAMmercado.jpg?fit=880%2C440&ssl=1&resize=525%2C300 1.5x, https:\/\/i0.wp.com\/lahoradelcampo.com.uy\/site\/wp-content\/uploads\/2021\/06\/UAMmercado.jpg?fit=880%2C440&ssl=1&resize=700%2C400 2x"},"classes":[]},{"id":42639,"url":"https:\/\/lahoradelcampo.com.uy\/site\/valor-de-la-canasta-frutihorticola-cayo-un-86\/","url_meta":{"origin":32954,"position":1},"title":"Valor de la canasta frutihort\u00edcola cay\u00f3 un 8,6%","author":"La Hora del Campo","date":"10 junio, 2022","format":false,"excerpt":"De acuerdo a la informaci\u00f3n brindada por la Unidad Agroalimentaria Metropolitana (UAM), el Valor Kilogramo Canasta del mes de mayo descendi\u00f3 8,6% con respecto a abril, al pasar de 36,6 a 33,5 pesos\/kg. Comparado con el valor promedio de mayo de los \u00faltimos cinco a\u00f1os se ubica 6,7% por debajo.\u2026","rel":"","context":"En \u00abActualidad\u00bb","block_context":{"text":"Actualidad","link":"https:\/\/lahoradelcampo.com.uy\/site\/category\/actualidad\/"},"img":{"alt_text":"","src":"https:\/\/i0.wp.com\/lahoradelcampo.com.uy\/site\/wp-content\/uploads\/2018\/05\/Granja.jpg?fit=880%2C440&ssl=1&resize=350%2C200","width":350,"height":200,"srcset":"https:\/\/i0.wp.com\/lahoradelcampo.com.uy\/site\/wp-content\/uploads\/2018\/05\/Granja.jpg?fit=880%2C440&ssl=1&resize=350%2C200 1x, https:\/\/i0.wp.com\/lahoradelcampo.com.uy\/site\/wp-content\/uploads\/2018\/05\/Granja.jpg?fit=880%2C440&ssl=1&resize=525%2C300 1.5x, https:\/\/i0.wp.com\/lahoradelcampo.com.uy\/site\/wp-content\/uploads\/2018\/05\/Granja.jpg?fit=880%2C440&ssl=1&resize=700%2C400 2x"},"classes":[]},{"id":3815,"url":"https:\/\/lahoradelcampo.com.uy\/site\/nueva-suba-en-el-informe-mensual-del-observatorio-granjero\/","url_meta":{"origin":32954,"position":2},"title":"Nueva suba en el informe mensual del Observatorio Granjero","author":"La Hora del Campo","date":"13 noviembre, 2017","format":false,"excerpt":"En su informe mensual del comportamiento de la canasta frutihort\u00edcola el Observatorio Granjero, integrado por la Direcci\u00f3n General de la Granja y el Mercado Modelo, vuelve a mostrar un nuevo incremento el precio promedio de los productos que la componen, por cuarto mes consecutivo. El indicador \"Valor Kilo Canasta\" que\u2026","rel":"","context":"En \u00abGranja\u00bb","block_context":{"text":"Granja","link":"https:\/\/lahoradelcampo.com.uy\/site\/category\/granja\/"},"img":{"alt_text":"","src":"https:\/\/i0.wp.com\/lahoradelcampo.com.uy\/site\/wp-content\/uploads\/2017\/11\/Granjero.jpg?fit=880%2C440&ssl=1&resize=350%2C200","width":350,"height":200,"srcset":"https:\/\/i0.wp.com\/lahoradelcampo.com.uy\/site\/wp-content\/uploads\/2017\/11\/Granjero.jpg?fit=880%2C440&ssl=1&resize=350%2C200 1x, https:\/\/i0.wp.com\/lahoradelcampo.com.uy\/site\/wp-content\/uploads\/2017\/11\/Granjero.jpg?fit=880%2C440&ssl=1&resize=525%2C300 1.5x, https:\/\/i0.wp.com\/lahoradelcampo.com.uy\/site\/wp-content\/uploads\/2017\/11\/Granjero.jpg?fit=880%2C440&ssl=1&resize=700%2C400 2x"},"classes":[]},{"id":5801,"url":"https:\/\/lahoradelcampo.com.uy\/site\/canasta-frutihorticola-de-enero-subio-un-278\/","url_meta":{"origin":32954,"position":3},"title":"Canasta frutihort\u00edcola  de enero subi\u00f3 un 27,8%","author":"La Hora del Campo","date":"14 febrero, 2018","format":false,"excerpt":"De acuerdo al an\u00e1lisis realizado por el Observatorio Granjero, de la Direcci\u00f3n General de la Granja y el Mercado Modelo, el Valor Kilo de la Canasta frutihort\u00edcola creci\u00f3 un 27,8% en el mes de enero, respecto a igual per\u00edodo de 2017, ubic\u00e1ndose en $ 28,9. Si bien este indicador desciende\u2026","rel":"","context":"En \u00abGranja\u00bb","block_context":{"text":"Granja","link":"https:\/\/lahoradelcampo.com.uy\/site\/category\/granja\/"},"img":{"alt_text":"","src":"https:\/\/i0.wp.com\/lahoradelcampo.com.uy\/site\/wp-content\/uploads\/2018\/02\/web-frutas.jpg?fit=880%2C440&ssl=1&resize=350%2C200","width":350,"height":200,"srcset":"https:\/\/i0.wp.com\/lahoradelcampo.com.uy\/site\/wp-content\/uploads\/2018\/02\/web-frutas.jpg?fit=880%2C440&ssl=1&resize=350%2C200 1x, https:\/\/i0.wp.com\/lahoradelcampo.com.uy\/site\/wp-content\/uploads\/2018\/02\/web-frutas.jpg?fit=880%2C440&ssl=1&resize=525%2C300 1.5x, https:\/\/i0.wp.com\/lahoradelcampo.com.uy\/site\/wp-content\/uploads\/2018\/02\/web-frutas.jpg?fit=880%2C440&ssl=1&resize=700%2C400 2x"},"classes":[]},{"id":32610,"url":"https:\/\/lahoradelcampo.com.uy\/site\/precio-del-lechon-cae-22-en-2021\/","url_meta":{"origin":32954,"position":4},"title":"Precio del lech\u00f3n cae  22% en 2021","author":"La Hora del Campo","date":"2 agosto, 2021","format":false,"excerpt":"El precio del lech\u00f3n con un m\u00e1ximo de 20 kilos, ha registrado una ca\u00edda del 22% en este a\u00f1o 2021, frente a 2020, de acuerdo a la informaci\u00f3n brindada por el Observatorio Granjero (integrado por la Unidad Agroalimentaria Metropolitana y la Direcci\u00f3n General de la Granja). Este pasado 29 de\u2026","rel":"","context":"En \u00abActualidad\u00bb","block_context":{"text":"Actualidad","link":"https:\/\/lahoradelcampo.com.uy\/site\/category\/actualidad\/"},"img":{"alt_text":"","src":"https:\/\/i0.wp.com\/lahoradelcampo.com.uy\/site\/wp-content\/uploads\/2019\/05\/Cerdos.jpg?fit=880%2C440&ssl=1&resize=350%2C200","width":350,"height":200,"srcset":"https:\/\/i0.wp.com\/lahoradelcampo.com.uy\/site\/wp-content\/uploads\/2019\/05\/Cerdos.jpg?fit=880%2C440&ssl=1&resize=350%2C200 1x, https:\/\/i0.wp.com\/lahoradelcampo.com.uy\/site\/wp-content\/uploads\/2019\/05\/Cerdos.jpg?fit=880%2C440&ssl=1&resize=525%2C300 1.5x, https:\/\/i0.wp.com\/lahoradelcampo.com.uy\/site\/wp-content\/uploads\/2019\/05\/Cerdos.jpg?fit=880%2C440&ssl=1&resize=700%2C400 2x"},"classes":[]},{"id":44901,"url":"https:\/\/lahoradelcampo.com.uy\/site\/alta-oferta-de-papa-de-buena-calidad-y-precios-a-la-baja\/","url_meta":{"origin":32954,"position":5},"title":"Alta oferta de papa de buena calidad y precios a la baja","author":"La Hora del Campo","date":"22 agosto, 2022","format":false,"excerpt":"La oferta de papa en la Unidad Agroalimentaria Metropolitana (UAM), tanto blanca como rosada, es abundante en la actualidad, de acuerdo a los principales operadores referentes, que son encuestados todas las semanas. En la \u00faltima semana ingresaron a la unidad comercial un total de 1.294 toneladas, que representan el 19,4%\u2026","rel":"","context":"En \u00abActualidad\u00bb","block_context":{"text":"Actualidad","link":"https:\/\/lahoradelcampo.com.uy\/site\/category\/actualidad\/"},"img":{"alt_text":"","src":"https:\/\/i0.wp.com\/lahoradelcampo.com.uy\/site\/wp-content\/uploads\/2018\/04\/Papa.jpg?fit=880%2C440&ssl=1&resize=350%2C200","width":350,"height":200,"srcset":"https:\/\/i0.wp.com\/lahoradelcampo.com.uy\/site\/wp-content\/uploads\/2018\/04\/Papa.jpg?fit=880%2C440&ssl=1&resize=350%2C200 1x, https:\/\/i0.wp.com\/lahoradelcampo.com.uy\/site\/wp-content\/uploads\/2018\/04\/Papa.jpg?fit=880%2C440&ssl=1&resize=525%2C300 1.5x, https:\/\/i0.wp.com\/lahoradelcampo.com.uy\/site\/wp-content\/uploads\/2018\/04\/Papa.jpg?fit=880%2C440&ssl=1&resize=700%2C400 2x"},"classes":[]}],"jetpack_likes_enabled":true,"_links":{"self":[{"href":"https:\/\/lahoradelcampo.com.uy\/site\/wp-json\/wp\/v2\/posts\/32954","targetHints":{"allow":["GET"]}}],"collection":[{"href":"https:\/\/lahoradelcampo.com.uy\/site\/wp-json\/wp\/v2\/posts"}],"about":[{"href":"https:\/\/lahoradelcampo.com.uy\/site\/wp-json\/wp\/v2\/types\/post"}],"author":[{"embeddable":true,"href":"https:\/\/lahoradelcampo.com.uy\/site\/wp-json\/wp\/v2\/users\/5"}],"replies":[{"embeddable":true,"href":"https:\/\/lahoradelcampo.com.uy\/site\/wp-json\/wp\/v2\/comments?post=32954"}],"version-history":[{"count":1,"href":"https:\/\/lahoradelcampo.com.uy\/site\/wp-json\/wp\/v2\/posts\/32954\/revisions"}],"predecessor-version":[{"id":32956,"href":"https:\/\/lahoradelcampo.com.uy\/site\/wp-json\/wp\/v2\/posts\/32954\/revisions\/32956"}],"wp:featuredmedia":[{"embeddable":true,"href":"https:\/\/lahoradelcampo.com.uy\/site\/wp-json\/wp\/v2\/media\/7307"}],"wp:attachment":[{"href":"https:\/\/lahoradelcampo.com.uy\/site\/wp-json\/wp\/v2\/media?parent=32954"}],"wp:term":[{"taxonomy":"category","embeddable":true,"href":"https:\/\/lahoradelcampo.com.uy\/site\/wp-json\/wp\/v2\/categories?post=32954"},{"taxonomy":"post_tag","embeddable":true,"href":"https:\/\/lahoradelcampo.com.uy\/site\/wp-json\/wp\/v2\/tags?post=32954"}],"curies":[{"name":"wp","href":"https:\/\/api.w.org\/{rel}","templated":true}]}}