{"id":32950,"date":"2021-08-11T07:28:25","date_gmt":"2021-08-11T10:28:25","guid":{"rendered":"http:\/\/lahoradelcampo.com.uy\/site\/?p=32950"},"modified":"2021-08-11T07:28:30","modified_gmt":"2021-08-11T10:28:30","slug":"avanzan-las-negociaciones-para-ingresar-con-carne-aviar-a-china","status":"publish","type":"post","link":"https:\/\/lahoradelcampo.com.uy\/site\/avanzan-las-negociaciones-para-ingresar-con-carne-aviar-a-china\/","title":{"rendered":"Avanzan las negociaciones para ingresar con carne aviar a China"},"content":{"rendered":"\n<figure class=\"wp-block-image\"><img data-recalc-dims=\"1\" loading=\"lazy\" decoding=\"async\" width=\"810\" height=\"405\" data-attachment-id=\"30154\" data-permalink=\"https:\/\/lahoradelcampo.com.uy\/site\/los-uruguayos-aumentamos-el-consumo-de-pollo-en-2020\/carneaviar\/\" data-orig-file=\"https:\/\/i0.wp.com\/lahoradelcampo.com.uy\/site\/wp-content\/uploads\/2021\/05\/carneaviar.jpg?fit=880%2C440&amp;ssl=1\" data-orig-size=\"880,440\" data-comments-opened=\"1\" data-image-meta=\"{&quot;aperture&quot;:&quot;0&quot;,&quot;credit&quot;:&quot;&quot;,&quot;camera&quot;:&quot;&quot;,&quot;caption&quot;:&quot;&quot;,&quot;created_timestamp&quot;:&quot;0&quot;,&quot;copyright&quot;:&quot;&quot;,&quot;focal_length&quot;:&quot;0&quot;,&quot;iso&quot;:&quot;0&quot;,&quot;shutter_speed&quot;:&quot;0&quot;,&quot;title&quot;:&quot;&quot;,&quot;orientation&quot;:&quot;1&quot;}\" data-image-title=\"carneaviar\" data-image-description=\"\" data-image-caption=\"\" data-large-file=\"https:\/\/i0.wp.com\/lahoradelcampo.com.uy\/site\/wp-content\/uploads\/2021\/05\/carneaviar.jpg?fit=810%2C405&amp;ssl=1\" src=\"https:\/\/i0.wp.com\/lahoradelcampo.com.uy\/site\/wp-content\/uploads\/2021\/05\/carneaviar.jpg?resize=810%2C405\" alt=\"\" class=\"wp-image-30154\" srcset=\"https:\/\/i0.wp.com\/lahoradelcampo.com.uy\/site\/wp-content\/uploads\/2021\/05\/carneaviar.jpg?w=880&amp;ssl=1 880w, https:\/\/i0.wp.com\/lahoradelcampo.com.uy\/site\/wp-content\/uploads\/2021\/05\/carneaviar.jpg?resize=300%2C150&amp;ssl=1 300w, https:\/\/i0.wp.com\/lahoradelcampo.com.uy\/site\/wp-content\/uploads\/2021\/05\/carneaviar.jpg?resize=768%2C384&amp;ssl=1 768w, https:\/\/i0.wp.com\/lahoradelcampo.com.uy\/site\/wp-content\/uploads\/2021\/05\/carneaviar.jpg?resize=820%2C410&amp;ssl=1 820w\" sizes=\"auto, (max-width: 810px) 100vw, 810px\" \/><\/figure>\n\n\n\n<p>El gobierno de Uruguay se encuentra negociando con la Rep\u00fablica Popular de China para lograr el ingreso a ese mercado de carne aviar, tema que fue central en la reuni\u00f3n de la Mesa Av\u00edcola esta semana. En la reuni\u00f3n participaron integrantes del sector industrial, empresarios av\u00edcolas, fa\u00e7oneros, t\u00e9cnicos de diferentes dependencias del Ministerio de Ganader\u00eda, Agricultura y Pesca, referentes de INAC y Udelar.<br><\/p>\n\n\n\n<p>Los integrantes de la Unidad de Asuntos Internacionales del MGAP, se\u00f1alaron avanzas importantes en esta negociaci\u00f3n y se inform\u00f3 que se espera una respuesta de las autoridades de China \u00abcuando la situaci\u00f3n se estabilice\u00bb. <br><\/p>\n\n\n\n<p>Adem\u00e1s se trabaja sobre la nueva normativa de la Sanidad para el sector av\u00edcola, donde se brindaron aportes de los diferentes sectores para elaborar un nuevo documento, Sanidad Animal del MGAP organizar\u00e1 reuniones para realizar intercambios y recibir inquietudes.<br><\/p>\n\n\n\n<p>En otro orden, representantes de INAC, presentaron el Proyecto que fue elegido por ANDE (Agencia Nacional para el Desarrollo)  \u00abProyecto de Desarrollo de Carne Aviar Uruguayo en base a la apertura de mercados relevantes de exportaci\u00f3n y mejora integral de la cadena de abastecimiento\u00bb, al tiempo que se dieron a conocer los diferentes pasos que tendr\u00e1 de aqu\u00ed en m\u00e1s este proyecto. <\/p>\n\n\n\n<p>Salto, 11 de agosto de 2021<\/p>\n","protected":false},"excerpt":{"rendered":"<p>El gobierno de Uruguay se encuentra negociando con la Rep\u00fablica Popular de China para lograr el ingreso a ese mercado de carne aviar, tema que fue central en la reuni\u00f3n [&hellip;]<\/p>\n","protected":false},"author":5,"featured_media":30154,"comment_status":"open","ping_status":"open","sticky":false,"template":"","format":"standard","meta":{"_price":"","_stock":"","_tribe_ticket_header":"","_tribe_default_ticket_provider":"","_tribe_ticket_capacity":"0","_ticket_start_date":"","_ticket_end_date":"","_tribe_ticket_show_description":"","_tribe_ticket_show_not_going":false,"_tribe_ticket_use_global_stock":"","_tribe_ticket_global_stock_level":"","_global_stock_mode":"","_global_stock_cap":"","_tribe_rsvp_for_event":"","_tribe_ticket_going_count":"","_tribe_ticket_not_going_count":"","_tribe_tickets_list":"[]","_tribe_ticket_has_attendee_info_fields":false,"h5ap_radio_sources":[],"_jetpack_newsletter_access":"","_jetpack_dont_email_post_to_subs":false,"_jetpack_newsletter_tier_id":0,"_jetpack_memberships_contains_paywalled_content":false,"_jetpack_memberships_contains_paid_content":false,"footnotes":""},"categories":[21,9],"tags":[],"class_list":["post-32950","post","type-post","status-publish","format-standard","has-post-thumbnail","hentry","category-actualidad","category-granja"],"jetpack_featured_media_url":"https:\/\/i0.wp.com\/lahoradelcampo.com.uy\/site\/wp-content\/uploads\/2021\/05\/carneaviar.jpg?fit=880%2C440&ssl=1","jetpack_sharing_enabled":true,"jetpack_shortlink":"https:\/\/wp.me\/p99IaT-8zs","jetpack-related-posts":[{"id":39075,"url":"https:\/\/lahoradelcampo.com.uy\/site\/uruguay-fue-habilitado-para-exportar-carne-aviar-a-macao\/","url_meta":{"origin":32950,"position":0},"title":"Uruguay fue habilitado para exportar carne aviar a Macao","author":"La Hora del Campo","date":"11 febrero, 2022","format":false,"excerpt":"La Embajada de Uruguay en la Rep\u00fablica Popular de China confirm\u00f3 que la Oficina de Asuntos de la Sede de Gobierno de la Regi\u00f3n Administrativa de Macao habilit\u00f3 la exportaci\u00f3n de carne aviar uruguaya para ese destino. A trav\u00e9s de un comunicado oficial la Regi\u00f3n Administrativa Especial de Macao, confirm\u00f3\u2026","rel":"","context":"En \u00abActualidad\u00bb","block_context":{"text":"Actualidad","link":"https:\/\/lahoradelcampo.com.uy\/site\/category\/actualidad\/"},"img":{"alt_text":"","src":"https:\/\/i0.wp.com\/lahoradelcampo.com.uy\/site\/wp-content\/uploads\/2022\/02\/MACAO-China.jpg?fit=880%2C440&ssl=1&resize=350%2C200","width":350,"height":200,"srcset":"https:\/\/i0.wp.com\/lahoradelcampo.com.uy\/site\/wp-content\/uploads\/2022\/02\/MACAO-China.jpg?fit=880%2C440&ssl=1&resize=350%2C200 1x, https:\/\/i0.wp.com\/lahoradelcampo.com.uy\/site\/wp-content\/uploads\/2022\/02\/MACAO-China.jpg?fit=880%2C440&ssl=1&resize=525%2C300 1.5x, https:\/\/i0.wp.com\/lahoradelcampo.com.uy\/site\/wp-content\/uploads\/2022\/02\/MACAO-China.jpg?fit=880%2C440&ssl=1&resize=700%2C400 2x"},"classes":[]},{"id":49424,"url":"https:\/\/lahoradelcampo.com.uy\/site\/mgap-anuncio-la-vacunacion-contra-la-influenza-aviar\/","url_meta":{"origin":32950,"position":1},"title":"MGAP anunci\u00f3 la vacunaci\u00f3n contra la influenza aviar","author":"La Hora del Campo","date":"24 marzo, 2023","format":false,"excerpt":"El Ministerio de Ganader\u00eda, Agricultura y Pesca (MGAP) anunci\u00f3 hoy el inicio del proceso de vacunaci\u00f3n contra la Influenza Aviar en Uruguay, en respuesta a la amenaza epidemiol\u00f3gica que representa la enfermedad para la producci\u00f3n av\u00edcola nacional. El ministro Fernando Mattos y el subsecretario Ignacio Buffa dieron a conocer la\u2026","rel":"","context":"En \u00abActualidad\u00bb","block_context":{"text":"Actualidad","link":"https:\/\/lahoradelcampo.com.uy\/site\/category\/actualidad\/"},"img":{"alt_text":"","src":"https:\/\/i0.wp.com\/lahoradelcampo.com.uy\/site\/wp-content\/uploads\/2023\/03\/influenzaaviar-vacunacion.jpg?fit=880%2C440&ssl=1&resize=350%2C200","width":350,"height":200,"srcset":"https:\/\/i0.wp.com\/lahoradelcampo.com.uy\/site\/wp-content\/uploads\/2023\/03\/influenzaaviar-vacunacion.jpg?fit=880%2C440&ssl=1&resize=350%2C200 1x, https:\/\/i0.wp.com\/lahoradelcampo.com.uy\/site\/wp-content\/uploads\/2023\/03\/influenzaaviar-vacunacion.jpg?fit=880%2C440&ssl=1&resize=525%2C300 1.5x, https:\/\/i0.wp.com\/lahoradelcampo.com.uy\/site\/wp-content\/uploads\/2023\/03\/influenzaaviar-vacunacion.jpg?fit=880%2C440&ssl=1&resize=700%2C400 2x"},"classes":[]},{"id":55979,"url":"https:\/\/lahoradelcampo.com.uy\/site\/luego-de-abrir-hong-kong-para-la-carne-aviar-uruguay-busca-acceso-a-nuevos-mercados\/","url_meta":{"origin":32950,"position":2},"title":"Luego de abrir Hong Kong para la carne aviar, Uruguay busca acceso a nuevos mercados","author":"La Hora del Campo","date":"23 abril, 2025","format":false,"excerpt":"Tres Arroyos, empresa av\u00edcola con presencia en Uruguay y Argentina, logr\u00f3 la habilitaci\u00f3n para exportar carne aviar a Hong Kong, gracias a un trabajo conjunto con el Ministerio de Ganader\u00eda, Agricultura y Pesca. Federico Olariaga, gerente de la empresa, destac\u00f3 que fueron \"varios a\u00f1os de esfuerzo\" y que esta apertura\u2026","rel":"","context":"En \u00abActualidad\u00bb","block_context":{"text":"Actualidad","link":"https:\/\/lahoradelcampo.com.uy\/site\/category\/actualidad\/"},"img":{"alt_text":"","src":"https:\/\/i0.wp.com\/lahoradelcampo.com.uy\/site\/wp-content\/uploads\/2023\/04\/MGAP-Influenzaaviar.jpg?fit=880%2C440&ssl=1&resize=350%2C200","width":350,"height":200,"srcset":"https:\/\/i0.wp.com\/lahoradelcampo.com.uy\/site\/wp-content\/uploads\/2023\/04\/MGAP-Influenzaaviar.jpg?fit=880%2C440&ssl=1&resize=350%2C200 1x, https:\/\/i0.wp.com\/lahoradelcampo.com.uy\/site\/wp-content\/uploads\/2023\/04\/MGAP-Influenzaaviar.jpg?fit=880%2C440&ssl=1&resize=525%2C300 1.5x, https:\/\/i0.wp.com\/lahoradelcampo.com.uy\/site\/wp-content\/uploads\/2023\/04\/MGAP-Influenzaaviar.jpg?fit=880%2C440&ssl=1&resize=700%2C400 2x"},"classes":[]},{"id":48095,"url":"https:\/\/lahoradelcampo.com.uy\/site\/proximamente-se-nombrara-la-nueva-directiva-de-la-digegra\/","url_meta":{"origin":32950,"position":3},"title":"Pr\u00f3ximamente se nombrar\u00e1 la nueva directiva de la DIGEGRA","author":"La Hora del Campo","date":"13 enero, 2023","format":false,"excerpt":"Este 2023 es un a\u00f1o de cambios en la Direcci\u00f3n General de la Granja (DIGEGRA) del Ministerio de Ganader\u00eda, Agricultura y Pesca (MGAP), debido a que en los pr\u00f3ximos d\u00edas se renovar\u00e1 la totalidad de la junta directiva y se registrar\u00e1 el ingreso de representantes de los sectores ap\u00edcola, av\u00edcola\u2026","rel":"","context":"En \u00abActualidad\u00bb","block_context":{"text":"Actualidad","link":"https:\/\/lahoradelcampo.com.uy\/site\/category\/actualidad\/"},"img":{"alt_text":"","src":"https:\/\/i0.wp.com\/lahoradelcampo.com.uy\/site\/wp-content\/uploads\/2023\/01\/NIcolas-Chiesa1.jpg?fit=880%2C440&ssl=1&resize=350%2C200","width":350,"height":200,"srcset":"https:\/\/i0.wp.com\/lahoradelcampo.com.uy\/site\/wp-content\/uploads\/2023\/01\/NIcolas-Chiesa1.jpg?fit=880%2C440&ssl=1&resize=350%2C200 1x, https:\/\/i0.wp.com\/lahoradelcampo.com.uy\/site\/wp-content\/uploads\/2023\/01\/NIcolas-Chiesa1.jpg?fit=880%2C440&ssl=1&resize=525%2C300 1.5x, https:\/\/i0.wp.com\/lahoradelcampo.com.uy\/site\/wp-content\/uploads\/2023\/01\/NIcolas-Chiesa1.jpg?fit=880%2C440&ssl=1&resize=700%2C400 2x"},"classes":[]},{"id":53946,"url":"https:\/\/lahoradelcampo.com.uy\/site\/crece-la-produccion-y-el-consumo-de-carne-aviar\/","url_meta":{"origin":32950,"position":4},"title":"Crece la producci\u00f3n y el consumo de carne aviar","author":"La Hora del Campo","date":"11 junio, 2024","format":false,"excerpt":"Con un incremento de la producci\u00f3n av\u00edcola, Uruguay ha registrado la mayor producci\u00f3n de pollo de los \u00faltimos ocho a\u00f1os. Los datos de faena de los primeros cinco meses de 2024 indican un aumento del 6% en la faena de pollos en plantas nacionales comparado con el mismo per\u00edodo del\u2026","rel":"","context":"En \u00abActualidad\u00bb","block_context":{"text":"Actualidad","link":"https:\/\/lahoradelcampo.com.uy\/site\/category\/actualidad\/"},"img":{"alt_text":"","src":"https:\/\/i0.wp.com\/lahoradelcampo.com.uy\/site\/wp-content\/uploads\/2023\/05\/Carneaviar1.jpg?fit=880%2C440&ssl=1&resize=350%2C200","width":350,"height":200,"srcset":"https:\/\/i0.wp.com\/lahoradelcampo.com.uy\/site\/wp-content\/uploads\/2023\/05\/Carneaviar1.jpg?fit=880%2C440&ssl=1&resize=350%2C200 1x, https:\/\/i0.wp.com\/lahoradelcampo.com.uy\/site\/wp-content\/uploads\/2023\/05\/Carneaviar1.jpg?fit=880%2C440&ssl=1&resize=525%2C300 1.5x, https:\/\/i0.wp.com\/lahoradelcampo.com.uy\/site\/wp-content\/uploads\/2023\/05\/Carneaviar1.jpg?fit=880%2C440&ssl=1&resize=700%2C400 2x"},"classes":[]},{"id":47485,"url":"https:\/\/lahoradelcampo.com.uy\/site\/dgsg-solicita-intensificar-esfuerzos-para-evitar-ingreso-de-influenza-aviar\/","url_meta":{"origin":32950,"position":5},"title":"DGSG solicita intensificar esfuerzos para evitar ingreso de Influenza aviar","author":"La Hora del Campo","date":"6 diciembre, 2022","format":false,"excerpt":"Desde principios del 2022 se ha producido una r\u00e1pida propagaci\u00f3n de Influenza aviar de alta patogenicidad en Norteam\u00e9rica, afectando ahora pa\u00edses de Am\u00e9rica del Sur como Colombia, Per\u00fa y Ecuador. Esta enfermedad afecta a aves silvestres residentes y migratorias, aves de traspatio y comerciales. Es una enfermedad producida por un\u2026","rel":"","context":"En \u00abActualidad\u00bb","block_context":{"text":"Actualidad","link":"https:\/\/lahoradelcampo.com.uy\/site\/category\/actualidad\/"},"img":{"alt_text":"","src":"https:\/\/i0.wp.com\/lahoradelcampo.com.uy\/site\/wp-content\/uploads\/2022\/12\/Avicolasinfluenza.jpg?fit=880%2C440&ssl=1&resize=350%2C200","width":350,"height":200,"srcset":"https:\/\/i0.wp.com\/lahoradelcampo.com.uy\/site\/wp-content\/uploads\/2022\/12\/Avicolasinfluenza.jpg?fit=880%2C440&ssl=1&resize=350%2C200 1x, https:\/\/i0.wp.com\/lahoradelcampo.com.uy\/site\/wp-content\/uploads\/2022\/12\/Avicolasinfluenza.jpg?fit=880%2C440&ssl=1&resize=525%2C300 1.5x, https:\/\/i0.wp.com\/lahoradelcampo.com.uy\/site\/wp-content\/uploads\/2022\/12\/Avicolasinfluenza.jpg?fit=880%2C440&ssl=1&resize=700%2C400 2x"},"classes":[]}],"jetpack_likes_enabled":true,"_links":{"self":[{"href":"https:\/\/lahoradelcampo.com.uy\/site\/wp-json\/wp\/v2\/posts\/32950","targetHints":{"allow":["GET"]}}],"collection":[{"href":"https:\/\/lahoradelcampo.com.uy\/site\/wp-json\/wp\/v2\/posts"}],"about":[{"href":"https:\/\/lahoradelcampo.com.uy\/site\/wp-json\/wp\/v2\/types\/post"}],"author":[{"embeddable":true,"href":"https:\/\/lahoradelcampo.com.uy\/site\/wp-json\/wp\/v2\/users\/5"}],"replies":[{"embeddable":true,"href":"https:\/\/lahoradelcampo.com.uy\/site\/wp-json\/wp\/v2\/comments?post=32950"}],"version-history":[{"count":1,"href":"https:\/\/lahoradelcampo.com.uy\/site\/wp-json\/wp\/v2\/posts\/32950\/revisions"}],"predecessor-version":[{"id":32952,"href":"https:\/\/lahoradelcampo.com.uy\/site\/wp-json\/wp\/v2\/posts\/32950\/revisions\/32952"}],"wp:featuredmedia":[{"embeddable":true,"href":"https:\/\/lahoradelcampo.com.uy\/site\/wp-json\/wp\/v2\/media\/30154"}],"wp:attachment":[{"href":"https:\/\/lahoradelcampo.com.uy\/site\/wp-json\/wp\/v2\/media?parent=32950"}],"wp:term":[{"taxonomy":"category","embeddable":true,"href":"https:\/\/lahoradelcampo.com.uy\/site\/wp-json\/wp\/v2\/categories?post=32950"},{"taxonomy":"post_tag","embeddable":true,"href":"https:\/\/lahoradelcampo.com.uy\/site\/wp-json\/wp\/v2\/tags?post=32950"}],"curies":[{"name":"wp","href":"https:\/\/api.w.org\/{rel}","templated":true}]}}