{"id":32940,"date":"2021-08-10T09:59:41","date_gmt":"2021-08-10T12:59:41","guid":{"rendered":"http:\/\/lahoradelcampo.com.uy\/site\/?p=32940"},"modified":"2021-08-10T09:59:47","modified_gmt":"2021-08-10T12:59:47","slug":"productores-argentinos-se-pasaran-de-la-ganaderia-a-la-agricultura","status":"publish","type":"post","link":"https:\/\/lahoradelcampo.com.uy\/site\/productores-argentinos-se-pasaran-de-la-ganaderia-a-la-agricultura\/","title":{"rendered":"Productores argentinos se pasaran de la ganader\u00eda a la agricultura"},"content":{"rendered":"\n<figure class=\"wp-block-image\"><img data-recalc-dims=\"1\" loading=\"lazy\" decoding=\"async\" width=\"810\" height=\"405\" data-attachment-id=\"20660\" data-permalink=\"https:\/\/lahoradelcampo.com.uy\/site\/ipa-propone-ajustar-carga-y-suplementacion-estrategica-para-pasar-el-invierno\/ganadosreponer\/\" data-orig-file=\"https:\/\/i0.wp.com\/lahoradelcampo.com.uy\/site\/wp-content\/uploads\/2020\/06\/ganadosreponer.jpg?fit=880%2C440&amp;ssl=1\" data-orig-size=\"880,440\" data-comments-opened=\"1\" data-image-meta=\"{&quot;aperture&quot;:&quot;0&quot;,&quot;credit&quot;:&quot;&quot;,&quot;camera&quot;:&quot;&quot;,&quot;caption&quot;:&quot;&quot;,&quot;created_timestamp&quot;:&quot;0&quot;,&quot;copyright&quot;:&quot;&quot;,&quot;focal_length&quot;:&quot;0&quot;,&quot;iso&quot;:&quot;0&quot;,&quot;shutter_speed&quot;:&quot;0&quot;,&quot;title&quot;:&quot;&quot;,&quot;orientation&quot;:&quot;1&quot;}\" data-image-title=\"ganadosreponer\" data-image-description=\"\" data-image-caption=\"\" data-large-file=\"https:\/\/i0.wp.com\/lahoradelcampo.com.uy\/site\/wp-content\/uploads\/2020\/06\/ganadosreponer.jpg?fit=810%2C405&amp;ssl=1\" src=\"https:\/\/i0.wp.com\/lahoradelcampo.com.uy\/site\/wp-content\/uploads\/2020\/06\/ganadosreponer.jpg?resize=810%2C405\" alt=\"\" class=\"wp-image-20660\" srcset=\"https:\/\/i0.wp.com\/lahoradelcampo.com.uy\/site\/wp-content\/uploads\/2020\/06\/ganadosreponer.jpg?w=880&amp;ssl=1 880w, https:\/\/i0.wp.com\/lahoradelcampo.com.uy\/site\/wp-content\/uploads\/2020\/06\/ganadosreponer.jpg?resize=300%2C150&amp;ssl=1 300w, https:\/\/i0.wp.com\/lahoradelcampo.com.uy\/site\/wp-content\/uploads\/2020\/06\/ganadosreponer.jpg?resize=768%2C384&amp;ssl=1 768w, https:\/\/i0.wp.com\/lahoradelcampo.com.uy\/site\/wp-content\/uploads\/2020\/06\/ganadosreponer.jpg?resize=820%2C410&amp;ssl=1 820w\" sizes=\"auto, (max-width: 810px) 100vw, 810px\" \/><\/figure>\n\n\n\n<p>Los Consorcios Regionales de Experimentaci\u00f3n Agr\u00edcola (CREA) realizaron una encuentra a 1.119 empresarios agropecuarios en la Argentina, sobre sus proyecciones de producci\u00f3n ganadera y agr\u00edcola. Este trabajo realizado a trav\u00e9s del Sistema de Encuestas Agropecuarias de CREA, arroj\u00f3 que el 18% de los productores ganaderos argentinos estiman pasar superficie ganadera a la agricultura en el ciclo 2021\/22. <br><\/p>\n\n\n\n<p>Este porcentaje, seg\u00fan revela el informe, es el registro m\u00e1s elevado de la serie hist\u00f3rica de la encuesta SEA, \u201clo que podr\u00eda estar indicando el inicio de un proceso de desinversi\u00f3n en la actividad\u201d. Adem\u00e1s, un 42% de los productores consultados proyecta que su empresa podr\u00eda estar en una situaci\u00f3n m\u00e1s desfavorable dentro de un a\u00f1o, mientras que en marzo pasado esa cifra era del 34%.<\/p>\n\n\n\n<p>Salto, 10 de agosto de 2021<\/p>\n","protected":false},"excerpt":{"rendered":"<p>Los Consorcios Regionales de Experimentaci\u00f3n Agr\u00edcola (CREA) realizaron una encuentra a 1.119 empresarios agropecuarios en la Argentina, sobre sus proyecciones de producci\u00f3n ganadera y agr\u00edcola. Este trabajo realizado a trav\u00e9s [&hellip;]<\/p>\n","protected":false},"author":5,"featured_media":20660,"comment_status":"open","ping_status":"open","sticky":false,"template":"","format":"standard","meta":{"_price":"","_stock":"","_tribe_ticket_header":"","_tribe_default_ticket_provider":"","_tribe_ticket_capacity":"0","_ticket_start_date":"","_ticket_end_date":"","_tribe_ticket_show_description":"","_tribe_ticket_show_not_going":false,"_tribe_ticket_use_global_stock":"","_tribe_ticket_global_stock_level":"","_global_stock_mode":"","_global_stock_cap":"","_tribe_rsvp_for_event":"","_tribe_ticket_going_count":"","_tribe_ticket_not_going_count":"","_tribe_tickets_list":"[]","_tribe_ticket_has_attendee_info_fields":false,"h5ap_radio_sources":[],"_jetpack_newsletter_access":"","_jetpack_dont_email_post_to_subs":false,"_jetpack_newsletter_tier_id":0,"_jetpack_memberships_contains_paywalled_content":false,"_jetpack_memberships_contains_paid_content":false,"footnotes":""},"categories":[21,15],"tags":[],"class_list":["post-32940","post","type-post","status-publish","format-standard","has-post-thumbnail","hentry","category-actualidad","category-columnistas"],"jetpack_featured_media_url":"https:\/\/i0.wp.com\/lahoradelcampo.com.uy\/site\/wp-content\/uploads\/2020\/06\/ganadosreponer.jpg?fit=880%2C440&ssl=1","jetpack_sharing_enabled":true,"jetpack_shortlink":"https:\/\/wp.me\/p99IaT-8zi","jetpack-related-posts":[{"id":18394,"url":"https:\/\/lahoradelcampo.com.uy\/site\/eeuu-crea-un-fondo-de-desastre-agricola-covid-19-de-us-95-mil-millones\/","url_meta":{"origin":32940,"position":0},"title":"EEUU crea un fondo de desastre agr\u00edcola COVID-19 de US$ 9,5 mil millones","author":"La Hora del Campo","date":"26 marzo, 2020","format":false,"excerpt":"Despu\u00e9s de varios d\u00edas de negociaciones en el Senado, se aprob\u00f3 un proyecto de ley de ayuda de emergencia por el coronavirus. Crea un fondo de desastre agr\u00edcola COVID-19 de $ 9,5 mil millones. El proyecto de ley incluye a los productores de ganado y l\u00e1cteos, y brinda asistencia a\u2026","rel":"","context":"En \u00abInternacionales\u00bb","block_context":{"text":"Internacionales","link":"https:\/\/lahoradelcampo.com.uy\/site\/category\/columnistas\/"},"img":{"alt_text":"","src":"https:\/\/i0.wp.com\/lahoradelcampo.com.uy\/site\/wp-content\/uploads\/2020\/03\/USA.jpg?fit=880%2C440&ssl=1&resize=350%2C200","width":350,"height":200,"srcset":"https:\/\/i0.wp.com\/lahoradelcampo.com.uy\/site\/wp-content\/uploads\/2020\/03\/USA.jpg?fit=880%2C440&ssl=1&resize=350%2C200 1x, https:\/\/i0.wp.com\/lahoradelcampo.com.uy\/site\/wp-content\/uploads\/2020\/03\/USA.jpg?fit=880%2C440&ssl=1&resize=525%2C300 1.5x, https:\/\/i0.wp.com\/lahoradelcampo.com.uy\/site\/wp-content\/uploads\/2020\/03\/USA.jpg?fit=880%2C440&ssl=1&resize=700%2C400 2x"},"classes":[]},{"id":16256,"url":"https:\/\/lahoradelcampo.com.uy\/site\/us-296-por-hectarea-dejaron-las-carpetas-agricolas-ganaderas-de-fucrea\/","url_meta":{"origin":32940,"position":1},"title":"US$ 296 por hect\u00e1rea dejaron las carpetas agr\u00edcolas ganaderas de Fucrea","author":"La Hora del Campo","date":"5 diciembre, 2019","format":false,"excerpt":"Fucrea present\u00f3 este martes los resultados econ\u00f3micos de la sectorial agr\u00edcola ganadera, donde se vio una mejora de los ingresos, pero \u201ca fuerza de rendimientos r\u00e9cords\u201d. Tras un ejercicio que fue calificado como \u201cespantoso\u201d, las empresas agr\u00edcolas ganaderas volvieron a tener un ingreso tener un ingreso econ\u00f3mico favorable. Seg\u00fan se\u00f1alan,\u2026","rel":"","context":"En \u00abActualidad\u00bb","block_context":{"text":"Actualidad","link":"https:\/\/lahoradelcampo.com.uy\/site\/category\/actualidad\/"},"img":{"alt_text":"","src":"https:\/\/i0.wp.com\/lahoradelcampo.com.uy\/site\/wp-content\/uploads\/2019\/12\/Fucrea.jpg?fit=880%2C440&ssl=1&resize=350%2C200","width":350,"height":200,"srcset":"https:\/\/i0.wp.com\/lahoradelcampo.com.uy\/site\/wp-content\/uploads\/2019\/12\/Fucrea.jpg?fit=880%2C440&ssl=1&resize=350%2C200 1x, https:\/\/i0.wp.com\/lahoradelcampo.com.uy\/site\/wp-content\/uploads\/2019\/12\/Fucrea.jpg?fit=880%2C440&ssl=1&resize=525%2C300 1.5x, https:\/\/i0.wp.com\/lahoradelcampo.com.uy\/site\/wp-content\/uploads\/2019\/12\/Fucrea.jpg?fit=880%2C440&ssl=1&resize=700%2C400 2x"},"classes":[]},{"id":56593,"url":"https:\/\/lahoradelcampo.com.uy\/site\/el-ganado-gordo-firme-y-senales-claras-para-el-criador\/","url_meta":{"origin":32940,"position":2},"title":"El ganado gordo firme y se\u00f1ales claras para el criador","author":"La Hora del Campo","date":"16 agosto, 2025","format":false,"excerpt":"El director de Indarte & C\u00eda., Ing. Agr. Fernando Indarte, afirm\u00f3 que en la actualidad \"estamos viviendo un momento \u00fanico, con precios del ganado gordo incre\u00edbles y con un ternero macho que promedia 520 d\u00f3lares en la pantalla\". Al mismo tiempo, remarc\u00f3 que se trata de un escenario que ofrece\u2026","rel":"","context":"En \u00abActualidad\u00bb","block_context":{"text":"Actualidad","link":"https:\/\/lahoradelcampo.com.uy\/site\/category\/actualidad\/"},"img":{"alt_text":"","src":"https:\/\/i0.wp.com\/lahoradelcampo.com.uy\/site\/wp-content\/uploads\/2023\/07\/Indarte-Fernandop.jpg?fit=880%2C440&ssl=1&resize=350%2C200","width":350,"height":200,"srcset":"https:\/\/i0.wp.com\/lahoradelcampo.com.uy\/site\/wp-content\/uploads\/2023\/07\/Indarte-Fernandop.jpg?fit=880%2C440&ssl=1&resize=350%2C200 1x, https:\/\/i0.wp.com\/lahoradelcampo.com.uy\/site\/wp-content\/uploads\/2023\/07\/Indarte-Fernandop.jpg?fit=880%2C440&ssl=1&resize=525%2C300 1.5x, https:\/\/i0.wp.com\/lahoradelcampo.com.uy\/site\/wp-content\/uploads\/2023\/07\/Indarte-Fernandop.jpg?fit=880%2C440&ssl=1&resize=700%2C400 2x"},"classes":[]},{"id":45263,"url":"https:\/\/lahoradelcampo.com.uy\/site\/los-campos-agricolas-ganaderos-suben-un-30-su-cotizacion-en-el-litoral\/","url_meta":{"origin":32940,"position":3},"title":"Los campos agr\u00edcolas suben un 30% su cotizaci\u00f3n en el litoral","author":"La Hora del Campo","date":"6 septiembre, 2022","format":false,"excerpt":"Capitales nacionales y argentinos mueven el mercado de campos, principalmente con potencial agr\u00edcola, en el litoral del pa\u00eds generando aumentos de hasta un 30% en sus cotizaciones. El Ing. Gonzalo Indarte, integrante de la firma Indarte & C\u00eda., dijo que los campos con aptitud agr\u00edcola es la prioridad en los\u2026","rel":"","context":"En \u00abActualidad\u00bb","block_context":{"text":"Actualidad","link":"https:\/\/lahoradelcampo.com.uy\/site\/category\/actualidad\/"},"img":{"alt_text":"","src":"https:\/\/i0.wp.com\/lahoradelcampo.com.uy\/site\/wp-content\/uploads\/2022\/09\/Indarte-Gonzalo.jpg?fit=880%2C440&ssl=1&resize=350%2C200","width":350,"height":200,"srcset":"https:\/\/i0.wp.com\/lahoradelcampo.com.uy\/site\/wp-content\/uploads\/2022\/09\/Indarte-Gonzalo.jpg?fit=880%2C440&ssl=1&resize=350%2C200 1x, https:\/\/i0.wp.com\/lahoradelcampo.com.uy\/site\/wp-content\/uploads\/2022\/09\/Indarte-Gonzalo.jpg?fit=880%2C440&ssl=1&resize=525%2C300 1.5x, https:\/\/i0.wp.com\/lahoradelcampo.com.uy\/site\/wp-content\/uploads\/2022\/09\/Indarte-Gonzalo.jpg?fit=880%2C440&ssl=1&resize=700%2C400 2x"},"classes":[]},{"id":52674,"url":"https:\/\/lahoradelcampo.com.uy\/site\/que-2-industrias-frigorificas-sumen-el-51-de-la-faena-no-es-favorable-para-los-productores\/","url_meta":{"origin":32940,"position":4},"title":"Que 2 industrias frigor\u00edficas sumen el 51% de la faena, \u00abno es favorable para los productores\u00bb.","author":"La Hora del Campo","date":"4 octubre, 2023","format":false,"excerpt":"En el acto de apertura de la Expo Salto 2023, donde el vicepresidente de Asociaci\u00f3n Agropecuaria de Salto, Daniel Constant\u00edn, fue el responsable de expresar el sentir de la gremial y los productores salte\u00f1os. En principio agradeci\u00f3 a todo el comercio y la industria salte\u00f1a por \"la confianza depositada\" en\u2026","rel":"","context":"En \u00abActualidad\u00bb","block_context":{"text":"Actualidad","link":"https:\/\/lahoradelcampo.com.uy\/site\/category\/actualidad\/"},"img":{"alt_text":"","src":"https:\/\/i0.wp.com\/lahoradelcampo.com.uy\/site\/wp-content\/uploads\/2023\/10\/constantin-exposalto.jpg?fit=880%2C440&ssl=1&resize=350%2C200","width":350,"height":200,"srcset":"https:\/\/i0.wp.com\/lahoradelcampo.com.uy\/site\/wp-content\/uploads\/2023\/10\/constantin-exposalto.jpg?fit=880%2C440&ssl=1&resize=350%2C200 1x, https:\/\/i0.wp.com\/lahoradelcampo.com.uy\/site\/wp-content\/uploads\/2023\/10\/constantin-exposalto.jpg?fit=880%2C440&ssl=1&resize=525%2C300 1.5x, https:\/\/i0.wp.com\/lahoradelcampo.com.uy\/site\/wp-content\/uploads\/2023\/10\/constantin-exposalto.jpg?fit=880%2C440&ssl=1&resize=700%2C400 2x"},"classes":[]},{"id":54319,"url":"https:\/\/lahoradelcampo.com.uy\/site\/productores-familiares-representan-el-30-de-losproductores-ganaderos\/","url_meta":{"origin":32940,"position":5},"title":"Productores familiares representan el 30% de losproductores ganaderos","author":"La Hora del Campo","date":"29 agosto, 2024","format":false,"excerpt":"La Oficina de Programaci\u00f3n y Pol\u00edticas Agropecuarias (OPYPA) del Ministerio de Ganader\u00eda, Agricultura y Pesca (MGAP), present\u00f3 un informe denominado \"Estimaci\u00f3n del valor de la producci\u00f3n de la agricultura familiar 2018-2022\", en el cual analiza distintos rubros productivos y el impacto de este sector de la producci\u00f3n en particular. Los\u2026","rel":"","context":"En \u00abActualidad\u00bb","block_context":{"text":"Actualidad","link":"https:\/\/lahoradelcampo.com.uy\/site\/category\/actualidad\/"},"img":{"alt_text":"","src":"https:\/\/i0.wp.com\/lahoradelcampo.com.uy\/site\/wp-content\/uploads\/2024\/08\/Opypa-ProduccionFamiliar.jpg?fit=880%2C440&ssl=1&resize=350%2C200","width":350,"height":200,"srcset":"https:\/\/i0.wp.com\/lahoradelcampo.com.uy\/site\/wp-content\/uploads\/2024\/08\/Opypa-ProduccionFamiliar.jpg?fit=880%2C440&ssl=1&resize=350%2C200 1x, https:\/\/i0.wp.com\/lahoradelcampo.com.uy\/site\/wp-content\/uploads\/2024\/08\/Opypa-ProduccionFamiliar.jpg?fit=880%2C440&ssl=1&resize=525%2C300 1.5x, https:\/\/i0.wp.com\/lahoradelcampo.com.uy\/site\/wp-content\/uploads\/2024\/08\/Opypa-ProduccionFamiliar.jpg?fit=880%2C440&ssl=1&resize=700%2C400 2x"},"classes":[]}],"jetpack_likes_enabled":true,"_links":{"self":[{"href":"https:\/\/lahoradelcampo.com.uy\/site\/wp-json\/wp\/v2\/posts\/32940","targetHints":{"allow":["GET"]}}],"collection":[{"href":"https:\/\/lahoradelcampo.com.uy\/site\/wp-json\/wp\/v2\/posts"}],"about":[{"href":"https:\/\/lahoradelcampo.com.uy\/site\/wp-json\/wp\/v2\/types\/post"}],"author":[{"embeddable":true,"href":"https:\/\/lahoradelcampo.com.uy\/site\/wp-json\/wp\/v2\/users\/5"}],"replies":[{"embeddable":true,"href":"https:\/\/lahoradelcampo.com.uy\/site\/wp-json\/wp\/v2\/comments?post=32940"}],"version-history":[{"count":1,"href":"https:\/\/lahoradelcampo.com.uy\/site\/wp-json\/wp\/v2\/posts\/32940\/revisions"}],"predecessor-version":[{"id":32942,"href":"https:\/\/lahoradelcampo.com.uy\/site\/wp-json\/wp\/v2\/posts\/32940\/revisions\/32942"}],"wp:featuredmedia":[{"embeddable":true,"href":"https:\/\/lahoradelcampo.com.uy\/site\/wp-json\/wp\/v2\/media\/20660"}],"wp:attachment":[{"href":"https:\/\/lahoradelcampo.com.uy\/site\/wp-json\/wp\/v2\/media?parent=32940"}],"wp:term":[{"taxonomy":"category","embeddable":true,"href":"https:\/\/lahoradelcampo.com.uy\/site\/wp-json\/wp\/v2\/categories?post=32940"},{"taxonomy":"post_tag","embeddable":true,"href":"https:\/\/lahoradelcampo.com.uy\/site\/wp-json\/wp\/v2\/tags?post=32940"}],"curies":[{"name":"wp","href":"https:\/\/api.w.org\/{rel}","templated":true}]}}