{"id":32936,"date":"2021-08-10T09:56:49","date_gmt":"2021-08-10T12:56:49","guid":{"rendered":"http:\/\/lahoradelcampo.com.uy\/site\/?p=32936"},"modified":"2021-08-10T09:56:54","modified_gmt":"2021-08-10T12:56:54","slug":"faena-vacuna-cede-por-la-ausencia-de-canelones-y-carrasco","status":"publish","type":"post","link":"https:\/\/lahoradelcampo.com.uy\/site\/faena-vacuna-cede-por-la-ausencia-de-canelones-y-carrasco\/","title":{"rendered":"Faena vacuna cede por la ausencia de Canelones y Carrasco"},"content":{"rendered":"\n<figure class=\"wp-block-image\"><img data-recalc-dims=\"1\" loading=\"lazy\" decoding=\"async\" width=\"810\" height=\"405\" data-attachment-id=\"20474\" data-permalink=\"https:\/\/lahoradelcampo.com.uy\/site\/fr-aporte-obligatorio-del-1-al-fondo-covid-19-sera-tratado-en-el-congreso\/faena-vacuna-3\/\" data-orig-file=\"https:\/\/i0.wp.com\/lahoradelcampo.com.uy\/site\/wp-content\/uploads\/2020\/06\/Faena-vacuna.jpg?fit=880%2C440&amp;ssl=1\" data-orig-size=\"880,440\" data-comments-opened=\"1\" data-image-meta=\"{&quot;aperture&quot;:&quot;0&quot;,&quot;credit&quot;:&quot;&quot;,&quot;camera&quot;:&quot;&quot;,&quot;caption&quot;:&quot;&quot;,&quot;created_timestamp&quot;:&quot;0&quot;,&quot;copyright&quot;:&quot;&quot;,&quot;focal_length&quot;:&quot;0&quot;,&quot;iso&quot;:&quot;0&quot;,&quot;shutter_speed&quot;:&quot;0&quot;,&quot;title&quot;:&quot;&quot;,&quot;orientation&quot;:&quot;1&quot;}\" data-image-title=\"Faena vacuna\" data-image-description=\"\" data-image-caption=\"\" data-large-file=\"https:\/\/i0.wp.com\/lahoradelcampo.com.uy\/site\/wp-content\/uploads\/2020\/06\/Faena-vacuna.jpg?fit=810%2C405&amp;ssl=1\" src=\"https:\/\/i0.wp.com\/lahoradelcampo.com.uy\/site\/wp-content\/uploads\/2020\/06\/Faena-vacuna.jpg?resize=810%2C405\" alt=\"\" class=\"wp-image-20474\" srcset=\"https:\/\/i0.wp.com\/lahoradelcampo.com.uy\/site\/wp-content\/uploads\/2020\/06\/Faena-vacuna.jpg?w=880&amp;ssl=1 880w, https:\/\/i0.wp.com\/lahoradelcampo.com.uy\/site\/wp-content\/uploads\/2020\/06\/Faena-vacuna.jpg?resize=300%2C150&amp;ssl=1 300w, https:\/\/i0.wp.com\/lahoradelcampo.com.uy\/site\/wp-content\/uploads\/2020\/06\/Faena-vacuna.jpg?resize=768%2C384&amp;ssl=1 768w, https:\/\/i0.wp.com\/lahoradelcampo.com.uy\/site\/wp-content\/uploads\/2020\/06\/Faena-vacuna.jpg?resize=820%2C410&amp;ssl=1 820w\" sizes=\"auto, (max-width: 810px) 100vw, 810px\" \/><\/figure>\n\n\n\n<p>A pesar de visualizarse una baja del 14% en el volumen total de la faena vacuna de la \u00faltima semana, cerrada el 7 de agosto, la actividad se mantiene firme y estable respecto a la semana anterior seg\u00fan los datos del Instituto Nacional de Carnes. La faena que se posicion\u00f3 en 46.658 cabezas, cay\u00f3 en 8.060 animales respecto a la semana pasada. <br><\/p>\n\n\n\n<p>La baja en la faena semanal se debe principalmente a la inactividad de las plantas de Athenas Foods (Canelones y Carrasco). Sumadas est\u00e1s dos plantas, la semana cerrada el 31 de julio hab\u00edan procesado 8.590 cabezas, si bien la planta de Carrasco faen\u00f3 1.166 cabezas esta semana, m\u00e1s del 90% de la ca\u00edda se debe a la ausencia de estas plantas. <br><\/p>\n\n\n\n<p>Seg\u00fan los datos de INAC, la actividad industrial estuvo compuesta por 23.274 cabezas de novillos (50% del total), 16.052 vacas (35%) y 6.267 vaquillonas (14%). <br><\/p>\n\n\n\n<p>La planta con mayor actividad fue Frigor\u00edfico Tacuaremb\u00f3 con 5.113 cabezas de vacunos, representando el 11% de la faena nacional. Le sigui\u00f3 en importancia Las Piedras con 4.622 cabezas (9,9%) y PUL S.A. con 4.526 animales (9,7%).<br><\/p>\n\n\n\n<p>Anual<br><\/p>\n\n\n\n<p>Entre el 1 de enero y el 7 de agosto de este a\u00f1o, se llevan faenados en el pa\u00eds un total de 1.517.562 cabezas de vacunos, lo que representa un aumento del 33,7% respecto a 2020 y un 8,6% sobre igual per\u00edodo de 2019, seg\u00fan INAC. <br><\/p>\n\n\n\n<p>Lo mismo ocurre cuando se observa la actividad en el caso de los novillos, que suben un 36,8% frente a 2020 y 15,3% sobre 2019, tras ubicarse en 734.904 cabezas. En el caso de las hembras se han procesado 750.438 cabezas, sumando vacas y vaquillonas, posicion\u00e1ndose un 30,4% sobre 2020 y 2,6% frente a igual per\u00edodo de 2019. <br><\/p>\n\n\n\n<p>La planta con mayor actividad en lo que va del a\u00f1o es PUL S.A., perteneciente a Athenas Foods, con 129.048 cabezas, un 8,5% del total faenado. Le sigue Tacuaremb\u00f3 con el 8,3% y Las Piedras con el 7,5%. <\/p>\n\n\n\n<p>Salto, 10 de agosto de 2021<\/p>\n","protected":false},"excerpt":{"rendered":"<p>A pesar de visualizarse una baja del 14% en el volumen total de la faena vacuna de la \u00faltima semana, cerrada el 7 de agosto, la actividad se mantiene firme [&hellip;]<\/p>\n","protected":false},"author":5,"featured_media":20474,"comment_status":"open","ping_status":"open","sticky":false,"template":"","format":"standard","meta":{"_price":"","_stock":"","_tribe_ticket_header":"","_tribe_default_ticket_provider":"","_tribe_ticket_capacity":"0","_ticket_start_date":"","_ticket_end_date":"","_tribe_ticket_show_description":"","_tribe_ticket_show_not_going":false,"_tribe_ticket_use_global_stock":"","_tribe_ticket_global_stock_level":"","_global_stock_mode":"","_global_stock_cap":"","_tribe_rsvp_for_event":"","_tribe_ticket_going_count":"","_tribe_ticket_not_going_count":"","_tribe_tickets_list":"[]","_tribe_ticket_has_attendee_info_fields":false,"h5ap_radio_sources":[],"_jetpack_newsletter_access":"","_jetpack_dont_email_post_to_subs":false,"_jetpack_newsletter_tier_id":0,"_jetpack_memberships_contains_paywalled_content":false,"_jetpack_memberships_contains_paid_content":false,"footnotes":""},"categories":[21,5],"tags":[],"class_list":["post-32936","post","type-post","status-publish","format-standard","has-post-thumbnail","hentry","category-actualidad","category-ganaderia"],"jetpack_featured_media_url":"https:\/\/i0.wp.com\/lahoradelcampo.com.uy\/site\/wp-content\/uploads\/2020\/06\/Faena-vacuna.jpg?fit=880%2C440&ssl=1","jetpack_sharing_enabled":true,"jetpack_shortlink":"https:\/\/wp.me\/p99IaT-8ze","jetpack-related-posts":[{"id":33793,"url":"https:\/\/lahoradelcampo.com.uy\/site\/faena-vacuna-semanal-crecio-un-17-y-es-la-mas-alta-del-ano\/","url_meta":{"origin":32936,"position":0},"title":"Faena vacuna semanal creci\u00f3 un 17% y es la m\u00e1s alta del a\u00f1o","author":"La Hora del Campo","date":"7 septiembre, 2021","format":false,"excerpt":"La actividad industrial contin\u00faa a gran ritmo en el pa\u00eds y la faena en la \u00faltima semana super\u00f3 las 58 mil cabezas, convirti\u00e9ndose en un nuevo r\u00e9cord para 2021, que ha procesado un 35,6% en el acumulado del a\u00f1o, respecto a 2020. Seg\u00fan los datos del Instituto Nacional de Carnes\u2026","rel":"","context":"En \u00abActualidad\u00bb","block_context":{"text":"Actualidad","link":"https:\/\/lahoradelcampo.com.uy\/site\/category\/actualidad\/"},"img":{"alt_text":"","src":"https:\/\/i0.wp.com\/lahoradelcampo.com.uy\/site\/wp-content\/uploads\/2021\/09\/FAENA-vacuna.jpg?fit=880%2C440&ssl=1&resize=350%2C200","width":350,"height":200,"srcset":"https:\/\/i0.wp.com\/lahoradelcampo.com.uy\/site\/wp-content\/uploads\/2021\/09\/FAENA-vacuna.jpg?fit=880%2C440&ssl=1&resize=350%2C200 1x, https:\/\/i0.wp.com\/lahoradelcampo.com.uy\/site\/wp-content\/uploads\/2021\/09\/FAENA-vacuna.jpg?fit=880%2C440&ssl=1&resize=525%2C300 1.5x, https:\/\/i0.wp.com\/lahoradelcampo.com.uy\/site\/wp-content\/uploads\/2021\/09\/FAENA-vacuna.jpg?fit=880%2C440&ssl=1&resize=700%2C400 2x"},"classes":[]},{"id":1741,"url":"https:\/\/lahoradelcampo.com.uy\/site\/faena-se-recupera-un-5-en-la-ultima-semana\/","url_meta":{"origin":32936,"position":1},"title":"Faena se recupera un 5% en la \u00faltima semana","author":"La Hora del Campo","date":"25 septiembre, 2017","format":false,"excerpt":"En la semana del 17 al 23 de setiembre la faena vacuna se recuper\u00f3 un 5%, seg\u00fan los datos propuestos por el Instituto Nacional de Carnes (INAC). Registr\u00e1ndose est\u00e1 suba en la faena de la categor\u00eda de novillos, que hab\u00eda sido la m\u00e1s afectada en la ca\u00edda de la semana\u2026","rel":"","context":"En \u00abActualidad\u00bb","block_context":{"text":"Actualidad","link":"https:\/\/lahoradelcampo.com.uy\/site\/category\/actualidad\/"},"img":{"alt_text":"","src":"https:\/\/i0.wp.com\/lahoradelcampo.com.uy\/site\/wp-content\/uploads\/2017\/09\/Faena-vacuna.jpg?fit=880%2C440&ssl=1&resize=350%2C200","width":350,"height":200,"srcset":"https:\/\/i0.wp.com\/lahoradelcampo.com.uy\/site\/wp-content\/uploads\/2017\/09\/Faena-vacuna.jpg?fit=880%2C440&ssl=1&resize=350%2C200 1x, https:\/\/i0.wp.com\/lahoradelcampo.com.uy\/site\/wp-content\/uploads\/2017\/09\/Faena-vacuna.jpg?fit=880%2C440&ssl=1&resize=525%2C300 1.5x, https:\/\/i0.wp.com\/lahoradelcampo.com.uy\/site\/wp-content\/uploads\/2017\/09\/Faena-vacuna.jpg?fit=880%2C440&ssl=1&resize=700%2C400 2x"},"classes":[]},{"id":10139,"url":"https:\/\/lahoradelcampo.com.uy\/site\/faena-cerro-turismo-en-35-454-vacunos\/","url_meta":{"origin":32936,"position":2},"title":"Faena cerr\u00f3 turismo en 35.454 vacunos","author":"La Hora del Campo","date":"24 abril, 2019","format":false,"excerpt":"La faena semanal de vacunos en la pasada semana, cerrada el 20 de abril, contabiliz\u00f3 un total de 35.454 vacunos, registrando as\u00ed una ca\u00edda del 33%.","rel":"","context":"En \u00abActualidad\u00bb","block_context":{"text":"Actualidad","link":"https:\/\/lahoradelcampo.com.uy\/site\/category\/actualidad\/"},"img":{"alt_text":"","src":"https:\/\/i0.wp.com\/lahoradelcampo.com.uy\/site\/wp-content\/uploads\/2019\/04\/Faena.jpg?fit=880%2C440&ssl=1&resize=350%2C200","width":350,"height":200,"srcset":"https:\/\/i0.wp.com\/lahoradelcampo.com.uy\/site\/wp-content\/uploads\/2019\/04\/Faena.jpg?fit=880%2C440&ssl=1&resize=350%2C200 1x, https:\/\/i0.wp.com\/lahoradelcampo.com.uy\/site\/wp-content\/uploads\/2019\/04\/Faena.jpg?fit=880%2C440&ssl=1&resize=525%2C300 1.5x, https:\/\/i0.wp.com\/lahoradelcampo.com.uy\/site\/wp-content\/uploads\/2019\/04\/Faena.jpg?fit=880%2C440&ssl=1&resize=700%2C400 2x"},"classes":[]},{"id":21214,"url":"https:\/\/lahoradelcampo.com.uy\/site\/situacion-en-china-y-el-parate-de-varias-plantas-se-sintio-en-la-faena\/","url_meta":{"origin":32936,"position":3},"title":"Situaci\u00f3n en China y el p\u00e1rate de varias plantas se sinti\u00f3 en la faena","author":"La Hora del Campo","date":"23 junio, 2020","format":false,"excerpt":"La incertidumbre generada la pasada semana en el mercado chino, con renegociaci\u00f3n de contratos, inspecciones a nivel de los puertos por el rebrote de Coronavirus en el gigante asi\u00e1tico, sumado al p\u00e1rate de plantas frigor\u00edficas por licencia y otras que disminuyeron su faena hasta en un 50%, la faena vacuna\u2026","rel":"","context":"En \u00abActualidad\u00bb","block_context":{"text":"Actualidad","link":"https:\/\/lahoradelcampo.com.uy\/site\/category\/actualidad\/"},"img":{"alt_text":"","src":"https:\/\/i0.wp.com\/lahoradelcampo.com.uy\/site\/wp-content\/uploads\/2018\/01\/faena%C3%A7.jpg?fit=880%2C440&ssl=1&resize=350%2C200","width":350,"height":200,"srcset":"https:\/\/i0.wp.com\/lahoradelcampo.com.uy\/site\/wp-content\/uploads\/2018\/01\/faena%C3%A7.jpg?fit=880%2C440&ssl=1&resize=350%2C200 1x, https:\/\/i0.wp.com\/lahoradelcampo.com.uy\/site\/wp-content\/uploads\/2018\/01\/faena%C3%A7.jpg?fit=880%2C440&ssl=1&resize=525%2C300 1.5x, https:\/\/i0.wp.com\/lahoradelcampo.com.uy\/site\/wp-content\/uploads\/2018\/01\/faena%C3%A7.jpg?fit=880%2C440&ssl=1&resize=700%2C400 2x"},"classes":[]},{"id":28552,"url":"https:\/\/lahoradelcampo.com.uy\/site\/faena-vacuna-crecio-6-y-supero-las-54-000-cabezas\/","url_meta":{"origin":32936,"position":4},"title":"Faena vacuna creci\u00f3 6% y super\u00f3 las 54.000 cabezas","author":"La Hora del Campo","date":"16 marzo, 2021","format":false,"excerpt":"Durante la \u00faltima semana del 7 al 13 de marzo de 2021, la faena vacuna creci\u00f3 un 6,2% respecto a la semana anterior, seg\u00fan los datos que aport\u00f3 el Instituto Nacional de Carnes (INAC). En total se procesaron por parte de la industria 54.410 cabezas de vacunos, valor que no\u2026","rel":"","context":"En \u00abActualidad\u00bb","block_context":{"text":"Actualidad","link":"https:\/\/lahoradelcampo.com.uy\/site\/category\/actualidad\/"},"img":{"alt_text":"","src":"https:\/\/i0.wp.com\/lahoradelcampo.com.uy\/site\/wp-content\/uploads\/2020\/06\/faenavacuna.jpg?fit=880%2C440&ssl=1&resize=350%2C200","width":350,"height":200,"srcset":"https:\/\/i0.wp.com\/lahoradelcampo.com.uy\/site\/wp-content\/uploads\/2020\/06\/faenavacuna.jpg?fit=880%2C440&ssl=1&resize=350%2C200 1x, https:\/\/i0.wp.com\/lahoradelcampo.com.uy\/site\/wp-content\/uploads\/2020\/06\/faenavacuna.jpg?fit=880%2C440&ssl=1&resize=525%2C300 1.5x, https:\/\/i0.wp.com\/lahoradelcampo.com.uy\/site\/wp-content\/uploads\/2020\/06\/faenavacuna.jpg?fit=880%2C440&ssl=1&resize=700%2C400 2x"},"classes":[]},{"id":13440,"url":"https:\/\/lahoradelcampo.com.uy\/site\/faena-vacuna-semanal-volvio-a-crecer-un-14\/","url_meta":{"origin":32936,"position":5},"title":"Faena vacuna semanal volvi\u00f3 a crecer un 14%","author":"La Hora del Campo","date":"12 agosto, 2019","format":false,"excerpt":"Entre el 4 y el 10 de agosto la faena vacuna se acerc\u00f3 nuevamente a las 40.000 cabezas luego de crecer un 14% respecto a la semana anterior. De acuerdo a los datos del Instituto Nacional de Carnes (INAC), se faenaron en el pa\u00eds un total de 39.637 cabezas, es\u2026","rel":"","context":"En \u00abActualidad\u00bb","block_context":{"text":"Actualidad","link":"https:\/\/lahoradelcampo.com.uy\/site\/category\/actualidad\/"},"img":{"alt_text":"","src":"https:\/\/i0.wp.com\/lahoradelcampo.com.uy\/site\/wp-content\/uploads\/2018\/05\/Faena.jpg?fit=880%2C440&ssl=1&resize=350%2C200","width":350,"height":200,"srcset":"https:\/\/i0.wp.com\/lahoradelcampo.com.uy\/site\/wp-content\/uploads\/2018\/05\/Faena.jpg?fit=880%2C440&ssl=1&resize=350%2C200 1x, https:\/\/i0.wp.com\/lahoradelcampo.com.uy\/site\/wp-content\/uploads\/2018\/05\/Faena.jpg?fit=880%2C440&ssl=1&resize=525%2C300 1.5x, https:\/\/i0.wp.com\/lahoradelcampo.com.uy\/site\/wp-content\/uploads\/2018\/05\/Faena.jpg?fit=880%2C440&ssl=1&resize=700%2C400 2x"},"classes":[]}],"jetpack_likes_enabled":true,"_links":{"self":[{"href":"https:\/\/lahoradelcampo.com.uy\/site\/wp-json\/wp\/v2\/posts\/32936","targetHints":{"allow":["GET"]}}],"collection":[{"href":"https:\/\/lahoradelcampo.com.uy\/site\/wp-json\/wp\/v2\/posts"}],"about":[{"href":"https:\/\/lahoradelcampo.com.uy\/site\/wp-json\/wp\/v2\/types\/post"}],"author":[{"embeddable":true,"href":"https:\/\/lahoradelcampo.com.uy\/site\/wp-json\/wp\/v2\/users\/5"}],"replies":[{"embeddable":true,"href":"https:\/\/lahoradelcampo.com.uy\/site\/wp-json\/wp\/v2\/comments?post=32936"}],"version-history":[{"count":1,"href":"https:\/\/lahoradelcampo.com.uy\/site\/wp-json\/wp\/v2\/posts\/32936\/revisions"}],"predecessor-version":[{"id":32938,"href":"https:\/\/lahoradelcampo.com.uy\/site\/wp-json\/wp\/v2\/posts\/32936\/revisions\/32938"}],"wp:featuredmedia":[{"embeddable":true,"href":"https:\/\/lahoradelcampo.com.uy\/site\/wp-json\/wp\/v2\/media\/20474"}],"wp:attachment":[{"href":"https:\/\/lahoradelcampo.com.uy\/site\/wp-json\/wp\/v2\/media?parent=32936"}],"wp:term":[{"taxonomy":"category","embeddable":true,"href":"https:\/\/lahoradelcampo.com.uy\/site\/wp-json\/wp\/v2\/categories?post=32936"},{"taxonomy":"post_tag","embeddable":true,"href":"https:\/\/lahoradelcampo.com.uy\/site\/wp-json\/wp\/v2\/tags?post=32936"}],"curies":[{"name":"wp","href":"https:\/\/api.w.org\/{rel}","templated":true}]}}