{"id":32916,"date":"2021-08-10T09:48:16","date_gmt":"2021-08-10T12:48:16","guid":{"rendered":"http:\/\/lahoradelcampo.com.uy\/site\/?p=32916"},"modified":"2021-08-10T09:48:22","modified_gmt":"2021-08-10T12:48:22","slug":"con-menos-publico-mercado-agil","status":"publish","type":"post","link":"https:\/\/lahoradelcampo.com.uy\/site\/con-menos-publico-mercado-agil\/","title":{"rendered":"Con menos p\u00fablico, mercado \u00e1gil"},"content":{"rendered":"\n<figure class=\"wp-block-image\"><img data-recalc-dims=\"1\" loading=\"lazy\" decoding=\"async\" width=\"810\" height=\"405\" data-attachment-id=\"31126\" data-permalink=\"https:\/\/lahoradelcampo.com.uy\/site\/el-tomate-perita-cayo-un-472-en-el-ultimo-mes\/tomate-perita\/\" data-orig-file=\"https:\/\/i0.wp.com\/lahoradelcampo.com.uy\/site\/wp-content\/uploads\/2021\/06\/tomate-perita.jpg?fit=880%2C440&amp;ssl=1\" data-orig-size=\"880,440\" data-comments-opened=\"1\" data-image-meta=\"{&quot;aperture&quot;:&quot;0&quot;,&quot;credit&quot;:&quot;&quot;,&quot;camera&quot;:&quot;&quot;,&quot;caption&quot;:&quot;&quot;,&quot;created_timestamp&quot;:&quot;0&quot;,&quot;copyright&quot;:&quot;&quot;,&quot;focal_length&quot;:&quot;0&quot;,&quot;iso&quot;:&quot;0&quot;,&quot;shutter_speed&quot;:&quot;0&quot;,&quot;title&quot;:&quot;&quot;,&quot;orientation&quot;:&quot;1&quot;}\" data-image-title=\"tomate perita\" data-image-description=\"\" data-image-caption=\"\" data-large-file=\"https:\/\/i0.wp.com\/lahoradelcampo.com.uy\/site\/wp-content\/uploads\/2021\/06\/tomate-perita.jpg?fit=810%2C405&amp;ssl=1\" src=\"https:\/\/i0.wp.com\/lahoradelcampo.com.uy\/site\/wp-content\/uploads\/2021\/06\/tomate-perita.jpg?resize=810%2C405\" alt=\"\" class=\"wp-image-31126\" srcset=\"https:\/\/i0.wp.com\/lahoradelcampo.com.uy\/site\/wp-content\/uploads\/2021\/06\/tomate-perita.jpg?w=880&amp;ssl=1 880w, https:\/\/i0.wp.com\/lahoradelcampo.com.uy\/site\/wp-content\/uploads\/2021\/06\/tomate-perita.jpg?resize=300%2C150&amp;ssl=1 300w, https:\/\/i0.wp.com\/lahoradelcampo.com.uy\/site\/wp-content\/uploads\/2021\/06\/tomate-perita.jpg?resize=768%2C384&amp;ssl=1 768w, https:\/\/i0.wp.com\/lahoradelcampo.com.uy\/site\/wp-content\/uploads\/2021\/06\/tomate-perita.jpg?resize=820%2C410&amp;ssl=1 820w\" sizes=\"auto, (max-width: 810px) 100vw, 810px\" \/><\/figure>\n\n\n\n<p>La presencia de p\u00fablico en la Unidad Agrolimentaria (UAM) en la jornada de ayer se vio disminuida por las precipitaciones, que afect\u00f3 la colocaci\u00f3n de mercader\u00eda a nivel minorista durante el fin de semana, sin embargo la operativa comercial transcurri\u00f3 \u00e1gil, seg\u00fan inform\u00f3 dicha unidad en su primer informe de la semana. <br><\/p>\n\n\n\n<div class=\"wp-block-image\"><figure class=\"aligncenter is-resized\"><img data-recalc-dims=\"1\" loading=\"lazy\" decoding=\"async\" data-attachment-id=\"32920\" data-permalink=\"https:\/\/lahoradelcampo.com.uy\/site\/con-menos-publico-mercado-agil\/planillagranja\/\" data-orig-file=\"https:\/\/i0.wp.com\/lahoradelcampo.com.uy\/site\/wp-content\/uploads\/2021\/08\/Planillagranja.jpg?fit=573%2C480&amp;ssl=1\" data-orig-size=\"573,480\" data-comments-opened=\"1\" data-image-meta=\"{&quot;aperture&quot;:&quot;0&quot;,&quot;credit&quot;:&quot;&quot;,&quot;camera&quot;:&quot;&quot;,&quot;caption&quot;:&quot;&quot;,&quot;created_timestamp&quot;:&quot;0&quot;,&quot;copyright&quot;:&quot;&quot;,&quot;focal_length&quot;:&quot;0&quot;,&quot;iso&quot;:&quot;0&quot;,&quot;shutter_speed&quot;:&quot;0&quot;,&quot;title&quot;:&quot;&quot;,&quot;orientation&quot;:&quot;0&quot;}\" data-image-title=\"Planillagranja\" data-image-description=\"\" data-image-caption=\"\" data-large-file=\"https:\/\/i0.wp.com\/lahoradelcampo.com.uy\/site\/wp-content\/uploads\/2021\/08\/Planillagranja.jpg?fit=573%2C480&amp;ssl=1\" src=\"https:\/\/i0.wp.com\/lahoradelcampo.com.uy\/site\/wp-content\/uploads\/2021\/08\/Planillagranja.jpg?resize=370%2C310\" alt=\"\" class=\"wp-image-32920\" width=\"370\" height=\"310\" srcset=\"https:\/\/i0.wp.com\/lahoradelcampo.com.uy\/site\/wp-content\/uploads\/2021\/08\/Planillagranja.jpg?w=573&amp;ssl=1 573w, https:\/\/i0.wp.com\/lahoradelcampo.com.uy\/site\/wp-content\/uploads\/2021\/08\/Planillagranja.jpg?resize=300%2C251&amp;ssl=1 300w\" sizes=\"auto, (max-width: 370px) 100vw, 370px\" \/><\/figure><\/div>\n\n\n\n<p>El mayor inter\u00e9s se verific\u00f3 en la berenjena y el morr\u00f3n Verde principalmente. En este escenario descendieron los valores de referencia de morr\u00f3n Rojo, choclo y ar\u00e1ndano, mientras que aumentaron los precios de morr\u00f3n Amarillo y Verde, tomate Redondo, zanahoria, frutilla y espinaca.<\/p>\n\n\n\n<p>Salto, 10 de agosto de 2021<\/p>\n","protected":false},"excerpt":{"rendered":"<p>La presencia de p\u00fablico en la Unidad Agrolimentaria (UAM) en la jornada de ayer se vio disminuida por las precipitaciones, que afect\u00f3 la colocaci\u00f3n de mercader\u00eda a nivel minorista durante [&hellip;]<\/p>\n","protected":false},"author":5,"featured_media":31126,"comment_status":"open","ping_status":"open","sticky":false,"template":"","format":"standard","meta":{"_price":"","_stock":"","_tribe_ticket_header":"","_tribe_default_ticket_provider":"","_tribe_ticket_capacity":"0","_ticket_start_date":"","_ticket_end_date":"","_tribe_ticket_show_description":"","_tribe_ticket_show_not_going":false,"_tribe_ticket_use_global_stock":"","_tribe_ticket_global_stock_level":"","_global_stock_mode":"","_global_stock_cap":"","_tribe_rsvp_for_event":"","_tribe_ticket_going_count":"","_tribe_ticket_not_going_count":"","_tribe_tickets_list":"[]","_tribe_ticket_has_attendee_info_fields":false,"h5ap_radio_sources":[],"_jetpack_newsletter_access":"","_jetpack_dont_email_post_to_subs":false,"_jetpack_newsletter_tier_id":0,"_jetpack_memberships_contains_paywalled_content":false,"_jetpack_memberships_contains_paid_content":false,"footnotes":""},"categories":[21,9],"tags":[],"class_list":["post-32916","post","type-post","status-publish","format-standard","has-post-thumbnail","hentry","category-actualidad","category-granja"],"jetpack_featured_media_url":"https:\/\/i0.wp.com\/lahoradelcampo.com.uy\/site\/wp-content\/uploads\/2021\/06\/tomate-perita.jpg?fit=880%2C440&ssl=1","jetpack_sharing_enabled":true,"jetpack_shortlink":"https:\/\/wp.me\/p99IaT-8yU","jetpack-related-posts":[{"id":36371,"url":"https:\/\/lahoradelcampo.com.uy\/site\/agil-comienzo-de-semana-en-la-uam\/","url_meta":{"origin":32916,"position":0},"title":"\u00c1gil comienzo de semana en la UAM","author":"La Hora del Campo","date":"9 noviembre, 2021","format":false,"excerpt":"La operativa comercial en la Unidad Agroalimentaria Metropolitana, este lunes, transcurri\u00f3 de manera \u00e1gil, con alta concurrencia de p\u00fablico comprador, por ende con alto nivel de colocaci\u00f3n de la oferta. El mayor inter\u00e9s de la demanda en este inicio de semana se centr\u00f3 en la frutilla, el apio y el\u2026","rel":"","context":"En \u00abActualidad\u00bb","block_context":{"text":"Actualidad","link":"https:\/\/lahoradelcampo.com.uy\/site\/category\/actualidad\/"},"img":{"alt_text":"","src":"https:\/\/i0.wp.com\/lahoradelcampo.com.uy\/site\/wp-content\/uploads\/2019\/04\/Frutillas.jpg?fit=880%2C440&ssl=1&resize=350%2C200","width":350,"height":200,"srcset":"https:\/\/i0.wp.com\/lahoradelcampo.com.uy\/site\/wp-content\/uploads\/2019\/04\/Frutillas.jpg?fit=880%2C440&ssl=1&resize=350%2C200 1x, https:\/\/i0.wp.com\/lahoradelcampo.com.uy\/site\/wp-content\/uploads\/2019\/04\/Frutillas.jpg?fit=880%2C440&ssl=1&resize=525%2C300 1.5x, https:\/\/i0.wp.com\/lahoradelcampo.com.uy\/site\/wp-content\/uploads\/2019\/04\/Frutillas.jpg?fit=880%2C440&ssl=1&resize=700%2C400 2x"},"classes":[]},{"id":43591,"url":"https:\/\/lahoradelcampo.com.uy\/site\/operativa-medianamente-agil-con-buena-afluencia-de-publico\/","url_meta":{"origin":32916,"position":1},"title":"Operativa medianamente \u00e1gil, con buena afluencia de p\u00fablico","author":"La Hora del Campo","date":"8 julio, 2022","format":false,"excerpt":"La jornada comercial ayer transcurri\u00f3 medianamente \u00e1gil en la Unidad Agroalimentaria Metropolitana (UAM), con buena afluencia de p\u00fablico comprador, aunque se mantiene enlentecido el levante de mercader\u00eda debido al anuncio de precipitaciones para el fin de semana que podr\u00edan afectar negativamente las ventas minoristas, seg\u00fan comentarios de informantes calificados. Se\u2026","rel":"","context":"En \u00abActualidad\u00bb","block_context":{"text":"Actualidad","link":"https:\/\/lahoradelcampo.com.uy\/site\/category\/actualidad\/"},"img":{"alt_text":"","src":"https:\/\/i0.wp.com\/lahoradelcampo.com.uy\/site\/wp-content\/uploads\/2021\/06\/UAMmercado.jpg?fit=880%2C440&ssl=1&resize=350%2C200","width":350,"height":200,"srcset":"https:\/\/i0.wp.com\/lahoradelcampo.com.uy\/site\/wp-content\/uploads\/2021\/06\/UAMmercado.jpg?fit=880%2C440&ssl=1&resize=350%2C200 1x, https:\/\/i0.wp.com\/lahoradelcampo.com.uy\/site\/wp-content\/uploads\/2021\/06\/UAMmercado.jpg?fit=880%2C440&ssl=1&resize=525%2C300 1.5x, https:\/\/i0.wp.com\/lahoradelcampo.com.uy\/site\/wp-content\/uploads\/2021\/06\/UAMmercado.jpg?fit=880%2C440&ssl=1&resize=700%2C400 2x"},"classes":[]},{"id":44185,"url":"https:\/\/lahoradelcampo.com.uy\/site\/buena-afluencia-de-publico-al-inicio-de-la-semana-en-la-uam\/","url_meta":{"origin":32916,"position":2},"title":"Buena afluencia de p\u00fablico al inicio de la semana en la UAM","author":"La Hora del Campo","date":"26 julio, 2022","format":false,"excerpt":"El comienzo de la semana ayer para el sector granjero en la Unidad Agroalimentaria Metropolitana (UAM) transcurri\u00f3 medianamente \u00e1gil, con buena afluencia de p\u00fablico comprador. El movimiento de compradores retom\u00f3 de alguna manera su normalidad. Seg\u00fan comentarios de referentes comerciales, el levante de mercader\u00eda fue menor que el de la\u2026","rel":"","context":"En \u00abActualidad\u00bb","block_context":{"text":"Actualidad","link":"https:\/\/lahoradelcampo.com.uy\/site\/category\/actualidad\/"},"img":{"alt_text":"","src":"https:\/\/i0.wp.com\/lahoradelcampo.com.uy\/site\/wp-content\/uploads\/2021\/11\/Frutillas.jpg?fit=880%2C440&ssl=1&resize=350%2C200","width":350,"height":200,"srcset":"https:\/\/i0.wp.com\/lahoradelcampo.com.uy\/site\/wp-content\/uploads\/2021\/11\/Frutillas.jpg?fit=880%2C440&ssl=1&resize=350%2C200 1x, https:\/\/i0.wp.com\/lahoradelcampo.com.uy\/site\/wp-content\/uploads\/2021\/11\/Frutillas.jpg?fit=880%2C440&ssl=1&resize=525%2C300 1.5x, https:\/\/i0.wp.com\/lahoradelcampo.com.uy\/site\/wp-content\/uploads\/2021\/11\/Frutillas.jpg?fit=880%2C440&ssl=1&resize=700%2C400 2x"},"classes":[]},{"id":42919,"url":"https:\/\/lahoradelcampo.com.uy\/site\/operativa-medianamente-agil-con-menor-presencia-de-publico-comprador\/","url_meta":{"origin":32916,"position":3},"title":"Operativa medianamente \u00e1gil, con menor presencia  de p\u00fablico comprador","author":"La Hora del Campo","date":"17 junio, 2022","format":false,"excerpt":"La operativa comercial de ayer jueves 16 de junio, transcurri\u00f3 de forma medianamente \u00e1gil en la Unidad Agroalimentaria Metropolitana (UAM). Registr\u00e1ndose una menor concurrencia de p\u00fablico comprador con relaci\u00f3n al inicio de la semana, pero con un mayor levante de mercader\u00eda, seg\u00fan indicaron informantes calificados. En ese escenario se registraron\u2026","rel":"","context":"En \u00abActualidad\u00bb","block_context":{"text":"Actualidad","link":"https:\/\/lahoradelcampo.com.uy\/site\/category\/actualidad\/"},"img":{"alt_text":"","src":"https:\/\/i0.wp.com\/lahoradelcampo.com.uy\/site\/wp-content\/uploads\/2021\/06\/UAMmercado.jpg?fit=880%2C440&ssl=1&resize=350%2C200","width":350,"height":200,"srcset":"https:\/\/i0.wp.com\/lahoradelcampo.com.uy\/site\/wp-content\/uploads\/2021\/06\/UAMmercado.jpg?fit=880%2C440&ssl=1&resize=350%2C200 1x, https:\/\/i0.wp.com\/lahoradelcampo.com.uy\/site\/wp-content\/uploads\/2021\/06\/UAMmercado.jpg?fit=880%2C440&ssl=1&resize=525%2C300 1.5x, https:\/\/i0.wp.com\/lahoradelcampo.com.uy\/site\/wp-content\/uploads\/2021\/06\/UAMmercado.jpg?fit=880%2C440&ssl=1&resize=700%2C400 2x"},"classes":[]},{"id":47151,"url":"https:\/\/lahoradelcampo.com.uy\/site\/menor-presencia-de-publico-bajas-ventas-de-la-granja\/","url_meta":{"origin":32916,"position":4},"title":"Menor presencia de p\u00fablico, bajas ventas de la granja","author":"La Hora del Campo","date":"22 noviembre, 2022","format":false,"excerpt":"El comienzo de la semana comercial en la Unidad Agroalimentaria Metropolitana (UAM) se present\u00f3 poco \u00e1gil con un menor ingreso de p\u00fablico comprador y un levante de mercader\u00eda enlentecido debido a la ocurrencia de precipitaciones y el comienzo de la \u00faltima decena del mes. Como novedad se registr\u00f3 el ingreso\u2026","rel":"","context":"En \u00abActualidad\u00bb","block_context":{"text":"Actualidad","link":"https:\/\/lahoradelcampo.com.uy\/site\/category\/actualidad\/"},"img":{"alt_text":"","src":"https:\/\/i0.wp.com\/lahoradelcampo.com.uy\/site\/wp-content\/uploads\/2022\/04\/UAM-General.jpg?fit=880%2C440&ssl=1&resize=350%2C200","width":350,"height":200,"srcset":"https:\/\/i0.wp.com\/lahoradelcampo.com.uy\/site\/wp-content\/uploads\/2022\/04\/UAM-General.jpg?fit=880%2C440&ssl=1&resize=350%2C200 1x, https:\/\/i0.wp.com\/lahoradelcampo.com.uy\/site\/wp-content\/uploads\/2022\/04\/UAM-General.jpg?fit=880%2C440&ssl=1&resize=525%2C300 1.5x, https:\/\/i0.wp.com\/lahoradelcampo.com.uy\/site\/wp-content\/uploads\/2022\/04\/UAM-General.jpg?fit=880%2C440&ssl=1&resize=700%2C400 2x"},"classes":[]},{"id":42407,"url":"https:\/\/lahoradelcampo.com.uy\/site\/agilidad-y-mayor-presencia-de-publico-al-cierre-de-la-semana\/","url_meta":{"origin":32916,"position":5},"title":"Agilidad y mayor presencia de p\u00fablico al cierre de la semana","author":"La Hora del Campo","date":"3 junio, 2022","format":false,"excerpt":"La jornada comercial de ayer jueves, transcurri\u00f3 medianamente \u00e1gil en la Unidad Agroalimentaria Metropolitana (UAM) , con mayor presencia de p\u00fablico comprador en relaci\u00f3n con el inicio de la semana. Se registraron descensos en los precios de referencia de papa Blanca, apio, albahaca, cebolla de Verdeo, perejil, remolacha y frutilla.\u2026","rel":"","context":"En \u00abActualidad\u00bb","block_context":{"text":"Actualidad","link":"https:\/\/lahoradelcampo.com.uy\/site\/category\/actualidad\/"},"img":{"alt_text":"","src":"https:\/\/i0.wp.com\/lahoradelcampo.com.uy\/site\/wp-content\/uploads\/2018\/05\/mandarinas.jpg?fit=880%2C440&ssl=1&resize=350%2C200","width":350,"height":200,"srcset":"https:\/\/i0.wp.com\/lahoradelcampo.com.uy\/site\/wp-content\/uploads\/2018\/05\/mandarinas.jpg?fit=880%2C440&ssl=1&resize=350%2C200 1x, https:\/\/i0.wp.com\/lahoradelcampo.com.uy\/site\/wp-content\/uploads\/2018\/05\/mandarinas.jpg?fit=880%2C440&ssl=1&resize=525%2C300 1.5x, https:\/\/i0.wp.com\/lahoradelcampo.com.uy\/site\/wp-content\/uploads\/2018\/05\/mandarinas.jpg?fit=880%2C440&ssl=1&resize=700%2C400 2x"},"classes":[]}],"jetpack_likes_enabled":true,"_links":{"self":[{"href":"https:\/\/lahoradelcampo.com.uy\/site\/wp-json\/wp\/v2\/posts\/32916","targetHints":{"allow":["GET"]}}],"collection":[{"href":"https:\/\/lahoradelcampo.com.uy\/site\/wp-json\/wp\/v2\/posts"}],"about":[{"href":"https:\/\/lahoradelcampo.com.uy\/site\/wp-json\/wp\/v2\/types\/post"}],"author":[{"embeddable":true,"href":"https:\/\/lahoradelcampo.com.uy\/site\/wp-json\/wp\/v2\/users\/5"}],"replies":[{"embeddable":true,"href":"https:\/\/lahoradelcampo.com.uy\/site\/wp-json\/wp\/v2\/comments?post=32916"}],"version-history":[{"count":1,"href":"https:\/\/lahoradelcampo.com.uy\/site\/wp-json\/wp\/v2\/posts\/32916\/revisions"}],"predecessor-version":[{"id":32922,"href":"https:\/\/lahoradelcampo.com.uy\/site\/wp-json\/wp\/v2\/posts\/32916\/revisions\/32922"}],"wp:featuredmedia":[{"embeddable":true,"href":"https:\/\/lahoradelcampo.com.uy\/site\/wp-json\/wp\/v2\/media\/31126"}],"wp:attachment":[{"href":"https:\/\/lahoradelcampo.com.uy\/site\/wp-json\/wp\/v2\/media?parent=32916"}],"wp:term":[{"taxonomy":"category","embeddable":true,"href":"https:\/\/lahoradelcampo.com.uy\/site\/wp-json\/wp\/v2\/categories?post=32916"},{"taxonomy":"post_tag","embeddable":true,"href":"https:\/\/lahoradelcampo.com.uy\/site\/wp-json\/wp\/v2\/tags?post=32916"}],"curies":[{"name":"wp","href":"https:\/\/api.w.org\/{rel}","templated":true}]}}