{"id":32912,"date":"2021-08-10T09:50:00","date_gmt":"2021-08-10T12:50:00","guid":{"rendered":"http:\/\/lahoradelcampo.com.uy\/site\/?p=32912"},"modified":"2021-08-10T09:51:12","modified_gmt":"2021-08-10T12:51:12","slug":"central-lanera-uruguaya-comenzo-a-certificar-lanas-rws","status":"publish","type":"post","link":"https:\/\/lahoradelcampo.com.uy\/site\/central-lanera-uruguaya-comenzo-a-certificar-lanas-rws\/","title":{"rendered":"Central Lanera Uruguaya comenz\u00f3 a certificar lanas RWS"},"content":{"rendered":"\n<figure class=\"wp-block-image\"><img data-recalc-dims=\"1\" loading=\"lazy\" decoding=\"async\" width=\"810\" height=\"405\" data-attachment-id=\"7207\" data-permalink=\"https:\/\/lahoradelcampo.com.uy\/site\/ventas-de-lana-crecieron-un-134\/lana-s\/\" data-orig-file=\"https:\/\/i0.wp.com\/lahoradelcampo.com.uy\/site\/wp-content\/uploads\/2018\/05\/Lana-s.jpg?fit=880%2C440&amp;ssl=1\" data-orig-size=\"880,440\" data-comments-opened=\"1\" data-image-meta=\"{&quot;aperture&quot;:&quot;0&quot;,&quot;credit&quot;:&quot;&quot;,&quot;camera&quot;:&quot;&quot;,&quot;caption&quot;:&quot;&quot;,&quot;created_timestamp&quot;:&quot;0&quot;,&quot;copyright&quot;:&quot;&quot;,&quot;focal_length&quot;:&quot;0&quot;,&quot;iso&quot;:&quot;0&quot;,&quot;shutter_speed&quot;:&quot;0&quot;,&quot;title&quot;:&quot;&quot;,&quot;orientation&quot;:&quot;1&quot;}\" data-image-title=\"Lana s\" data-image-description=\"\" data-image-caption=\"\" data-large-file=\"https:\/\/i0.wp.com\/lahoradelcampo.com.uy\/site\/wp-content\/uploads\/2018\/05\/Lana-s.jpg?fit=810%2C405&amp;ssl=1\" src=\"https:\/\/i0.wp.com\/lahoradelcampo.com.uy\/site\/wp-content\/uploads\/2018\/05\/Lana-s.jpg?resize=810%2C405\" alt=\"\" class=\"wp-image-7207\" srcset=\"https:\/\/i0.wp.com\/lahoradelcampo.com.uy\/site\/wp-content\/uploads\/2018\/05\/Lana-s.jpg?w=880&amp;ssl=1 880w, https:\/\/i0.wp.com\/lahoradelcampo.com.uy\/site\/wp-content\/uploads\/2018\/05\/Lana-s.jpg?resize=300%2C150&amp;ssl=1 300w, https:\/\/i0.wp.com\/lahoradelcampo.com.uy\/site\/wp-content\/uploads\/2018\/05\/Lana-s.jpg?resize=768%2C384&amp;ssl=1 768w, https:\/\/i0.wp.com\/lahoradelcampo.com.uy\/site\/wp-content\/uploads\/2018\/05\/Lana-s.jpg?resize=820%2C410&amp;ssl=1 820w\" sizes=\"auto, (max-width: 810px) 100vw, 810px\" \/><\/figure>\n\n\n\n<p>Central Lanera Uruguaya a comenzado el proceso de certificar la lana de sus productores bajo el Est\u00e1ndar de Lana Responsable (RWS por sus siglas en ingl\u00e9s) debido a la demanda desde el exterior, principalmente de Europa y Jap\u00f3n, por este tipo de certificaciones, as\u00ed lo confirm\u00f3 el gerente de la cooperativa, Diego Saavedra. <br><\/p>\n\n\n\n<p>El profesional record\u00f3 que la cooperativa tuvo un \u00abproyecto de lanas org\u00e1nicas\u00bb debido a que se tra\u00eda lanas remitidas por productores del sur de la Patagonia argentina a precio promedio, por lo que la planta fue certificada para ese tipo de lanas. Agreg\u00f3 que eso fue \u00abdiscontinuado\u00bb debido a \u00abque no era competitivo o posible traer lanas del sur de Argentina\u00bb.<br><\/p>\n\n\n\n<p>Saavedra dijo que ya se ha comenzado el proceso entre los productores que han inscripto sus lanas y que se ubican \u00abde 22 micras para abajo, dir\u00eda b\u00e1sicamente Merino pero puede haber alguna cruza fina\u00bb. Estas certificaciones se realizan con el equipo interno de la cooperativa y con una certificadora externa que es de Argentina. <br><\/p>\n\n\n\n<p>El gerente de la cooperativa dijo que esta certificaci\u00f3n \u00abpara nada le genera un costo al productor, al contrario, lo que estamos haciendo es trabajar para agregarle valor a la lana del productor y que de esa forma pueda tener un sobreprecio atractivo por haber pasado por el proceso de certificaci\u00f3n\u00bb.<br><\/p>\n\n\n\n<p>Saavedra dijo que este servicio est\u00e1 disponible para los productores que inscriban sus lanas \u00aba precio promedio o en la modalidad a fijar precio\u00bb. Al finalizar agreg\u00f3 que \u00ablo que se necesita, obviamente, es un compromiso del productor de que va a estar participando de la operativa de la cooperativa. De otra forma no tendr\u00eda sentido estar certificando lanas de productores que no comercialicen con nosotros\u00bb.<\/p>\n\n\n\n<p style=\"text-align:right\">Salto, 10 de agosto de 2021<\/p>\n","protected":false},"excerpt":{"rendered":"<p>Central Lanera Uruguaya a comenzado el proceso de certificar la lana de sus productores bajo el Est\u00e1ndar de Lana Responsable (RWS por sus siglas en ingl\u00e9s) debido a la demanda [&hellip;]<\/p>\n","protected":false},"author":5,"featured_media":7207,"comment_status":"open","ping_status":"open","sticky":false,"template":"","format":"standard","meta":{"_price":"","_stock":"","_tribe_ticket_header":"","_tribe_default_ticket_provider":"","_tribe_ticket_capacity":"0","_ticket_start_date":"","_ticket_end_date":"","_tribe_ticket_show_description":"","_tribe_ticket_show_not_going":false,"_tribe_ticket_use_global_stock":"","_tribe_ticket_global_stock_level":"","_global_stock_mode":"","_global_stock_cap":"","_tribe_rsvp_for_event":"","_tribe_ticket_going_count":"","_tribe_ticket_not_going_count":"","_tribe_tickets_list":"[]","_tribe_ticket_has_attendee_info_fields":false,"h5ap_radio_sources":[],"_jetpack_newsletter_access":"","_jetpack_dont_email_post_to_subs":false,"_jetpack_newsletter_tier_id":0,"_jetpack_memberships_contains_paywalled_content":false,"_jetpack_memberships_contains_paid_content":false,"footnotes":""},"categories":[21,13],"tags":[],"class_list":["post-32912","post","type-post","status-publish","format-standard","has-post-thumbnail","hentry","category-actualidad","category-ovinos"],"jetpack_featured_media_url":"https:\/\/i0.wp.com\/lahoradelcampo.com.uy\/site\/wp-content\/uploads\/2018\/05\/Lana-s.jpg?fit=880%2C440&ssl=1","jetpack_sharing_enabled":true,"jetpack_shortlink":"https:\/\/wp.me\/p99IaT-8yQ","jetpack-related-posts":[{"id":46585,"url":"https:\/\/lahoradelcampo.com.uy\/site\/clu-sorprende-que-algunos-se-sorprendan-con-el-cierre-de-inscripciones\/","url_meta":{"origin":32912,"position":0},"title":"CLU: \u00absorprende que algunos se sorprendan\u00bb con el cierre de inscripciones","author":"La Hora del Campo","date":"26 octubre, 2022","format":false,"excerpt":"Al cierre de la semana pasada, Central Lanera Uruguaya (CLU) realiz\u00f3 una comunicaci\u00f3n interna a sus cooperativas de primer grado, en la cual daba a conocer la decisi\u00f3n de cerrar temporalmente la inscripci\u00f3n de lanas mayores a las 21micras. En tanto que remarc\u00f3 que las lanas inscriptas ser\u00e1n respetadas en\u2026","rel":"","context":"En \u00abActualidad\u00bb","block_context":{"text":"Actualidad","link":"https:\/\/lahoradelcampo.com.uy\/site\/category\/actualidad\/"},"img":{"alt_text":"","src":"https:\/\/i0.wp.com\/lahoradelcampo.com.uy\/site\/wp-content\/uploads\/2022\/04\/CLU-Saavedra.jpg?fit=880%2C440&ssl=1&resize=350%2C200","width":350,"height":200,"srcset":"https:\/\/i0.wp.com\/lahoradelcampo.com.uy\/site\/wp-content\/uploads\/2022\/04\/CLU-Saavedra.jpg?fit=880%2C440&ssl=1&resize=350%2C200 1x, https:\/\/i0.wp.com\/lahoradelcampo.com.uy\/site\/wp-content\/uploads\/2022\/04\/CLU-Saavedra.jpg?fit=880%2C440&ssl=1&resize=525%2C300 1.5x, https:\/\/i0.wp.com\/lahoradelcampo.com.uy\/site\/wp-content\/uploads\/2022\/04\/CLU-Saavedra.jpg?fit=880%2C440&ssl=1&resize=700%2C400 2x"},"classes":[]},{"id":18814,"url":"https:\/\/lahoradelcampo.com.uy\/site\/clu-postergo-el-cierre-de-la-zafra-lanera-2019-2020\/","url_meta":{"origin":32912,"position":1},"title":"CLU posterg\u00f3 el cierre de  la zafra lanera 2019\/2020","author":"La Hora del Campo","date":"13 abril, 2020","format":false,"excerpt":"El gerente de Central Lanera Uruguaya (CLU), Diego Saavedra, dialog\u00f3 con La Hora del Campo sobre la situaci\u00f3n que atraviesa la industria lanera uruguaya en la actualidad y confirm\u00f3 que la empresa de los productores ha definido postergar el cierre de zafra de la cooperativa debido al bajo nivel de\u2026","rel":"","context":"En \u00abActualidad\u00bb","block_context":{"text":"Actualidad","link":"https:\/\/lahoradelcampo.com.uy\/site\/category\/actualidad\/"},"img":{"alt_text":"","src":"https:\/\/i0.wp.com\/lahoradelcampo.com.uy\/site\/wp-content\/uploads\/2020\/04\/Saavedra.jpg?fit=880%2C440&ssl=1&resize=350%2C200","width":350,"height":200,"srcset":"https:\/\/i0.wp.com\/lahoradelcampo.com.uy\/site\/wp-content\/uploads\/2020\/04\/Saavedra.jpg?fit=880%2C440&ssl=1&resize=350%2C200 1x, https:\/\/i0.wp.com\/lahoradelcampo.com.uy\/site\/wp-content\/uploads\/2020\/04\/Saavedra.jpg?fit=880%2C440&ssl=1&resize=525%2C300 1.5x, https:\/\/i0.wp.com\/lahoradelcampo.com.uy\/site\/wp-content\/uploads\/2020\/04\/Saavedra.jpg?fit=880%2C440&ssl=1&resize=700%2C400 2x"},"classes":[]},{"id":42027,"url":"https:\/\/lahoradelcampo.com.uy\/site\/clu-analiza-realizar-una-liquidacion-parcial-de-la-zafra-lanera\/","url_meta":{"origin":32912,"position":2},"title":"CLU analiza realizar una liquidaci\u00f3n parcial de la zafra lanera","author":"La Hora del Campo","date":"19 mayo, 2022","format":false,"excerpt":"La situaci\u00f3n del mercado lanero ha mantenido su tendencia pr\u00e1cticamente toda la zafra, m\u00e1s all\u00e1 de un centavo m\u00e1s o un centavo menos. La demanda est\u00e1 focalizada en lanas merinas, principalmente de alta calidad y con certificaciones de sustentabilidad, en tanto que las lanas medias y gruesas han venido m\u00e1s\u2026","rel":"","context":"En \u00abActualidad\u00bb","block_context":{"text":"Actualidad","link":"https:\/\/lahoradelcampo.com.uy\/site\/category\/actualidad\/"},"img":{"alt_text":"","src":"https:\/\/i0.wp.com\/lahoradelcampo.com.uy\/site\/wp-content\/uploads\/2022\/05\/CLU-diegosaavedra.jpg?fit=880%2C440&ssl=1&resize=350%2C200","width":350,"height":200,"srcset":"https:\/\/i0.wp.com\/lahoradelcampo.com.uy\/site\/wp-content\/uploads\/2022\/05\/CLU-diegosaavedra.jpg?fit=880%2C440&ssl=1&resize=350%2C200 1x, https:\/\/i0.wp.com\/lahoradelcampo.com.uy\/site\/wp-content\/uploads\/2022\/05\/CLU-diegosaavedra.jpg?fit=880%2C440&ssl=1&resize=525%2C300 1.5x, https:\/\/i0.wp.com\/lahoradelcampo.com.uy\/site\/wp-content\/uploads\/2022\/05\/CLU-diegosaavedra.jpg?fit=880%2C440&ssl=1&resize=700%2C400 2x"},"classes":[]},{"id":6729,"url":"https:\/\/lahoradelcampo.com.uy\/site\/centra-lanera-y-calsal-liquidaron-el-100-de-la-lana-de-la-zafra-201718\/","url_meta":{"origin":32912,"position":3},"title":"Centra Lanera y Calsal liquidaron el 100% de la lana de la zafra 2017\/18","author":"La Hora del Campo","date":"28 abril, 2018","format":false,"excerpt":"Las cooperativas Central Lanera Uruguaya y Calsal realizaron en la jornada de ayer la liquidaci\u00f3n de la zafra lanera 2017\/2018 a sus productores remitentes, pag\u00e1ndose el 100% de la lana. Central Lanera ratific\u00f3 su compromiso de premiar a sus productores con bonificaciones y sobreprecios por esquila temprana, acondicionada y que\u2026","rel":"","context":"En \u00abActualidad\u00bb","block_context":{"text":"Actualidad","link":"https:\/\/lahoradelcampo.com.uy\/site\/category\/actualidad\/"},"img":{"alt_text":"","src":"https:\/\/i0.wp.com\/lahoradelcampo.com.uy\/site\/wp-content\/uploads\/2018\/05\/calsal.jpg?fit=880%2C440&ssl=1&resize=350%2C200","width":350,"height":200,"srcset":"https:\/\/i0.wp.com\/lahoradelcampo.com.uy\/site\/wp-content\/uploads\/2018\/05\/calsal.jpg?fit=880%2C440&ssl=1&resize=350%2C200 1x, https:\/\/i0.wp.com\/lahoradelcampo.com.uy\/site\/wp-content\/uploads\/2018\/05\/calsal.jpg?fit=880%2C440&ssl=1&resize=525%2C300 1.5x, https:\/\/i0.wp.com\/lahoradelcampo.com.uy\/site\/wp-content\/uploads\/2018\/05\/calsal.jpg?fit=880%2C440&ssl=1&resize=700%2C400 2x"},"classes":[]},{"id":52934,"url":"https:\/\/lahoradelcampo.com.uy\/site\/central-lanera-uruguaya-comienza-en-30-dias-a-pagar-a-los-productores\/","url_meta":{"origin":32912,"position":4},"title":"Central Lanera Uruguaya comienza en 30 d\u00edas a pagar a los productores","author":"La Hora del Campo","date":"30 octubre, 2023","format":false,"excerpt":"El concurso voluntario al cual se present\u00f3 Central Lanera Uruguaya (CLU) contin\u00faa con avanzando, hacia lo que ser\u00e1 la venta de la planta industrial en Florida y de ser necesario, otros activos para hacer frente a los adeudos que mantiene la empresa, principalmente con las entidades financieras. Entre los acreedores\u2026","rel":"","context":"En \u00abActualidad\u00bb","block_context":{"text":"Actualidad","link":"https:\/\/lahoradelcampo.com.uy\/site\/category\/actualidad\/"},"img":{"alt_text":"","src":"https:\/\/i0.wp.com\/lahoradelcampo.com.uy\/site\/wp-content\/uploads\/2023\/10\/Diego-Saavedra.jpg?fit=880%2C440&ssl=1&resize=350%2C200","width":350,"height":200,"srcset":"https:\/\/i0.wp.com\/lahoradelcampo.com.uy\/site\/wp-content\/uploads\/2023\/10\/Diego-Saavedra.jpg?fit=880%2C440&ssl=1&resize=350%2C200 1x, https:\/\/i0.wp.com\/lahoradelcampo.com.uy\/site\/wp-content\/uploads\/2023\/10\/Diego-Saavedra.jpg?fit=880%2C440&ssl=1&resize=525%2C300 1.5x, https:\/\/i0.wp.com\/lahoradelcampo.com.uy\/site\/wp-content\/uploads\/2023\/10\/Diego-Saavedra.jpg?fit=880%2C440&ssl=1&resize=700%2C400 2x"},"classes":[]},{"id":31688,"url":"https:\/\/lahoradelcampo.com.uy\/site\/la-relacion-de-precios-entre-las-lanas-cruzas-y-las-finas-es-historica\/","url_meta":{"origin":32912,"position":5},"title":"\u00abLa relaci\u00f3n de precios entre las lanas cruzas y las finas, es hist\u00f3rica\u00bb","author":"La Hora del Campo","date":"30 junio, 2021","format":false,"excerpt":"La zafra lanera 2020-2021 tuvo un per\u00edodo de bajas constantes a nivel del mercado lanero australiano hasta setiembre del a\u00f1o pasado, reflejando fuertemente los efectos de la pandemia del Covid-19 sobre un mercado minorista que sufri\u00f3 la ausencia de consumidores a nivel de las tiendas. Luego comenz\u00f3 un per\u00edodo de\u2026","rel":"","context":"En \u00abActualidad\u00bb","block_context":{"text":"Actualidad","link":"https:\/\/lahoradelcampo.com.uy\/site\/category\/actualidad\/"},"img":{"alt_text":"","src":"https:\/\/i0.wp.com\/lahoradelcampo.com.uy\/site\/wp-content\/uploads\/2020\/04\/Saavedra.jpg?fit=880%2C440&ssl=1&resize=350%2C200","width":350,"height":200,"srcset":"https:\/\/i0.wp.com\/lahoradelcampo.com.uy\/site\/wp-content\/uploads\/2020\/04\/Saavedra.jpg?fit=880%2C440&ssl=1&resize=350%2C200 1x, https:\/\/i0.wp.com\/lahoradelcampo.com.uy\/site\/wp-content\/uploads\/2020\/04\/Saavedra.jpg?fit=880%2C440&ssl=1&resize=525%2C300 1.5x, https:\/\/i0.wp.com\/lahoradelcampo.com.uy\/site\/wp-content\/uploads\/2020\/04\/Saavedra.jpg?fit=880%2C440&ssl=1&resize=700%2C400 2x"},"classes":[]}],"jetpack_likes_enabled":true,"_links":{"self":[{"href":"https:\/\/lahoradelcampo.com.uy\/site\/wp-json\/wp\/v2\/posts\/32912","targetHints":{"allow":["GET"]}}],"collection":[{"href":"https:\/\/lahoradelcampo.com.uy\/site\/wp-json\/wp\/v2\/posts"}],"about":[{"href":"https:\/\/lahoradelcampo.com.uy\/site\/wp-json\/wp\/v2\/types\/post"}],"author":[{"embeddable":true,"href":"https:\/\/lahoradelcampo.com.uy\/site\/wp-json\/wp\/v2\/users\/5"}],"replies":[{"embeddable":true,"href":"https:\/\/lahoradelcampo.com.uy\/site\/wp-json\/wp\/v2\/comments?post=32912"}],"version-history":[{"count":1,"href":"https:\/\/lahoradelcampo.com.uy\/site\/wp-json\/wp\/v2\/posts\/32912\/revisions"}],"predecessor-version":[{"id":32928,"href":"https:\/\/lahoradelcampo.com.uy\/site\/wp-json\/wp\/v2\/posts\/32912\/revisions\/32928"}],"wp:featuredmedia":[{"embeddable":true,"href":"https:\/\/lahoradelcampo.com.uy\/site\/wp-json\/wp\/v2\/media\/7207"}],"wp:attachment":[{"href":"https:\/\/lahoradelcampo.com.uy\/site\/wp-json\/wp\/v2\/media?parent=32912"}],"wp:term":[{"taxonomy":"category","embeddable":true,"href":"https:\/\/lahoradelcampo.com.uy\/site\/wp-json\/wp\/v2\/categories?post=32912"},{"taxonomy":"post_tag","embeddable":true,"href":"https:\/\/lahoradelcampo.com.uy\/site\/wp-json\/wp\/v2\/tags?post=32912"}],"curies":[{"name":"wp","href":"https:\/\/api.w.org\/{rel}","templated":true}]}}