{"id":32906,"date":"2021-08-10T07:51:57","date_gmt":"2021-08-10T10:51:57","guid":{"rendered":"http:\/\/lahoradelcampo.com.uy\/site\/?p=32906"},"modified":"2021-08-10T07:52:02","modified_gmt":"2021-08-10T10:52:02","slug":"bonino-sera-el-jurado-del-aberdeen-angus-en-el-prado","status":"publish","type":"post","link":"https:\/\/lahoradelcampo.com.uy\/site\/bonino-sera-el-jurado-del-aberdeen-angus-en-el-prado\/","title":{"rendered":"Bonino ser\u00e1 el jurado del Aberdeen Angus en el Prado"},"content":{"rendered":"\n<figure class=\"wp-block-image\"><img data-recalc-dims=\"1\" loading=\"lazy\" decoding=\"async\" width=\"810\" height=\"405\" data-attachment-id=\"32908\" data-permalink=\"https:\/\/lahoradelcampo.com.uy\/site\/bonino-sera-el-jurado-del-aberdeen-angus-en-el-prado\/bichobonino\/\" data-orig-file=\"https:\/\/i0.wp.com\/lahoradelcampo.com.uy\/site\/wp-content\/uploads\/2021\/08\/bichobonino.jpg?fit=880%2C440&amp;ssl=1\" data-orig-size=\"880,440\" data-comments-opened=\"1\" data-image-meta=\"{&quot;aperture&quot;:&quot;0&quot;,&quot;credit&quot;:&quot;&quot;,&quot;camera&quot;:&quot;&quot;,&quot;caption&quot;:&quot;&quot;,&quot;created_timestamp&quot;:&quot;0&quot;,&quot;copyright&quot;:&quot;&quot;,&quot;focal_length&quot;:&quot;0&quot;,&quot;iso&quot;:&quot;0&quot;,&quot;shutter_speed&quot;:&quot;0&quot;,&quot;title&quot;:&quot;&quot;,&quot;orientation&quot;:&quot;1&quot;}\" data-image-title=\"bichobonino\" data-image-description=\"\" data-image-caption=\"\" data-large-file=\"https:\/\/i0.wp.com\/lahoradelcampo.com.uy\/site\/wp-content\/uploads\/2021\/08\/bichobonino.jpg?fit=810%2C405&amp;ssl=1\" src=\"https:\/\/i0.wp.com\/lahoradelcampo.com.uy\/site\/wp-content\/uploads\/2021\/08\/bichobonino.jpg?resize=810%2C405\" alt=\"\" class=\"wp-image-32908\" srcset=\"https:\/\/i0.wp.com\/lahoradelcampo.com.uy\/site\/wp-content\/uploads\/2021\/08\/bichobonino.jpg?w=880&amp;ssl=1 880w, https:\/\/i0.wp.com\/lahoradelcampo.com.uy\/site\/wp-content\/uploads\/2021\/08\/bichobonino.jpg?resize=300%2C150&amp;ssl=1 300w, https:\/\/i0.wp.com\/lahoradelcampo.com.uy\/site\/wp-content\/uploads\/2021\/08\/bichobonino.jpg?resize=768%2C384&amp;ssl=1 768w, https:\/\/i0.wp.com\/lahoradelcampo.com.uy\/site\/wp-content\/uploads\/2021\/08\/bichobonino.jpg?resize=820%2C410&amp;ssl=1 820w\" sizes=\"auto, (max-width: 810px) 100vw, 810px\" \/><\/figure>\n\n\n\n<p>A medida que se va acercando la realizaci\u00f3n de la Expo Prado 2021, se van a ir conociendo los diferentes jurados, en las razas que participan de la muestra. En este sentido ya le nombramos aqu\u00ed en La Hora del Campo que el Dr. H\u00e9ctor Bonomi ser\u00e1 el jurado de la raza Hereford, en tanto que el Ing. Pablo Bove Itzaina calificar\u00e1 la raza Brangus. <br><\/p>\n\n\n\n<p>En los \u00faltimos d\u00edas se dio a conocer que el jurado de la raza mayoritaria de la muestra, en vacunos, ser\u00e1 Enrique Bonino. Hasta el momento en las pre-inscripciones hay un total de 354 ejemplares de la raza, n\u00famero que seguramente tendr\u00e1 alg\u00fan ajuste a la baja. <br><\/p>\n\n\n\n<p>En los ovinos, Rodrigo Granja y de Jos\u00e9 Antonio Zugarramurdi ser\u00e1n los jurados del Corriedale, el salte\u00f1o Juan Manuel Gonz\u00e1lez, en Merino y Poll Merino Australiano. Jos\u00e9 Thiago Machado de Mattos, criador en el municipio de Santiago, de R\u00edo Grande del Sur, Brasil, ser\u00e1 el jurado Texel, y el Dr. Pedro Scremini en el Hampshire Down. <\/p>\n\n\n\n<p>Salto, 10 de agosto de 2021<\/p>\n","protected":false},"excerpt":{"rendered":"<p>A medida que se va acercando la realizaci\u00f3n de la Expo Prado 2021, se van a ir conociendo los diferentes jurados, en las razas que participan de la muestra. En [&hellip;]<\/p>\n","protected":false},"author":5,"featured_media":32908,"comment_status":"open","ping_status":"open","sticky":false,"template":"","format":"standard","meta":{"_price":"","_stock":"","_tribe_ticket_header":"","_tribe_default_ticket_provider":"","_tribe_ticket_capacity":"0","_ticket_start_date":"","_ticket_end_date":"","_tribe_ticket_show_description":"","_tribe_ticket_show_not_going":false,"_tribe_ticket_use_global_stock":"","_tribe_ticket_global_stock_level":"","_global_stock_mode":"","_global_stock_cap":"","_tribe_rsvp_for_event":"","_tribe_ticket_going_count":"","_tribe_ticket_not_going_count":"","_tribe_tickets_list":"[]","_tribe_ticket_has_attendee_info_fields":false,"h5ap_radio_sources":[],"_jetpack_newsletter_access":"","_jetpack_dont_email_post_to_subs":false,"_jetpack_newsletter_tier_id":0,"_jetpack_memberships_contains_paywalled_content":false,"_jetpack_memberships_contains_paid_content":false,"footnotes":""},"categories":[21,5],"tags":[],"class_list":["post-32906","post","type-post","status-publish","format-standard","has-post-thumbnail","hentry","category-actualidad","category-ganaderia"],"jetpack_featured_media_url":"https:\/\/i0.wp.com\/lahoradelcampo.com.uy\/site\/wp-content\/uploads\/2021\/08\/bichobonino.jpg?fit=880%2C440&ssl=1","jetpack_sharing_enabled":true,"jetpack_shortlink":"https:\/\/wp.me\/p99IaT-8yK","jetpack-related-posts":[{"id":33683,"url":"https:\/\/lahoradelcampo.com.uy\/site\/productor-de-tambores-calificara-la-raza-ovina-nacional-en-el-prado\/","url_meta":{"origin":32906,"position":0},"title":"Productor de Tambores calificar\u00e1 la raza ovina nacional en el Prado","author":"La Hora del Campo","date":"3 septiembre, 2021","format":false,"excerpt":"En ediciones anteriores le hemos venido adelantando los diferentes especialistas que tendr\u00e1n a su cargo las calificaciones de los mejores ejemplares en el marco de la Expo Prado 2021. En este sentido el productor de R\u00edo Grande del Sur, Brasil, Jos\u00e9 Thiago Machado de Mattos, ser\u00e1 encargado de calificar la\u2026","rel":"","context":"En \u00abActualidad\u00bb","block_context":{"text":"Actualidad","link":"https:\/\/lahoradelcampo.com.uy\/site\/category\/actualidad\/"},"img":{"alt_text":"","src":"https:\/\/i0.wp.com\/lahoradelcampo.com.uy\/site\/wp-content\/uploads\/2020\/09\/merilinprado.jpg?fit=880%2C440&ssl=1&resize=350%2C200","width":350,"height":200,"srcset":"https:\/\/i0.wp.com\/lahoradelcampo.com.uy\/site\/wp-content\/uploads\/2020\/09\/merilinprado.jpg?fit=880%2C440&ssl=1&resize=350%2C200 1x, https:\/\/i0.wp.com\/lahoradelcampo.com.uy\/site\/wp-content\/uploads\/2020\/09\/merilinprado.jpg?fit=880%2C440&ssl=1&resize=525%2C300 1.5x, https:\/\/i0.wp.com\/lahoradelcampo.com.uy\/site\/wp-content\/uploads\/2020\/09\/merilinprado.jpg?fit=880%2C440&ssl=1&resize=700%2C400 2x"},"classes":[]},{"id":32542,"url":"https:\/\/lahoradelcampo.com.uy\/site\/juan-manuel-gonzalez-sera-el-jurado-del-merino-en-la-prado-2021\/","url_meta":{"origin":32906,"position":1},"title":"Juan Manuel Gonz\u00e1lez ser\u00e1 el jurado del Merino en la Prado 2021","author":"La Hora del Campo","date":"29 julio, 2021","format":false,"excerpt":"D\u00edas atr\u00e1s le dimos a conocer que el Dr. Pedro Scremini, t\u00e9cnico del Secretariado Uruguayo de la Lana, ser\u00e1 el jurado de la raza Hampshire Down. Posteriormente se fueron definiendo jurados de otras razas, entre ellas la Texel, Corriedale y Merino Australiano. En el caso de la raza Merino Australiano,\u2026","rel":"","context":"En \u00abActualidad\u00bb","block_context":{"text":"Actualidad","link":"https:\/\/lahoradelcampo.com.uy\/site\/category\/actualidad\/"},"img":{"alt_text":"","src":"https:\/\/i0.wp.com\/lahoradelcampo.com.uy\/site\/wp-content\/uploads\/2018\/01\/Merino.jpg?fit=880%2C440&ssl=1&resize=350%2C200","width":350,"height":200,"srcset":"https:\/\/i0.wp.com\/lahoradelcampo.com.uy\/site\/wp-content\/uploads\/2018\/01\/Merino.jpg?fit=880%2C440&ssl=1&resize=350%2C200 1x, https:\/\/i0.wp.com\/lahoradelcampo.com.uy\/site\/wp-content\/uploads\/2018\/01\/Merino.jpg?fit=880%2C440&ssl=1&resize=525%2C300 1.5x, https:\/\/i0.wp.com\/lahoradelcampo.com.uy\/site\/wp-content\/uploads\/2018\/01\/Merino.jpg?fit=880%2C440&ssl=1&resize=700%2C400 2x"},"classes":[]},{"id":22552,"url":"https:\/\/lahoradelcampo.com.uy\/site\/expo-prado-continua-ajustando-los-detalles-de-lo-que-sera-la-muestra-ganadera\/","url_meta":{"origin":32906,"position":2},"title":"Expo Prado contin\u00faa ajustando los detalles de lo que ser\u00e1 la muestra ganadera","author":"La Hora del Campo","date":"11 agosto, 2020","format":false,"excerpt":"La Asociaci\u00f3n Rural del Uruguay contin\u00faa ajustando los distintos detalles que determinaran la realizaci\u00f3n de la Expo Prado 2020, m\u00e1s all\u00e1 que la regi\u00f3n ya ha postergado sus muestras, excepto Brasil, que contin\u00faa trabajando para la realizaci\u00f3n de actividades a puertas cerradas. Seg\u00fan informaci\u00f3n recibida por La Hora del Campo,\u2026","rel":"","context":"En \u00abActualidad\u00bb","block_context":{"text":"Actualidad","link":"https:\/\/lahoradelcampo.com.uy\/site\/category\/actualidad\/"},"img":{"alt_text":"","src":"https:\/\/i0.wp.com\/lahoradelcampo.com.uy\/site\/wp-content\/uploads\/2019\/09\/Angus-Prado.jpg?fit=880%2C440&ssl=1&resize=350%2C200","width":350,"height":200,"srcset":"https:\/\/i0.wp.com\/lahoradelcampo.com.uy\/site\/wp-content\/uploads\/2019\/09\/Angus-Prado.jpg?fit=880%2C440&ssl=1&resize=350%2C200 1x, https:\/\/i0.wp.com\/lahoradelcampo.com.uy\/site\/wp-content\/uploads\/2019\/09\/Angus-Prado.jpg?fit=880%2C440&ssl=1&resize=525%2C300 1.5x, https:\/\/i0.wp.com\/lahoradelcampo.com.uy\/site\/wp-content\/uploads\/2019\/09\/Angus-Prado.jpg?fit=880%2C440&ssl=1&resize=700%2C400 2x"},"classes":[]},{"id":45247,"url":"https:\/\/lahoradelcampo.com.uy\/site\/conozca-la-agenda-de-calificaciones-de-la-expo-prado-2022\/","url_meta":{"origin":32906,"position":3},"title":"Conozca la agenda de calificaciones de la Expo Prado 2022","author":"La Hora del Campo","date":"5 septiembre, 2022","format":false,"excerpt":"El \u00e1rea ganadera mostr\u00f3 un incremento del 10% en la cantidad de animales inscriptos, seg\u00fan inform\u00f3 el director de Exposiciones, Ing. Rafael Ferber, quien destac\u00f3 la participaci\u00f3n de la raza Brahman este a\u00f1o y el crecimiento en las diferentes razas carniceras en la especie ovina. \"Los ovinos con lana mantienen\u2026","rel":"","context":"En \u00abActualidad\u00bb","block_context":{"text":"Actualidad","link":"https:\/\/lahoradelcampo.com.uy\/site\/category\/actualidad\/"},"img":{"alt_text":"","src":"https:\/\/i0.wp.com\/lahoradelcampo.com.uy\/site\/wp-content\/uploads\/2021\/06\/expoprado.jpg?fit=880%2C440&ssl=1&resize=350%2C200","width":350,"height":200,"srcset":"https:\/\/i0.wp.com\/lahoradelcampo.com.uy\/site\/wp-content\/uploads\/2021\/06\/expoprado.jpg?fit=880%2C440&ssl=1&resize=350%2C200 1x, https:\/\/i0.wp.com\/lahoradelcampo.com.uy\/site\/wp-content\/uploads\/2021\/06\/expoprado.jpg?fit=880%2C440&ssl=1&resize=525%2C300 1.5x, https:\/\/i0.wp.com\/lahoradelcampo.com.uy\/site\/wp-content\/uploads\/2021\/06\/expoprado.jpg?fit=880%2C440&ssl=1&resize=700%2C400 2x"},"classes":[]},{"id":9883,"url":"https:\/\/lahoradelcampo.com.uy\/site\/bordaberry-sera-el-jurado-de-la-exposicion-nacional-hereford\/","url_meta":{"origin":32906,"position":4},"title":"Bordaberry ser\u00e1 el jurado de la Exposici\u00f3n Nacional Hereford","author":"La Hora del Campo","date":"17 abril, 2019","format":false,"excerpt":"La Sociedad de Criadores de Hereford del Uruguay realizar\u00e1 los d\u00edas 10 y 11 de mayo, su segunda Exposici\u00f3n Nacional de la raza, este a\u00f1o en el predio de la Sociedad Agropecuaria de Cerro Largo. El viernes 10 de mayo se realizar\u00e1 un remate virtual y presencial de ganados de\u2026","rel":"","context":"En \u00abActualidad\u00bb","block_context":{"text":"Actualidad","link":"https:\/\/lahoradelcampo.com.uy\/site\/category\/actualidad\/"},"img":{"alt_text":"","src":"https:\/\/i0.wp.com\/lahoradelcampo.com.uy\/site\/wp-content\/uploads\/2019\/04\/Hereford.jpg?fit=880%2C440&ssl=1&resize=350%2C200","width":350,"height":200,"srcset":"https:\/\/i0.wp.com\/lahoradelcampo.com.uy\/site\/wp-content\/uploads\/2019\/04\/Hereford.jpg?fit=880%2C440&ssl=1&resize=350%2C200 1x, https:\/\/i0.wp.com\/lahoradelcampo.com.uy\/site\/wp-content\/uploads\/2019\/04\/Hereford.jpg?fit=880%2C440&ssl=1&resize=525%2C300 1.5x, https:\/\/i0.wp.com\/lahoradelcampo.com.uy\/site\/wp-content\/uploads\/2019\/04\/Hereford.jpg?fit=880%2C440&ssl=1&resize=700%2C400 2x"},"classes":[]},{"id":32998,"url":"https:\/\/lahoradelcampo.com.uy\/site\/los-ovinos-mantendran-el-doble-turno-en-la-expo-prado-2021\/","url_meta":{"origin":32906,"position":5},"title":"Los ovinos mantendr\u00e1n el doble turno en la Expo Prado 2021","author":"La Hora del Campo","date":"12 agosto, 2021","format":false,"excerpt":"Poco a poco se va acercando la 116\u00aa Exposici\u00f3n internacional de ganader\u00eda, muestra agroindustrial y comercial, la Expo Prado 2021, la gremial organizadora dio a conocer el cronograma ganadero que como ya se ha mencionado, tendr\u00e1 variantes respecto a a\u00f1os anteriores, con menor cantidad de d\u00edas, pero adem\u00e1s con la\u2026","rel":"","context":"En \u00abActualidad\u00bb","block_context":{"text":"Actualidad","link":"https:\/\/lahoradelcampo.com.uy\/site\/category\/actualidad\/"},"img":{"alt_text":"","src":"https:\/\/i0.wp.com\/lahoradelcampo.com.uy\/site\/wp-content\/uploads\/2019\/09\/ideal-prado.jpg?fit=880%2C440&ssl=1&resize=350%2C200","width":350,"height":200,"srcset":"https:\/\/i0.wp.com\/lahoradelcampo.com.uy\/site\/wp-content\/uploads\/2019\/09\/ideal-prado.jpg?fit=880%2C440&ssl=1&resize=350%2C200 1x, https:\/\/i0.wp.com\/lahoradelcampo.com.uy\/site\/wp-content\/uploads\/2019\/09\/ideal-prado.jpg?fit=880%2C440&ssl=1&resize=525%2C300 1.5x, https:\/\/i0.wp.com\/lahoradelcampo.com.uy\/site\/wp-content\/uploads\/2019\/09\/ideal-prado.jpg?fit=880%2C440&ssl=1&resize=700%2C400 2x"},"classes":[]}],"jetpack_likes_enabled":true,"_links":{"self":[{"href":"https:\/\/lahoradelcampo.com.uy\/site\/wp-json\/wp\/v2\/posts\/32906","targetHints":{"allow":["GET"]}}],"collection":[{"href":"https:\/\/lahoradelcampo.com.uy\/site\/wp-json\/wp\/v2\/posts"}],"about":[{"href":"https:\/\/lahoradelcampo.com.uy\/site\/wp-json\/wp\/v2\/types\/post"}],"author":[{"embeddable":true,"href":"https:\/\/lahoradelcampo.com.uy\/site\/wp-json\/wp\/v2\/users\/5"}],"replies":[{"embeddable":true,"href":"https:\/\/lahoradelcampo.com.uy\/site\/wp-json\/wp\/v2\/comments?post=32906"}],"version-history":[{"count":1,"href":"https:\/\/lahoradelcampo.com.uy\/site\/wp-json\/wp\/v2\/posts\/32906\/revisions"}],"predecessor-version":[{"id":32910,"href":"https:\/\/lahoradelcampo.com.uy\/site\/wp-json\/wp\/v2\/posts\/32906\/revisions\/32910"}],"wp:featuredmedia":[{"embeddable":true,"href":"https:\/\/lahoradelcampo.com.uy\/site\/wp-json\/wp\/v2\/media\/32908"}],"wp:attachment":[{"href":"https:\/\/lahoradelcampo.com.uy\/site\/wp-json\/wp\/v2\/media?parent=32906"}],"wp:term":[{"taxonomy":"category","embeddable":true,"href":"https:\/\/lahoradelcampo.com.uy\/site\/wp-json\/wp\/v2\/categories?post=32906"},{"taxonomy":"post_tag","embeddable":true,"href":"https:\/\/lahoradelcampo.com.uy\/site\/wp-json\/wp\/v2\/tags?post=32906"}],"curies":[{"name":"wp","href":"https:\/\/api.w.org\/{rel}","templated":true}]}}