{"id":32900,"date":"2021-08-10T07:39:32","date_gmt":"2021-08-10T10:39:32","guid":{"rendered":"http:\/\/lahoradelcampo.com.uy\/site\/?p=32900"},"modified":"2021-08-10T07:39:37","modified_gmt":"2021-08-10T10:39:37","slug":"jovenes-realizaron-el-primer-taller-virtual-de-agosto","status":"publish","type":"post","link":"https:\/\/lahoradelcampo.com.uy\/site\/jovenes-realizaron-el-primer-taller-virtual-de-agosto\/","title":{"rendered":"J\u00f3venes realizaron el primer taller virtual de agosto"},"content":{"rendered":"\n<figure class=\"wp-block-image\"><img data-recalc-dims=\"1\" loading=\"lazy\" decoding=\"async\" width=\"810\" height=\"405\" data-attachment-id=\"32902\" data-permalink=\"https:\/\/lahoradelcampo.com.uy\/site\/jovenes-realizaron-el-primer-taller-virtual-de-agosto\/jovenes-3\/\" data-orig-file=\"https:\/\/i0.wp.com\/lahoradelcampo.com.uy\/site\/wp-content\/uploads\/2021\/08\/jovenes.jpg?fit=880%2C440&amp;ssl=1\" data-orig-size=\"880,440\" data-comments-opened=\"1\" data-image-meta=\"{&quot;aperture&quot;:&quot;0&quot;,&quot;credit&quot;:&quot;&quot;,&quot;camera&quot;:&quot;&quot;,&quot;caption&quot;:&quot;&quot;,&quot;created_timestamp&quot;:&quot;0&quot;,&quot;copyright&quot;:&quot;&quot;,&quot;focal_length&quot;:&quot;0&quot;,&quot;iso&quot;:&quot;0&quot;,&quot;shutter_speed&quot;:&quot;0&quot;,&quot;title&quot;:&quot;&quot;,&quot;orientation&quot;:&quot;1&quot;}\" data-image-title=\"jovenes\" data-image-description=\"\" data-image-caption=\"\" data-large-file=\"https:\/\/i0.wp.com\/lahoradelcampo.com.uy\/site\/wp-content\/uploads\/2021\/08\/jovenes.jpg?fit=810%2C405&amp;ssl=1\" src=\"https:\/\/i0.wp.com\/lahoradelcampo.com.uy\/site\/wp-content\/uploads\/2021\/08\/jovenes.jpg?resize=810%2C405\" alt=\"\" class=\"wp-image-32902\" srcset=\"https:\/\/i0.wp.com\/lahoradelcampo.com.uy\/site\/wp-content\/uploads\/2021\/08\/jovenes.jpg?w=880&amp;ssl=1 880w, https:\/\/i0.wp.com\/lahoradelcampo.com.uy\/site\/wp-content\/uploads\/2021\/08\/jovenes.jpg?resize=300%2C150&amp;ssl=1 300w, https:\/\/i0.wp.com\/lahoradelcampo.com.uy\/site\/wp-content\/uploads\/2021\/08\/jovenes.jpg?resize=768%2C384&amp;ssl=1 768w, https:\/\/i0.wp.com\/lahoradelcampo.com.uy\/site\/wp-content\/uploads\/2021\/08\/jovenes.jpg?resize=820%2C410&amp;ssl=1 820w\" sizes=\"auto, (max-width: 810px) 100vw, 810px\" \/><\/figure>\n\n\n\n<p>El pasado viernes 6 de agosto se realiz\u00f3 de forma virtual el primero de los 5 talleres programados para este mes donde j\u00f3venes rurales expresaran sus necesidades y propongan ideas que ser\u00e1n presentadas a las autoridades. <\/p>\n\n\n\n<p>El primer encuentro en el sur del pa\u00eds, tuvo como protagonista a Micaela Waller es una joven rural del departamento de Colonia, de la zona entre Colonia Valdense y Nueva Helvecia donde vive con su familia que tiene un establecimiento dedicado a la agricultura y la ganader\u00eda. Tiene 23 a\u00f1os, estudia Agronom\u00eda, y est\u00e1 vinculada a Cradeco, organizaci\u00f3n local de su zona, que es parte de CAF (Cooperativas Agrarias Federadas).<br><\/p>\n\n\n\n<p>Los talleres tienen como finalidad lograr la mayor participaci\u00f3n de j\u00f3venes rurales para que expresen sus demandas y necesidades, en el marco del trabajo comenzado el a\u00f1o 2020 por la Comisi\u00f3n Honoraria de la Juventud Rural (CHJR), donde se definieron los principales ejes tem\u00e1ticos relevantes para las juventudes rurales de todo el territorio.<br><\/p>\n\n\n\n<p>Micaela nos cuenta que \u201cel taller consisti\u00f3 en identificar propuestas en cuanto a diferentes ejes tem\u00e1ticos que se hab\u00edan tratado en talleres del a\u00f1o pasado cuando se reinstaur\u00f3 la Comisi\u00f3n\u2026, donde hab\u00edan surgido diferentes temas que eran de inter\u00e9s para los j\u00f3venes, como acceso a tierra y recursos productivos, modos de producci\u00f3n, participaci\u00f3n y organizaci\u00f3n, y acceso a servicios y calidad de vida\u201d. <\/p>\n\n\n\n<p>La idea es encontrar propuestas de los propios j\u00f3venes para responder esas demandas,  que puedan brindar oportunidades para quedarse en el campo y desarrollar sus primeros emprendimientos productivos, con apoyos del Estado y otras instituciones.<br><\/p>\n\n\n\n<p>Micaela resalt\u00f3 que participaron pocos j\u00f3venes y \u201cestaba dentro de lo esperado por la zona en la que se hizo\u201d, y que \u201cse sacaron muy buenas ideas\u201d, entre las que se destacan \u201ccon mayor inter\u00e9s de los j\u00f3venes de que se busquen soluciones es en el de acceso a tierras y recursos productivos, que ya se hab\u00eda planteado el a\u00f1o pasado como problem\u00e1tica es que los j\u00f3venes no tienen recursos para acceder a campos\u201d, si bien reconoce que ha habido llamado del Instituto Nacional de Colonizaci\u00f3n (INC) exclusivos para j\u00f3venes rurales, pero que no son suficientes; as\u00ed como el acceso a cr\u00e9ditos y pr\u00e9stamos blandos.<br><\/p>\n\n\n\n<p>Todos los insumos, ideas y propuestas generadas en estos talleres, se sistematizar\u00e1n en un documento que ser\u00e1 presentado por la Comisi\u00f3n Honoraria de la Juventud Rural (CHJR),  invitada por la Vicepresidencia de la Rep\u00fablica a sesionar en el Parlamento, el pr\u00f3ximo 27 de agosto para conmemorar el D\u00eda Nacional de la Juventud Rural.<\/p>\n\n\n\n<p>Salto, 10 de agosto de 2021<\/p>\n","protected":false},"excerpt":{"rendered":"<p>El pasado viernes 6 de agosto se realiz\u00f3 de forma virtual el primero de los 5 talleres programados para este mes donde j\u00f3venes rurales expresaran sus necesidades y propongan ideas [&hellip;]<\/p>\n","protected":false},"author":5,"featured_media":32902,"comment_status":"open","ping_status":"open","sticky":false,"template":"","format":"standard","meta":{"_price":"","_stock":"","_tribe_ticket_header":"","_tribe_default_ticket_provider":"","_tribe_ticket_capacity":"0","_ticket_start_date":"","_ticket_end_date":"","_tribe_ticket_show_description":"","_tribe_ticket_show_not_going":false,"_tribe_ticket_use_global_stock":"","_tribe_ticket_global_stock_level":"","_global_stock_mode":"","_global_stock_cap":"","_tribe_rsvp_for_event":"","_tribe_ticket_going_count":"","_tribe_ticket_not_going_count":"","_tribe_tickets_list":"[]","_tribe_ticket_has_attendee_info_fields":false,"h5ap_radio_sources":[],"_jetpack_newsletter_access":"","_jetpack_dont_email_post_to_subs":false,"_jetpack_newsletter_tier_id":0,"_jetpack_memberships_contains_paywalled_content":false,"_jetpack_memberships_contains_paid_content":false,"footnotes":""},"categories":[21,7],"tags":[],"class_list":["post-32900","post","type-post","status-publish","format-standard","has-post-thumbnail","hentry","category-actualidad","category-agricultura"],"jetpack_featured_media_url":"https:\/\/i0.wp.com\/lahoradelcampo.com.uy\/site\/wp-content\/uploads\/2021\/08\/jovenes.jpg?fit=880%2C440&ssl=1","jetpack_sharing_enabled":true,"jetpack_shortlink":"https:\/\/wp.me\/p99IaT-8yE","jetpack-related-posts":[{"id":33583,"url":"https:\/\/lahoradelcampo.com.uy\/site\/jovenes-rurales-de-salto-celebraron-el-mes-de-las-juventudes-rurales\/","url_meta":{"origin":32900,"position":0},"title":"J\u00f3venes rurales de Salto celebraron el Mes de las Juventudes Rurales","author":"La Hora del Campo","date":"1 septiembre, 2021","format":false,"excerpt":"La Direcci\u00f3n de Desarrollo Rural del MGAP impulsa pol\u00edticas de apoyo, y visibilizaci\u00f3n de los j\u00f3venes rurales. M\u00e1s all\u00e1 del llamado \u201cLa Buj\u00eda\u201d, que estuvo destinado a propuestas productivas de la juventud rural, recientemente se dispuso de una herramienta \u201cNuestro tiempo es ahora\u201d, que b\u00e1sicamente son fondos que promueven la\u2026","rel":"","context":"En \u00abActualidad\u00bb","block_context":{"text":"Actualidad","link":"https:\/\/lahoradelcampo.com.uy\/site\/category\/actualidad\/"},"img":{"alt_text":"","src":"https:\/\/i0.wp.com\/lahoradelcampo.com.uy\/site\/wp-content\/uploads\/2021\/09\/jovensalto.jpg?fit=880%2C440&ssl=1&resize=350%2C200","width":350,"height":200,"srcset":"https:\/\/i0.wp.com\/lahoradelcampo.com.uy\/site\/wp-content\/uploads\/2021\/09\/jovensalto.jpg?fit=880%2C440&ssl=1&resize=350%2C200 1x, https:\/\/i0.wp.com\/lahoradelcampo.com.uy\/site\/wp-content\/uploads\/2021\/09\/jovensalto.jpg?fit=880%2C440&ssl=1&resize=525%2C300 1.5x, https:\/\/i0.wp.com\/lahoradelcampo.com.uy\/site\/wp-content\/uploads\/2021\/09\/jovensalto.jpg?fit=880%2C440&ssl=1&resize=700%2C400 2x"},"classes":[]},{"id":32852,"url":"https:\/\/lahoradelcampo.com.uy\/site\/jovenes-festejaran-su-dia-en-el-parlamento\/","url_meta":{"origin":32900,"position":1},"title":"J\u00f3venes festejar\u00e1n su d\u00eda en el Parlamento","author":"La Hora del Campo","date":"9 agosto, 2021","format":false,"excerpt":"Desde hace varios a\u00f1os, el 27 de agosto se celebra el D\u00eda Nacional de la Juventud Rural en Uruguay. Con el fin de reconocer la trayectoria de las diversas juventudes rurales, el Estado uruguayo ha designado ese d\u00eda para poner en agenda y dar visibilidad a este sector de la\u2026","rel":"","context":"En \u00abActualidad\u00bb","block_context":{"text":"Actualidad","link":"https:\/\/lahoradelcampo.com.uy\/site\/category\/actualidad\/"},"img":{"alt_text":"","src":"https:\/\/i0.wp.com\/lahoradelcampo.com.uy\/site\/wp-content\/uploads\/2021\/08\/juventud.jpg?fit=880%2C440&ssl=1&resize=350%2C200","width":350,"height":200,"srcset":"https:\/\/i0.wp.com\/lahoradelcampo.com.uy\/site\/wp-content\/uploads\/2021\/08\/juventud.jpg?fit=880%2C440&ssl=1&resize=350%2C200 1x, https:\/\/i0.wp.com\/lahoradelcampo.com.uy\/site\/wp-content\/uploads\/2021\/08\/juventud.jpg?fit=880%2C440&ssl=1&resize=525%2C300 1.5x, https:\/\/i0.wp.com\/lahoradelcampo.com.uy\/site\/wp-content\/uploads\/2021\/08\/juventud.jpg?fit=880%2C440&ssl=1&resize=700%2C400 2x"},"classes":[]},{"id":33096,"url":"https:\/\/lahoradelcampo.com.uy\/site\/hay-que-generar-mas-oportunidades-para-que-los-jovenes-puedan-emprender\/","url_meta":{"origin":32900,"position":2},"title":"Hay que \u00abgenerar m\u00e1s oportunidades para que los j\u00f3venes puedan emprender\u00bb","author":"La Hora del Campo","date":"16 agosto, 2021","format":false,"excerpt":"Evelyne Laborda es de Soriano, de paraje Duraznito. Es Licenciada en Gesti\u00f3n Agropecuaria, hija de productores lecheros. Actualmente es la secretaria del grupo de j\u00f3venes de la Asociaci\u00f3n Nacional de Productores de Leche (ANPL). Nos cuenta sobre los desaf\u00edos que enfrentan los j\u00f3venes que eligen vivir en el campo. \u201cCreo\u2026","rel":"","context":"En \u00abActualidad\u00bb","block_context":{"text":"Actualidad","link":"https:\/\/lahoradelcampo.com.uy\/site\/category\/actualidad\/"},"img":{"alt_text":"","src":"https:\/\/i0.wp.com\/lahoradelcampo.com.uy\/site\/wp-content\/uploads\/2021\/08\/jovenesmgap.jpg?fit=880%2C440&ssl=1&resize=350%2C200","width":350,"height":200,"srcset":"https:\/\/i0.wp.com\/lahoradelcampo.com.uy\/site\/wp-content\/uploads\/2021\/08\/jovenesmgap.jpg?fit=880%2C440&ssl=1&resize=350%2C200 1x, https:\/\/i0.wp.com\/lahoradelcampo.com.uy\/site\/wp-content\/uploads\/2021\/08\/jovenesmgap.jpg?fit=880%2C440&ssl=1&resize=525%2C300 1.5x, https:\/\/i0.wp.com\/lahoradelcampo.com.uy\/site\/wp-content\/uploads\/2021\/08\/jovenesmgap.jpg?fit=880%2C440&ssl=1&resize=700%2C400 2x"},"classes":[]},{"id":3697,"url":"https:\/\/lahoradelcampo.com.uy\/site\/16o-festival-huellas-de-tradicion-en-colonia-lavalleja\/","url_meta":{"origin":32900,"position":3},"title":"16\u00ba festival \u00abHuellas de Tradici\u00f3n\u00bb en Colonia Lavalleja","author":"La Hora del Campo","date":"7 noviembre, 2017","format":false,"excerpt":"El 11 y 12 de noviembre se realizar\u00e1 por decimosexto a\u00f1o consecutivo el festival \u201cHuellas de Tradici\u00f3n\u201d en Colonia Lavalleja, organizado por el liceo de la localidad junto a la escuela N\u00ba18. En oportunidad del lanzamiento, el Prof. Ricardo Alpuy, como referente del liceo, invit\u00f3 a participar y disfrutar de\u2026","rel":"","context":"En \u00abActualidad\u00bb","block_context":{"text":"Actualidad","link":"https:\/\/lahoradelcampo.com.uy\/site\/category\/actualidad\/"},"img":{"alt_text":"","src":"https:\/\/i0.wp.com\/lahoradelcampo.com.uy\/site\/wp-content\/uploads\/2017\/11\/Huelladetradicion.jpg?fit=880%2C440&ssl=1&resize=350%2C200","width":350,"height":200,"srcset":"https:\/\/i0.wp.com\/lahoradelcampo.com.uy\/site\/wp-content\/uploads\/2017\/11\/Huelladetradicion.jpg?fit=880%2C440&ssl=1&resize=350%2C200 1x, https:\/\/i0.wp.com\/lahoradelcampo.com.uy\/site\/wp-content\/uploads\/2017\/11\/Huelladetradicion.jpg?fit=880%2C440&ssl=1&resize=525%2C300 1.5x, https:\/\/i0.wp.com\/lahoradelcampo.com.uy\/site\/wp-content\/uploads\/2017\/11\/Huelladetradicion.jpg?fit=880%2C440&ssl=1&resize=700%2C400 2x"},"classes":[]},{"id":54594,"url":"https:\/\/lahoradelcampo.com.uy\/site\/mgap-celebro-los-20-anos-del-programa-de-microcredito-rural\/","url_meta":{"origin":32900,"position":4},"title":"MGAP celebr\u00f3 los 20 a\u00f1os del Programa de Microcr\u00e9dito Rural","author":"La Hora del Campo","date":"17 septiembre, 2024","format":false,"excerpt":"En el marco de la Expo Prado 2024, se celebraron los 20 a\u00f1os del Programa Microcr\u00e9dito Rural (PMR), una iniciativa clave del Ministerio de Ganader\u00eda, Agricultura y Pesca (MGAP) y Fundasol, destinada a brindar acceso a cr\u00e9dito a la poblaci\u00f3n rural uruguaya. La conferencia, realizada el mi\u00e9rcoles 11 de septiembre,\u2026","rel":"","context":"En \u00abActualidad\u00bb","block_context":{"text":"Actualidad","link":"https:\/\/lahoradelcampo.com.uy\/site\/category\/actualidad\/"},"img":{"alt_text":"","src":"https:\/\/i0.wp.com\/lahoradelcampo.com.uy\/site\/wp-content\/uploads\/2024\/09\/MicrocreditoMGAP.jpg?fit=880%2C440&ssl=1&resize=350%2C200","width":350,"height":200,"srcset":"https:\/\/i0.wp.com\/lahoradelcampo.com.uy\/site\/wp-content\/uploads\/2024\/09\/MicrocreditoMGAP.jpg?fit=880%2C440&ssl=1&resize=350%2C200 1x, https:\/\/i0.wp.com\/lahoradelcampo.com.uy\/site\/wp-content\/uploads\/2024\/09\/MicrocreditoMGAP.jpg?fit=880%2C440&ssl=1&resize=525%2C300 1.5x, https:\/\/i0.wp.com\/lahoradelcampo.com.uy\/site\/wp-content\/uploads\/2024\/09\/MicrocreditoMGAP.jpg?fit=880%2C440&ssl=1&resize=700%2C400 2x"},"classes":[]},{"id":13242,"url":"https:\/\/lahoradelcampo.com.uy\/site\/115-familias-y-tres-escuelas-rurales-de-salto-recibiran-luz-electrica\/","url_meta":{"origin":32900,"position":5},"title":"115 familias y tres escuelas rurales de Salto recibir\u00e1n luz el\u00e9ctrica","author":"La Hora del Campo","date":"3 agosto, 2019","format":false,"excerpt":"Luego de una ardua trabajo de los productores de Colonia Las Flores, Cuchilla de Ca\u00f1a y Guaviy\u00fa de Arapey conjuntamente con el Director Departamental del Ministerio de Ganader\u00eda, Agricultura y Pesca en Salto, Mijail Pastorino, en la jornada de ayer se dio un paso muy importante en la b\u00fasqueda de\u2026","rel":"","context":"En \u00abActualidad\u00bb","block_context":{"text":"Actualidad","link":"https:\/\/lahoradelcampo.com.uy\/site\/category\/actualidad\/"},"img":{"alt_text":"","src":"https:\/\/i0.wp.com\/lahoradelcampo.com.uy\/site\/wp-content\/uploads\/2019\/08\/electrificacion.jpg?fit=880%2C440&ssl=1&resize=350%2C200","width":350,"height":200,"srcset":"https:\/\/i0.wp.com\/lahoradelcampo.com.uy\/site\/wp-content\/uploads\/2019\/08\/electrificacion.jpg?fit=880%2C440&ssl=1&resize=350%2C200 1x, https:\/\/i0.wp.com\/lahoradelcampo.com.uy\/site\/wp-content\/uploads\/2019\/08\/electrificacion.jpg?fit=880%2C440&ssl=1&resize=525%2C300 1.5x, https:\/\/i0.wp.com\/lahoradelcampo.com.uy\/site\/wp-content\/uploads\/2019\/08\/electrificacion.jpg?fit=880%2C440&ssl=1&resize=700%2C400 2x"},"classes":[]}],"jetpack_likes_enabled":true,"_links":{"self":[{"href":"https:\/\/lahoradelcampo.com.uy\/site\/wp-json\/wp\/v2\/posts\/32900","targetHints":{"allow":["GET"]}}],"collection":[{"href":"https:\/\/lahoradelcampo.com.uy\/site\/wp-json\/wp\/v2\/posts"}],"about":[{"href":"https:\/\/lahoradelcampo.com.uy\/site\/wp-json\/wp\/v2\/types\/post"}],"author":[{"embeddable":true,"href":"https:\/\/lahoradelcampo.com.uy\/site\/wp-json\/wp\/v2\/users\/5"}],"replies":[{"embeddable":true,"href":"https:\/\/lahoradelcampo.com.uy\/site\/wp-json\/wp\/v2\/comments?post=32900"}],"version-history":[{"count":1,"href":"https:\/\/lahoradelcampo.com.uy\/site\/wp-json\/wp\/v2\/posts\/32900\/revisions"}],"predecessor-version":[{"id":32904,"href":"https:\/\/lahoradelcampo.com.uy\/site\/wp-json\/wp\/v2\/posts\/32900\/revisions\/32904"}],"wp:featuredmedia":[{"embeddable":true,"href":"https:\/\/lahoradelcampo.com.uy\/site\/wp-json\/wp\/v2\/media\/32902"}],"wp:attachment":[{"href":"https:\/\/lahoradelcampo.com.uy\/site\/wp-json\/wp\/v2\/media?parent=32900"}],"wp:term":[{"taxonomy":"category","embeddable":true,"href":"https:\/\/lahoradelcampo.com.uy\/site\/wp-json\/wp\/v2\/categories?post=32900"},{"taxonomy":"post_tag","embeddable":true,"href":"https:\/\/lahoradelcampo.com.uy\/site\/wp-json\/wp\/v2\/tags?post=32900"}],"curies":[{"name":"wp","href":"https:\/\/api.w.org\/{rel}","templated":true}]}}