{"id":32886,"date":"2021-08-09T11:49:57","date_gmt":"2021-08-09T14:49:57","guid":{"rendered":"http:\/\/lahoradelcampo.com.uy\/site\/?p=32886"},"modified":"2021-08-09T11:50:08","modified_gmt":"2021-08-09T14:50:08","slug":"brasil-registra-exportaciones-records-de-harina-de-soja","status":"publish","type":"post","link":"https:\/\/lahoradelcampo.com.uy\/site\/brasil-registra-exportaciones-records-de-harina-de-soja\/","title":{"rendered":"Brasil registra exportaciones r\u00e9cords de harina de soja"},"content":{"rendered":"\n<figure class=\"wp-block-image\"><img data-recalc-dims=\"1\" loading=\"lazy\" decoding=\"async\" width=\"810\" height=\"405\" data-attachment-id=\"32888\" data-permalink=\"https:\/\/lahoradelcampo.com.uy\/site\/brasil-registra-exportaciones-records-de-harina-de-soja\/harinasoja\/\" data-orig-file=\"https:\/\/i0.wp.com\/lahoradelcampo.com.uy\/site\/wp-content\/uploads\/2021\/08\/Harinasoja.jpg?fit=880%2C440&amp;ssl=1\" data-orig-size=\"880,440\" data-comments-opened=\"1\" data-image-meta=\"{&quot;aperture&quot;:&quot;0&quot;,&quot;credit&quot;:&quot;&quot;,&quot;camera&quot;:&quot;&quot;,&quot;caption&quot;:&quot;&quot;,&quot;created_timestamp&quot;:&quot;0&quot;,&quot;copyright&quot;:&quot;&quot;,&quot;focal_length&quot;:&quot;0&quot;,&quot;iso&quot;:&quot;0&quot;,&quot;shutter_speed&quot;:&quot;0&quot;,&quot;title&quot;:&quot;&quot;,&quot;orientation&quot;:&quot;1&quot;}\" data-image-title=\"Harinasoja\" data-image-description=\"\" data-image-caption=\"\" data-large-file=\"https:\/\/i0.wp.com\/lahoradelcampo.com.uy\/site\/wp-content\/uploads\/2021\/08\/Harinasoja.jpg?fit=810%2C405&amp;ssl=1\" src=\"https:\/\/i0.wp.com\/lahoradelcampo.com.uy\/site\/wp-content\/uploads\/2021\/08\/Harinasoja.jpg?resize=810%2C405\" alt=\"\" class=\"wp-image-32888\" srcset=\"https:\/\/i0.wp.com\/lahoradelcampo.com.uy\/site\/wp-content\/uploads\/2021\/08\/Harinasoja.jpg?w=880&amp;ssl=1 880w, https:\/\/i0.wp.com\/lahoradelcampo.com.uy\/site\/wp-content\/uploads\/2021\/08\/Harinasoja.jpg?resize=300%2C150&amp;ssl=1 300w, https:\/\/i0.wp.com\/lahoradelcampo.com.uy\/site\/wp-content\/uploads\/2021\/08\/Harinasoja.jpg?resize=768%2C384&amp;ssl=1 768w, https:\/\/i0.wp.com\/lahoradelcampo.com.uy\/site\/wp-content\/uploads\/2021\/08\/Harinasoja.jpg?resize=820%2C410&amp;ssl=1 820w\" sizes=\"auto, (max-width: 810px) 100vw, 810px\" \/><\/figure>\n\n\n\n<p>La demanda externa por harina de soja en Brasil, volvi\u00f3 a\nincrementarse, llevando las exportaciones a alcanzar el mayor volumen desde\n2004 para el mes de julio, seg\u00fan el Centro de Estudios en Econom\u00eda Aplicada de\nla Universidad de San Pablo (Cepea). Este escenario gener\u00f3 un aumento en las\nprimas de exportaci\u00f3n, disminuci\u00f3n de la oferta de grandes vol\u00famenes por parte\nde las industrias en el mercado interno y el avance de los precios en Brasil\npara la harina de soja. <\/p>\n\n\n\n<p>Seg\u00fan los datos publicados por la Secretaria de Comercio\nExterior de Brasil (Secex), durante el s\u00e9ptimo mes del a\u00f1o, el pa\u00eds norte\u00f1o\nexport\u00f3 1,987 mill\u00f3n de toneladas de este producto derivado de la oleaginosa.\nEs el mayor volumen desde junio de 2004, cuando las ventas al exterior sumaron\nm\u00e1s de dos millones de toneladas. <\/p>\n","protected":false},"excerpt":{"rendered":"<p>La demanda externa por harina de soja en Brasil, volvi\u00f3 a incrementarse, llevando las exportaciones a alcanzar el mayor volumen desde 2004 para el mes de julio, seg\u00fan el Centro [&hellip;]<\/p>\n","protected":false},"author":5,"featured_media":32888,"comment_status":"open","ping_status":"open","sticky":false,"template":"","format":"standard","meta":{"_price":"","_stock":"","_tribe_ticket_header":"","_tribe_default_ticket_provider":"","_tribe_ticket_capacity":"0","_ticket_start_date":"","_ticket_end_date":"","_tribe_ticket_show_description":"","_tribe_ticket_show_not_going":false,"_tribe_ticket_use_global_stock":"","_tribe_ticket_global_stock_level":"","_global_stock_mode":"","_global_stock_cap":"","_tribe_rsvp_for_event":"","_tribe_ticket_going_count":"","_tribe_ticket_not_going_count":"","_tribe_tickets_list":"[]","_tribe_ticket_has_attendee_info_fields":false,"h5ap_radio_sources":[],"_jetpack_newsletter_access":"","_jetpack_dont_email_post_to_subs":false,"_jetpack_newsletter_tier_id":0,"_jetpack_memberships_contains_paywalled_content":false,"_jetpack_memberships_contains_paid_content":false,"footnotes":""},"categories":[15],"tags":[],"class_list":["post-32886","post","type-post","status-publish","format-standard","has-post-thumbnail","hentry","category-columnistas"],"jetpack_featured_media_url":"https:\/\/i0.wp.com\/lahoradelcampo.com.uy\/site\/wp-content\/uploads\/2021\/08\/Harinasoja.jpg?fit=880%2C440&ssl=1","jetpack_sharing_enabled":true,"jetpack_shortlink":"https:\/\/wp.me\/p99IaT-8yq","jetpack-related-posts":[{"id":26382,"url":"https:\/\/lahoradelcampo.com.uy\/site\/brasil-con-precios-records-para-la-soja-debido-a-las-ventas-anticipadas\/","url_meta":{"origin":32886,"position":0},"title":"Brasil con precios r\u00e9cords para la soja debido a las ventas anticipadas","author":"La Hora del Campo","date":"28 diciembre, 2020","format":false,"excerpt":"Debido a que una importante parte de la zafra 2019\/2020 ya hab\u00eda sido comercializada anticipadamente, a\u00fan en el 2019, los productores brasile\u00f1os comenzaron el 2020 con mayor resistencia en las ventas de vol\u00famenes importantes y fueron comercializando de manera de ir cubriendo contratos y cumpliendo con compromisos propios, a la\u2026","rel":"","context":"En \u00abActualidad\u00bb","block_context":{"text":"Actualidad","link":"https:\/\/lahoradelcampo.com.uy\/site\/category\/actualidad\/"},"img":{"alt_text":"","src":"https:\/\/i0.wp.com\/lahoradelcampo.com.uy\/site\/wp-content\/uploads\/2017\/11\/soja.jpg?fit=880%2C440&ssl=1&resize=350%2C200","width":350,"height":200,"srcset":"https:\/\/i0.wp.com\/lahoradelcampo.com.uy\/site\/wp-content\/uploads\/2017\/11\/soja.jpg?fit=880%2C440&ssl=1&resize=350%2C200 1x, https:\/\/i0.wp.com\/lahoradelcampo.com.uy\/site\/wp-content\/uploads\/2017\/11\/soja.jpg?fit=880%2C440&ssl=1&resize=525%2C300 1.5x, https:\/\/i0.wp.com\/lahoradelcampo.com.uy\/site\/wp-content\/uploads\/2017\/11\/soja.jpg?fit=880%2C440&ssl=1&resize=700%2C400 2x"},"classes":[]},{"id":30014,"url":"https:\/\/lahoradelcampo.com.uy\/site\/brasil-debe-exportar-casi-12-millones-de-toneladas-de-soja-en-mayo\/","url_meta":{"origin":32886,"position":1},"title":"Brasil debe exportar casi  12 millones de toneladas de soja en mayo","author":"La Hora del Campo","date":"13 mayo, 2021","format":false,"excerpt":"La Asociaci\u00f3n Nacional de Exportadores de Cereales (ANEC) realiz\u00f3 un relevamiento sobre la cosecha y exportaci\u00f3n de la soja en el vecino pa\u00eds, apuntando un volumen de exportaciones para el mes de mayo cercano a los 12 millones de toneladas. En 2020, las ventas hab\u00edan sumado 13,87 millones, en tanto\u2026","rel":"","context":"En \u00abActualidad\u00bb","block_context":{"text":"Actualidad","link":"https:\/\/lahoradelcampo.com.uy\/site\/category\/actualidad\/"},"img":{"alt_text":"","src":"https:\/\/i0.wp.com\/lahoradelcampo.com.uy\/site\/wp-content\/uploads\/2017\/11\/soja2.jpg?fit=880%2C440&ssl=1&resize=350%2C200","width":350,"height":200,"srcset":"https:\/\/i0.wp.com\/lahoradelcampo.com.uy\/site\/wp-content\/uploads\/2017\/11\/soja2.jpg?fit=880%2C440&ssl=1&resize=350%2C200 1x, https:\/\/i0.wp.com\/lahoradelcampo.com.uy\/site\/wp-content\/uploads\/2017\/11\/soja2.jpg?fit=880%2C440&ssl=1&resize=525%2C300 1.5x, https:\/\/i0.wp.com\/lahoradelcampo.com.uy\/site\/wp-content\/uploads\/2017\/11\/soja2.jpg?fit=880%2C440&ssl=1&resize=700%2C400 2x"},"classes":[]},{"id":27972,"url":"https:\/\/lahoradelcampo.com.uy\/site\/la-soja-sigue-en-alza-los-cereales-lo-hacen-en-menor-medida\/","url_meta":{"origin":32886,"position":2},"title":"La soja sigue en alza, los cereales lo hacen en menor medida","author":"La Hora del Campo","date":"24 febrero, 2021","format":false,"excerpt":"El atraso de la cosecha y de los embarques en Brasil, es uno de los principales factores que incidieron en la operativa de la jornada de ayer en la Bolsa de Comercio de Chicago. A esto tambi\u00e9n se le suman los fuertes incrementos que se vienen registrando en los subproductos\u2026","rel":"","context":"En \u00abActualidad\u00bb","block_context":{"text":"Actualidad","link":"https:\/\/lahoradelcampo.com.uy\/site\/category\/actualidad\/"},"img":{"alt_text":"","src":"https:\/\/i0.wp.com\/lahoradelcampo.com.uy\/site\/wp-content\/uploads\/2018\/04\/soja-web.jpg?fit=880%2C440&ssl=1&resize=350%2C200","width":350,"height":200,"srcset":"https:\/\/i0.wp.com\/lahoradelcampo.com.uy\/site\/wp-content\/uploads\/2018\/04\/soja-web.jpg?fit=880%2C440&ssl=1&resize=350%2C200 1x, https:\/\/i0.wp.com\/lahoradelcampo.com.uy\/site\/wp-content\/uploads\/2018\/04\/soja-web.jpg?fit=880%2C440&ssl=1&resize=525%2C300 1.5x, https:\/\/i0.wp.com\/lahoradelcampo.com.uy\/site\/wp-content\/uploads\/2018\/04\/soja-web.jpg?fit=880%2C440&ssl=1&resize=700%2C400 2x"},"classes":[]},{"id":41731,"url":"https:\/\/lahoradelcampo.com.uy\/site\/soja-malta-y-arroz-suman-el-26-de-las-exportaciones\/","url_meta":{"origin":32886,"position":3},"title":"Soja, malta y arroz suman el 26% de las exportaciones","author":"La Hora del Campo","date":"12 mayo, 2022","format":false,"excerpt":"De acuerdo a la informaci\u00f3n proporcionada por el Instituto Uruguay XXI, las exportaciones de soja, malta y arroz, son responsables por el 26% de la facturaci\u00f3n del pasado mes de abril. A diferencia de 2021, en este a\u00f1o no se realizaron exportaciones de cebada. La soja, fue el segundo producto\u2026","rel":"","context":"En \u00abActualidad\u00bb","block_context":{"text":"Actualidad","link":"https:\/\/lahoradelcampo.com.uy\/site\/category\/actualidad\/"},"img":{"alt_text":"","src":"https:\/\/i0.wp.com\/lahoradelcampo.com.uy\/site\/wp-content\/uploads\/2021\/05\/soja1.jpg?fit=880%2C440&ssl=1&resize=350%2C200","width":350,"height":200,"srcset":"https:\/\/i0.wp.com\/lahoradelcampo.com.uy\/site\/wp-content\/uploads\/2021\/05\/soja1.jpg?fit=880%2C440&ssl=1&resize=350%2C200 1x, https:\/\/i0.wp.com\/lahoradelcampo.com.uy\/site\/wp-content\/uploads\/2021\/05\/soja1.jpg?fit=880%2C440&ssl=1&resize=525%2C300 1.5x, https:\/\/i0.wp.com\/lahoradelcampo.com.uy\/site\/wp-content\/uploads\/2021\/05\/soja1.jpg?fit=880%2C440&ssl=1&resize=700%2C400 2x"},"classes":[]},{"id":29824,"url":"https:\/\/lahoradelcampo.com.uy\/site\/las-ventas-de-soja-al-exterior-cayeron-un-3-en-abril-segun-uruguay-xxi\/","url_meta":{"origin":32886,"position":4},"title":"Las ventas de soja al exterior cayeron un 3% en abril, seg\u00fan Uruguay XXI","author":"La Hora del Campo","date":"8 mayo, 2021","format":false,"excerpt":"Durante el pasado mes de abril, la soja fue el segundo producto de exportaci\u00f3n de Uruguay, detr\u00e1s de la carne vacuna. Si bien la carne lider\u00f3 las subas en los ingresos de divisas al pa\u00eds, la soja a pesar de su aumento de valores que se ha venido observando en\u2026","rel":"","context":"En \u00abActualidad\u00bb","block_context":{"text":"Actualidad","link":"https:\/\/lahoradelcampo.com.uy\/site\/category\/actualidad\/"},"img":{"alt_text":"","src":"https:\/\/i0.wp.com\/lahoradelcampo.com.uy\/site\/wp-content\/uploads\/2021\/05\/soja1.jpg?fit=880%2C440&ssl=1&resize=350%2C200","width":350,"height":200,"srcset":"https:\/\/i0.wp.com\/lahoradelcampo.com.uy\/site\/wp-content\/uploads\/2021\/05\/soja1.jpg?fit=880%2C440&ssl=1&resize=350%2C200 1x, https:\/\/i0.wp.com\/lahoradelcampo.com.uy\/site\/wp-content\/uploads\/2021\/05\/soja1.jpg?fit=880%2C440&ssl=1&resize=525%2C300 1.5x, https:\/\/i0.wp.com\/lahoradelcampo.com.uy\/site\/wp-content\/uploads\/2021\/05\/soja1.jpg?fit=880%2C440&ssl=1&resize=700%2C400 2x"},"classes":[]},{"id":44411,"url":"https:\/\/lahoradelcampo.com.uy\/site\/la-soja-lidero-las-exportaciones-en-el-mes-de-julio\/","url_meta":{"origin":32886,"position":5},"title":"La soja lider\u00f3 las exportaciones en el mes de julio","author":"La Hora del Campo","date":"2 agosto, 2022","format":false,"excerpt":"De acuerdo al an\u00e1lisis de los Documentos \u00danicos de Aduanas (DUAs) realizado por la Uni\u00f3n de Exportadores del Uruguay (UEU), durante el pasado mes de julio las exportaciones uruguayas crecieron un 24,4% en divisas, ingresando al pa\u00eds US$ 1.132 millones. En este total no se suman las ventas que se\u2026","rel":"","context":"En \u00abActualidad\u00bb","block_context":{"text":"Actualidad","link":"https:\/\/lahoradelcampo.com.uy\/site\/category\/actualidad\/"},"img":{"alt_text":"","src":"https:\/\/i0.wp.com\/lahoradelcampo.com.uy\/site\/wp-content\/uploads\/2021\/05\/soja1.jpg?fit=880%2C440&ssl=1&resize=350%2C200","width":350,"height":200,"srcset":"https:\/\/i0.wp.com\/lahoradelcampo.com.uy\/site\/wp-content\/uploads\/2021\/05\/soja1.jpg?fit=880%2C440&ssl=1&resize=350%2C200 1x, https:\/\/i0.wp.com\/lahoradelcampo.com.uy\/site\/wp-content\/uploads\/2021\/05\/soja1.jpg?fit=880%2C440&ssl=1&resize=525%2C300 1.5x, https:\/\/i0.wp.com\/lahoradelcampo.com.uy\/site\/wp-content\/uploads\/2021\/05\/soja1.jpg?fit=880%2C440&ssl=1&resize=700%2C400 2x"},"classes":[]}],"jetpack_likes_enabled":true,"_links":{"self":[{"href":"https:\/\/lahoradelcampo.com.uy\/site\/wp-json\/wp\/v2\/posts\/32886","targetHints":{"allow":["GET"]}}],"collection":[{"href":"https:\/\/lahoradelcampo.com.uy\/site\/wp-json\/wp\/v2\/posts"}],"about":[{"href":"https:\/\/lahoradelcampo.com.uy\/site\/wp-json\/wp\/v2\/types\/post"}],"author":[{"embeddable":true,"href":"https:\/\/lahoradelcampo.com.uy\/site\/wp-json\/wp\/v2\/users\/5"}],"replies":[{"embeddable":true,"href":"https:\/\/lahoradelcampo.com.uy\/site\/wp-json\/wp\/v2\/comments?post=32886"}],"version-history":[{"count":1,"href":"https:\/\/lahoradelcampo.com.uy\/site\/wp-json\/wp\/v2\/posts\/32886\/revisions"}],"predecessor-version":[{"id":32890,"href":"https:\/\/lahoradelcampo.com.uy\/site\/wp-json\/wp\/v2\/posts\/32886\/revisions\/32890"}],"wp:featuredmedia":[{"embeddable":true,"href":"https:\/\/lahoradelcampo.com.uy\/site\/wp-json\/wp\/v2\/media\/32888"}],"wp:attachment":[{"href":"https:\/\/lahoradelcampo.com.uy\/site\/wp-json\/wp\/v2\/media?parent=32886"}],"wp:term":[{"taxonomy":"category","embeddable":true,"href":"https:\/\/lahoradelcampo.com.uy\/site\/wp-json\/wp\/v2\/categories?post=32886"},{"taxonomy":"post_tag","embeddable":true,"href":"https:\/\/lahoradelcampo.com.uy\/site\/wp-json\/wp\/v2\/tags?post=32886"}],"curies":[{"name":"wp","href":"https:\/\/api.w.org\/{rel}","templated":true}]}}