{"id":32882,"date":"2021-08-09T11:19:50","date_gmt":"2021-08-09T14:19:50","guid":{"rendered":"http:\/\/lahoradelcampo.com.uy\/site\/?p=32882"},"modified":"2021-08-09T11:20:30","modified_gmt":"2021-08-09T14:20:30","slug":"colonizacion-rechazo-enfaticamente-las-afirmaciones-de-la-fr","status":"publish","type":"post","link":"https:\/\/lahoradelcampo.com.uy\/site\/colonizacion-rechazo-enfaticamente-las-afirmaciones-de-la-fr\/","title":{"rendered":"Colonizaci\u00f3n rechazo enf\u00e1ticamente \u00ablas afirmaciones de la FR\u00bb"},"content":{"rendered":"\n<figure class=\"wp-block-image\"><img data-recalc-dims=\"1\" loading=\"lazy\" decoding=\"async\" width=\"810\" height=\"405\" data-attachment-id=\"20398\" data-permalink=\"https:\/\/lahoradelcampo.com.uy\/site\/caputto-la-principal-preocupacion-es-pagar-las-deudas-y-mantener-las-fuentes-de-trabajo\/colonizacion-2\/\" data-orig-file=\"https:\/\/i0.wp.com\/lahoradelcampo.com.uy\/site\/wp-content\/uploads\/2020\/05\/Colonizacion.jpg?fit=880%2C440&amp;ssl=1\" data-orig-size=\"880,440\" data-comments-opened=\"1\" data-image-meta=\"{&quot;aperture&quot;:&quot;0&quot;,&quot;credit&quot;:&quot;&quot;,&quot;camera&quot;:&quot;&quot;,&quot;caption&quot;:&quot;&quot;,&quot;created_timestamp&quot;:&quot;0&quot;,&quot;copyright&quot;:&quot;&quot;,&quot;focal_length&quot;:&quot;0&quot;,&quot;iso&quot;:&quot;0&quot;,&quot;shutter_speed&quot;:&quot;0&quot;,&quot;title&quot;:&quot;&quot;,&quot;orientation&quot;:&quot;1&quot;}\" data-image-title=\"Colonizacion\" data-image-description=\"\" data-image-caption=\"\" data-large-file=\"https:\/\/i0.wp.com\/lahoradelcampo.com.uy\/site\/wp-content\/uploads\/2020\/05\/Colonizacion.jpg?fit=810%2C405&amp;ssl=1\" src=\"https:\/\/i0.wp.com\/lahoradelcampo.com.uy\/site\/wp-content\/uploads\/2020\/05\/Colonizacion.jpg?resize=810%2C405\" alt=\"\" class=\"wp-image-20398\" srcset=\"https:\/\/i0.wp.com\/lahoradelcampo.com.uy\/site\/wp-content\/uploads\/2020\/05\/Colonizacion.jpg?w=880&amp;ssl=1 880w, https:\/\/i0.wp.com\/lahoradelcampo.com.uy\/site\/wp-content\/uploads\/2020\/05\/Colonizacion.jpg?resize=300%2C150&amp;ssl=1 300w, https:\/\/i0.wp.com\/lahoradelcampo.com.uy\/site\/wp-content\/uploads\/2020\/05\/Colonizacion.jpg?resize=768%2C384&amp;ssl=1 768w, https:\/\/i0.wp.com\/lahoradelcampo.com.uy\/site\/wp-content\/uploads\/2020\/05\/Colonizacion.jpg?resize=820%2C410&amp;ssl=1 820w\" sizes=\"auto, (max-width: 810px) 100vw, 810px\" \/><\/figure>\n\n\n\n<p>Posteriormente a que el Presidente de la Rep\u00fablica, Dr. Luis Lacalle Pou, anunciara que se destinar\u00eda parte de la recaudaci\u00f3n para el Instituto Nacional de Colonizaci\u00f3n (INC), con el fin de destinarlos a mejorar la calidad de vida de las personas ubicadas en los asentamientos irregulares, se escucharon un n\u00famero importante de voces contrarias a la medida, as\u00ed como tambi\u00e9n quienes sostienen que el instituto debe tener una evaluaci\u00f3n de su realidad y sus objetivos. <br><\/p>\n\n\n\n<p>En este sentido la Federaci\u00f3n Rural del Uruguay convoc\u00f3 al presidente del Instituto Nacional de Colonizaci\u00f3n, Dr. Julio C\u00e9sar Cardozo, a una reuni\u00f3n con el consejo directivo para analizar la situaci\u00f3n. En dicha reuni\u00f3n particip\u00f3 el Sr. Rodrigo Herrero, qui\u00e9n es representante de los productores en el directorio de Colonizaci\u00f3n, debido a que el presidente no pudo concurrir. <br><\/p>\n\n\n\n<p>Luego de dicho encuentro la gremial emiti\u00f3 un comunicado donde se mostr\u00f3 preocupada por \u00abel manejo pol\u00edtico\u00bb de la instituci\u00f3n y pidi\u00f3 una \u00abrevisi\u00f3n interna de los objetivos del instituto, herramientas, funcionamiento, utilizaci\u00f3n de recursos y adjudicaciones de tierras\u00bb. <br><\/p>\n\n\n\n<p>El vicepresidente de la gremial, Mart\u00edn Ur\u00eda, sostuvo en di\u00e1logo con La Hora del Campo, que el instituto debe \u00abdejar de comprar tierras\u00bb hasta tanto se realice la revisi\u00f3n que entiende la gremial debe realizarse.  <br><\/p>\n\n\n\n<p>\u201c\u00bfRealmente en pleno Siglo XXI tenemos que seguir colonizando, como cuando se creo el instituto?\u201d cuestion\u00f3 Ur\u00eda, qui\u00e9n dijo que le seduce m\u00e1s \u201cla idea que se deje de entregar tierras y se pase, por ejemplo a financiar las rentas a j\u00f3venes ingenieros agr\u00f3nomos o veterinarios que quieran ir al campo y muchas veces no tienen las posibilidades\u201d dijo Ur\u00eda. <br><\/p>\n\n\n\n<p>Esta semana el Directorio de Colonizaci\u00f3n entendi\u00f3 que deb\u00eda realizar un comunicado donde rechaza en forma \u00abenf\u00e1tica y categ\u00f3rica\u00bb las afirmaciones de la gremial en su comunicado y tilda de \u00abdesinformadas\u00bb las manifestaciones de Mart\u00edn Ur\u00eda, por \u00abinjustas, alejadas de los lineamientos, del contexto y realidad institucional\u00bb.<br><\/p>\n\n\n\n<p>A continuaci\u00f3n le trascribimos el comunicado firmado por el directorio del Instituto Nacional de Colonizaci\u00f3n. <br><\/p>\n\n\n\n<p>Comunicado del INC<br><\/p>\n\n\n\n<p>VISTO: las manifestaciones realizadas por la Federaci\u00f3n Rural el 26 de julio 2021 y las afirmaciones de su vicepresidente ingeniero Mart\u00edn Ur\u00eda;<br><\/p>\n\n\n\n<p>Considerando:<br><\/p>\n\n\n\n<p>1) que analizadas las mismas en el seno del Directorio, se consideran inoportunas y alejadas de la realidad;<br><\/p>\n\n\n\n<p>2) que es manifiesto el desconocimiento del funcionamiento del Directorio, la realidad del Instituto Nacional de Colonizaci\u00f3n y las pol\u00edticas de desarrollo aplicadas actualmente, enmarcadas en su plan estrat\u00e9gico institucional;<br><\/p>\n\n\n\n<p>3) que este Directorio se encuentra representado por integrantes de partidos pol\u00edticos (Partido Nacional, Partido Colorado y Partido Frente Amplio) y representantes de la Universidad de la Rep\u00fablica y UTU y de las organizaciones de productores, quedando evidente la inexistencia de un manejo pol\u00edtico, sin primar en ning\u00fan tipo de decisiones los intereses pol\u00edticos partidarios sino los m\u00e1s encumbrados principios que apuntan a una colonizaci\u00f3n moderna y actualizada;<br><\/p>\n\n\n\n<p>4) que las decisiones de este Directorio son tomadas por unanimidad en un 99%, con un estricto contenido t\u00e9cnico emanado de estudios profundos a trav\u00e9s de insumos que aporta la Administraci\u00f3n;<br><\/p>\n\n\n\n<p>5) que frente a la apreciaci\u00f3n de la compra de tierras, denota un profundo desconocimiento de la realidad, en virtud de que en el transcurso de esta gesti\u00f3n no se ha comprado ni una sola hect\u00e1rea de tierra. <br><\/p>\n\n\n\n<p>6) que este Directorio ha puesto \u00e9nfasis en desarrollar algunos ejes estrat\u00e9gicos entre los que destaca:<\/p>\n\n\n\n<ul class=\"wp-block-list\"><li>a) mejorar la calidad de la colonizaci\u00f3n y su misi\u00f3n colonizadora, con el aporte necesario en infraestructura, en funci\u00f3n del dise\u00f1o productivo, social, econ\u00f3mico y ambiental;<\/li><li>b) mejorar la gesti\u00f3n institucional basada fundamentalmente en la selecci\u00f3n, administraci\u00f3n de recursos del Estado y en sus procesos;<\/li><li>c) recomposici\u00f3n de las colonias apuntando a la calidad y la adecuada explotaci\u00f3n, en base a un modelo tecnol\u00f3gico que sea superador;<\/li><\/ul>\n\n\n\n<p>En virtud de lo expuesto, El Directorio del Instituto Nacional de Colonizaci\u00f3n, reunido en sesi\u00f3n de fecha 4 de agosto de 2021, ha decidido por unanimidad rechazar en forma enf\u00e1tica y categ\u00f3rica las afirmaciones vertidas por la Federaci\u00f3n Rural en el comunicado de fecha 26 de julio de 2021, as\u00ed como las desinformadas manifestaciones de su vicepresidente, por injustas, alejadas de los lineamientos, del contexto y realidad institucional. <\/p>\n\n\n\n<p>Salto, 9 de agosto de 2021<\/p>\n","protected":false},"excerpt":{"rendered":"<p>Posteriormente a que el Presidente de la Rep\u00fablica, Dr. Luis Lacalle Pou, anunciara que se destinar\u00eda parte de la recaudaci\u00f3n para el Instituto Nacional de Colonizaci\u00f3n (INC), con el fin [&hellip;]<\/p>\n","protected":false},"author":5,"featured_media":20398,"comment_status":"open","ping_status":"open","sticky":false,"template":"","format":"standard","meta":{"_price":"","_stock":"","_tribe_ticket_header":"","_tribe_default_ticket_provider":"","_tribe_ticket_capacity":"0","_ticket_start_date":"","_ticket_end_date":"","_tribe_ticket_show_description":"","_tribe_ticket_show_not_going":false,"_tribe_ticket_use_global_stock":"","_tribe_ticket_global_stock_level":"","_global_stock_mode":"","_global_stock_cap":"","_tribe_rsvp_for_event":"","_tribe_ticket_going_count":"","_tribe_ticket_not_going_count":"","_tribe_tickets_list":"[]","_tribe_ticket_has_attendee_info_fields":false,"h5ap_radio_sources":[],"_jetpack_newsletter_access":"","_jetpack_dont_email_post_to_subs":false,"_jetpack_newsletter_tier_id":0,"_jetpack_memberships_contains_paywalled_content":false,"_jetpack_memberships_contains_paid_content":false,"footnotes":""},"categories":[21,5],"tags":[],"class_list":["post-32882","post","type-post","status-publish","format-standard","has-post-thumbnail","hentry","category-actualidad","category-ganaderia"],"jetpack_featured_media_url":"https:\/\/i0.wp.com\/lahoradelcampo.com.uy\/site\/wp-content\/uploads\/2020\/05\/Colonizacion.jpg?fit=880%2C440&ssl=1","jetpack_sharing_enabled":true,"jetpack_shortlink":"https:\/\/wp.me\/p99IaT-8ym","jetpack-related-posts":[{"id":12231,"url":"https:\/\/lahoradelcampo.com.uy\/site\/colonizacion-destinara-800-hectareas-para-la-lecheria-en-paysandu\/","url_meta":{"origin":32882,"position":0},"title":"Colonizaci\u00f3n destinar\u00e1 800 hect\u00e1reas para la lecher\u00eda en Paysand\u00fa","author":"La Hora del Campo","date":"27 junio, 2019","format":false,"excerpt":"\u201cEn el marco del trabajo entre el Instituto Nacional de Colonizaci\u00f3n y el Instituto Nacional de la Leche (Inale) con la Asociaci\u00f3n Nacional de Productores de Leche, se trabaja para identificar necesidades de intervenci\u00f3n p\u00fablica en el apoyo a la producci\u00f3n familiar\u201d, dijo la presidenta de Colonizaci\u00f3n, Jacqueline G\u00f3mez, en\u2026","rel":"","context":"En \u00abActualidad\u00bb","block_context":{"text":"Actualidad","link":"https:\/\/lahoradelcampo.com.uy\/site\/category\/actualidad\/"},"img":{"alt_text":"","src":"https:\/\/i0.wp.com\/lahoradelcampo.com.uy\/site\/wp-content\/uploads\/2019\/04\/lecheria-brasil.jpg?fit=880%2C440&ssl=1&resize=350%2C200","width":350,"height":200,"srcset":"https:\/\/i0.wp.com\/lahoradelcampo.com.uy\/site\/wp-content\/uploads\/2019\/04\/lecheria-brasil.jpg?fit=880%2C440&ssl=1&resize=350%2C200 1x, https:\/\/i0.wp.com\/lahoradelcampo.com.uy\/site\/wp-content\/uploads\/2019\/04\/lecheria-brasil.jpg?fit=880%2C440&ssl=1&resize=525%2C300 1.5x, https:\/\/i0.wp.com\/lahoradelcampo.com.uy\/site\/wp-content\/uploads\/2019\/04\/lecheria-brasil.jpg?fit=880%2C440&ssl=1&resize=700%2C400 2x"},"classes":[]},{"id":42857,"url":"https:\/\/lahoradelcampo.com.uy\/site\/colonizacion-y-ute-brindaran-acceso-a-luz-electrica-a-colonos\/","url_meta":{"origin":32882,"position":1},"title":"Colonizaci\u00f3n y UTE brindar\u00e1n acceso a luz el\u00e9ctrica a colonos","author":"La Hora del Campo","date":"16 junio, 2022","format":false,"excerpt":"El Instituto Nacional de Colonizaci\u00f3n y UTE, firmaron un acuerdo por el cual se brindar\u00e1 acceso a la energ\u00eda el\u00e9ctrica a 230 colonos. El acuerdo se concret\u00f3 este mi\u00e9rcoles en la sede de UTE, donde su Presidenta, Silvia Emaldi, explic\u00f3 que \"es una forma de que m\u00e1s familias se radiquen\u2026","rel":"","context":"En \u00abActualidad\u00bb","block_context":{"text":"Actualidad","link":"https:\/\/lahoradelcampo.com.uy\/site\/category\/actualidad\/"},"img":{"alt_text":"","src":"https:\/\/i0.wp.com\/lahoradelcampo.com.uy\/site\/wp-content\/uploads\/2022\/06\/UTE-Colonizaci%C3%B3n.jpg?fit=880%2C440&ssl=1&resize=350%2C200","width":350,"height":200,"srcset":"https:\/\/i0.wp.com\/lahoradelcampo.com.uy\/site\/wp-content\/uploads\/2022\/06\/UTE-Colonizaci%C3%B3n.jpg?fit=880%2C440&ssl=1&resize=350%2C200 1x, https:\/\/i0.wp.com\/lahoradelcampo.com.uy\/site\/wp-content\/uploads\/2022\/06\/UTE-Colonizaci%C3%B3n.jpg?fit=880%2C440&ssl=1&resize=525%2C300 1.5x, https:\/\/i0.wp.com\/lahoradelcampo.com.uy\/site\/wp-content\/uploads\/2022\/06\/UTE-Colonizaci%C3%B3n.jpg?fit=880%2C440&ssl=1&resize=700%2C400 2x"},"classes":[]},{"id":32444,"url":"https:\/\/lahoradelcampo.com.uy\/site\/fr-sostiene-que-se-debe-dejar-de-comprar-tierras-por-colonizacion\/","url_meta":{"origin":32882,"position":2},"title":"FR sostiene que se debe dejar de comprar tierras por Colonizaci\u00f3n","author":"La Hora del Campo","date":"27 julio, 2021","format":false,"excerpt":"Este lunes, luego de su reuni\u00f3n del Consejo Directivo, la Federaci\u00f3n Rural del Uruguay emiti\u00f3 un comunicado marcando su posicionamiento frente a la realidad actual del Instituto Nacional de Colonizaci\u00f3n (INC). Conocido dicho comunicado, consultamos al Vicepresidente de la instituci\u00f3n, Mart\u00edn Ur\u00eda, qui\u00e9n se\u00f1al\u00f3 que preocupa el funcionamiento del instituto,\u2026","rel":"","context":"En \u00abActualidad\u00bb","block_context":{"text":"Actualidad","link":"https:\/\/lahoradelcampo.com.uy\/site\/category\/actualidad\/"},"img":{"alt_text":"","src":"https:\/\/i0.wp.com\/lahoradelcampo.com.uy\/site\/wp-content\/uploads\/2021\/07\/MartinUria.jpg?fit=880%2C440&ssl=1&resize=350%2C200","width":350,"height":200,"srcset":"https:\/\/i0.wp.com\/lahoradelcampo.com.uy\/site\/wp-content\/uploads\/2021\/07\/MartinUria.jpg?fit=880%2C440&ssl=1&resize=350%2C200 1x, https:\/\/i0.wp.com\/lahoradelcampo.com.uy\/site\/wp-content\/uploads\/2021\/07\/MartinUria.jpg?fit=880%2C440&ssl=1&resize=525%2C300 1.5x, https:\/\/i0.wp.com\/lahoradelcampo.com.uy\/site\/wp-content\/uploads\/2021\/07\/MartinUria.jpg?fit=880%2C440&ssl=1&resize=700%2C400 2x"},"classes":[]},{"id":53316,"url":"https:\/\/lahoradelcampo.com.uy\/site\/correo-uruguayo-celebra-los-75-anos-del-inc-con-sello-conmemorativo\/","url_meta":{"origin":32882,"position":3},"title":"Correo Uruguayo celebra los 75 a\u00f1os del INC con sello conmemorativo","author":"La Hora del Campo","date":"2 enero, 2024","format":false,"excerpt":"En una ceremonia llevada a cabo en la Sala del Directorio del Instituto Nacional de Colonizaci\u00f3n (INC), el Correo Uruguayo ha presentado un sello personalizado para conmemorar el septuag\u00e9simo quinto aniversario de esta instituci\u00f3n clave en el desarrollo agropecuario del pa\u00eds. El Dr. Vet. Julio C\u00e9sar Cardozo, presidente de Colonizaci\u00f3n,\u2026","rel":"","context":"En \u00abActualidad\u00bb","block_context":{"text":"Actualidad","link":"https:\/\/lahoradelcampo.com.uy\/site\/category\/actualidad\/"},"img":{"alt_text":"","src":"https:\/\/i0.wp.com\/lahoradelcampo.com.uy\/site\/wp-content\/uploads\/2024\/01\/Colonizacion-correo.jpg?fit=880%2C440&ssl=1&resize=350%2C200","width":350,"height":200,"srcset":"https:\/\/i0.wp.com\/lahoradelcampo.com.uy\/site\/wp-content\/uploads\/2024\/01\/Colonizacion-correo.jpg?fit=880%2C440&ssl=1&resize=350%2C200 1x, https:\/\/i0.wp.com\/lahoradelcampo.com.uy\/site\/wp-content\/uploads\/2024\/01\/Colonizacion-correo.jpg?fit=880%2C440&ssl=1&resize=525%2C300 1.5x, https:\/\/i0.wp.com\/lahoradelcampo.com.uy\/site\/wp-content\/uploads\/2024\/01\/Colonizacion-correo.jpg?fit=880%2C440&ssl=1&resize=700%2C400 2x"},"classes":[]},{"id":19776,"url":"https:\/\/lahoradelcampo.com.uy\/site\/colonizacion-realiza-inscripciones-para-arrendar-tierras-por-telefono\/","url_meta":{"origin":32882,"position":4},"title":"Colonizaci\u00f3n realiza inscripciones para arrendar tierras por tel\u00e9fono","author":"La Hora del Campo","date":"14 mayo, 2020","format":false,"excerpt":"El Directorio del Instituto Nacional de Colonizaci\u00f3n, encabezados por el recientemente asumido como presidente, Dr. Vet. Julio Cardozo, decidi\u00f3 modificar el procedimiento de inscripci\u00f3n respecto a los llamados abiertos para el arrendamiento de tierras, el cual pasar\u00e1 a realizarse v\u00eda telef\u00f3nica, debido a la emergencia sanitaria por el Covid-19. Procedimiento\u2026","rel":"","context":"En \u00abActualidad\u00bb","block_context":{"text":"Actualidad","link":"https:\/\/lahoradelcampo.com.uy\/site\/category\/actualidad\/"},"img":{"alt_text":"","src":"https:\/\/i0.wp.com\/lahoradelcampo.com.uy\/site\/wp-content\/uploads\/2018\/05\/tierras.jpg?fit=880%2C440&ssl=1&resize=350%2C200","width":350,"height":200,"srcset":"https:\/\/i0.wp.com\/lahoradelcampo.com.uy\/site\/wp-content\/uploads\/2018\/05\/tierras.jpg?fit=880%2C440&ssl=1&resize=350%2C200 1x, https:\/\/i0.wp.com\/lahoradelcampo.com.uy\/site\/wp-content\/uploads\/2018\/05\/tierras.jpg?fit=880%2C440&ssl=1&resize=525%2C300 1.5x, https:\/\/i0.wp.com\/lahoradelcampo.com.uy\/site\/wp-content\/uploads\/2018\/05\/tierras.jpg?fit=880%2C440&ssl=1&resize=700%2C400 2x"},"classes":[]},{"id":5989,"url":"https:\/\/lahoradelcampo.com.uy\/site\/colonizacion-congelo-y-redujo-valores-de-la-rentas\/","url_meta":{"origin":32882,"position":5},"title":"Colonizaci\u00f3n congel\u00f3 y redujo valores  de la rentas","author":"La Hora del Campo","date":"21 febrero, 2018","format":false,"excerpt":"El Instituto Nacional de Colonizaci\u00f3n resolvi\u00f3 en su primera reuni\u00f3n del a\u00f1o mantener el valor de las rentas lecheras y reducir el valor de las restantes canastas de los diferentes rubros. La medida, seg\u00fan el comunicado, se enmarca dentro de la pol\u00edtica de apoyo al sector agropecuario que defini\u00f3 el\u2026","rel":"","context":"En \u00abActualidad\u00bb","block_context":{"text":"Actualidad","link":"https:\/\/lahoradelcampo.com.uy\/site\/category\/actualidad\/"},"img":{"alt_text":"","src":"https:\/\/i0.wp.com\/lahoradelcampo.com.uy\/site\/wp-content\/uploads\/2017\/10\/Arrendamientos.jpg?fit=880%2C440&ssl=1&resize=350%2C200","width":350,"height":200,"srcset":"https:\/\/i0.wp.com\/lahoradelcampo.com.uy\/site\/wp-content\/uploads\/2017\/10\/Arrendamientos.jpg?fit=880%2C440&ssl=1&resize=350%2C200 1x, https:\/\/i0.wp.com\/lahoradelcampo.com.uy\/site\/wp-content\/uploads\/2017\/10\/Arrendamientos.jpg?fit=880%2C440&ssl=1&resize=525%2C300 1.5x, https:\/\/i0.wp.com\/lahoradelcampo.com.uy\/site\/wp-content\/uploads\/2017\/10\/Arrendamientos.jpg?fit=880%2C440&ssl=1&resize=700%2C400 2x"},"classes":[]}],"jetpack_likes_enabled":true,"_links":{"self":[{"href":"https:\/\/lahoradelcampo.com.uy\/site\/wp-json\/wp\/v2\/posts\/32882","targetHints":{"allow":["GET"]}}],"collection":[{"href":"https:\/\/lahoradelcampo.com.uy\/site\/wp-json\/wp\/v2\/posts"}],"about":[{"href":"https:\/\/lahoradelcampo.com.uy\/site\/wp-json\/wp\/v2\/types\/post"}],"author":[{"embeddable":true,"href":"https:\/\/lahoradelcampo.com.uy\/site\/wp-json\/wp\/v2\/users\/5"}],"replies":[{"embeddable":true,"href":"https:\/\/lahoradelcampo.com.uy\/site\/wp-json\/wp\/v2\/comments?post=32882"}],"version-history":[{"count":1,"href":"https:\/\/lahoradelcampo.com.uy\/site\/wp-json\/wp\/v2\/posts\/32882\/revisions"}],"predecessor-version":[{"id":32884,"href":"https:\/\/lahoradelcampo.com.uy\/site\/wp-json\/wp\/v2\/posts\/32882\/revisions\/32884"}],"wp:featuredmedia":[{"embeddable":true,"href":"https:\/\/lahoradelcampo.com.uy\/site\/wp-json\/wp\/v2\/media\/20398"}],"wp:attachment":[{"href":"https:\/\/lahoradelcampo.com.uy\/site\/wp-json\/wp\/v2\/media?parent=32882"}],"wp:term":[{"taxonomy":"category","embeddable":true,"href":"https:\/\/lahoradelcampo.com.uy\/site\/wp-json\/wp\/v2\/categories?post=32882"},{"taxonomy":"post_tag","embeddable":true,"href":"https:\/\/lahoradelcampo.com.uy\/site\/wp-json\/wp\/v2\/tags?post=32882"}],"curies":[{"name":"wp","href":"https:\/\/api.w.org\/{rel}","templated":true}]}}