{"id":32874,"date":"2021-08-09T11:15:51","date_gmt":"2021-08-09T14:15:51","guid":{"rendered":"http:\/\/lahoradelcampo.com.uy\/site\/?p=32874"},"modified":"2021-08-09T11:15:58","modified_gmt":"2021-08-09T14:15:58","slug":"usu-le-pedira-reunion-al-presidente-y-anuncio-movilizaciones","status":"publish","type":"post","link":"https:\/\/lahoradelcampo.com.uy\/site\/usu-le-pedira-reunion-al-presidente-y-anuncio-movilizaciones\/","title":{"rendered":"USU le pedir\u00e1 reuni\u00f3n al Presidente y anunci\u00f3 movilizaciones"},"content":{"rendered":"\n<figure class=\"wp-block-image\"><img data-recalc-dims=\"1\" loading=\"lazy\" decoding=\"async\" width=\"810\" height=\"405\" data-attachment-id=\"32876\" data-permalink=\"https:\/\/lahoradelcampo.com.uy\/site\/usu-le-pedira-reunion-al-presidente-y-anuncio-movilizaciones\/usuancap\/\" data-orig-file=\"https:\/\/i0.wp.com\/lahoradelcampo.com.uy\/site\/wp-content\/uploads\/2021\/08\/USUANCAP.jpg?fit=880%2C440&amp;ssl=1\" data-orig-size=\"880,440\" data-comments-opened=\"1\" data-image-meta=\"{&quot;aperture&quot;:&quot;0&quot;,&quot;credit&quot;:&quot;&quot;,&quot;camera&quot;:&quot;&quot;,&quot;caption&quot;:&quot;&quot;,&quot;created_timestamp&quot;:&quot;0&quot;,&quot;copyright&quot;:&quot;&quot;,&quot;focal_length&quot;:&quot;0&quot;,&quot;iso&quot;:&quot;0&quot;,&quot;shutter_speed&quot;:&quot;0&quot;,&quot;title&quot;:&quot;&quot;,&quot;orientation&quot;:&quot;1&quot;}\" data-image-title=\"USUANCAP\" data-image-description=\"\" data-image-caption=\"\" data-large-file=\"https:\/\/i0.wp.com\/lahoradelcampo.com.uy\/site\/wp-content\/uploads\/2021\/08\/USUANCAP.jpg?fit=810%2C405&amp;ssl=1\" src=\"https:\/\/i0.wp.com\/lahoradelcampo.com.uy\/site\/wp-content\/uploads\/2021\/08\/USUANCAP.jpg?resize=810%2C405\" alt=\"\" class=\"wp-image-32876\" srcset=\"https:\/\/i0.wp.com\/lahoradelcampo.com.uy\/site\/wp-content\/uploads\/2021\/08\/USUANCAP.jpg?w=880&amp;ssl=1 880w, https:\/\/i0.wp.com\/lahoradelcampo.com.uy\/site\/wp-content\/uploads\/2021\/08\/USUANCAP.jpg?resize=300%2C150&amp;ssl=1 300w, https:\/\/i0.wp.com\/lahoradelcampo.com.uy\/site\/wp-content\/uploads\/2021\/08\/USUANCAP.jpg?resize=768%2C384&amp;ssl=1 768w, https:\/\/i0.wp.com\/lahoradelcampo.com.uy\/site\/wp-content\/uploads\/2021\/08\/USUANCAP.jpg?resize=820%2C410&amp;ssl=1 820w\" sizes=\"auto, (max-width: 810px) 100vw, 810px\" \/><\/figure>\n\n\n\n<p>Tal cual estaba previsto se reuni\u00f3 en el local Santa Bernardina, de la Rural de Durazno, el Movimiento Un Solo Uruguay (USU), donde el tema de los combustibles era la \u00fanica tem\u00e1tica para desarrollar. Sin embargo hubieron otros puntos y fueron reflejo del malestar interno del movimiento, donde varios representantes del mismo fueron candidatos en las pasadas elecciones y en algunos casos ocupan cargos pol\u00edticos, como el diputado electo por Cabildo Abierto en Tacuaremb\u00f3. <br><\/p>\n\n\n\n<p>En este sentido el movimiento reivindic\u00f3 su \u00ababsoluta independencia de concepciones e inter\u00e9s pol\u00edtico partidarios\u00bb, siendo este el primer punto del comunicado librado posteriormente a la reuni\u00f3n, en lugar tan emblem\u00e1tico para el grupo como lo es la rural de Durazno. <br><\/p>\n\n\n\n<p>Respecto al tema combustibles, se resolvi\u00f3 solicitarle una reuni\u00f3n al Presidente de la Rep\u00fablica, Dr. Luis Lacalle Pou, para generar \u00abun espacio de trabajo y discusi\u00f3n\u00bb que permita generar los \u00abcambios necesarios de corto plazo en combustibles, as\u00ed como estrategias de desarrollo a largo plazo\u00bb.   <br><\/p>\n\n\n\n<p>El movimiento sostiene que se debe avanzar en las promesas de campa\u00f1a, tanto por parte del partido de gobierno como de la coalici\u00f3n, generando as\u00ed las \u00abcondiciones de competitividad para todos los sectores productivos en toda su cadena\u00bb. <br><\/p>\n\n\n\n<p>En este sentido se remarc\u00f3 la \u00abnecesidad\u00bb de revisar el \u00abrol y funcionamiento\u00bb del Estado, mucho m\u00e1s all\u00e1 de la suba de los combustibles, y disminuir la carga de \u00abun Estado pesado y d\u00e9bil en sus pol\u00edticas de desarrollo\u00bb. <br><\/p>\n\n\n\n<p>USU tambi\u00e9n exhort\u00f3 al gobierno a \u00abderogar\u00bb el decreto 347\/006 que establece el subsidio del transporte de pasajeros, que solamente afecta al gasoil. <br><\/p>\n\n\n\n<p>En la reuni\u00f3n se realizaron \u00abduros cuestionamientos\u00bb al movimiento \u00abCiudadanos\u00bb que es coordinado por el Ministro de Medioambiente Adri\u00e1n Pe\u00f1a, y al partido \u00abCabildo Abierto\u00bb debido a su posicionamiento en el tema ANCAP.<br><\/p>\n\n\n\n<p>El movimiento realiz\u00f3 en su comunicado, un \u00abllamado\u00bb a que todo el sistema pol\u00edtico nacional, trabaje en \u00abestrategias de Estado a largo plazo\u00bb, en este tema en particular. Adem\u00e1s solicit\u00f3 \u00absuperar la inoperancia de c\u00e1lculos electorales menores utilizados en el debate actual\u00bb.<br><\/p>\n\n\n\n<p>USU sostiene que de trabajar en conjunto, el sector pol\u00edtico y la sociedad en su conjunto, se pueden generar \u00ablos cambios necesarios y prometidos\u00bb. <\/p>\n\n\n\n<p>Salto, 9 de agosto de 2021<\/p>\n","protected":false},"excerpt":{"rendered":"<p>Tal cual estaba previsto se reuni\u00f3 en el local Santa Bernardina, de la Rural de Durazno, el Movimiento Un Solo Uruguay (USU), donde el tema de los combustibles era la [&hellip;]<\/p>\n","protected":false},"author":5,"featured_media":32876,"comment_status":"open","ping_status":"open","sticky":false,"template":"","format":"standard","meta":{"_price":"","_stock":"","_tribe_ticket_header":"","_tribe_default_ticket_provider":"","_tribe_ticket_capacity":"0","_ticket_start_date":"","_ticket_end_date":"","_tribe_ticket_show_description":"","_tribe_ticket_show_not_going":false,"_tribe_ticket_use_global_stock":"","_tribe_ticket_global_stock_level":"","_global_stock_mode":"","_global_stock_cap":"","_tribe_rsvp_for_event":"","_tribe_ticket_going_count":"","_tribe_ticket_not_going_count":"","_tribe_tickets_list":"[]","_tribe_ticket_has_attendee_info_fields":false,"h5ap_radio_sources":[],"_jetpack_newsletter_access":"","_jetpack_dont_email_post_to_subs":false,"_jetpack_newsletter_tier_id":0,"_jetpack_memberships_contains_paywalled_content":false,"_jetpack_memberships_contains_paid_content":false,"footnotes":""},"categories":[21,5],"tags":[],"class_list":["post-32874","post","type-post","status-publish","format-standard","has-post-thumbnail","hentry","category-actualidad","category-ganaderia"],"jetpack_featured_media_url":"https:\/\/i0.wp.com\/lahoradelcampo.com.uy\/site\/wp-content\/uploads\/2021\/08\/USUANCAP.jpg?fit=880%2C440&ssl=1","jetpack_sharing_enabled":true,"jetpack_shortlink":"https:\/\/wp.me\/p99IaT-8ye","jetpack-related-posts":[{"id":42751,"url":"https:\/\/lahoradelcampo.com.uy\/site\/aru-no-acompanara-a-usu-en-la-creacion-de-un-partido-politico\/","url_meta":{"origin":32874,"position":0},"title":"ARU no acompa\u00f1ar\u00e1 a USU en la creaci\u00f3n de un partido pol\u00edtico","author":"La Hora del Campo","date":"14 junio, 2022","format":false,"excerpt":"Un Solo Uruguay (USU) anunci\u00f3 su decisi\u00f3n avanzar hacia la conformaci\u00f3n de un partido pol\u00edtico, algo que no todos los que impulsaron el movimiento en sus inicios estar\u00eda dispuesto a acompa\u00f1ar. El movimiento de autoconvocados, que fuera fuertemente respaldado en su momento por el sector agropecuario, ha comenzado a marcar\u2026","rel":"","context":"En \u00abActualidad\u00bb","block_context":{"text":"Actualidad","link":"https:\/\/lahoradelcampo.com.uy\/site\/category\/actualidad\/"},"img":{"alt_text":"","src":"https:\/\/i0.wp.com\/lahoradelcampo.com.uy\/site\/wp-content\/uploads\/2022\/06\/GonzaloValdez.jpg?fit=880%2C440&ssl=1&resize=350%2C200","width":350,"height":200,"srcset":"https:\/\/i0.wp.com\/lahoradelcampo.com.uy\/site\/wp-content\/uploads\/2022\/06\/GonzaloValdez.jpg?fit=880%2C440&ssl=1&resize=350%2C200 1x, https:\/\/i0.wp.com\/lahoradelcampo.com.uy\/site\/wp-content\/uploads\/2022\/06\/GonzaloValdez.jpg?fit=880%2C440&ssl=1&resize=525%2C300 1.5x, https:\/\/i0.wp.com\/lahoradelcampo.com.uy\/site\/wp-content\/uploads\/2022\/06\/GonzaloValdez.jpg?fit=880%2C440&ssl=1&resize=700%2C400 2x"},"classes":[]},{"id":5613,"url":"https:\/\/lahoradelcampo.com.uy\/site\/tabare-vazquez-recibio-a-la-mesa-de-los-productores-auto-convocados\/","url_meta":{"origin":32874,"position":1},"title":"Tabar\u00e9 V\u00e1zquez recibi\u00f3 a la mesa de los productores auto-convocados","author":"La Hora del Campo","date":"27 enero, 2018","format":false,"excerpt":"Como estaba previsto los cinco integrantes de la mesa organizadora del movimiento de productores auto-convocados, se hizo presente en el edificio Libertad en la capital del pa\u00eds, donde se encuentran las oficinas de Presidencia de la Rep\u00fablica, para entregar la proclama y las reinvindicaciones le\u00eddas el pasado 23 de enero\u2026","rel":"","context":"En \u00abActualidad\u00bb","block_context":{"text":"Actualidad","link":"https:\/\/lahoradelcampo.com.uy\/site\/category\/actualidad\/"},"img":{"alt_text":"","src":"https:\/\/i0.wp.com\/lahoradelcampo.com.uy\/site\/wp-content\/uploads\/2018\/01\/presidencia.jpg?fit=880%2C440&ssl=1&resize=350%2C200","width":350,"height":200,"srcset":"https:\/\/i0.wp.com\/lahoradelcampo.com.uy\/site\/wp-content\/uploads\/2018\/01\/presidencia.jpg?fit=880%2C440&ssl=1&resize=350%2C200 1x, https:\/\/i0.wp.com\/lahoradelcampo.com.uy\/site\/wp-content\/uploads\/2018\/01\/presidencia.jpg?fit=880%2C440&ssl=1&resize=525%2C300 1.5x, https:\/\/i0.wp.com\/lahoradelcampo.com.uy\/site\/wp-content\/uploads\/2018\/01\/presidencia.jpg?fit=880%2C440&ssl=1&resize=700%2C400 2x"},"classes":[]},{"id":41609,"url":"https:\/\/lahoradelcampo.com.uy\/site\/usu-analiza-presentarse-como-opcion-politica-partidaria-en-2024\/","url_meta":{"origin":32874,"position":2},"title":"USU analiza presentarse como opci\u00f3n pol\u00edtica partidaria en 2024","author":"La Hora del Campo","date":"9 mayo, 2022","format":false,"excerpt":"El s\u00e1bado 7 de mayo, en Maldonado, se reuni\u00f3 la Mesa Nacional del movimiento de autoconvocados Un Solo Uruguay, con la presencia de representantes de los 19 departamentos. Entre los planteos resurge con mayor fuerza la posibilidad de que la organizaci\u00f3n se convierta en una opci\u00f3n pol\u00edtica partidaria para las\u2026","rel":"","context":"En \u00abActualidad\u00bb","block_context":{"text":"Actualidad","link":"https:\/\/lahoradelcampo.com.uy\/site\/category\/actualidad\/"},"img":{"alt_text":"","src":"https:\/\/i0.wp.com\/lahoradelcampo.com.uy\/site\/wp-content\/uploads\/2022\/05\/USU-Politico.jpg?fit=880%2C440&ssl=1&resize=350%2C200","width":350,"height":200,"srcset":"https:\/\/i0.wp.com\/lahoradelcampo.com.uy\/site\/wp-content\/uploads\/2022\/05\/USU-Politico.jpg?fit=880%2C440&ssl=1&resize=350%2C200 1x, https:\/\/i0.wp.com\/lahoradelcampo.com.uy\/site\/wp-content\/uploads\/2022\/05\/USU-Politico.jpg?fit=880%2C440&ssl=1&resize=525%2C300 1.5x, https:\/\/i0.wp.com\/lahoradelcampo.com.uy\/site\/wp-content\/uploads\/2022\/05\/USU-Politico.jpg?fit=880%2C440&ssl=1&resize=700%2C400 2x"},"classes":[]},{"id":5575,"url":"https:\/\/lahoradelcampo.com.uy\/site\/entre-la-discusion-de-cuantas-personas-fueron-el-presidente-convoco-a-las-gremiales\/","url_meta":{"origin":32874,"position":3},"title":"Entre la discusi\u00f3n de cuantas personas fueron,  el Presidente convoc\u00f3 a las gremiales","author":"La Hora del Campo","date":"25 enero, 2018","format":false,"excerpt":"Entre los titulares de la prensa que marcaban que hab\u00edan participado cerca de 60.000 personas y otros que se\u00f1alaban menos de 30.000, se gener\u00f3 entre los productores auto-convocados una gran discusi\u00f3n contra los medios de comunicaci\u00f3n, aunque deber\u00eda ser solamente un n\u00famero que quede marcado en la historia. En los\u2026","rel":"","context":"En \u00abActualidad\u00bb","block_context":{"text":"Actualidad","link":"https:\/\/lahoradelcampo.com.uy\/site\/category\/actualidad\/"},"img":{"alt_text":"","src":"https:\/\/i0.wp.com\/lahoradelcampo.com.uy\/site\/wp-content\/uploads\/2018\/01\/Durazno1.jpg?fit=880%2C440&ssl=1&resize=350%2C200","width":350,"height":200,"srcset":"https:\/\/i0.wp.com\/lahoradelcampo.com.uy\/site\/wp-content\/uploads\/2018\/01\/Durazno1.jpg?fit=880%2C440&ssl=1&resize=350%2C200 1x, https:\/\/i0.wp.com\/lahoradelcampo.com.uy\/site\/wp-content\/uploads\/2018\/01\/Durazno1.jpg?fit=880%2C440&ssl=1&resize=525%2C300 1.5x, https:\/\/i0.wp.com\/lahoradelcampo.com.uy\/site\/wp-content\/uploads\/2018\/01\/Durazno1.jpg?fit=880%2C440&ssl=1&resize=700%2C400 2x"},"classes":[]},{"id":5745,"url":"https:\/\/lahoradelcampo.com.uy\/site\/unsolouruguay-se-reunira-con-el-gobierno-si-baja-el-precio-del-combustible\/","url_meta":{"origin":32874,"position":4},"title":"#UnSoloUruguay se reunir\u00e1 con el gobierno si baja el precio del combustible","author":"La Hora del Campo","date":"4 febrero, 2018","format":false,"excerpt":"En la jornada de ayer se reuni\u00f3 el movimiento de autoconvocados y como primera medida se defini\u00f3 concurrir a una mesa de trabajo con el gobierno, espec\u00edficamente con el Ministerio de Econom\u00eda y Finanzas para definir las estrategias que permitan dar una respuesta a las demandas del movimiento. Esta reuni\u00f3n\u2026","rel":"","context":"En \u00abActualidad\u00bb","block_context":{"text":"Actualidad","link":"https:\/\/lahoradelcampo.com.uy\/site\/category\/actualidad\/"},"img":{"alt_text":"","src":"https:\/\/i0.wp.com\/lahoradelcampo.com.uy\/site\/wp-content\/uploads\/2018\/02\/Mesa-1.jpg?fit=880%2C440&ssl=1&resize=350%2C200","width":350,"height":200,"srcset":"https:\/\/i0.wp.com\/lahoradelcampo.com.uy\/site\/wp-content\/uploads\/2018\/02\/Mesa-1.jpg?fit=880%2C440&ssl=1&resize=350%2C200 1x, https:\/\/i0.wp.com\/lahoradelcampo.com.uy\/site\/wp-content\/uploads\/2018\/02\/Mesa-1.jpg?fit=880%2C440&ssl=1&resize=525%2C300 1.5x, https:\/\/i0.wp.com\/lahoradelcampo.com.uy\/site\/wp-content\/uploads\/2018\/02\/Mesa-1.jpg?fit=880%2C440&ssl=1&resize=700%2C400 2x"},"classes":[]},{"id":5663,"url":"https:\/\/lahoradelcampo.com.uy\/site\/hoy-comienza-la-vigilia-en-la-gaviota-y-en-otros-puntos-del-pais\/","url_meta":{"origin":32874,"position":5},"title":"Hoy comienza la vigilia en \u00abLa Gaviota\u00bb y en otros puntos del pa\u00eds","author":"La Hora del Campo","date":"31 enero, 2018","format":false,"excerpt":"\u00a0 Seg\u00fan los organizadores existen aproximadamente m\u00e1s de doscientos cincuenta puntos en el pa\u00eds donde el movimiento #UnSoloUruguay se concentrar\u00e1 al costado de las rutas en las llamadas vigilias a la espera de respuesta a los planteos realizados en la proclama del 23 de enero en Durazno y que posteriormente\u2026","rel":"","context":"En \u00abActualidad\u00bb","block_context":{"text":"Actualidad","link":"https:\/\/lahoradelcampo.com.uy\/site\/category\/actualidad\/"},"img":{"alt_text":"","src":"https:\/\/i0.wp.com\/lahoradelcampo.com.uy\/site\/wp-content\/uploads\/2018\/01\/vigilia.jpg?fit=880%2C440&ssl=1&resize=350%2C200","width":350,"height":200,"srcset":"https:\/\/i0.wp.com\/lahoradelcampo.com.uy\/site\/wp-content\/uploads\/2018\/01\/vigilia.jpg?fit=880%2C440&ssl=1&resize=350%2C200 1x, https:\/\/i0.wp.com\/lahoradelcampo.com.uy\/site\/wp-content\/uploads\/2018\/01\/vigilia.jpg?fit=880%2C440&ssl=1&resize=525%2C300 1.5x, https:\/\/i0.wp.com\/lahoradelcampo.com.uy\/site\/wp-content\/uploads\/2018\/01\/vigilia.jpg?fit=880%2C440&ssl=1&resize=700%2C400 2x"},"classes":[]}],"jetpack_likes_enabled":true,"_links":{"self":[{"href":"https:\/\/lahoradelcampo.com.uy\/site\/wp-json\/wp\/v2\/posts\/32874","targetHints":{"allow":["GET"]}}],"collection":[{"href":"https:\/\/lahoradelcampo.com.uy\/site\/wp-json\/wp\/v2\/posts"}],"about":[{"href":"https:\/\/lahoradelcampo.com.uy\/site\/wp-json\/wp\/v2\/types\/post"}],"author":[{"embeddable":true,"href":"https:\/\/lahoradelcampo.com.uy\/site\/wp-json\/wp\/v2\/users\/5"}],"replies":[{"embeddable":true,"href":"https:\/\/lahoradelcampo.com.uy\/site\/wp-json\/wp\/v2\/comments?post=32874"}],"version-history":[{"count":1,"href":"https:\/\/lahoradelcampo.com.uy\/site\/wp-json\/wp\/v2\/posts\/32874\/revisions"}],"predecessor-version":[{"id":32878,"href":"https:\/\/lahoradelcampo.com.uy\/site\/wp-json\/wp\/v2\/posts\/32874\/revisions\/32878"}],"wp:featuredmedia":[{"embeddable":true,"href":"https:\/\/lahoradelcampo.com.uy\/site\/wp-json\/wp\/v2\/media\/32876"}],"wp:attachment":[{"href":"https:\/\/lahoradelcampo.com.uy\/site\/wp-json\/wp\/v2\/media?parent=32874"}],"wp:term":[{"taxonomy":"category","embeddable":true,"href":"https:\/\/lahoradelcampo.com.uy\/site\/wp-json\/wp\/v2\/categories?post=32874"},{"taxonomy":"post_tag","embeddable":true,"href":"https:\/\/lahoradelcampo.com.uy\/site\/wp-json\/wp\/v2\/tags?post=32874"}],"curies":[{"name":"wp","href":"https:\/\/api.w.org\/{rel}","templated":true}]}}