{"id":32868,"date":"2021-08-09T11:11:56","date_gmt":"2021-08-09T14:11:56","guid":{"rendered":"http:\/\/lahoradelcampo.com.uy\/site\/?p=32868"},"modified":"2021-08-09T11:12:08","modified_gmt":"2021-08-09T14:12:08","slug":"exportaciones-de-celulosa-y-madera-subieron-en-julio","status":"publish","type":"post","link":"https:\/\/lahoradelcampo.com.uy\/site\/exportaciones-de-celulosa-y-madera-subieron-en-julio\/","title":{"rendered":"Exportaciones de celulosa y madera subieron en julio"},"content":{"rendered":"\n<figure class=\"wp-block-image\"><img data-recalc-dims=\"1\" loading=\"lazy\" decoding=\"async\" width=\"810\" height=\"405\" data-attachment-id=\"31374\" data-permalink=\"https:\/\/lahoradelcampo.com.uy\/site\/exportaciones-de-pulpa-de-celulosa-cayo-un-39\/madera\/\" data-orig-file=\"https:\/\/i0.wp.com\/lahoradelcampo.com.uy\/site\/wp-content\/uploads\/2021\/06\/madera.jpg?fit=880%2C440&amp;ssl=1\" data-orig-size=\"880,440\" data-comments-opened=\"1\" data-image-meta=\"{&quot;aperture&quot;:&quot;0&quot;,&quot;credit&quot;:&quot;&quot;,&quot;camera&quot;:&quot;&quot;,&quot;caption&quot;:&quot;&quot;,&quot;created_timestamp&quot;:&quot;0&quot;,&quot;copyright&quot;:&quot;&quot;,&quot;focal_length&quot;:&quot;0&quot;,&quot;iso&quot;:&quot;0&quot;,&quot;shutter_speed&quot;:&quot;0&quot;,&quot;title&quot;:&quot;&quot;,&quot;orientation&quot;:&quot;1&quot;}\" data-image-title=\"madera\" data-image-description=\"\" data-image-caption=\"\" data-large-file=\"https:\/\/i0.wp.com\/lahoradelcampo.com.uy\/site\/wp-content\/uploads\/2021\/06\/madera.jpg?fit=810%2C405&amp;ssl=1\" src=\"https:\/\/i0.wp.com\/lahoradelcampo.com.uy\/site\/wp-content\/uploads\/2021\/06\/madera.jpg?resize=810%2C405\" alt=\"\" class=\"wp-image-31374\" srcset=\"https:\/\/i0.wp.com\/lahoradelcampo.com.uy\/site\/wp-content\/uploads\/2021\/06\/madera.jpg?w=880&amp;ssl=1 880w, https:\/\/i0.wp.com\/lahoradelcampo.com.uy\/site\/wp-content\/uploads\/2021\/06\/madera.jpg?resize=300%2C150&amp;ssl=1 300w, https:\/\/i0.wp.com\/lahoradelcampo.com.uy\/site\/wp-content\/uploads\/2021\/06\/madera.jpg?resize=768%2C384&amp;ssl=1 768w, https:\/\/i0.wp.com\/lahoradelcampo.com.uy\/site\/wp-content\/uploads\/2021\/06\/madera.jpg?resize=820%2C410&amp;ssl=1 820w\" sizes=\"auto, (max-width: 810px) 100vw, 810px\" \/><\/figure>\n\n\n\n<p>De acuerdo a los datos del Instituto Uruguay XXI, las exportaciones tanto de celulosa como de madera contin\u00faan mostrando un marcado incremento de las ventas al exterior del sector forestal en este a\u00f1o 2021, de acuerdo a los datos del mes de julio. <br><\/p>\n\n\n\n<p>Las ventas de celulosa, que se vieron impulsadas por un marcado aumento en el mes de julio por la mejora en los precios de exportaci\u00f3n, sumaron US$ 141 millones, un 56% por encima de lo recaudado en el s\u00e9ptimo mes de 2020. <br><\/p>\n\n\n\n<p>Al sumarse el desempe\u00f1o de este producto en las ventas al exterior en los siete mes de 2021, los valores de ingresos al pa\u00eds se posicionan en 786 millones de d\u00f3lares, lo que representa un incremento del 20% respecto a igual per\u00edodo del a\u00f1o pasado. <br><\/p>\n\n\n\n<p>Por su parte, las exportaciones de madera desde Uruguay contin\u00faan en aumento. En el mes de julio alcanzaron 56 millones de d\u00f3lares, es decir un 97% m\u00e1s que igual mes de 2020. <br><\/p>\n\n\n\n<p>Este aumento se enmarca dentro de la demanda de China, que adquiri\u00f3 el 58% de lo comercializado al exterior durante el mes de julio, a lo que se suma el 15% a Estados Unidos. <br><\/p>\n\n\n\n<p>En tanto que al analizar el per\u00edodo enero-julio de este a\u00f1o, las exportaciones acumularon una expansi\u00f3n de 96% y totalizaron US$ 356 millones. <\/p>\n\n\n\n<p>Salto, 9 de agosto de 2021<\/p>\n","protected":false},"excerpt":{"rendered":"<p>De acuerdo a los datos del Instituto Uruguay XXI, las exportaciones tanto de celulosa como de madera contin\u00faan mostrando un marcado incremento de las ventas al exterior del sector forestal [&hellip;]<\/p>\n","protected":false},"author":5,"featured_media":31374,"comment_status":"open","ping_status":"open","sticky":false,"template":"","format":"standard","meta":{"_price":"","_stock":"","_tribe_ticket_header":"","_tribe_default_ticket_provider":"","_tribe_ticket_capacity":"0","_ticket_start_date":"","_ticket_end_date":"","_tribe_ticket_show_description":"","_tribe_ticket_show_not_going":false,"_tribe_ticket_use_global_stock":"","_tribe_ticket_global_stock_level":"","_global_stock_mode":"","_global_stock_cap":"","_tribe_rsvp_for_event":"","_tribe_ticket_going_count":"","_tribe_ticket_not_going_count":"","_tribe_tickets_list":"[]","_tribe_ticket_has_attendee_info_fields":false,"h5ap_radio_sources":[],"_jetpack_newsletter_access":"","_jetpack_dont_email_post_to_subs":false,"_jetpack_newsletter_tier_id":0,"_jetpack_memberships_contains_paywalled_content":false,"_jetpack_memberships_contains_paid_content":false,"footnotes":""},"categories":[21,15],"tags":[],"class_list":["post-32868","post","type-post","status-publish","format-standard","has-post-thumbnail","hentry","category-actualidad","category-columnistas"],"jetpack_featured_media_url":"https:\/\/i0.wp.com\/lahoradelcampo.com.uy\/site\/wp-content\/uploads\/2021\/06\/madera.jpg?fit=880%2C440&ssl=1","jetpack_sharing_enabled":true,"jetpack_shortlink":"https:\/\/wp.me\/p99IaT-8y8","jetpack-related-posts":[{"id":29164,"url":"https:\/\/lahoradelcampo.com.uy\/site\/las-ventas-de-bienes-al-exterior-crecieron-un-26-en-marzo\/","url_meta":{"origin":32868,"position":0},"title":"Las ventas de bienes al exterior crecieron un 26% en marzo","author":"La Hora del Campo","date":"12 abril, 2021","format":false,"excerpt":"Las solicitudes de exportaci\u00f3n totalizaron US$ 843 millones en marzo de 2021, creciendo 25,5% respecto a marzo 20202 (el primer mes afectado por la pandemia). El aumento se explica principalmente por exportaciones de madera, carne bovina, celulosa y trigo. En cambio, los productos con mayor incidencia negativa en el mes\u2026","rel":"","context":"En \u00abActualidad\u00bb","block_context":{"text":"Actualidad","link":"https:\/\/lahoradelcampo.com.uy\/site\/category\/actualidad\/"},"img":{"alt_text":"","src":"https:\/\/i0.wp.com\/lahoradelcampo.com.uy\/site\/wp-content\/uploads\/2019\/05\/exportaciones.jpg?fit=880%2C440&ssl=1&resize=350%2C200","width":350,"height":200,"srcset":"https:\/\/i0.wp.com\/lahoradelcampo.com.uy\/site\/wp-content\/uploads\/2019\/05\/exportaciones.jpg?fit=880%2C440&ssl=1&resize=350%2C200 1x, https:\/\/i0.wp.com\/lahoradelcampo.com.uy\/site\/wp-content\/uploads\/2019\/05\/exportaciones.jpg?fit=880%2C440&ssl=1&resize=525%2C300 1.5x, https:\/\/i0.wp.com\/lahoradelcampo.com.uy\/site\/wp-content\/uploads\/2019\/05\/exportaciones.jpg?fit=880%2C440&ssl=1&resize=700%2C400 2x"},"classes":[]},{"id":33699,"url":"https:\/\/lahoradelcampo.com.uy\/site\/exportaciones-de-agosto-crecen-un-40\/","url_meta":{"origin":32868,"position":1},"title":"Exportaciones de agosto crecen un 40%","author":"La Hora del Campo","date":"3 septiembre, 2021","format":false,"excerpt":"En agosto 2021 las solicitudes de exportaci\u00f3n siguieron creciendo, registrando un aumento de 40% en la comparaci\u00f3n interanual al totalizar US$ 999 millones. En los primeros ocho meses de 2021, las exportaciones de bienes se ubicaron en U$S 6.967, lo que implica un crecimiento de 35% en la comparaci\u00f3n interanual.\u2026","rel":"","context":"En \u00abActualidad\u00bb","block_context":{"text":"Actualidad","link":"https:\/\/lahoradelcampo.com.uy\/site\/category\/actualidad\/"},"img":{"alt_text":"","src":"https:\/\/i0.wp.com\/lahoradelcampo.com.uy\/site\/wp-content\/uploads\/2021\/01\/barcoschina.jpg?fit=880%2C440&ssl=1&resize=350%2C200","width":350,"height":200,"srcset":"https:\/\/i0.wp.com\/lahoradelcampo.com.uy\/site\/wp-content\/uploads\/2021\/01\/barcoschina.jpg?fit=880%2C440&ssl=1&resize=350%2C200 1x, https:\/\/i0.wp.com\/lahoradelcampo.com.uy\/site\/wp-content\/uploads\/2021\/01\/barcoschina.jpg?fit=880%2C440&ssl=1&resize=525%2C300 1.5x, https:\/\/i0.wp.com\/lahoradelcampo.com.uy\/site\/wp-content\/uploads\/2021\/01\/barcoschina.jpg?fit=880%2C440&ssl=1&resize=700%2C400 2x"},"classes":[]},{"id":55379,"url":"https:\/\/lahoradelcampo.com.uy\/site\/facturacion-de-las-exportaciones-de-bienes-de-uruguay-crecieron-un-13\/","url_meta":{"origin":32868,"position":2},"title":"Facturaci\u00f3n de las exportaciones de bienes de Uruguay crecieron un 13%","author":"La Hora del Campo","date":"6 enero, 2025","format":false,"excerpt":"Cerrado el mes de diciembre, las exportaciones de bienes de Uruguay alcanzaron una facturaci\u00f3n de US$ 12.845 millones, lo que representa el segundo registr\u00f3 m\u00e1s alto de la \u00faltima d\u00e9cada y un crecimiento del 13% respecto a lo exportado durante 2023, seg\u00fan los datos de la Direcci\u00f3n Nacional de Aduanas,\u2026","rel":"","context":"En \u00abActualidad\u00bb","block_context":{"text":"Actualidad","link":"https:\/\/lahoradelcampo.com.uy\/site\/category\/actualidad\/"},"img":{"alt_text":"","src":"https:\/\/i0.wp.com\/lahoradelcampo.com.uy\/site\/wp-content\/uploads\/2025\/01\/Exportaciones2024.jpg?fit=880%2C440&ssl=1&resize=350%2C200","width":350,"height":200,"srcset":"https:\/\/i0.wp.com\/lahoradelcampo.com.uy\/site\/wp-content\/uploads\/2025\/01\/Exportaciones2024.jpg?fit=880%2C440&ssl=1&resize=350%2C200 1x, https:\/\/i0.wp.com\/lahoradelcampo.com.uy\/site\/wp-content\/uploads\/2025\/01\/Exportaciones2024.jpg?fit=880%2C440&ssl=1&resize=525%2C300 1.5x, https:\/\/i0.wp.com\/lahoradelcampo.com.uy\/site\/wp-content\/uploads\/2025\/01\/Exportaciones2024.jpg?fit=880%2C440&ssl=1&resize=700%2C400 2x"},"classes":[]},{"id":56433,"url":"https:\/\/lahoradelcampo.com.uy\/site\/exportaciones-crecieron-74-en-julio-de-2025\/","url_meta":{"origin":32868,"position":3},"title":"Exportaciones crecieron 7,4% en julio de 2025","author":"La Hora del Campo","date":"4 agosto, 2025","format":false,"excerpt":"En julio de 2025, las solicitudes de exportaci\u00f3n de bienes uruguayos -incluidas las zonas francas- alcanzaron US$ 1.175 millones, lo que represent\u00f3 un incremento interanual del 7,4?%, seg\u00fan el informe mensual elaborado por Uruguay XXI. Este crecimiento estuvo impulsado principalmente por las ventas de carne bovina, soja y concentrados de\u2026","rel":"","context":"En \u00abActualidad\u00bb","block_context":{"text":"Actualidad","link":"https:\/\/lahoradelcampo.com.uy\/site\/category\/actualidad\/"},"img":{"alt_text":"","src":"https:\/\/i0.wp.com\/lahoradelcampo.com.uy\/site\/wp-content\/uploads\/2025\/08\/Exportaciones2025agosto.jpg?fit=880%2C440&ssl=1&resize=350%2C200","width":350,"height":200,"srcset":"https:\/\/i0.wp.com\/lahoradelcampo.com.uy\/site\/wp-content\/uploads\/2025\/08\/Exportaciones2025agosto.jpg?fit=880%2C440&ssl=1&resize=350%2C200 1x, https:\/\/i0.wp.com\/lahoradelcampo.com.uy\/site\/wp-content\/uploads\/2025\/08\/Exportaciones2025agosto.jpg?fit=880%2C440&ssl=1&resize=525%2C300 1.5x, https:\/\/i0.wp.com\/lahoradelcampo.com.uy\/site\/wp-content\/uploads\/2025\/08\/Exportaciones2025agosto.jpg?fit=880%2C440&ssl=1&resize=700%2C400 2x"},"classes":[]},{"id":54378,"url":"https:\/\/lahoradelcampo.com.uy\/site\/soja-y-celulosa-impulsaron-27-las-exportaciones-de-agosto\/","url_meta":{"origin":32868,"position":4},"title":"Soja y celulosa impulsaron 27% las exportaciones de agosto","author":"La Hora del Campo","date":"3 septiembre, 2024","format":false,"excerpt":"En el octavo mes del a\u00f1o, las solicitudes de exportaci\u00f3n alcanzaron US$ 1.261 millones, lo que represent\u00f3 un incremento de 27% respecto a agosto de 2023. Este es el quinto registro mensual consecutivo que muestra un aumento en las exportaciones de bienes, seg\u00fan inform\u00f3 el instituto Uruguay XXI. Las exportaciones\u2026","rel":"","context":"En \u00abActualidad\u00bb","block_context":{"text":"Actualidad","link":"https:\/\/lahoradelcampo.com.uy\/site\/category\/actualidad\/"},"img":{"alt_text":"","src":"https:\/\/i0.wp.com\/lahoradelcampo.com.uy\/site\/wp-content\/uploads\/2024\/09\/Exportacionesagosto.jpg?fit=880%2C440&ssl=1&resize=350%2C200","width":350,"height":200,"srcset":"https:\/\/i0.wp.com\/lahoradelcampo.com.uy\/site\/wp-content\/uploads\/2024\/09\/Exportacionesagosto.jpg?fit=880%2C440&ssl=1&resize=350%2C200 1x, https:\/\/i0.wp.com\/lahoradelcampo.com.uy\/site\/wp-content\/uploads\/2024\/09\/Exportacionesagosto.jpg?fit=880%2C440&ssl=1&resize=525%2C300 1.5x, https:\/\/i0.wp.com\/lahoradelcampo.com.uy\/site\/wp-content\/uploads\/2024\/09\/Exportacionesagosto.jpg?fit=880%2C440&ssl=1&resize=700%2C400 2x"},"classes":[]},{"id":55399,"url":"https:\/\/lahoradelcampo.com.uy\/site\/exportaciones-de-celulosa-crecieron-35\/","url_meta":{"origin":32868,"position":5},"title":"Exportaciones de celulosa crecieron 35%","author":"La Hora del Campo","date":"7 enero, 2025","format":false,"excerpt":"Durante el a\u00f1o 2024, seg\u00fan el an\u00e1lisis de Uruguay XXI, la celulosa se convirti\u00f3 en el principal producto exportado, con un aumento del 35% en la facturaci\u00f3n sobre 2023. En total ingresaron 2.545 millones de d\u00f3lares al pa\u00eds por este rubro. Este es el segundo aumento m\u00e1s importante entre a\u00f1os,\u2026","rel":"","context":"En \u00abActualidad\u00bb","block_context":{"text":"Actualidad","link":"https:\/\/lahoradelcampo.com.uy\/site\/category\/actualidad\/"},"img":{"alt_text":"","src":"https:\/\/i0.wp.com\/lahoradelcampo.com.uy\/site\/wp-content\/uploads\/2024\/10\/Forestacion1.jpg?fit=880%2C440&ssl=1&resize=350%2C200","width":350,"height":200,"srcset":"https:\/\/i0.wp.com\/lahoradelcampo.com.uy\/site\/wp-content\/uploads\/2024\/10\/Forestacion1.jpg?fit=880%2C440&ssl=1&resize=350%2C200 1x, https:\/\/i0.wp.com\/lahoradelcampo.com.uy\/site\/wp-content\/uploads\/2024\/10\/Forestacion1.jpg?fit=880%2C440&ssl=1&resize=525%2C300 1.5x, https:\/\/i0.wp.com\/lahoradelcampo.com.uy\/site\/wp-content\/uploads\/2024\/10\/Forestacion1.jpg?fit=880%2C440&ssl=1&resize=700%2C400 2x"},"classes":[]}],"jetpack_likes_enabled":true,"_links":{"self":[{"href":"https:\/\/lahoradelcampo.com.uy\/site\/wp-json\/wp\/v2\/posts\/32868","targetHints":{"allow":["GET"]}}],"collection":[{"href":"https:\/\/lahoradelcampo.com.uy\/site\/wp-json\/wp\/v2\/posts"}],"about":[{"href":"https:\/\/lahoradelcampo.com.uy\/site\/wp-json\/wp\/v2\/types\/post"}],"author":[{"embeddable":true,"href":"https:\/\/lahoradelcampo.com.uy\/site\/wp-json\/wp\/v2\/users\/5"}],"replies":[{"embeddable":true,"href":"https:\/\/lahoradelcampo.com.uy\/site\/wp-json\/wp\/v2\/comments?post=32868"}],"version-history":[{"count":1,"href":"https:\/\/lahoradelcampo.com.uy\/site\/wp-json\/wp\/v2\/posts\/32868\/revisions"}],"predecessor-version":[{"id":32870,"href":"https:\/\/lahoradelcampo.com.uy\/site\/wp-json\/wp\/v2\/posts\/32868\/revisions\/32870"}],"wp:featuredmedia":[{"embeddable":true,"href":"https:\/\/lahoradelcampo.com.uy\/site\/wp-json\/wp\/v2\/media\/31374"}],"wp:attachment":[{"href":"https:\/\/lahoradelcampo.com.uy\/site\/wp-json\/wp\/v2\/media?parent=32868"}],"wp:term":[{"taxonomy":"category","embeddable":true,"href":"https:\/\/lahoradelcampo.com.uy\/site\/wp-json\/wp\/v2\/categories?post=32868"},{"taxonomy":"post_tag","embeddable":true,"href":"https:\/\/lahoradelcampo.com.uy\/site\/wp-json\/wp\/v2\/tags?post=32868"}],"curies":[{"name":"wp","href":"https:\/\/api.w.org\/{rel}","templated":true}]}}