{"id":32858,"date":"2021-08-09T11:05:11","date_gmt":"2021-08-09T14:05:11","guid":{"rendered":"http:\/\/lahoradelcampo.com.uy\/site\/?p=32858"},"modified":"2021-08-09T11:05:22","modified_gmt":"2021-08-09T14:05:22","slug":"aranceles-impiden-que-uruguay-incremente-sus-ventas-a-japon","status":"publish","type":"post","link":"https:\/\/lahoradelcampo.com.uy\/site\/aranceles-impiden-que-uruguay-incremente-sus-ventas-a-japon\/","title":{"rendered":"Aranceles impiden que Uruguay incremente sus ventas a Jap\u00f3n"},"content":{"rendered":"\n<figure class=\"wp-block-image\"><img data-recalc-dims=\"1\" loading=\"lazy\" decoding=\"async\" width=\"810\" height=\"405\" data-attachment-id=\"32420\" data-permalink=\"https:\/\/lahoradelcampo.com.uy\/site\/uruguay-promociona-sus-carnes-en-el-mercado-japones\/inac-japones\/\" data-orig-file=\"https:\/\/i0.wp.com\/lahoradelcampo.com.uy\/site\/wp-content\/uploads\/2021\/07\/Inac-japones.jpg?fit=880%2C440&amp;ssl=1\" data-orig-size=\"880,440\" data-comments-opened=\"1\" data-image-meta=\"{&quot;aperture&quot;:&quot;0&quot;,&quot;credit&quot;:&quot;&quot;,&quot;camera&quot;:&quot;&quot;,&quot;caption&quot;:&quot;&quot;,&quot;created_timestamp&quot;:&quot;0&quot;,&quot;copyright&quot;:&quot;&quot;,&quot;focal_length&quot;:&quot;0&quot;,&quot;iso&quot;:&quot;0&quot;,&quot;shutter_speed&quot;:&quot;0&quot;,&quot;title&quot;:&quot;&quot;,&quot;orientation&quot;:&quot;1&quot;}\" data-image-title=\"Inac-japones\" data-image-description=\"\" data-image-caption=\"\" data-large-file=\"https:\/\/i0.wp.com\/lahoradelcampo.com.uy\/site\/wp-content\/uploads\/2021\/07\/Inac-japones.jpg?fit=810%2C405&amp;ssl=1\" src=\"https:\/\/i0.wp.com\/lahoradelcampo.com.uy\/site\/wp-content\/uploads\/2021\/07\/Inac-japones.jpg?resize=810%2C405\" alt=\"\" class=\"wp-image-32420\" srcset=\"https:\/\/i0.wp.com\/lahoradelcampo.com.uy\/site\/wp-content\/uploads\/2021\/07\/Inac-japones.jpg?w=880&amp;ssl=1 880w, https:\/\/i0.wp.com\/lahoradelcampo.com.uy\/site\/wp-content\/uploads\/2021\/07\/Inac-japones.jpg?resize=300%2C150&amp;ssl=1 300w, https:\/\/i0.wp.com\/lahoradelcampo.com.uy\/site\/wp-content\/uploads\/2021\/07\/Inac-japones.jpg?resize=768%2C384&amp;ssl=1 768w, https:\/\/i0.wp.com\/lahoradelcampo.com.uy\/site\/wp-content\/uploads\/2021\/07\/Inac-japones.jpg?resize=820%2C410&amp;ssl=1 820w\" sizes=\"auto, (max-width: 810px) 100vw, 810px\" \/><\/figure>\n\n\n\n<p>Durante el pasado mes de julio, el Instituto Nacional de Carnes (INAC) en conjunto con cadenas de supermercados y restaurantes en Jap\u00f3n, inici\u00f3 tres campa\u00f1as de marketing, que buscan posicionar la carne vacuna uruguaya dentro del men\u00fa diario del  ciudadano japon\u00e9s. Las mismas se est\u00e1n desarrollando en Yorkmart un cadena de supermercados japon\u00e9s, con un servicio de comida r\u00e1pida propio y en los restaurantes Steak Gusto y Jonathan&#8217;s. Estas campa\u00f1as permanecer\u00e1n activas durante agosto.<br><\/p>\n\n\n\n<p>En los \u00faltimos d\u00edas los t\u00e9cnicos de Inteligencia de Mercado del instituto elaboraron un documento donde brindan una visi\u00f3n general del mercado nip\u00f3n, las oportunidades y restricciones que tiene la carne uruguaya.<br><\/p>\n\n\n\n<p>Caracter\u00edsticas del mercado<br><\/p>\n\n\n\n<p>Jap\u00f3n durante el a\u00f1o 2020 import\u00f3 esta prote\u00edna por un valor de 3,3 mil millones de d\u00f3lares y 600 mil toneladas, representando 9% de la importaci\u00f3n mundial, tanto en valor como en volumen.<br><\/p>\n\n\n\n<p>Adem\u00e1s es un mercado de alto valor, a diferencia de otros pa\u00edses asi\u00e1ticos, debido a su alto ingreso por habitante lo posiciona como un demandante de prote\u00edna de alta calidad. <br><\/p>\n\n\n\n<p>En parte, esto se ve reflejado en la estructura de su canasta importadora, donde el 60% del valor importado corresponde a carne enfriada, con un valor por tonelada que supera los 7.000 d\u00f3lares. <br><\/p>\n\n\n\n<p>Otra de las particularidades de este mercado es la estabilidad en los precios, respecto a los principales destinos de exportaci\u00f3n de carne bovina enfriada de Uruguay.<br><\/p>\n\n\n\n<p>Jap\u00f3n es un mercado creciente para la carne vacuna, con un crecimiento en los \u00faltimos cinco a\u00f1os del 4% en sus vol\u00famenes de importaci\u00f3n. Este aumento, se debe principalmente al importante rol que juega este tipo de carnes en la dieta de los japoneses. Su utilizaci\u00f3n tanto en recetas nacionales como de influencia occidental contribuyen a que, en promedio, se consuman 10 kilos de esta prote\u00edna por persona. <br><\/p>\n\n\n\n<p>Esta es una cifra elevada considerando otros pa\u00edses asi\u00e1ticos y por el hecho de que 6 de cada 10 kilos consumidos son importados.<br><\/p>\n\n\n\n<figure class=\"wp-block-image\"><img data-recalc-dims=\"1\" loading=\"lazy\" decoding=\"async\" width=\"810\" height=\"904\" data-attachment-id=\"32860\" data-permalink=\"https:\/\/lahoradelcampo.com.uy\/site\/aranceles-impiden-que-uruguay-incremente-sus-ventas-a-japon\/importacionesdejapon\/\" data-orig-file=\"https:\/\/i0.wp.com\/lahoradelcampo.com.uy\/site\/wp-content\/uploads\/2021\/08\/importacionesdejapon.jpg?fit=853%2C952&amp;ssl=1\" data-orig-size=\"853,952\" data-comments-opened=\"1\" data-image-meta=\"{&quot;aperture&quot;:&quot;0&quot;,&quot;credit&quot;:&quot;&quot;,&quot;camera&quot;:&quot;&quot;,&quot;caption&quot;:&quot;&quot;,&quot;created_timestamp&quot;:&quot;0&quot;,&quot;copyright&quot;:&quot;&quot;,&quot;focal_length&quot;:&quot;0&quot;,&quot;iso&quot;:&quot;0&quot;,&quot;shutter_speed&quot;:&quot;0&quot;,&quot;title&quot;:&quot;&quot;,&quot;orientation&quot;:&quot;0&quot;}\" data-image-title=\"importacionesdejapon\" data-image-description=\"\" data-image-caption=\"\" data-large-file=\"https:\/\/i0.wp.com\/lahoradelcampo.com.uy\/site\/wp-content\/uploads\/2021\/08\/importacionesdejapon.jpg?fit=810%2C904&amp;ssl=1\" src=\"https:\/\/i0.wp.com\/lahoradelcampo.com.uy\/site\/wp-content\/uploads\/2021\/08\/importacionesdejapon.jpg?resize=810%2C904\" alt=\"\" class=\"wp-image-32860\" srcset=\"https:\/\/i0.wp.com\/lahoradelcampo.com.uy\/site\/wp-content\/uploads\/2021\/08\/importacionesdejapon.jpg?w=853&amp;ssl=1 853w, https:\/\/i0.wp.com\/lahoradelcampo.com.uy\/site\/wp-content\/uploads\/2021\/08\/importacionesdejapon.jpg?resize=269%2C300&amp;ssl=1 269w, https:\/\/i0.wp.com\/lahoradelcampo.com.uy\/site\/wp-content\/uploads\/2021\/08\/importacionesdejapon.jpg?resize=768%2C857&amp;ssl=1 768w\" sizes=\"auto, (max-width: 810px) 100vw, 810px\" \/><\/figure>\n\n\n\n<p>Comercio: Uruguay-Jap\u00f3n<br><\/p>\n\n\n\n<p>En el a\u00f1o 2000, con el \u00faltimo brote de fiebre aftosa en el pa\u00eds, Uruguay perdi\u00f3 el acceso al mercado nip\u00f3n, logrando la habilitaci\u00f3n sanitaria nuevamente en el a\u00f1o 2019, a\u00fan siendo un pa\u00eds libre de fiebre aftosa con vacunaci\u00f3n. De esta manera nuestro pa\u00eds es el \u00fanico que puede vender carne a este destino, en estas condiciones sanitarias. Desde entonces, se exporta a este mercado manteniendo una participaci\u00f3n acotada en el mismo.<br><\/p>\n\n\n\n<p>Uruguay ha exportado 20 millones de d\u00f3lares en 2019 y de 24 millones en 2020 hacia el mercado japon\u00e9s, significando menos del 1% de las compras de ese pa\u00eds a nivel mundial. En sentido an\u00e1logo, este flujo es el 1% de las exportaciones uruguayas de carne bovina. <br><\/p>\n\n\n\n<p>Seg\u00fan datos de INAC, los cortes uruguayos de mayor demanda en este mercado son la carne para manufactura, entra\u00f1a fina y gruesa, aguja, bife ancho y bife angosto. Al igual que Australia, la canasta de productos exportados por Uruguay tiene un componente de productos para manufacturas y otro de cortes de alto valor.<br><\/p>\n\n\n\n<p>Acceso a los competidores<br><\/p>\n\n\n\n<p>El mercado de carne bovina japon\u00e9s est\u00e1 altamente concentrado, cerca del 90% de sus importaciones provienen de Estados Unidos y Australia. Canad\u00e1 se posiciona como el tercer proveedor m\u00e1s relevante de este mercado, con una participaci\u00f3n promedio de 4% en los \u00faltimos cinco a\u00f1os.<br><\/p>\n\n\n\n<p>La alta concentraci\u00f3n de pa\u00edses proveedores en este mercado se explica, en parte, por sus altos aranceles por defecto. Los pa\u00edses que no cuentan con acuerdos preferenciales se enfrentan a un arancel de 38,5%. Uruguay est\u00e1 en esta situaci\u00f3n. <br><\/p>\n\n\n\n<p>Los principales proveedores cuentan con una condici\u00f3n arancelaria diferente. Estados Unidos cuenta con un acuerdo bilateral con Jap\u00f3n, los otros exportadores involucrados (Australia, Canad\u00e1, Nueva Zelanda y M\u00e9xico) cuentan con acceso preferencial gracias al Acuerdo Integral y Progresista de Asociaci\u00f3n Transpac\u00edfico (CPTPP por su sigla en ingl\u00e9s). <br><\/p>\n\n\n\n<p>Esto les permite ingresar carne bovina al mercado japon\u00e9s con aranceles de 25%. Adem\u00e1s, es importante se\u00f1alar que estos acuerdos est\u00e1n en proceso de desgravaci\u00f3n alcanzar\u00e1n el 9% en 2033. Adicionalmente, la ausencia de otros exportadores sudamericanos se explica por no estar habilitados sanitariamente.<br><\/p>\n\n\n\n<p>Desde Uruguay no existe una restricci\u00f3n sanitaria severa. No se cuenta con la habilitaci\u00f3n para exportar carne bovina con hueso, pero esto nos margina de 0,5% del mercado importador. <br><\/p>\n\n\n\n<p>El obst\u00e1culo arancelario es el que inhibe el desarrollo de esta relaci\u00f3n comercial. Esta situaci\u00f3n de habilitaci\u00f3n sanitaria vigente, pero brecha arancelaria elevada y creciente es similar a lo que sucede en Corea del Sur.<br><\/p>\n\n\n\n<p>En ambos casos el diagn\u00f3stico es el mismo si Uruguay no cambia su situaci\u00f3n arancelaria ser\u00e1 complejo aspirar a desarrollar las exportaciones a estos mercados.<\/p>\n\n\n\n<p style=\"text-align:right\"><strong>Salto, 9 de agosto de 2021<\/strong><\/p>\n","protected":false},"excerpt":{"rendered":"<p>Durante el pasado mes de julio, el Instituto Nacional de Carnes (INAC) en conjunto con cadenas de supermercados y restaurantes en Jap\u00f3n, inici\u00f3 tres campa\u00f1as de marketing, que buscan posicionar [&hellip;]<\/p>\n","protected":false},"author":5,"featured_media":32420,"comment_status":"open","ping_status":"open","sticky":false,"template":"","format":"standard","meta":{"_price":"","_stock":"","_tribe_ticket_header":"","_tribe_default_ticket_provider":"","_tribe_ticket_capacity":"0","_ticket_start_date":"","_ticket_end_date":"","_tribe_ticket_show_description":"","_tribe_ticket_show_not_going":false,"_tribe_ticket_use_global_stock":"","_tribe_ticket_global_stock_level":"","_global_stock_mode":"","_global_stock_cap":"","_tribe_rsvp_for_event":"","_tribe_ticket_going_count":"","_tribe_ticket_not_going_count":"","_tribe_tickets_list":"[]","_tribe_ticket_has_attendee_info_fields":false,"h5ap_radio_sources":[],"_jetpack_newsletter_access":"","_jetpack_dont_email_post_to_subs":false,"_jetpack_newsletter_tier_id":0,"_jetpack_memberships_contains_paywalled_content":false,"_jetpack_memberships_contains_paid_content":false,"footnotes":""},"categories":[21,5],"tags":[],"class_list":["post-32858","post","type-post","status-publish","format-standard","has-post-thumbnail","hentry","category-actualidad","category-ganaderia"],"jetpack_featured_media_url":"https:\/\/i0.wp.com\/lahoradelcampo.com.uy\/site\/wp-content\/uploads\/2021\/07\/Inac-japones.jpg?fit=880%2C440&ssl=1","jetpack_sharing_enabled":true,"jetpack_shortlink":"https:\/\/wp.me\/p99IaT-8xY","jetpack-related-posts":[{"id":32418,"url":"https:\/\/lahoradelcampo.com.uy\/site\/uruguay-promociona-sus-carnes-en-el-mercado-japones\/","url_meta":{"origin":32858,"position":0},"title":"Uruguay promociona sus carnes en el mercado japones","author":"La Hora del Campo","date":"27 julio, 2021","format":false,"excerpt":"El Instituto Nacional de Carnes (INAC) comenz\u00f3 una nueva promoci\u00f3n de carne uruguaya en el mercado de Jap\u00f3n. Se centra en 3 cadenas de restoranes y ser\u00e1 durante los meses de verano ahora en el hemisferio norte. El 21 de julio comenz\u00f3 en la cadena Steak Gusto, y hasta fin\u2026","rel":"","context":"En \u00abActualidad\u00bb","block_context":{"text":"Actualidad","link":"https:\/\/lahoradelcampo.com.uy\/site\/category\/actualidad\/"},"img":{"alt_text":"","src":"https:\/\/i0.wp.com\/lahoradelcampo.com.uy\/site\/wp-content\/uploads\/2021\/07\/Inac-japones.jpg?fit=880%2C440&ssl=1&resize=350%2C200","width":350,"height":200,"srcset":"https:\/\/i0.wp.com\/lahoradelcampo.com.uy\/site\/wp-content\/uploads\/2021\/07\/Inac-japones.jpg?fit=880%2C440&ssl=1&resize=350%2C200 1x, https:\/\/i0.wp.com\/lahoradelcampo.com.uy\/site\/wp-content\/uploads\/2021\/07\/Inac-japones.jpg?fit=880%2C440&ssl=1&resize=525%2C300 1.5x, https:\/\/i0.wp.com\/lahoradelcampo.com.uy\/site\/wp-content\/uploads\/2021\/07\/Inac-japones.jpg?fit=880%2C440&ssl=1&resize=700%2C400 2x"},"classes":[]},{"id":24098,"url":"https:\/\/lahoradelcampo.com.uy\/site\/inac-impulsa-la-promocion-de-las-carnes-uruguayas-en-mercados-de-alto-valor\/","url_meta":{"origin":32858,"position":1},"title":"INAC impulsa la promoci\u00f3n de las carnes  uruguayas en mercados de alto valor","author":"La Hora del Campo","date":"28 septiembre, 2020","format":false,"excerpt":"Desde mayo del a\u00f1o pasado, cuando se anunci\u00f3 el ingreso de las carnes uruguayas al mercado japon\u00e9s, r\u00e1pidamente la empresa Bronco Billy lanz\u00f3 una campa\u00f1a de promoci\u00f3n en su men\u00fa principal, en su momento fue la presentaci\u00f3n de un bife de solomillo. Este fin de semana la empresa japonesa lanz\u00f3\u2026","rel":"","context":"En \u00abActualidad\u00bb","block_context":{"text":"Actualidad","link":"https:\/\/lahoradelcampo.com.uy\/site\/category\/actualidad\/"},"img":{"alt_text":"","src":"https:\/\/i0.wp.com\/lahoradelcampo.com.uy\/site\/wp-content\/uploads\/2020\/09\/inacjapon.jpg?fit=880%2C440&ssl=1&resize=350%2C200","width":350,"height":200,"srcset":"https:\/\/i0.wp.com\/lahoradelcampo.com.uy\/site\/wp-content\/uploads\/2020\/09\/inacjapon.jpg?fit=880%2C440&ssl=1&resize=350%2C200 1x, https:\/\/i0.wp.com\/lahoradelcampo.com.uy\/site\/wp-content\/uploads\/2020\/09\/inacjapon.jpg?fit=880%2C440&ssl=1&resize=525%2C300 1.5x, https:\/\/i0.wp.com\/lahoradelcampo.com.uy\/site\/wp-content\/uploads\/2020\/09\/inacjapon.jpg?fit=880%2C440&ssl=1&resize=700%2C400 2x"},"classes":[]},{"id":33467,"url":"https:\/\/lahoradelcampo.com.uy\/site\/steak-miya-promociona-el-bife-angosto-uruguayo-en-japon\/","url_meta":{"origin":32858,"position":2},"title":"Steak Miya promociona el Bife angosto uruguayo en Jap\u00f3n","author":"La Hora del Campo","date":"30 agosto, 2021","format":false,"excerpt":"Uruguay promociona el bife angosto uruguayo en restaurantes de Jap\u00f3n. Durante los meses de julio y agosto, la cadena de restaurantes Steak Miya, de men\u00fa tipo barbacoa japonesa, tienen en promoci\u00f3n ese especial plato. Para promocionarlo, en junio comenz\u00f3 una campa\u00f1a en televisi\u00f3n en varias regiones de Jap\u00f3n donde se\u2026","rel":"","context":"En \u00abActualidad\u00bb","block_context":{"text":"Actualidad","link":"https:\/\/lahoradelcampo.com.uy\/site\/category\/actualidad\/"},"img":{"alt_text":"","src":"https:\/\/i0.wp.com\/lahoradelcampo.com.uy\/site\/wp-content\/uploads\/2021\/08\/INACSteack.jpg?fit=880%2C440&ssl=1&resize=350%2C200","width":350,"height":200,"srcset":"https:\/\/i0.wp.com\/lahoradelcampo.com.uy\/site\/wp-content\/uploads\/2021\/08\/INACSteack.jpg?fit=880%2C440&ssl=1&resize=350%2C200 1x, https:\/\/i0.wp.com\/lahoradelcampo.com.uy\/site\/wp-content\/uploads\/2021\/08\/INACSteack.jpg?fit=880%2C440&ssl=1&resize=525%2C300 1.5x, https:\/\/i0.wp.com\/lahoradelcampo.com.uy\/site\/wp-content\/uploads\/2021\/08\/INACSteack.jpg?fit=880%2C440&ssl=1&resize=700%2C400 2x"},"classes":[]},{"id":24154,"url":"https:\/\/lahoradelcampo.com.uy\/site\/hoy-cierra-la-sial-china-en-shangai\/","url_meta":{"origin":32858,"position":3},"title":"Hoy cierra la SIAL China en Shangai","author":"La Hora del Campo","date":"30 septiembre, 2020","format":false,"excerpt":"Uruguay es el \u00fanico pa\u00eds de la regi\u00f3n que participa con un stand institucional en el marco de la Expo SIAL China 2020, que se desarroll\u00f3 en los \u00faltimos tres d\u00edas y finaliza en esta jornada en la ciudad de Shanga\u00ed. En el predio del National Exhibition and Convention Center,\u2026","rel":"","context":"En \u00abActualidad\u00bb","block_context":{"text":"Actualidad","link":"https:\/\/lahoradelcampo.com.uy\/site\/category\/actualidad\/"},"img":{"alt_text":"","src":"https:\/\/i0.wp.com\/lahoradelcampo.com.uy\/site\/wp-content\/uploads\/2020\/09\/INACshangai.jpg?fit=880%2C440&ssl=1&resize=350%2C200","width":350,"height":200,"srcset":"https:\/\/i0.wp.com\/lahoradelcampo.com.uy\/site\/wp-content\/uploads\/2020\/09\/INACshangai.jpg?fit=880%2C440&ssl=1&resize=350%2C200 1x, https:\/\/i0.wp.com\/lahoradelcampo.com.uy\/site\/wp-content\/uploads\/2020\/09\/INACshangai.jpg?fit=880%2C440&ssl=1&resize=525%2C300 1.5x, https:\/\/i0.wp.com\/lahoradelcampo.com.uy\/site\/wp-content\/uploads\/2020\/09\/INACshangai.jpg?fit=880%2C440&ssl=1&resize=700%2C400 2x"},"classes":[]},{"id":36793,"url":"https:\/\/lahoradelcampo.com.uy\/site\/uruguay-lanzo-un-portal-web-en-japones-para-sus-carnes\/","url_meta":{"origin":32858,"position":4},"title":"Uruguay lanz\u00f3 un portal web en japon\u00e9s para sus carnes","author":"La Hora del Campo","date":"22 noviembre, 2021","format":false,"excerpt":"uruguayanmeats.jp es la nueva p\u00e1gina web que ha lanzado el Instituto Nacional de Carnes (INAC) para promocionar nuestro principal producto de exportaci\u00f3n en el mercado japon\u00e9s. Este portal surge del inter\u00e9s de las empresas importadoras de Jap\u00f3n, de dar a conocer mejor nuestras carnes en el consumidor final. Lanzado en\u2026","rel":"","context":"En \u00abActualidad\u00bb","block_context":{"text":"Actualidad","link":"https:\/\/lahoradelcampo.com.uy\/site\/category\/actualidad\/"},"img":{"alt_text":"","src":"https:\/\/i0.wp.com\/lahoradelcampo.com.uy\/site\/wp-content\/uploads\/2021\/11\/INAC-Japoneses.jpg?fit=880%2C440&ssl=1&resize=350%2C200","width":350,"height":200,"srcset":"https:\/\/i0.wp.com\/lahoradelcampo.com.uy\/site\/wp-content\/uploads\/2021\/11\/INAC-Japoneses.jpg?fit=880%2C440&ssl=1&resize=350%2C200 1x, https:\/\/i0.wp.com\/lahoradelcampo.com.uy\/site\/wp-content\/uploads\/2021\/11\/INAC-Japoneses.jpg?fit=880%2C440&ssl=1&resize=525%2C300 1.5x, https:\/\/i0.wp.com\/lahoradelcampo.com.uy\/site\/wp-content\/uploads\/2021\/11\/INAC-Japoneses.jpg?fit=880%2C440&ssl=1&resize=700%2C400 2x"},"classes":[]},{"id":11005,"url":"https:\/\/lahoradelcampo.com.uy\/site\/bronco-billy-servira-carne-uruguaya-en-sus-136-locales-en-japon\/","url_meta":{"origin":32858,"position":5},"title":"Bronco Billy servir\u00e1 carne uruguaya en sus 136 locales en Jap\u00f3n","author":"La Hora del Campo ADMIN","date":"22 mayo, 2019","format":false,"excerpt":"Cu\u00e1l estreno de pel\u00edcula la cadena de restaurantes de Jap\u00f3n Bronco Billy dio a conocer el pr\u00f3ximo 27 de mayo debutara la carne uruguaya en sus 136 locales. De acuerdo a la informaci\u00f3n brindada por la firma japonesa se tratara de un plato de solomillo hecho a las brasas. La\u2026","rel":"","context":"En \u00abActualidad\u00bb","block_context":{"text":"Actualidad","link":"https:\/\/lahoradelcampo.com.uy\/site\/category\/actualidad\/"},"img":{"alt_text":"","src":"https:\/\/i0.wp.com\/lahoradelcampo.com.uy\/site\/wp-content\/uploads\/2019\/05\/Adobe_20190522_140636.jpg?fit=880%2C440&ssl=1&resize=350%2C200","width":350,"height":200,"srcset":"https:\/\/i0.wp.com\/lahoradelcampo.com.uy\/site\/wp-content\/uploads\/2019\/05\/Adobe_20190522_140636.jpg?fit=880%2C440&ssl=1&resize=350%2C200 1x, https:\/\/i0.wp.com\/lahoradelcampo.com.uy\/site\/wp-content\/uploads\/2019\/05\/Adobe_20190522_140636.jpg?fit=880%2C440&ssl=1&resize=525%2C300 1.5x, https:\/\/i0.wp.com\/lahoradelcampo.com.uy\/site\/wp-content\/uploads\/2019\/05\/Adobe_20190522_140636.jpg?fit=880%2C440&ssl=1&resize=700%2C400 2x"},"classes":[]}],"jetpack_likes_enabled":true,"_links":{"self":[{"href":"https:\/\/lahoradelcampo.com.uy\/site\/wp-json\/wp\/v2\/posts\/32858","targetHints":{"allow":["GET"]}}],"collection":[{"href":"https:\/\/lahoradelcampo.com.uy\/site\/wp-json\/wp\/v2\/posts"}],"about":[{"href":"https:\/\/lahoradelcampo.com.uy\/site\/wp-json\/wp\/v2\/types\/post"}],"author":[{"embeddable":true,"href":"https:\/\/lahoradelcampo.com.uy\/site\/wp-json\/wp\/v2\/users\/5"}],"replies":[{"embeddable":true,"href":"https:\/\/lahoradelcampo.com.uy\/site\/wp-json\/wp\/v2\/comments?post=32858"}],"version-history":[{"count":1,"href":"https:\/\/lahoradelcampo.com.uy\/site\/wp-json\/wp\/v2\/posts\/32858\/revisions"}],"predecessor-version":[{"id":32862,"href":"https:\/\/lahoradelcampo.com.uy\/site\/wp-json\/wp\/v2\/posts\/32858\/revisions\/32862"}],"wp:featuredmedia":[{"embeddable":true,"href":"https:\/\/lahoradelcampo.com.uy\/site\/wp-json\/wp\/v2\/media\/32420"}],"wp:attachment":[{"href":"https:\/\/lahoradelcampo.com.uy\/site\/wp-json\/wp\/v2\/media?parent=32858"}],"wp:term":[{"taxonomy":"category","embeddable":true,"href":"https:\/\/lahoradelcampo.com.uy\/site\/wp-json\/wp\/v2\/categories?post=32858"},{"taxonomy":"post_tag","embeddable":true,"href":"https:\/\/lahoradelcampo.com.uy\/site\/wp-json\/wp\/v2\/tags?post=32858"}],"curies":[{"name":"wp","href":"https:\/\/api.w.org\/{rel}","templated":true}]}}