{"id":32852,"date":"2021-08-09T11:01:20","date_gmt":"2021-08-09T14:01:20","guid":{"rendered":"http:\/\/lahoradelcampo.com.uy\/site\/?p=32852"},"modified":"2021-08-09T11:01:26","modified_gmt":"2021-08-09T14:01:26","slug":"jovenes-festejaran-su-dia-en-el-parlamento","status":"publish","type":"post","link":"https:\/\/lahoradelcampo.com.uy\/site\/jovenes-festejaran-su-dia-en-el-parlamento\/","title":{"rendered":"J\u00f3venes festejar\u00e1n su d\u00eda en el Parlamento"},"content":{"rendered":"\n<figure class=\"wp-block-image\"><img data-recalc-dims=\"1\" loading=\"lazy\" decoding=\"async\" width=\"810\" height=\"405\" data-attachment-id=\"32854\" data-permalink=\"https:\/\/lahoradelcampo.com.uy\/site\/jovenes-festejaran-su-dia-en-el-parlamento\/juventud\/\" data-orig-file=\"https:\/\/i0.wp.com\/lahoradelcampo.com.uy\/site\/wp-content\/uploads\/2021\/08\/juventud.jpg?fit=880%2C440&amp;ssl=1\" data-orig-size=\"880,440\" data-comments-opened=\"1\" data-image-meta=\"{&quot;aperture&quot;:&quot;0&quot;,&quot;credit&quot;:&quot;&quot;,&quot;camera&quot;:&quot;&quot;,&quot;caption&quot;:&quot;&quot;,&quot;created_timestamp&quot;:&quot;0&quot;,&quot;copyright&quot;:&quot;&quot;,&quot;focal_length&quot;:&quot;0&quot;,&quot;iso&quot;:&quot;0&quot;,&quot;shutter_speed&quot;:&quot;0&quot;,&quot;title&quot;:&quot;&quot;,&quot;orientation&quot;:&quot;1&quot;}\" data-image-title=\"juventud\" data-image-description=\"\" data-image-caption=\"\" data-large-file=\"https:\/\/i0.wp.com\/lahoradelcampo.com.uy\/site\/wp-content\/uploads\/2021\/08\/juventud.jpg?fit=810%2C405&amp;ssl=1\" src=\"https:\/\/i0.wp.com\/lahoradelcampo.com.uy\/site\/wp-content\/uploads\/2021\/08\/juventud.jpg?resize=810%2C405\" alt=\"\" class=\"wp-image-32854\" srcset=\"https:\/\/i0.wp.com\/lahoradelcampo.com.uy\/site\/wp-content\/uploads\/2021\/08\/juventud.jpg?w=880&amp;ssl=1 880w, https:\/\/i0.wp.com\/lahoradelcampo.com.uy\/site\/wp-content\/uploads\/2021\/08\/juventud.jpg?resize=300%2C150&amp;ssl=1 300w, https:\/\/i0.wp.com\/lahoradelcampo.com.uy\/site\/wp-content\/uploads\/2021\/08\/juventud.jpg?resize=768%2C384&amp;ssl=1 768w, https:\/\/i0.wp.com\/lahoradelcampo.com.uy\/site\/wp-content\/uploads\/2021\/08\/juventud.jpg?resize=820%2C410&amp;ssl=1 820w\" sizes=\"auto, (max-width: 810px) 100vw, 810px\" \/><\/figure>\n\n\n\n<p>Desde hace varios a\u00f1os, el 27 de agosto se celebra el D\u00eda Nacional de la Juventud Rural en Uruguay. Con el fin de reconocer la trayectoria de las diversas juventudes rurales, el Estado uruguayo ha designado ese d\u00eda para poner en agenda y dar visibilidad a este sector de la poblaci\u00f3n rural, y dise\u00f1ar e implementar pol\u00edticas diferenciadas interinstitucionales. Durante el mes de agosto habr\u00e1 actividades realizadas por y para j\u00f3venes rurales de todo el pa\u00eds, participando en talleres, y cerrando la conmemoraci\u00f3n de su D\u00eda Nacional de la Juventud Rural, en el Parlamento.<br><\/p>\n\n\n\n<p>Agenda Agosto 2021<br><\/p>\n\n\n\n<p>Para la celebraci\u00f3n de su d\u00eda este a\u00f1o, la Comisi\u00f3n Honoraria de la Juventud Rural (CHJR) recibi\u00f3 la invitaci\u00f3n de la Vicepresidenta de la Rep\u00fablica Beatriz Argim\u00f3n, para sesionar en el parlamento nacional.  Ser\u00e1 el 27 de agosto y la consigna es: \u201cEn la voz de las juventudes rurales\u201d. Se busca visibilizar a las juventudes rurales, colocarlas en la agenda p\u00fablica, intercambiar y reflexionar en torno a su realidad. <br><\/p>\n\n\n\n<p>En la sesi\u00f3n parlamentaria har\u00e1n uso de la palabra j\u00f3venes representantes de organizaciones rurales, y contar\u00e1 con la participaci\u00f3n de organizaciones e instituciones de la CHJR, representantes parlamentarios, autoridades de gobierno y un aforo limitado de invitados, sujeto a los protocolos de la pandemia.<br><\/p>\n\n\n\n<p>En el mes de los j\u00f3venes rurales, se organizaron cinco talleres regionales para intercambiar propuestas en distintas \u00e1reas tem\u00e1ticas y seguir trabajando en el marco de una agenda que mejore y promueva nuevas pol\u00edticas espec\u00edficas para ese sector. La participaci\u00f3n es v\u00eda zoom y se espera la mayor participaci\u00f3n de j\u00f3venes rurales de todo el pa\u00eds.<br><\/p>\n\n\n\n<p>La Comisi\u00f3n <br><\/p>\n\n\n\n<p>En 2020, se reinstal\u00f3 la Comisi\u00f3n Honoraria de la Juventud Rural (CHJR), que es un espacio de di\u00e1logo y cooperaci\u00f3n entre el Estado y las juventudes rurales, con el fin de promover y fortalecer pol\u00edticas p\u00fablicas que garanticen el pleno ejercicio de los derechos de las juventudes vinculadas al medio rural.<br><\/p>\n\n\n\n<p>La comisi\u00f3n est\u00e1 integrada desde el Estado por Ministerio de Ganader\u00eda, Agricultura y Pesca &#8211; Direcci\u00f3n General de Desarrollo Rural (MGAP-DGDR); Instituto Nacional de Colonizaci\u00f3n (INC), Ministerio de Desarrollo Social \u2013 Instituto Nacional de la Juventud (MIDES-INJU),  Oficina de Planeamiento y Presupuesto \u2013 Descentralizaci\u00f3n y Cohesi\u00f3n Social, y  Administraci\u00f3n Nacional de Educaci\u00f3n P\u00fablica \u2013 UTU Direcci\u00f3n General de Educaci\u00f3n T\u00e9cnico Profesional, Programa de Educaci\u00f3n para el Agro. Desde las organizaciones rurales la integran Movimiento Juventud Agraria (MJA), Comisi\u00f3n Nacional de Fomento Rural (CNFR), Cooperativas Agrarias Federadas (CAF), Asociaci\u00f3n Nacional de Productores de Leche (ANPL), Federaci\u00f3n Rural de J\u00f3venes del Uruguay (FRU), Asociaci\u00f3n Rural de J\u00f3venes del Uruguay (ARJU), y Red Nacional de Semillas Nativas y Criollas.<\/p>\n\n\n\n<p>Salto, 9 de agosto de 2021<\/p>\n","protected":false},"excerpt":{"rendered":"<p>Desde hace varios a\u00f1os, el 27 de agosto se celebra el D\u00eda Nacional de la Juventud Rural en Uruguay. Con el fin de reconocer la trayectoria de las diversas juventudes [&hellip;]<\/p>\n","protected":false},"author":5,"featured_media":32854,"comment_status":"open","ping_status":"open","sticky":false,"template":"","format":"standard","meta":{"_price":"","_stock":"","_tribe_ticket_header":"","_tribe_default_ticket_provider":"","_tribe_ticket_capacity":"0","_ticket_start_date":"","_ticket_end_date":"","_tribe_ticket_show_description":"","_tribe_ticket_show_not_going":false,"_tribe_ticket_use_global_stock":"","_tribe_ticket_global_stock_level":"","_global_stock_mode":"","_global_stock_cap":"","_tribe_rsvp_for_event":"","_tribe_ticket_going_count":"","_tribe_ticket_not_going_count":"","_tribe_tickets_list":"[]","_tribe_ticket_has_attendee_info_fields":false,"h5ap_radio_sources":[],"_jetpack_newsletter_access":"","_jetpack_dont_email_post_to_subs":false,"_jetpack_newsletter_tier_id":0,"_jetpack_memberships_contains_paywalled_content":false,"_jetpack_memberships_contains_paid_content":false,"footnotes":""},"categories":[21],"tags":[],"class_list":["post-32852","post","type-post","status-publish","format-standard","has-post-thumbnail","hentry","category-actualidad"],"jetpack_featured_media_url":"https:\/\/i0.wp.com\/lahoradelcampo.com.uy\/site\/wp-content\/uploads\/2021\/08\/juventud.jpg?fit=880%2C440&ssl=1","jetpack_sharing_enabled":true,"jetpack_shortlink":"https:\/\/wp.me\/p99IaT-8xS","jetpack-related-posts":[{"id":32900,"url":"https:\/\/lahoradelcampo.com.uy\/site\/jovenes-realizaron-el-primer-taller-virtual-de-agosto\/","url_meta":{"origin":32852,"position":0},"title":"J\u00f3venes realizaron el primer taller virtual de agosto","author":"La Hora del Campo","date":"10 agosto, 2021","format":false,"excerpt":"El pasado viernes 6 de agosto se realiz\u00f3 de forma virtual el primero de los 5 talleres programados para este mes donde j\u00f3venes rurales expresaran sus necesidades y propongan ideas que ser\u00e1n presentadas a las autoridades. El primer encuentro en el sur del pa\u00eds, tuvo como protagonista a Micaela Waller\u2026","rel":"","context":"En \u00abActualidad\u00bb","block_context":{"text":"Actualidad","link":"https:\/\/lahoradelcampo.com.uy\/site\/category\/actualidad\/"},"img":{"alt_text":"","src":"https:\/\/i0.wp.com\/lahoradelcampo.com.uy\/site\/wp-content\/uploads\/2021\/08\/jovenes.jpg?fit=880%2C440&ssl=1&resize=350%2C200","width":350,"height":200,"srcset":"https:\/\/i0.wp.com\/lahoradelcampo.com.uy\/site\/wp-content\/uploads\/2021\/08\/jovenes.jpg?fit=880%2C440&ssl=1&resize=350%2C200 1x, https:\/\/i0.wp.com\/lahoradelcampo.com.uy\/site\/wp-content\/uploads\/2021\/08\/jovenes.jpg?fit=880%2C440&ssl=1&resize=525%2C300 1.5x, https:\/\/i0.wp.com\/lahoradelcampo.com.uy\/site\/wp-content\/uploads\/2021\/08\/jovenes.jpg?fit=880%2C440&ssl=1&resize=700%2C400 2x"},"classes":[]},{"id":33096,"url":"https:\/\/lahoradelcampo.com.uy\/site\/hay-que-generar-mas-oportunidades-para-que-los-jovenes-puedan-emprender\/","url_meta":{"origin":32852,"position":1},"title":"Hay que \u00abgenerar m\u00e1s oportunidades para que los j\u00f3venes puedan emprender\u00bb","author":"La Hora del Campo","date":"16 agosto, 2021","format":false,"excerpt":"Evelyne Laborda es de Soriano, de paraje Duraznito. Es Licenciada en Gesti\u00f3n Agropecuaria, hija de productores lecheros. Actualmente es la secretaria del grupo de j\u00f3venes de la Asociaci\u00f3n Nacional de Productores de Leche (ANPL). Nos cuenta sobre los desaf\u00edos que enfrentan los j\u00f3venes que eligen vivir en el campo. \u201cCreo\u2026","rel":"","context":"En \u00abActualidad\u00bb","block_context":{"text":"Actualidad","link":"https:\/\/lahoradelcampo.com.uy\/site\/category\/actualidad\/"},"img":{"alt_text":"","src":"https:\/\/i0.wp.com\/lahoradelcampo.com.uy\/site\/wp-content\/uploads\/2021\/08\/jovenesmgap.jpg?fit=880%2C440&ssl=1&resize=350%2C200","width":350,"height":200,"srcset":"https:\/\/i0.wp.com\/lahoradelcampo.com.uy\/site\/wp-content\/uploads\/2021\/08\/jovenesmgap.jpg?fit=880%2C440&ssl=1&resize=350%2C200 1x, https:\/\/i0.wp.com\/lahoradelcampo.com.uy\/site\/wp-content\/uploads\/2021\/08\/jovenesmgap.jpg?fit=880%2C440&ssl=1&resize=525%2C300 1.5x, https:\/\/i0.wp.com\/lahoradelcampo.com.uy\/site\/wp-content\/uploads\/2021\/08\/jovenesmgap.jpg?fit=880%2C440&ssl=1&resize=700%2C400 2x"},"classes":[]},{"id":13779,"url":"https:\/\/lahoradelcampo.com.uy\/site\/el-inc-realizara-un-llamado-en-salto-para-que-jovenes-accedan-a-tierras\/","url_meta":{"origin":32852,"position":2},"title":"El INC realizar\u00e1 un llamado en Salto para que j\u00f3venes accedan a tierras","author":"La Hora del Campo","date":"29 agosto, 2019","format":false,"excerpt":"En el D\u00eda Nacional de la Juventud Rural, se present\u00f3 la publicaci\u00f3n \u201cNuestro tiempo es ahora\u201d, documento s\u00edntesis del Encuentro Nacional de Juventudes Rurales que tuvo lugar el a\u00f1o pasado en Atl\u00e1ntida. El objetivo es difundir a la ciudadan\u00eda y dar a conocer a las instituciones y organizaciones de la\u2026","rel":"","context":"En \u00abActualidad\u00bb","block_context":{"text":"Actualidad","link":"https:\/\/lahoradelcampo.com.uy\/site\/category\/actualidad\/"},"img":{"alt_text":"","src":"https:\/\/i0.wp.com\/lahoradelcampo.com.uy\/site\/wp-content\/uploads\/2019\/08\/mgap.jpg?fit=880%2C440&ssl=1&resize=350%2C200","width":350,"height":200,"srcset":"https:\/\/i0.wp.com\/lahoradelcampo.com.uy\/site\/wp-content\/uploads\/2019\/08\/mgap.jpg?fit=880%2C440&ssl=1&resize=350%2C200 1x, https:\/\/i0.wp.com\/lahoradelcampo.com.uy\/site\/wp-content\/uploads\/2019\/08\/mgap.jpg?fit=880%2C440&ssl=1&resize=525%2C300 1.5x, https:\/\/i0.wp.com\/lahoradelcampo.com.uy\/site\/wp-content\/uploads\/2019\/08\/mgap.jpg?fit=880%2C440&ssl=1&resize=700%2C400 2x"},"classes":[]},{"id":48043,"url":"https:\/\/lahoradelcampo.com.uy\/site\/desarrollo-rural-firmo-acuerdos-para-fortalecer-gremiales-de-jovenes\/","url_meta":{"origin":32852,"position":3},"title":"Desarrollo Rural firm\u00f3 acuerdos para fortalecer gremiales de j\u00f3venes","author":"La Hora del Campo","date":"11 enero, 2023","format":false,"excerpt":"En el marco del proyecto de fortalecimiento de organizaciones rurales en perspectiva de juventud, de la Direcci\u00f3n de Desarrollo Rural del Ministerio de Ganader\u00eda, Agricultura y Pesca (MGAP), se han firmado acuerdos con las siete instituciones que conforman la Comisi\u00f3n Honoraria de Juventudes Rurales. El principal de dicha oficina ministerial,\u2026","rel":"","context":"En \u00abActualidad\u00bb","block_context":{"text":"Actualidad","link":"https:\/\/lahoradelcampo.com.uy\/site\/category\/actualidad\/"},"img":{"alt_text":"","src":"https:\/\/i0.wp.com\/lahoradelcampo.com.uy\/site\/wp-content\/uploads\/2023\/01\/DGDR-Arju.jpg?fit=880%2C440&ssl=1&resize=350%2C200","width":350,"height":200,"srcset":"https:\/\/i0.wp.com\/lahoradelcampo.com.uy\/site\/wp-content\/uploads\/2023\/01\/DGDR-Arju.jpg?fit=880%2C440&ssl=1&resize=350%2C200 1x, https:\/\/i0.wp.com\/lahoradelcampo.com.uy\/site\/wp-content\/uploads\/2023\/01\/DGDR-Arju.jpg?fit=880%2C440&ssl=1&resize=525%2C300 1.5x, https:\/\/i0.wp.com\/lahoradelcampo.com.uy\/site\/wp-content\/uploads\/2023\/01\/DGDR-Arju.jpg?fit=880%2C440&ssl=1&resize=700%2C400 2x"},"classes":[]},{"id":54594,"url":"https:\/\/lahoradelcampo.com.uy\/site\/mgap-celebro-los-20-anos-del-programa-de-microcredito-rural\/","url_meta":{"origin":32852,"position":4},"title":"MGAP celebr\u00f3 los 20 a\u00f1os del Programa de Microcr\u00e9dito Rural","author":"La Hora del Campo","date":"17 septiembre, 2024","format":false,"excerpt":"En el marco de la Expo Prado 2024, se celebraron los 20 a\u00f1os del Programa Microcr\u00e9dito Rural (PMR), una iniciativa clave del Ministerio de Ganader\u00eda, Agricultura y Pesca (MGAP) y Fundasol, destinada a brindar acceso a cr\u00e9dito a la poblaci\u00f3n rural uruguaya. La conferencia, realizada el mi\u00e9rcoles 11 de septiembre,\u2026","rel":"","context":"En \u00abActualidad\u00bb","block_context":{"text":"Actualidad","link":"https:\/\/lahoradelcampo.com.uy\/site\/category\/actualidad\/"},"img":{"alt_text":"","src":"https:\/\/i0.wp.com\/lahoradelcampo.com.uy\/site\/wp-content\/uploads\/2024\/09\/MicrocreditoMGAP.jpg?fit=880%2C440&ssl=1&resize=350%2C200","width":350,"height":200,"srcset":"https:\/\/i0.wp.com\/lahoradelcampo.com.uy\/site\/wp-content\/uploads\/2024\/09\/MicrocreditoMGAP.jpg?fit=880%2C440&ssl=1&resize=350%2C200 1x, https:\/\/i0.wp.com\/lahoradelcampo.com.uy\/site\/wp-content\/uploads\/2024\/09\/MicrocreditoMGAP.jpg?fit=880%2C440&ssl=1&resize=525%2C300 1.5x, https:\/\/i0.wp.com\/lahoradelcampo.com.uy\/site\/wp-content\/uploads\/2024\/09\/MicrocreditoMGAP.jpg?fit=880%2C440&ssl=1&resize=700%2C400 2x"},"classes":[]},{"id":33583,"url":"https:\/\/lahoradelcampo.com.uy\/site\/jovenes-rurales-de-salto-celebraron-el-mes-de-las-juventudes-rurales\/","url_meta":{"origin":32852,"position":5},"title":"J\u00f3venes rurales de Salto celebraron el Mes de las Juventudes Rurales","author":"La Hora del Campo","date":"1 septiembre, 2021","format":false,"excerpt":"La Direcci\u00f3n de Desarrollo Rural del MGAP impulsa pol\u00edticas de apoyo, y visibilizaci\u00f3n de los j\u00f3venes rurales. M\u00e1s all\u00e1 del llamado \u201cLa Buj\u00eda\u201d, que estuvo destinado a propuestas productivas de la juventud rural, recientemente se dispuso de una herramienta \u201cNuestro tiempo es ahora\u201d, que b\u00e1sicamente son fondos que promueven la\u2026","rel":"","context":"En \u00abActualidad\u00bb","block_context":{"text":"Actualidad","link":"https:\/\/lahoradelcampo.com.uy\/site\/category\/actualidad\/"},"img":{"alt_text":"","src":"https:\/\/i0.wp.com\/lahoradelcampo.com.uy\/site\/wp-content\/uploads\/2021\/09\/jovensalto.jpg?fit=880%2C440&ssl=1&resize=350%2C200","width":350,"height":200,"srcset":"https:\/\/i0.wp.com\/lahoradelcampo.com.uy\/site\/wp-content\/uploads\/2021\/09\/jovensalto.jpg?fit=880%2C440&ssl=1&resize=350%2C200 1x, https:\/\/i0.wp.com\/lahoradelcampo.com.uy\/site\/wp-content\/uploads\/2021\/09\/jovensalto.jpg?fit=880%2C440&ssl=1&resize=525%2C300 1.5x, https:\/\/i0.wp.com\/lahoradelcampo.com.uy\/site\/wp-content\/uploads\/2021\/09\/jovensalto.jpg?fit=880%2C440&ssl=1&resize=700%2C400 2x"},"classes":[]}],"jetpack_likes_enabled":true,"_links":{"self":[{"href":"https:\/\/lahoradelcampo.com.uy\/site\/wp-json\/wp\/v2\/posts\/32852","targetHints":{"allow":["GET"]}}],"collection":[{"href":"https:\/\/lahoradelcampo.com.uy\/site\/wp-json\/wp\/v2\/posts"}],"about":[{"href":"https:\/\/lahoradelcampo.com.uy\/site\/wp-json\/wp\/v2\/types\/post"}],"author":[{"embeddable":true,"href":"https:\/\/lahoradelcampo.com.uy\/site\/wp-json\/wp\/v2\/users\/5"}],"replies":[{"embeddable":true,"href":"https:\/\/lahoradelcampo.com.uy\/site\/wp-json\/wp\/v2\/comments?post=32852"}],"version-history":[{"count":1,"href":"https:\/\/lahoradelcampo.com.uy\/site\/wp-json\/wp\/v2\/posts\/32852\/revisions"}],"predecessor-version":[{"id":32856,"href":"https:\/\/lahoradelcampo.com.uy\/site\/wp-json\/wp\/v2\/posts\/32852\/revisions\/32856"}],"wp:featuredmedia":[{"embeddable":true,"href":"https:\/\/lahoradelcampo.com.uy\/site\/wp-json\/wp\/v2\/media\/32854"}],"wp:attachment":[{"href":"https:\/\/lahoradelcampo.com.uy\/site\/wp-json\/wp\/v2\/media?parent=32852"}],"wp:term":[{"taxonomy":"category","embeddable":true,"href":"https:\/\/lahoradelcampo.com.uy\/site\/wp-json\/wp\/v2\/categories?post=32852"},{"taxonomy":"post_tag","embeddable":true,"href":"https:\/\/lahoradelcampo.com.uy\/site\/wp-json\/wp\/v2\/tags?post=32852"}],"curies":[{"name":"wp","href":"https:\/\/api.w.org\/{rel}","templated":true}]}}