{"id":32806,"date":"2021-08-06T09:22:00","date_gmt":"2021-08-06T12:22:00","guid":{"rendered":"http:\/\/lahoradelcampo.com.uy\/site\/?p=32806"},"modified":"2021-08-06T09:22:05","modified_gmt":"2021-08-06T12:22:05","slug":"100-de-colocacion-en-la-feria-valdez-cia-en-el-local-valentin","status":"publish","type":"post","link":"https:\/\/lahoradelcampo.com.uy\/site\/100-de-colocacion-en-la-feria-valdez-cia-en-el-local-valentin\/","title":{"rendered":"100% de colocaci\u00f3n en la feria Valdez &#038; C\u00eda en el local Valent\u00edn"},"content":{"rendered":"\n<figure class=\"wp-block-image\"><img data-recalc-dims=\"1\" loading=\"lazy\" decoding=\"async\" width=\"810\" height=\"405\" data-attachment-id=\"32808\" data-permalink=\"https:\/\/lahoradelcampo.com.uy\/site\/100-de-colocacion-en-la-feria-valdez-cia-en-el-local-valentin\/valdezvalentin\/\" data-orig-file=\"https:\/\/i0.wp.com\/lahoradelcampo.com.uy\/site\/wp-content\/uploads\/2021\/08\/Valdezvalentin.jpg?fit=880%2C440&amp;ssl=1\" data-orig-size=\"880,440\" data-comments-opened=\"1\" data-image-meta=\"{&quot;aperture&quot;:&quot;0&quot;,&quot;credit&quot;:&quot;&quot;,&quot;camera&quot;:&quot;&quot;,&quot;caption&quot;:&quot;&quot;,&quot;created_timestamp&quot;:&quot;0&quot;,&quot;copyright&quot;:&quot;&quot;,&quot;focal_length&quot;:&quot;0&quot;,&quot;iso&quot;:&quot;0&quot;,&quot;shutter_speed&quot;:&quot;0&quot;,&quot;title&quot;:&quot;&quot;,&quot;orientation&quot;:&quot;1&quot;}\" data-image-title=\"Valdezvalentin\" data-image-description=\"\" data-image-caption=\"\" data-large-file=\"https:\/\/i0.wp.com\/lahoradelcampo.com.uy\/site\/wp-content\/uploads\/2021\/08\/Valdezvalentin.jpg?fit=810%2C405&amp;ssl=1\" src=\"https:\/\/i0.wp.com\/lahoradelcampo.com.uy\/site\/wp-content\/uploads\/2021\/08\/Valdezvalentin.jpg?resize=810%2C405\" alt=\"\" class=\"wp-image-32808\" srcset=\"https:\/\/i0.wp.com\/lahoradelcampo.com.uy\/site\/wp-content\/uploads\/2021\/08\/Valdezvalentin.jpg?w=880&amp;ssl=1 880w, https:\/\/i0.wp.com\/lahoradelcampo.com.uy\/site\/wp-content\/uploads\/2021\/08\/Valdezvalentin.jpg?resize=300%2C150&amp;ssl=1 300w, https:\/\/i0.wp.com\/lahoradelcampo.com.uy\/site\/wp-content\/uploads\/2021\/08\/Valdezvalentin.jpg?resize=768%2C384&amp;ssl=1 768w, https:\/\/i0.wp.com\/lahoradelcampo.com.uy\/site\/wp-content\/uploads\/2021\/08\/Valdezvalentin.jpg?resize=820%2C410&amp;ssl=1 820w\" sizes=\"auto, (max-width: 810px) 100vw, 810px\" \/><\/figure>\n\n\n\n<p>En la jornada de ayer, el escritorio Jos\u00e9 A. Valdez &amp; C\u00eda, realiz\u00f3 su remate mensual en el local de la Asociaci\u00f3n Fomento Rural de Valent\u00edn, en Salto, con buenos valores y una demanda que se mantuvo activa en todas las categor\u00edas, con agilidad y dinamismo lote a lote. <br><\/p>\n\n\n\n<p>Las ventas alcanzaron el 100% de la oferta, operando compradores de la zona y de otros puntos del pa\u00eds. \u201cFue un remate muy demandado, con poca oferta pero principalmente de mucha calidad en los ganados ofertados\u201d se\u00f1al\u00f3 Alejandro Nu\u00f1ez, martillero de la firma al cierre del remate. Agreg\u00f3 que como es habitual en el local, se pudo armar una una fila de ganados muy pareja, de lo m\u00e1s chico a lo grande para todas las categor\u00edas.<br><\/p>\n\n\n\n<p>Tambi\u00e9n destac\u00f3 la fila Angus de terneros, novillos y vaquillonas, as\u00ed como tambi\u00e9n en ternera y vacas de invernar pampas. \u201cLa sensaci\u00f3n que tenemos, general que nos pasa en todas las ferias, es que la oferta est\u00e1 faltando para complacer la demanda\u201d mencion\u00f3.<br><\/p>\n\n\n\n<p>Valores<br><\/p>\n\n\n\n<p>Terneros livianos entre US$ 212 y US$ 242, mientras que los terneros generales, ya m\u00e1s desarollados, se pagaron entre US$ 290 y US$ 346. Los novillos de sobre a\u00f1o cotizaron en el eje de los US$ 324 y los Aberdeen Angus que hac\u00edan a\u00f1o y medio casi dos a\u00f1os, cotizaron a US$ 502. En los machos de 2 a 3 a\u00f1os los precios fueron de 392 a 420 d\u00f3lares, mientras que un lote de novillos grandes y adelantados, se pagaron US$ 600. <br><\/p>\n\n\n\n<p>En el caso de las hembras, las terneras se pagaron US$ 270 , mientras que las vaquillonas sobre a\u00f1o desde US$ 245 hasta US$ 300 y las de  1 a 2 a\u00f1os entre US$ 388 y US$ 502 d\u00f3lares. En las vacas gordas, que si bien eran pesadas a\u00fan les faltaba terminaci\u00f3n, se pagaron entre US$ 700 y US$ 870, por su parte las vacas empulpadas cotizaron entre US$ 502 y US$ 620 d\u00f3lares y las de invernar entre US$ 364 y US$ 498 d\u00f3lares.<br><\/p>\n\n\n\n<p>Al cierre del remate pasaron los toros industria que se vendieron entre US$ 620, US$ 632 y US$ 700 d\u00f3lares y luego algunas vacas que mostraban claramente problemas de ojo, que se pagaron US$ 620 para una gorda y pesada, y luego valores de US$ 290 por alg\u00fan novillo y vacas con algunos problemas para la industria. <\/p>\n\n\n\n<p>Salto, 6 de agosto de 2021<\/p>\n","protected":false},"excerpt":{"rendered":"<p>En la jornada de ayer, el escritorio Jos\u00e9 A. Valdez &amp; C\u00eda, realiz\u00f3 su remate mensual en el local de la Asociaci\u00f3n Fomento Rural de Valent\u00edn, en Salto, con buenos [&hellip;]<\/p>\n","protected":false},"author":5,"featured_media":32808,"comment_status":"open","ping_status":"open","sticky":false,"template":"","format":"standard","meta":{"_price":"","_stock":"","_tribe_ticket_header":"","_tribe_default_ticket_provider":"","_tribe_ticket_capacity":"0","_ticket_start_date":"","_ticket_end_date":"","_tribe_ticket_show_description":"","_tribe_ticket_show_not_going":false,"_tribe_ticket_use_global_stock":"","_tribe_ticket_global_stock_level":"","_global_stock_mode":"","_global_stock_cap":"","_tribe_rsvp_for_event":"","_tribe_ticket_going_count":"","_tribe_ticket_not_going_count":"","_tribe_tickets_list":"[]","_tribe_ticket_has_attendee_info_fields":false,"h5ap_radio_sources":[],"_jetpack_newsletter_access":"","_jetpack_dont_email_post_to_subs":false,"_jetpack_newsletter_tier_id":0,"_jetpack_memberships_contains_paywalled_content":false,"_jetpack_memberships_contains_paid_content":false,"footnotes":""},"categories":[21,5],"tags":[],"class_list":["post-32806","post","type-post","status-publish","format-standard","has-post-thumbnail","hentry","category-actualidad","category-ganaderia"],"jetpack_featured_media_url":"https:\/\/i0.wp.com\/lahoradelcampo.com.uy\/site\/wp-content\/uploads\/2021\/08\/Valdezvalentin.jpg?fit=880%2C440&ssl=1","jetpack_sharing_enabled":true,"jetpack_shortlink":"https:\/\/wp.me\/p99IaT-8x8","jetpack-related-posts":[{"id":39623,"url":"https:\/\/lahoradelcampo.com.uy\/site\/valdez-remata-hoy-en-valentin-con-una-destacada-oferta\/","url_meta":{"origin":32806,"position":0},"title":"Valdez remata hoy en Valent\u00edn con  una destacada oferta","author":"La Hora del Campo","date":"8 marzo, 2022","format":false,"excerpt":"En un mercado de reposici\u00f3n donde la oferta y la demanda tambi\u00e9n est\u00e1n encontrando un interesante punto de equilibrio en los valores, la firma Jos\u00e9 A. Valdez & C\u00eda, realiza una nueva feria mensual en el local de la Asociaci\u00f3n Fomento Rural de Valent\u00edn, con una destacada oferta tanto en\u2026","rel":"","context":"En \u00abActualidad\u00bb","block_context":{"text":"Actualidad","link":"https:\/\/lahoradelcampo.com.uy\/site\/category\/actualidad\/"},"img":{"alt_text":"","src":"https:\/\/i0.wp.com\/lahoradelcampo.com.uy\/site\/wp-content\/uploads\/2019\/06\/Valdez-Valentin.jpg?fit=880%2C440&ssl=1&resize=350%2C200","width":350,"height":200,"srcset":"https:\/\/i0.wp.com\/lahoradelcampo.com.uy\/site\/wp-content\/uploads\/2019\/06\/Valdez-Valentin.jpg?fit=880%2C440&ssl=1&resize=350%2C200 1x, https:\/\/i0.wp.com\/lahoradelcampo.com.uy\/site\/wp-content\/uploads\/2019\/06\/Valdez-Valentin.jpg?fit=880%2C440&ssl=1&resize=525%2C300 1.5x, https:\/\/i0.wp.com\/lahoradelcampo.com.uy\/site\/wp-content\/uploads\/2019\/06\/Valdez-Valentin.jpg?fit=880%2C440&ssl=1&resize=700%2C400 2x"},"classes":[]},{"id":39647,"url":"https:\/\/lahoradelcampo.com.uy\/site\/agilidad-en-las-ventas-de-valdez-cia-ayer-en-valentin\/","url_meta":{"origin":32806,"position":1},"title":"Agilidad en las ventas de Valdez &#038; C\u00eda ayer en Valent\u00edn","author":"La Hora del Campo","date":"9 marzo, 2022","format":false,"excerpt":"En la jornada de ayer, la firma Jos\u00e9 A. Valdez & C\u00eda, realiz\u00f3 su remate del mes de marzo en el local de la Asociaci\u00f3n Fomento Rural de Valent\u00edn, con una oferta que se vio disminuida tanto en vacunos como ovinos, debido a las precipitaciones y algunos pasos crecidos en\u2026","rel":"","context":"En \u00abActualidad\u00bb","block_context":{"text":"Actualidad","link":"https:\/\/lahoradelcampo.com.uy\/site\/category\/actualidad\/"},"img":{"alt_text":"","src":"https:\/\/i0.wp.com\/lahoradelcampo.com.uy\/site\/wp-content\/uploads\/2021\/02\/valdez.jpg?fit=880%2C440&ssl=1&resize=350%2C200","width":350,"height":200,"srcset":"https:\/\/i0.wp.com\/lahoradelcampo.com.uy\/site\/wp-content\/uploads\/2021\/02\/valdez.jpg?fit=880%2C440&ssl=1&resize=350%2C200 1x, https:\/\/i0.wp.com\/lahoradelcampo.com.uy\/site\/wp-content\/uploads\/2021\/02\/valdez.jpg?fit=880%2C440&ssl=1&resize=525%2C300 1.5x, https:\/\/i0.wp.com\/lahoradelcampo.com.uy\/site\/wp-content\/uploads\/2021\/02\/valdez.jpg?fit=880%2C440&ssl=1&resize=700%2C400 2x"},"classes":[]},{"id":41855,"url":"https:\/\/lahoradelcampo.com.uy\/site\/en-menos-de-dos-anos-se-coloco-el-100-de-la-oferta-en-valentin\/","url_meta":{"origin":32806,"position":2},"title":"En menos de dos a\u00f1os se coloc\u00f3 el 100% de la oferta en Valent\u00edn","author":"La Hora del Campo","date":"16 mayo, 2022","format":false,"excerpt":"Con toda la oferta que se ven\u00eda ofertando en vacunos, el escritorio Valdez & C\u00eda., concret\u00f3 su remate en el local de la Asociaci\u00f3n Fomento Rural de Valent\u00edn en Salto. Juan Ignacio Pirotto, representante de la firma dijo: \"fue un remate \u00e1gil y nos sorprendi\u00f3 la cantidad de p\u00fablico que\u2026","rel":"","context":"En \u00abActualidad\u00bb","block_context":{"text":"Actualidad","link":"https:\/\/lahoradelcampo.com.uy\/site\/category\/actualidad\/"},"img":{"alt_text":"","src":"https:\/\/i0.wp.com\/lahoradelcampo.com.uy\/site\/wp-content\/uploads\/2022\/05\/Valdez-Rematevalentin.jpg?fit=880%2C440&ssl=1&resize=350%2C200","width":350,"height":200,"srcset":"https:\/\/i0.wp.com\/lahoradelcampo.com.uy\/site\/wp-content\/uploads\/2022\/05\/Valdez-Rematevalentin.jpg?fit=880%2C440&ssl=1&resize=350%2C200 1x, https:\/\/i0.wp.com\/lahoradelcampo.com.uy\/site\/wp-content\/uploads\/2022\/05\/Valdez-Rematevalentin.jpg?fit=880%2C440&ssl=1&resize=525%2C300 1.5x, https:\/\/i0.wp.com\/lahoradelcampo.com.uy\/site\/wp-content\/uploads\/2022\/05\/Valdez-Rematevalentin.jpg?fit=880%2C440&ssl=1&resize=700%2C400 2x"},"classes":[]},{"id":14427,"url":"https:\/\/lahoradelcampo.com.uy\/site\/valdez-cia-coloco-el-100-de-la-oferta-en-local-valentin\/","url_meta":{"origin":32806,"position":3},"title":"Valdez &#038; C\u00eda coloc\u00f3 el 100%  de la oferta en local Valent\u00edn","author":"La Hora del Campo","date":"20 septiembre, 2019","format":false,"excerpt":"El escritorio Jos\u00e9 A. Valdez & C\u00eda. realiz\u00f3 en la jornada de ayer un nuevo remate en el local de la Asociaci\u00f3n Fomento Rural de Valent\u00edn, con colocaci\u00f3n total de la oferta. Un muy buen marc\u00f3 de p\u00fablico y varios clientes v\u00eda telef\u00f3nica llevaron adelante las pujas, lote a lote.\u2026","rel":"","context":"En \u00abActualidad\u00bb","block_context":{"text":"Actualidad","link":"https:\/\/lahoradelcampo.com.uy\/site\/category\/actualidad\/"},"img":{"alt_text":"","src":"https:\/\/i0.wp.com\/lahoradelcampo.com.uy\/site\/wp-content\/uploads\/2019\/09\/valentin-valdez.jpg?fit=880%2C440&ssl=1&resize=350%2C200","width":350,"height":200,"srcset":"https:\/\/i0.wp.com\/lahoradelcampo.com.uy\/site\/wp-content\/uploads\/2019\/09\/valentin-valdez.jpg?fit=880%2C440&ssl=1&resize=350%2C200 1x, https:\/\/i0.wp.com\/lahoradelcampo.com.uy\/site\/wp-content\/uploads\/2019\/09\/valentin-valdez.jpg?fit=880%2C440&ssl=1&resize=525%2C300 1.5x, https:\/\/i0.wp.com\/lahoradelcampo.com.uy\/site\/wp-content\/uploads\/2019\/09\/valentin-valdez.jpg?fit=880%2C440&ssl=1&resize=700%2C400 2x"},"classes":[]},{"id":20792,"url":"https:\/\/lahoradelcampo.com.uy\/site\/valdez-cia-coloco-el-100-de-la-oferta-ayer-en-valentin\/","url_meta":{"origin":32806,"position":4},"title":"Valdez &#038; C\u00eda coloc\u00f3 el 100%  de la oferta ayer en Valent\u00edn","author":"La Hora del Campo","date":"11 junio, 2020","format":false,"excerpt":"La firma Jos\u00e9 A. Valdez & C\u00eda, realiz\u00f3 en la jornada de ayer un nuevo remate en el local de la Asociaci\u00f3n Fomento Rural de Valent\u00edn, con colocaci\u00f3n total de lo que paso por la pista, donde mayormente se ofrecieron terneros y terneras en un total en el eje de\u2026","rel":"","context":"En \u00abActualidad\u00bb","block_context":{"text":"Actualidad","link":"https:\/\/lahoradelcampo.com.uy\/site\/category\/actualidad\/"},"img":{"alt_text":"","src":"https:\/\/i0.wp.com\/lahoradelcampo.com.uy\/site\/wp-content\/uploads\/2017\/11\/Valentin.jpg?fit=880%2C440&ssl=1&resize=350%2C200","width":350,"height":200,"srcset":"https:\/\/i0.wp.com\/lahoradelcampo.com.uy\/site\/wp-content\/uploads\/2017\/11\/Valentin.jpg?fit=880%2C440&ssl=1&resize=350%2C200 1x, https:\/\/i0.wp.com\/lahoradelcampo.com.uy\/site\/wp-content\/uploads\/2017\/11\/Valentin.jpg?fit=880%2C440&ssl=1&resize=525%2C300 1.5x, https:\/\/i0.wp.com\/lahoradelcampo.com.uy\/site\/wp-content\/uploads\/2017\/11\/Valentin.jpg?fit=880%2C440&ssl=1&resize=700%2C400 2x"},"classes":[]},{"id":30680,"url":"https:\/\/lahoradelcampo.com.uy\/site\/ventas-totales-de-valdez-cia-en-valentin\/","url_meta":{"origin":32806,"position":5},"title":"Ventas totales de Valdez &#038; C\u00eda. en Valent\u00edn","author":"La Hora del Campo","date":"29 mayo, 2021","format":false,"excerpt":"El escritorio Jos\u00e9 A. Vald\u00e9z & C\u00eda, realiz\u00f3 en la jornada de ayer una nueva feria de reposici\u00f3n en el local de la Asociaci\u00f3n Fomento Rural de Valent\u00edn, con ventas totales tanto en ovinos como en bovinos, con valores acordes a la \u00e9poca del a\u00f1o. El representante de la firma\u2026","rel":"","context":"En \u00abActualidad\u00bb","block_context":{"text":"Actualidad","link":"https:\/\/lahoradelcampo.com.uy\/site\/category\/actualidad\/"},"img":{"alt_text":"","src":"https:\/\/i0.wp.com\/lahoradelcampo.com.uy\/site\/wp-content\/uploads\/2020\/09\/Valdezvalentina.jpg?fit=880%2C440&ssl=1&resize=350%2C200","width":350,"height":200,"srcset":"https:\/\/i0.wp.com\/lahoradelcampo.com.uy\/site\/wp-content\/uploads\/2020\/09\/Valdezvalentina.jpg?fit=880%2C440&ssl=1&resize=350%2C200 1x, https:\/\/i0.wp.com\/lahoradelcampo.com.uy\/site\/wp-content\/uploads\/2020\/09\/Valdezvalentina.jpg?fit=880%2C440&ssl=1&resize=525%2C300 1.5x, https:\/\/i0.wp.com\/lahoradelcampo.com.uy\/site\/wp-content\/uploads\/2020\/09\/Valdezvalentina.jpg?fit=880%2C440&ssl=1&resize=700%2C400 2x"},"classes":[]}],"jetpack_likes_enabled":true,"_links":{"self":[{"href":"https:\/\/lahoradelcampo.com.uy\/site\/wp-json\/wp\/v2\/posts\/32806","targetHints":{"allow":["GET"]}}],"collection":[{"href":"https:\/\/lahoradelcampo.com.uy\/site\/wp-json\/wp\/v2\/posts"}],"about":[{"href":"https:\/\/lahoradelcampo.com.uy\/site\/wp-json\/wp\/v2\/types\/post"}],"author":[{"embeddable":true,"href":"https:\/\/lahoradelcampo.com.uy\/site\/wp-json\/wp\/v2\/users\/5"}],"replies":[{"embeddable":true,"href":"https:\/\/lahoradelcampo.com.uy\/site\/wp-json\/wp\/v2\/comments?post=32806"}],"version-history":[{"count":1,"href":"https:\/\/lahoradelcampo.com.uy\/site\/wp-json\/wp\/v2\/posts\/32806\/revisions"}],"predecessor-version":[{"id":32810,"href":"https:\/\/lahoradelcampo.com.uy\/site\/wp-json\/wp\/v2\/posts\/32806\/revisions\/32810"}],"wp:featuredmedia":[{"embeddable":true,"href":"https:\/\/lahoradelcampo.com.uy\/site\/wp-json\/wp\/v2\/media\/32808"}],"wp:attachment":[{"href":"https:\/\/lahoradelcampo.com.uy\/site\/wp-json\/wp\/v2\/media?parent=32806"}],"wp:term":[{"taxonomy":"category","embeddable":true,"href":"https:\/\/lahoradelcampo.com.uy\/site\/wp-json\/wp\/v2\/categories?post=32806"},{"taxonomy":"post_tag","embeddable":true,"href":"https:\/\/lahoradelcampo.com.uy\/site\/wp-json\/wp\/v2\/tags?post=32806"}],"curies":[{"name":"wp","href":"https:\/\/api.w.org\/{rel}","templated":true}]}}