{"id":32802,"date":"2021-08-06T09:18:57","date_gmt":"2021-08-06T12:18:57","guid":{"rendered":"http:\/\/lahoradelcampo.com.uy\/site\/?p=32802"},"modified":"2021-08-06T09:19:02","modified_gmt":"2021-08-06T12:19:02","slug":"el-aumento-de-la-oferta-preocupa-en-el-mercado-lanero-australiano","status":"publish","type":"post","link":"https:\/\/lahoradelcampo.com.uy\/site\/el-aumento-de-la-oferta-preocupa-en-el-mercado-lanero-australiano\/","title":{"rendered":"El aumento de la oferta preocupa en el mercado lanero australiano"},"content":{"rendered":"\n<figure class=\"wp-block-image\"><img data-recalc-dims=\"1\" loading=\"lazy\" decoding=\"async\" width=\"810\" height=\"405\" data-attachment-id=\"11821\" data-permalink=\"https:\/\/lahoradelcampo.com.uy\/site\/primeras-esquilas-se-atrasan-por-las-lluvias-el-mercado-sin-operaciones\/lana-australia-1\/\" data-orig-file=\"https:\/\/i0.wp.com\/lahoradelcampo.com.uy\/site\/wp-content\/uploads\/2019\/06\/Lana-australia-1.jpg?fit=880%2C440&amp;ssl=1\" data-orig-size=\"880,440\" data-comments-opened=\"1\" data-image-meta=\"{&quot;aperture&quot;:&quot;0&quot;,&quot;credit&quot;:&quot;&quot;,&quot;camera&quot;:&quot;&quot;,&quot;caption&quot;:&quot;&quot;,&quot;created_timestamp&quot;:&quot;0&quot;,&quot;copyright&quot;:&quot;&quot;,&quot;focal_length&quot;:&quot;0&quot;,&quot;iso&quot;:&quot;0&quot;,&quot;shutter_speed&quot;:&quot;0&quot;,&quot;title&quot;:&quot;&quot;,&quot;orientation&quot;:&quot;1&quot;}\" data-image-title=\"Lana australia 1\" data-image-description=\"\" data-image-caption=\"\" data-large-file=\"https:\/\/i0.wp.com\/lahoradelcampo.com.uy\/site\/wp-content\/uploads\/2019\/06\/Lana-australia-1.jpg?fit=810%2C405&amp;ssl=1\" src=\"https:\/\/i0.wp.com\/lahoradelcampo.com.uy\/site\/wp-content\/uploads\/2019\/06\/Lana-australia-1.jpg?resize=810%2C405\" alt=\"\" class=\"wp-image-11821\" srcset=\"https:\/\/i0.wp.com\/lahoradelcampo.com.uy\/site\/wp-content\/uploads\/2019\/06\/Lana-australia-1.jpg?w=880&amp;ssl=1 880w, https:\/\/i0.wp.com\/lahoradelcampo.com.uy\/site\/wp-content\/uploads\/2019\/06\/Lana-australia-1.jpg?resize=300%2C150&amp;ssl=1 300w, https:\/\/i0.wp.com\/lahoradelcampo.com.uy\/site\/wp-content\/uploads\/2019\/06\/Lana-australia-1.jpg?resize=768%2C384&amp;ssl=1 768w, https:\/\/i0.wp.com\/lahoradelcampo.com.uy\/site\/wp-content\/uploads\/2019\/06\/Lana-australia-1.jpg?resize=820%2C410&amp;ssl=1 820w\" sizes=\"auto, (max-width: 810px) 100vw, 810px\" \/><\/figure>\n\n\n\n<p>La pr\u00f3xima semana Australia retoma las subastas en los tres centros de ventas, luego de tres semanas del tradicional receso de invierno, y algunas de las principales variables del mercado est\u00e1n generando cierta preocupaci\u00f3n sobre la reacci\u00f3n de la demanda al retorno de la operativa comercial. <\/p>\n\n\n\n<p>Recordemos que el Indicador de Mercados del Este (IME) cerr\u00f3 el pasado 14 de julio de 2021 a US$ 10,66. Este valor se posicionaba cuatro centavos por debajo del cierre de la zafra 2020\/21 el pasado 30 de junio, pero un 35,5% por encima del 8 de junio de 2020 cuando el mercado se iba al receso en la zafra anterior. <\/p>\n\n\n\n<p>Tanto el tipo de cambio actual, como el volumen de lana inscripto para las ventas de la pr\u00f3xima semana, los d\u00edas martes 10 y mi\u00e9rcoles 11, generan preocupaci\u00f3n sobre el retorno la operativa comercial. En el caso de las monedas, el d\u00f3lar cotizaba a A$ 1,34 el pasado 14 de julio, en tanto que al cierre de ayer operaba a A$ 1,35, lo que llevar\u00eda a que el indicador perdiera un 0,75% en la moneda norteamericana, si cerrar\u00e1 al mismo valor previo al receso. <\/p>\n\n\n\n<p>Por otro lado la oferta ha venido increment\u00e1ndose semana a semana y lo que en principio ser\u00eda una oferta cercana a los 45.000 fardos, seg\u00fan inform\u00f3 Australian Wool Exchange (AWEX) en la jornada de ayer, se situar\u00e1 en 57.167 fardos. Este volumen estar\u00eda situado un 33,7% sobre la semana 6 de la zafra anterior y de concretarse ser\u00eda el mayor volumen desde la zafra 2013\/2014. <\/p>\n\n\n\n<p>Salto, 6 de agosto de 2021<\/p>\n","protected":false},"excerpt":{"rendered":"<p>La pr\u00f3xima semana Australia retoma las subastas en los tres centros de ventas, luego de tres semanas del tradicional receso de invierno, y algunas de las principales variables del mercado [&hellip;]<\/p>\n","protected":false},"author":5,"featured_media":11821,"comment_status":"open","ping_status":"open","sticky":false,"template":"","format":"standard","meta":{"_price":"","_stock":"","_tribe_ticket_header":"","_tribe_default_ticket_provider":"","_tribe_ticket_capacity":"0","_ticket_start_date":"","_ticket_end_date":"","_tribe_ticket_show_description":"","_tribe_ticket_show_not_going":false,"_tribe_ticket_use_global_stock":"","_tribe_ticket_global_stock_level":"","_global_stock_mode":"","_global_stock_cap":"","_tribe_rsvp_for_event":"","_tribe_ticket_going_count":"","_tribe_ticket_not_going_count":"","_tribe_tickets_list":"[]","_tribe_ticket_has_attendee_info_fields":false,"h5ap_radio_sources":[],"_jetpack_newsletter_access":"","_jetpack_dont_email_post_to_subs":false,"_jetpack_newsletter_tier_id":0,"_jetpack_memberships_contains_paywalled_content":false,"_jetpack_memberships_contains_paid_content":false,"footnotes":""},"categories":[21,13],"tags":[],"class_list":["post-32802","post","type-post","status-publish","format-standard","has-post-thumbnail","hentry","category-actualidad","category-ovinos"],"jetpack_featured_media_url":"https:\/\/i0.wp.com\/lahoradelcampo.com.uy\/site\/wp-content\/uploads\/2019\/06\/Lana-australia-1.jpg?fit=880%2C440&ssl=1","jetpack_sharing_enabled":true,"jetpack_shortlink":"https:\/\/wp.me\/p99IaT-8x4","jetpack-related-posts":[{"id":44505,"url":"https:\/\/lahoradelcampo.com.uy\/site\/importante-volumen-en-la-oferta-para-el-retorno-del-mercado-lanero\/","url_meta":{"origin":32802,"position":0},"title":"Importante volumen en la oferta para el retorno del mercado lanero","author":"La Hora del Campo","date":"5 agosto, 2022","format":false,"excerpt":"Como es tradicional, la nueva zafra lanera realiz\u00f3 las dos primeras semanas de ventas en el mes de julio y posteriormente se fue al receso de tres semanas, retomando las actividades la pr\u00f3xima semana. En el arranque de la zafra, el mercado continu\u00f3 con la tendencia bajista que tra\u00eda en\u2026","rel":"","context":"En \u00abActualidad\u00bb","block_context":{"text":"Actualidad","link":"https:\/\/lahoradelcampo.com.uy\/site\/category\/actualidad\/"},"img":{"alt_text":"","src":"https:\/\/i0.wp.com\/lahoradelcampo.com.uy\/site\/wp-content\/uploads\/2022\/06\/lanas-australia.jpg?fit=880%2C440&ssl=1&resize=350%2C200","width":350,"height":200,"srcset":"https:\/\/i0.wp.com\/lahoradelcampo.com.uy\/site\/wp-content\/uploads\/2022\/06\/lanas-australia.jpg?fit=880%2C440&ssl=1&resize=350%2C200 1x, https:\/\/i0.wp.com\/lahoradelcampo.com.uy\/site\/wp-content\/uploads\/2022\/06\/lanas-australia.jpg?fit=880%2C440&ssl=1&resize=525%2C300 1.5x, https:\/\/i0.wp.com\/lahoradelcampo.com.uy\/site\/wp-content\/uploads\/2022\/06\/lanas-australia.jpg?fit=880%2C440&ssl=1&resize=700%2C400 2x"},"classes":[]},{"id":21698,"url":"https:\/\/lahoradelcampo.com.uy\/site\/receso-en-australia-comienza-con-suba-del-2\/","url_meta":{"origin":32802,"position":1},"title":"Receso en Australia comienza con suba del 2%","author":"La Hora del Campo","date":"10 julio, 2020","format":false,"excerpt":"Como es tradicional, luego de las dos primeras semanas del comienzo de la nueva zafra lanera, el mercado australiano entro en su receso invernal, que este a\u00f1o se prolonga hasta la semana que da inicio el 3 de agosto. A pesar de haber ca\u00edda un 30% respecto al inicio de\u2026","rel":"","context":"En \u00abActualidad\u00bb","block_context":{"text":"Actualidad","link":"https:\/\/lahoradelcampo.com.uy\/site\/category\/actualidad\/"},"img":{"alt_text":"","src":"https:\/\/i0.wp.com\/lahoradelcampo.com.uy\/site\/wp-content\/uploads\/2017\/11\/lanas.jpg?fit=880%2C440&ssl=1&resize=350%2C200","width":350,"height":200,"srcset":"https:\/\/i0.wp.com\/lahoradelcampo.com.uy\/site\/wp-content\/uploads\/2017\/11\/lanas.jpg?fit=880%2C440&ssl=1&resize=350%2C200 1x, https:\/\/i0.wp.com\/lahoradelcampo.com.uy\/site\/wp-content\/uploads\/2017\/11\/lanas.jpg?fit=880%2C440&ssl=1&resize=525%2C300 1.5x, https:\/\/i0.wp.com\/lahoradelcampo.com.uy\/site\/wp-content\/uploads\/2017\/11\/lanas.jpg?fit=880%2C440&ssl=1&resize=700%2C400 2x"},"classes":[]},{"id":16530,"url":"https:\/\/lahoradelcampo.com.uy\/site\/australia-se-fue-al-receso-con-una-suba-de-31-centavos\/","url_meta":{"origin":32802,"position":2},"title":"Australia se fue al receso con una suba de 31 centavos","author":"La Hora del Campo","date":"20 diciembre, 2019","format":false,"excerpt":"Esta semana el mercado lanero australiano realiz\u00f3 ventas durante los d\u00edas martes y mi\u00e9rcoles, con una oferta inferior a la pasada semana, ubicada en los 34.836, de los cuales el mercado adquiri\u00f3 el 92,1%. Lo que no se vendi\u00f3 esta semana en Australia fue porque era de muy baja calidad,\u2026","rel":"","context":"En \u00abActualidad\u00bb","block_context":{"text":"Actualidad","link":"https:\/\/lahoradelcampo.com.uy\/site\/category\/actualidad\/"},"img":{"alt_text":"","src":"https:\/\/i0.wp.com\/lahoradelcampo.com.uy\/site\/wp-content\/uploads\/2019\/04\/Lanas-Australia.jpg?fit=880%2C440&ssl=1&resize=350%2C200","width":350,"height":200,"srcset":"https:\/\/i0.wp.com\/lahoradelcampo.com.uy\/site\/wp-content\/uploads\/2019\/04\/Lanas-Australia.jpg?fit=880%2C440&ssl=1&resize=350%2C200 1x, https:\/\/i0.wp.com\/lahoradelcampo.com.uy\/site\/wp-content\/uploads\/2019\/04\/Lanas-Australia.jpg?fit=880%2C440&ssl=1&resize=525%2C300 1.5x, https:\/\/i0.wp.com\/lahoradelcampo.com.uy\/site\/wp-content\/uploads\/2019\/04\/Lanas-Australia.jpg?fit=880%2C440&ssl=1&resize=700%2C400 2x"},"classes":[]},{"id":12895,"url":"https:\/\/lahoradelcampo.com.uy\/site\/mercado-lanero-australiano-de-receso-hasta-el-7-de-agosto\/","url_meta":{"origin":32802,"position":3},"title":"Mercado lanero australiano de receso hasta el 7 de agosto","author":"La Hora del Campo","date":"22 julio, 2019","format":false,"excerpt":"El mercado lanero australiano cerr\u00f3 el pasado 11 de julio en US$ 12,22 por kilogramo base limpia, con una demanda m\u00e1s activa y una oferta de lanas provenientes de la nueva zafra con mayor calidad. De acuerdo a un informe elaborado por el mercado de Najing en China, el 70%\u2026","rel":"","context":"En \u00abActualidad\u00bb","block_context":{"text":"Actualidad","link":"https:\/\/lahoradelcampo.com.uy\/site\/category\/actualidad\/"},"img":{"alt_text":"","src":"https:\/\/i0.wp.com\/lahoradelcampo.com.uy\/site\/wp-content\/uploads\/2019\/05\/lanas-australia-a.jpg?fit=880%2C440&ssl=1&resize=350%2C200","width":350,"height":200,"srcset":"https:\/\/i0.wp.com\/lahoradelcampo.com.uy\/site\/wp-content\/uploads\/2019\/05\/lanas-australia-a.jpg?fit=880%2C440&ssl=1&resize=350%2C200 1x, https:\/\/i0.wp.com\/lahoradelcampo.com.uy\/site\/wp-content\/uploads\/2019\/05\/lanas-australia-a.jpg?fit=880%2C440&ssl=1&resize=525%2C300 1.5x, https:\/\/i0.wp.com\/lahoradelcampo.com.uy\/site\/wp-content\/uploads\/2019\/05\/lanas-australia-a.jpg?fit=880%2C440&ssl=1&resize=700%2C400 2x"},"classes":[]},{"id":32120,"url":"https:\/\/lahoradelcampo.com.uy\/site\/el-mercado-australiano-entro-en-receso-con-el-ime-en-us-1066\/","url_meta":{"origin":32802,"position":4},"title":"El mercado australiano entr\u00f3 en receso con el IME en US$ 10,66","author":"La Hora del Campo","date":"16 julio, 2021","format":false,"excerpt":"Dos jornadas de ventas bien marcadas por el resultado econ\u00f3mico en los distintos micronajes, definieron subas para el Indicador de Mercados del Este (IME) previo al tradicional receso de invierno, que tendr\u00e1 una duraci\u00f3n de tres semanas retornando a la actividad el martes 10 de agosto. El pasado 13 de\u2026","rel":"","context":"En \u00abActualidad\u00bb","block_context":{"text":"Actualidad","link":"https:\/\/lahoradelcampo.com.uy\/site\/category\/actualidad\/"},"img":{"alt_text":"","src":"https:\/\/i0.wp.com\/lahoradelcampo.com.uy\/site\/wp-content\/uploads\/2019\/06\/Lana-australia-1.jpg?fit=880%2C440&ssl=1&resize=350%2C200","width":350,"height":200,"srcset":"https:\/\/i0.wp.com\/lahoradelcampo.com.uy\/site\/wp-content\/uploads\/2019\/06\/Lana-australia-1.jpg?fit=880%2C440&ssl=1&resize=350%2C200 1x, https:\/\/i0.wp.com\/lahoradelcampo.com.uy\/site\/wp-content\/uploads\/2019\/06\/Lana-australia-1.jpg?fit=880%2C440&ssl=1&resize=525%2C300 1.5x, https:\/\/i0.wp.com\/lahoradelcampo.com.uy\/site\/wp-content\/uploads\/2019\/06\/Lana-australia-1.jpg?fit=880%2C440&ssl=1&resize=700%2C400 2x"},"classes":[]},{"id":38183,"url":"https:\/\/lahoradelcampo.com.uy\/site\/la-semana-que-viene-se-levanta-el-receso-lanero-en-australia\/","url_meta":{"origin":32802,"position":5},"title":"La semana que viene se levanta el receso lanero en Australia","author":"La Hora del Campo","date":"7 enero, 2022","format":false,"excerpt":"El mercado lanero australiano retoma sus actividades la pr\u00f3xima semana, luego de tres semanas de receso, con una oferta que estar\u00e1 situada en los 48.347 fardos que ser\u00e1n distribuidos en los tres centros de venta. El pasado 15 de diciembre al cierre de las operativas en la primera mitad de\u2026","rel":"","context":"En \u00abActualidad\u00bb","block_context":{"text":"Actualidad","link":"https:\/\/lahoradelcampo.com.uy\/site\/category\/actualidad\/"},"img":{"alt_text":"","src":"https:\/\/i0.wp.com\/lahoradelcampo.com.uy\/site\/wp-content\/uploads\/2022\/01\/Lana-australia.jpg?fit=880%2C440&ssl=1&resize=350%2C200","width":350,"height":200,"srcset":"https:\/\/i0.wp.com\/lahoradelcampo.com.uy\/site\/wp-content\/uploads\/2022\/01\/Lana-australia.jpg?fit=880%2C440&ssl=1&resize=350%2C200 1x, https:\/\/i0.wp.com\/lahoradelcampo.com.uy\/site\/wp-content\/uploads\/2022\/01\/Lana-australia.jpg?fit=880%2C440&ssl=1&resize=525%2C300 1.5x, https:\/\/i0.wp.com\/lahoradelcampo.com.uy\/site\/wp-content\/uploads\/2022\/01\/Lana-australia.jpg?fit=880%2C440&ssl=1&resize=700%2C400 2x"},"classes":[]}],"jetpack_likes_enabled":true,"_links":{"self":[{"href":"https:\/\/lahoradelcampo.com.uy\/site\/wp-json\/wp\/v2\/posts\/32802","targetHints":{"allow":["GET"]}}],"collection":[{"href":"https:\/\/lahoradelcampo.com.uy\/site\/wp-json\/wp\/v2\/posts"}],"about":[{"href":"https:\/\/lahoradelcampo.com.uy\/site\/wp-json\/wp\/v2\/types\/post"}],"author":[{"embeddable":true,"href":"https:\/\/lahoradelcampo.com.uy\/site\/wp-json\/wp\/v2\/users\/5"}],"replies":[{"embeddable":true,"href":"https:\/\/lahoradelcampo.com.uy\/site\/wp-json\/wp\/v2\/comments?post=32802"}],"version-history":[{"count":1,"href":"https:\/\/lahoradelcampo.com.uy\/site\/wp-json\/wp\/v2\/posts\/32802\/revisions"}],"predecessor-version":[{"id":32804,"href":"https:\/\/lahoradelcampo.com.uy\/site\/wp-json\/wp\/v2\/posts\/32802\/revisions\/32804"}],"wp:featuredmedia":[{"embeddable":true,"href":"https:\/\/lahoradelcampo.com.uy\/site\/wp-json\/wp\/v2\/media\/11821"}],"wp:attachment":[{"href":"https:\/\/lahoradelcampo.com.uy\/site\/wp-json\/wp\/v2\/media?parent=32802"}],"wp:term":[{"taxonomy":"category","embeddable":true,"href":"https:\/\/lahoradelcampo.com.uy\/site\/wp-json\/wp\/v2\/categories?post=32802"},{"taxonomy":"post_tag","embeddable":true,"href":"https:\/\/lahoradelcampo.com.uy\/site\/wp-json\/wp\/v2\/tags?post=32802"}],"curies":[{"name":"wp","href":"https:\/\/api.w.org\/{rel}","templated":true}]}}