{"id":32798,"date":"2021-08-06T09:17:02","date_gmt":"2021-08-06T12:17:02","guid":{"rendered":"http:\/\/lahoradelcampo.com.uy\/site\/?p=32798"},"modified":"2021-08-06T09:17:06","modified_gmt":"2021-08-06T12:17:06","slug":"plan-agropecuario-presento-los-primeros-datos-del-monitoreo-de-invierno","status":"publish","type":"post","link":"https:\/\/lahoradelcampo.com.uy\/site\/plan-agropecuario-presento-los-primeros-datos-del-monitoreo-de-invierno\/","title":{"rendered":"Plan Agropecuario present\u00f3 los primeros datos del monitoreo de invierno"},"content":{"rendered":"\n<figure class=\"wp-block-image\"><img data-recalc-dims=\"1\" loading=\"lazy\" decoding=\"async\" width=\"810\" height=\"405\" data-attachment-id=\"13116\" data-permalink=\"https:\/\/lahoradelcampo.com.uy\/site\/pastoreo-rotativo-no-es-una-estampilla-que-se-pueda-pegar-en-todos-los-lugares\/pastoreo\/\" data-orig-file=\"https:\/\/i0.wp.com\/lahoradelcampo.com.uy\/site\/wp-content\/uploads\/2019\/07\/Pastoreo.jpg?fit=880%2C440&amp;ssl=1\" data-orig-size=\"880,440\" data-comments-opened=\"1\" data-image-meta=\"{&quot;aperture&quot;:&quot;0&quot;,&quot;credit&quot;:&quot;&quot;,&quot;camera&quot;:&quot;&quot;,&quot;caption&quot;:&quot;&quot;,&quot;created_timestamp&quot;:&quot;0&quot;,&quot;copyright&quot;:&quot;&quot;,&quot;focal_length&quot;:&quot;0&quot;,&quot;iso&quot;:&quot;0&quot;,&quot;shutter_speed&quot;:&quot;0&quot;,&quot;title&quot;:&quot;&quot;,&quot;orientation&quot;:&quot;1&quot;}\" data-image-title=\"Pastoreo\" data-image-description=\"\" data-image-caption=\"\" data-large-file=\"https:\/\/i0.wp.com\/lahoradelcampo.com.uy\/site\/wp-content\/uploads\/2019\/07\/Pastoreo.jpg?fit=810%2C405&amp;ssl=1\" src=\"https:\/\/i0.wp.com\/lahoradelcampo.com.uy\/site\/wp-content\/uploads\/2019\/07\/Pastoreo.jpg?resize=810%2C405\" alt=\"\" class=\"wp-image-13116\" srcset=\"https:\/\/i0.wp.com\/lahoradelcampo.com.uy\/site\/wp-content\/uploads\/2019\/07\/Pastoreo.jpg?w=880&amp;ssl=1 880w, https:\/\/i0.wp.com\/lahoradelcampo.com.uy\/site\/wp-content\/uploads\/2019\/07\/Pastoreo.jpg?resize=300%2C150&amp;ssl=1 300w, https:\/\/i0.wp.com\/lahoradelcampo.com.uy\/site\/wp-content\/uploads\/2019\/07\/Pastoreo.jpg?resize=768%2C384&amp;ssl=1 768w, https:\/\/i0.wp.com\/lahoradelcampo.com.uy\/site\/wp-content\/uploads\/2019\/07\/Pastoreo.jpg?resize=820%2C410&amp;ssl=1 820w\" sizes=\"auto, (max-width: 810px) 100vw, 810px\" \/><\/figure>\n\n\n\n<p>Fueron presentados los primeros datos del proyecto gesti\u00f3n del pasto que lleva adelante el ingeniero agr\u00f3nomo Marcelo Pereira Mach\u00edn, del Instituto Plan Agropecuario. Al referirse al t\u00e9rmino Plato de Comida, \u201ceste \u00edndice relaciona el pasto disponible con los requerimientos animales contemplando los objetivos de producci\u00f3n\u201d, sostiene. <\/p>\n\n\n\n<p>\u201cSe calcula sobre la totalidad del establecimiento, al inicio de cada estaci\u00f3n. Si el \u00edndice plato de comida se encuentra entre 0,8 a 1,2 (verde), indica que el plato est\u00e1 completo. los objetivos productivos no corren riesgo\u201d. Entre 0,8 y 0,6 es amarillo, representa una situaci\u00f3n de precauci\u00f3n; \u201cen Amarillo los objetivos productivos est\u00e1n en riesgo, por debajo de 0,6 pasa a rojo representando una situaci\u00f3n cr\u00edtica. Si el \u00edndice est\u00e1 por encima de 1,2 sobre el pasto, el color de referencia ser\u00e1 marr\u00f3n\u201d.<br><\/p>\n\n\n\n<p>Monitoreo invierno<br><\/p>\n\n\n\n<p>En el monitoreo invierno 2021, el 50% de los laboratorios se encuentran en verde. El plato de comida est\u00e1 entre 0,8 y 1,2, esto quiere decir que es una situaci\u00f3n \u00f3ptima. El plato disponible es acorde a los objetivos productivos de la estaci\u00f3n; el otro 50% se encuentran en amarillo y rojo. Lo que est\u00e1n en Amarillo, seguramente con ajuste menores mejoren su balance, pero el 10% en rojo deber\u00e1 repensar r\u00e1pidamente su estrategia para favorecer ese balance del pasto promedio\u201d. <\/p>\n\n\n\n<p>El pasto promedio de los laboratorios se encuentra en 3,84 compuesto 2,2 cent\u00edmetros m\u00ednimo y 7,1 cent\u00edmetros m\u00e1ximo. \u201cEl pasto promedio ilustra la situaci\u00f3n de los laboratorios pero es interesante cuando miramos otros indicadores complementarios, como por ejemplo \u00e1rea por encima de 4 cent\u00edmetros y carga de kilos (kilos peso vivo por hect\u00e1rea). <\/p>\n\n\n\n<p>La mayor\u00eda de los laboratorios con plato de comida mayor a 0,8, tienen al menos el 30% del \u00e1rea por encima de 4 cent\u00edmetros y carga en torno a los 255 kilos peso vivo por hect\u00e1rea. En s\u00edntesis, previamente al monitoreo se percib\u00eda m\u00e1s pasto del que realmente hab\u00eda. <\/p>\n\n\n\n<p>El 50% de los laboratorios se encuentra en una situaci\u00f3n adecuada (verde), el 40% en una situaci\u00f3n de precauci\u00f3n (amarillo) y un 10% en una situaci\u00f3n de alarma, por lo que deber\u00e1n realizar acciones r\u00e1pidas para revertir ese panorama (rojo). <\/p>\n\n\n\n<p>Sostiene adem\u00e1s el informe que \u201csi bien la discusi\u00f3n de estos indicadores en el marco del proyecto est\u00e1 previsto para la primavera 2021, en las devoluciones preliminares se proyectan algunas acciones en los laboratorios enfocadas en repensar su estrategia para el pr\u00f3ximo per\u00edodo. El seguimiento del plato de comida relacionado con otros indicadores, contribuye al manejo adaptativo frente a condiciones cambiantes\u201d, finaliza diciendo.<\/p>\n\n\n\n<p>Salto, 8 de agosto de 2021<\/p>\n","protected":false},"excerpt":{"rendered":"<p>Fueron presentados los primeros datos del proyecto gesti\u00f3n del pasto que lleva adelante el ingeniero agr\u00f3nomo Marcelo Pereira Mach\u00edn, del Instituto Plan Agropecuario. Al referirse al t\u00e9rmino Plato de Comida, [&hellip;]<\/p>\n","protected":false},"author":5,"featured_media":13116,"comment_status":"open","ping_status":"open","sticky":false,"template":"","format":"standard","meta":{"_price":"","_stock":"","_tribe_ticket_header":"","_tribe_default_ticket_provider":"","_tribe_ticket_capacity":"0","_ticket_start_date":"","_ticket_end_date":"","_tribe_ticket_show_description":"","_tribe_ticket_show_not_going":false,"_tribe_ticket_use_global_stock":"","_tribe_ticket_global_stock_level":"","_global_stock_mode":"","_global_stock_cap":"","_tribe_rsvp_for_event":"","_tribe_ticket_going_count":"","_tribe_ticket_not_going_count":"","_tribe_tickets_list":"[]","_tribe_ticket_has_attendee_info_fields":false,"h5ap_radio_sources":[],"_jetpack_newsletter_access":"","_jetpack_dont_email_post_to_subs":false,"_jetpack_newsletter_tier_id":0,"_jetpack_memberships_contains_paywalled_content":false,"_jetpack_memberships_contains_paid_content":false,"footnotes":""},"categories":[21,5],"tags":[],"class_list":["post-32798","post","type-post","status-publish","format-standard","has-post-thumbnail","hentry","category-actualidad","category-ganaderia"],"jetpack_featured_media_url":"https:\/\/i0.wp.com\/lahoradelcampo.com.uy\/site\/wp-content\/uploads\/2019\/07\/Pastoreo.jpg?fit=880%2C440&ssl=1","jetpack_sharing_enabled":true,"jetpack_shortlink":"https:\/\/wp.me\/p99IaT-8x0","jetpack-related-posts":[{"id":51802,"url":"https:\/\/lahoradelcampo.com.uy\/site\/la-importancia-del-indice-del-plato-de-comida-en-la-produccion-ganadera\/","url_meta":{"origin":32798,"position":0},"title":"La importancia del \u00cdndice del Plato de Comida en la producci\u00f3n ganadera","author":"La Hora del Campo","date":"12 julio, 2023","format":false,"excerpt":"En el Instituto Plan Agropecuario (IPA) se ha impulsado una herramienta denominada \u00cdndice del Plato de Comida, que permite calcular el porcentaje de disponibilidad de alimento para el ganado en base a la altura del pasto y los requerimientos de las distintas categor\u00edas de vacunos. El Ing. Agr. Emilio Duarte,\u2026","rel":"","context":"En \u00abActualidad\u00bb","block_context":{"text":"Actualidad","link":"https:\/\/lahoradelcampo.com.uy\/site\/category\/actualidad\/"},"img":{"alt_text":"","src":"https:\/\/i0.wp.com\/lahoradelcampo.com.uy\/site\/wp-content\/uploads\/2023\/07\/IPA-Emilioduarte.jpg?fit=880%2C440&ssl=1&resize=350%2C200","width":350,"height":200,"srcset":"https:\/\/i0.wp.com\/lahoradelcampo.com.uy\/site\/wp-content\/uploads\/2023\/07\/IPA-Emilioduarte.jpg?fit=880%2C440&ssl=1&resize=350%2C200 1x, https:\/\/i0.wp.com\/lahoradelcampo.com.uy\/site\/wp-content\/uploads\/2023\/07\/IPA-Emilioduarte.jpg?fit=880%2C440&ssl=1&resize=525%2C300 1.5x, https:\/\/i0.wp.com\/lahoradelcampo.com.uy\/site\/wp-content\/uploads\/2023\/07\/IPA-Emilioduarte.jpg?fit=880%2C440&ssl=1&resize=700%2C400 2x"},"classes":[]},{"id":51950,"url":"https:\/\/lahoradelcampo.com.uy\/site\/el-rodeo-de-cria-enfrenta-el-invierno-con-una-condicion-corporal-critica\/","url_meta":{"origin":32798,"position":1},"title":"El rodeo de cr\u00eda enfrenta el invierno con una condici\u00f3n corporal cr\u00edtica","author":"La Hora del Campo","date":"21 julio, 2023","format":false,"excerpt":"El rodeo de cr\u00eda est\u00e1 atravesando el invierno en una situaci\u00f3n cr\u00edtica, seg\u00fan el informe del Estado de Situaci\u00f3n de la Ganader\u00eda publicado por el Instituto Plan Agropecuario y que refiere a los resultados de la encuesta a la Red de Informaci\u00f3n Nacional Ganadera (RING) realizada en junio. El documento,\u2026","rel":"","context":"En \u00abActualidad\u00bb","block_context":{"text":"Actualidad","link":"https:\/\/lahoradelcampo.com.uy\/site\/category\/actualidad\/"},"img":{"alt_text":"","src":"https:\/\/i0.wp.com\/lahoradelcampo.com.uy\/site\/wp-content\/uploads\/2023\/07\/vacascria.jpg?fit=880%2C440&ssl=1&resize=350%2C200","width":350,"height":200,"srcset":"https:\/\/i0.wp.com\/lahoradelcampo.com.uy\/site\/wp-content\/uploads\/2023\/07\/vacascria.jpg?fit=880%2C440&ssl=1&resize=350%2C200 1x, https:\/\/i0.wp.com\/lahoradelcampo.com.uy\/site\/wp-content\/uploads\/2023\/07\/vacascria.jpg?fit=880%2C440&ssl=1&resize=525%2C300 1.5x, https:\/\/i0.wp.com\/lahoradelcampo.com.uy\/site\/wp-content\/uploads\/2023\/07\/vacascria.jpg?fit=880%2C440&ssl=1&resize=700%2C400 2x"},"classes":[]},{"id":55396,"url":"https:\/\/lahoradelcampo.com.uy\/site\/hay-tres-veces-mas-pasto-del-necesario-en-el-norte-del-pais\/","url_meta":{"origin":32798,"position":2},"title":"Hay tres veces m\u00e1s pasto del necesario en el norte del pa\u00eds","author":"La Hora del Campo","date":"6 enero, 2025","format":false,"excerpt":"El \u00faltimo relevamiento del \u00edndice del \"plato de comida\", por parte del instituto Plan Agropecuario a inicios de diciembre, indic\u00f3 que hay \"tres veces m\u00e1s pasto del necesario\" en el norte del pa\u00eds, particularmente en Salto, por lo que \"la situaci\u00f3n actual de las pasturas y los ganados es muy\u2026","rel":"","context":"En \u00abActualidad\u00bb","block_context":{"text":"Actualidad","link":"https:\/\/lahoradelcampo.com.uy\/site\/category\/actualidad\/"},"img":{"alt_text":"","src":"https:\/\/i0.wp.com\/lahoradelcampo.com.uy\/site\/wp-content\/uploads\/2023\/07\/IPA-Emilioduarte.jpg?fit=880%2C440&ssl=1&resize=350%2C200","width":350,"height":200,"srcset":"https:\/\/i0.wp.com\/lahoradelcampo.com.uy\/site\/wp-content\/uploads\/2023\/07\/IPA-Emilioduarte.jpg?fit=880%2C440&ssl=1&resize=350%2C200 1x, https:\/\/i0.wp.com\/lahoradelcampo.com.uy\/site\/wp-content\/uploads\/2023\/07\/IPA-Emilioduarte.jpg?fit=880%2C440&ssl=1&resize=525%2C300 1.5x, https:\/\/i0.wp.com\/lahoradelcampo.com.uy\/site\/wp-content\/uploads\/2023\/07\/IPA-Emilioduarte.jpg?fit=880%2C440&ssl=1&resize=700%2C400 2x"},"classes":[]},{"id":46261,"url":"https:\/\/lahoradelcampo.com.uy\/site\/anticipese-a-un-verano-seco-con-un-buen-manejo-del-pasto\/","url_meta":{"origin":32798,"position":3},"title":"Antic\u00edpese a un verano seco con un buen manejo del pasto","author":"La Hora del Campo","date":"13 octubre, 2022","format":false,"excerpt":"M\u00e1s all\u00e1 de los vaivenes de los precios del sector ganadero, que dependen la demanda a nivel internacional, el sector ganadero se encuentra constantemente desafiada por los eventos clim\u00e1ticos, que no siempre se alinean con los valores. Esteban Carriquiry, presidente del Instituto Plan Agropecuario, dijo que \"aparentemente vamos a tener\u2026","rel":"","context":"En \u00abActualidad\u00bb","block_context":{"text":"Actualidad","link":"https:\/\/lahoradelcampo.com.uy\/site\/category\/actualidad\/"},"img":{"alt_text":"","src":"https:\/\/i0.wp.com\/lahoradelcampo.com.uy\/site\/wp-content\/uploads\/2022\/07\/EstebanCarriquiry.jpg?fit=880%2C440&ssl=1&resize=350%2C200","width":350,"height":200,"srcset":"https:\/\/i0.wp.com\/lahoradelcampo.com.uy\/site\/wp-content\/uploads\/2022\/07\/EstebanCarriquiry.jpg?fit=880%2C440&ssl=1&resize=350%2C200 1x, https:\/\/i0.wp.com\/lahoradelcampo.com.uy\/site\/wp-content\/uploads\/2022\/07\/EstebanCarriquiry.jpg?fit=880%2C440&ssl=1&resize=525%2C300 1.5x, https:\/\/i0.wp.com\/lahoradelcampo.com.uy\/site\/wp-content\/uploads\/2022\/07\/EstebanCarriquiry.jpg?fit=880%2C440&ssl=1&resize=700%2C400 2x"},"classes":[]},{"id":51495,"url":"https:\/\/lahoradelcampo.com.uy\/site\/menos-de-5-centimetros-de-pasto-en-el-77-de-los-productores-de-la-ring\/","url_meta":{"origin":32798,"position":4},"title":"Menos de 5 cent\u00edmetros de pasto en el 77% de los productores de la RING","author":"La Hora del Campo","date":"29 junio, 2023","format":false,"excerpt":"En base a los resultados de la encuesta mensual RING (Red de Informaci\u00f3n Nacional Ganadera), se han obtenido datos preocupantes sobre la disponibilidad de forraje en el sector ganadero. Durante el mes de mayo, se observ\u00f3 una p\u00e9rdida en la recuperaci\u00f3n alcanzada en los meses anteriores, como era de esperar\u2026","rel":"","context":"En \u00abActualidad\u00bb","block_context":{"text":"Actualidad","link":"https:\/\/lahoradelcampo.com.uy\/site\/category\/actualidad\/"},"img":{"alt_text":"","src":"https:\/\/i0.wp.com\/lahoradelcampo.com.uy\/site\/wp-content\/uploads\/2023\/06\/Ganadoycampo.jpg?fit=880%2C440&ssl=1&resize=350%2C200","width":350,"height":200,"srcset":"https:\/\/i0.wp.com\/lahoradelcampo.com.uy\/site\/wp-content\/uploads\/2023\/06\/Ganadoycampo.jpg?fit=880%2C440&ssl=1&resize=350%2C200 1x, https:\/\/i0.wp.com\/lahoradelcampo.com.uy\/site\/wp-content\/uploads\/2023\/06\/Ganadoycampo.jpg?fit=880%2C440&ssl=1&resize=525%2C300 1.5x, https:\/\/i0.wp.com\/lahoradelcampo.com.uy\/site\/wp-content\/uploads\/2023\/06\/Ganadoycampo.jpg?fit=880%2C440&ssl=1&resize=700%2C400 2x"},"classes":[]},{"id":42093,"url":"https:\/\/lahoradelcampo.com.uy\/site\/porcentajes-de-prenez-se-ubican-sobre-el-80-segun-el-ipa\/","url_meta":{"origin":32798,"position":5},"title":"Porcentajes de pre\u00f1ez se ubican sobre el 80% seg\u00fan el IPA","author":"La Hora del Campo","date":"23 mayo, 2022","format":false,"excerpt":"El Instituto Plan Agropecuario (IPA) present\u00f3 al cierre de la semana, la encuesta mensual de la Red de Informaci\u00f3n Nacional Ganadera (Ring) que est\u00e1 compuesta por 359 productores distribuidos en distintos puntos del pa\u00eds. En esta oportunidad la encuesta tiene en cuenta lo ocurrido en el mes de abril y\u2026","rel":"","context":"En \u00abActualidad\u00bb","block_context":{"text":"Actualidad","link":"https:\/\/lahoradelcampo.com.uy\/site\/category\/actualidad\/"},"img":{"alt_text":"","src":"https:\/\/i0.wp.com\/lahoradelcampo.com.uy\/site\/wp-content\/uploads\/2019\/06\/Pre%C3%B1ez.jpg?fit=880%2C440&ssl=1&resize=350%2C200","width":350,"height":200,"srcset":"https:\/\/i0.wp.com\/lahoradelcampo.com.uy\/site\/wp-content\/uploads\/2019\/06\/Pre%C3%B1ez.jpg?fit=880%2C440&ssl=1&resize=350%2C200 1x, https:\/\/i0.wp.com\/lahoradelcampo.com.uy\/site\/wp-content\/uploads\/2019\/06\/Pre%C3%B1ez.jpg?fit=880%2C440&ssl=1&resize=525%2C300 1.5x, https:\/\/i0.wp.com\/lahoradelcampo.com.uy\/site\/wp-content\/uploads\/2019\/06\/Pre%C3%B1ez.jpg?fit=880%2C440&ssl=1&resize=700%2C400 2x"},"classes":[]}],"jetpack_likes_enabled":true,"_links":{"self":[{"href":"https:\/\/lahoradelcampo.com.uy\/site\/wp-json\/wp\/v2\/posts\/32798","targetHints":{"allow":["GET"]}}],"collection":[{"href":"https:\/\/lahoradelcampo.com.uy\/site\/wp-json\/wp\/v2\/posts"}],"about":[{"href":"https:\/\/lahoradelcampo.com.uy\/site\/wp-json\/wp\/v2\/types\/post"}],"author":[{"embeddable":true,"href":"https:\/\/lahoradelcampo.com.uy\/site\/wp-json\/wp\/v2\/users\/5"}],"replies":[{"embeddable":true,"href":"https:\/\/lahoradelcampo.com.uy\/site\/wp-json\/wp\/v2\/comments?post=32798"}],"version-history":[{"count":1,"href":"https:\/\/lahoradelcampo.com.uy\/site\/wp-json\/wp\/v2\/posts\/32798\/revisions"}],"predecessor-version":[{"id":32800,"href":"https:\/\/lahoradelcampo.com.uy\/site\/wp-json\/wp\/v2\/posts\/32798\/revisions\/32800"}],"wp:featuredmedia":[{"embeddable":true,"href":"https:\/\/lahoradelcampo.com.uy\/site\/wp-json\/wp\/v2\/media\/13116"}],"wp:attachment":[{"href":"https:\/\/lahoradelcampo.com.uy\/site\/wp-json\/wp\/v2\/media?parent=32798"}],"wp:term":[{"taxonomy":"category","embeddable":true,"href":"https:\/\/lahoradelcampo.com.uy\/site\/wp-json\/wp\/v2\/categories?post=32798"},{"taxonomy":"post_tag","embeddable":true,"href":"https:\/\/lahoradelcampo.com.uy\/site\/wp-json\/wp\/v2\/tags?post=32798"}],"curies":[{"name":"wp","href":"https:\/\/api.w.org\/{rel}","templated":true}]}}