{"id":32794,"date":"2021-08-06T09:13:58","date_gmt":"2021-08-06T12:13:58","guid":{"rendered":"http:\/\/lahoradelcampo.com.uy\/site\/?p=32794"},"modified":"2021-08-06T09:14:03","modified_gmt":"2021-08-06T12:14:03","slug":"exportaciones-de-lana-suben-un-275-en-los-ultimos-12-meses","status":"publish","type":"post","link":"https:\/\/lahoradelcampo.com.uy\/site\/exportaciones-de-lana-suben-un-275-en-los-ultimos-12-meses\/","title":{"rendered":"Exportaciones de lana suben un 27,5% en los \u00faltimos 12 meses"},"content":{"rendered":"\n<figure class=\"wp-block-image\"><img data-recalc-dims=\"1\" loading=\"lazy\" decoding=\"async\" width=\"810\" height=\"405\" data-attachment-id=\"9565\" data-permalink=\"https:\/\/lahoradelcampo.com.uy\/site\/exportaciones-de-lana-crecieron-un-125\/lanas-13\/\" data-orig-file=\"https:\/\/i0.wp.com\/lahoradelcampo.com.uy\/site\/wp-content\/uploads\/2019\/04\/Lanas.jpg?fit=880%2C440&amp;ssl=1\" data-orig-size=\"880,440\" data-comments-opened=\"1\" data-image-meta=\"{&quot;aperture&quot;:&quot;0&quot;,&quot;credit&quot;:&quot;&quot;,&quot;camera&quot;:&quot;&quot;,&quot;caption&quot;:&quot;&quot;,&quot;created_timestamp&quot;:&quot;0&quot;,&quot;copyright&quot;:&quot;&quot;,&quot;focal_length&quot;:&quot;0&quot;,&quot;iso&quot;:&quot;0&quot;,&quot;shutter_speed&quot;:&quot;0&quot;,&quot;title&quot;:&quot;&quot;,&quot;orientation&quot;:&quot;1&quot;}\" data-image-title=\"Lanas\" data-image-description=\"\" data-image-caption=\"\" data-large-file=\"https:\/\/i0.wp.com\/lahoradelcampo.com.uy\/site\/wp-content\/uploads\/2019\/04\/Lanas.jpg?fit=810%2C405&amp;ssl=1\" src=\"https:\/\/i0.wp.com\/lahoradelcampo.com.uy\/site\/wp-content\/uploads\/2019\/04\/Lanas.jpg?resize=810%2C405\" alt=\"\" class=\"wp-image-9565\" srcset=\"https:\/\/i0.wp.com\/lahoradelcampo.com.uy\/site\/wp-content\/uploads\/2019\/04\/Lanas.jpg?w=880&amp;ssl=1 880w, https:\/\/i0.wp.com\/lahoradelcampo.com.uy\/site\/wp-content\/uploads\/2019\/04\/Lanas.jpg?resize=300%2C150&amp;ssl=1 300w, https:\/\/i0.wp.com\/lahoradelcampo.com.uy\/site\/wp-content\/uploads\/2019\/04\/Lanas.jpg?resize=768%2C384&amp;ssl=1 768w, https:\/\/i0.wp.com\/lahoradelcampo.com.uy\/site\/wp-content\/uploads\/2019\/04\/Lanas.jpg?resize=820%2C410&amp;ssl=1 820w\" sizes=\"auto, (max-width: 810px) 100vw, 810px\" \/><\/figure>\n\n\n\n<p>De acuerdo a la informaci\u00f3n publicada por el Secretariado Uruguayo de la Lana (SUL) en los \u00faltimos 12 meses a julio de 2021, las exportaciones de lana analizadas en t\u00e9rminos de volumen f\u00edsico, Uruguay export\u00f3 un total de 25,5 millones de kilos de lana equivalente base sucia (considerando lana sucia, lavada y peinada), 27,5% m\u00e1s que en igual per\u00edodo anterior. <br><\/p>\n\n\n\n<p>El 52% se export\u00f3 peinada, el 22.6% lavada y el 25.5% restante sucia. Las ventas al exterior en volumen f\u00edsico aumentaron, para lana peinada un 11%, un 34.7% en lana lavada y un 68.7% para lana sucia. <br><\/p>\n\n\n\n<p>Cuando se analizan los destinos, Uruguay exporta sus lanas a m\u00e1s de 30 los destinos durante el periodo considerado. Analizando en t\u00e9rminos de valor las exportaciones de lana sucia, lavada y peinada, totalizaron 123 millones de d\u00f3lares, lo que implica una suba del 14.2% respecto a igual periodo anterior.<br><\/p>\n\n\n\n<p>El principal destino en t\u00e9rmino de valor de las exportaciones de ese grupo de productos, continu\u00f3 siendo China, con el 30% del total. Lo siguen Alemania (16% del total), Italia (16%), Bulgaria (8%), Turqu\u00eda (4.5%) e India (3.3%).<br><\/p>\n\n\n\n<p>En lana sucia, China adquiri\u00f3 el 63% del total, seguido de Bulgaria (27%) e Italia con 7%. En este sub-rubro, se observa una suba de divisas comparado con el periodo anterior del 54% (total del periodo 34 millones de d\u00f3lares). <br><\/p>\n\n\n\n<p>En lana lavada, del total de ingresos China represent\u00f3 el 51%, seguido por India que desplaza a Egipto del segundo lugar con un 12% y Egipto se ubica en tercer lugar con un 11%. En este sub-rubro, el destino m\u00e1s importante (China) aument\u00f3 sus compras en t\u00e9rminos de valor un 3.3%.<br><\/p>\n\n\n\n<p>Comparado con igual per\u00edodo anterior el ingreso por este concepto se ubic\u00f3 en los 25 millones de d\u00f3lares, un 28.2% m\u00e1s en comparaci\u00f3n al periodo anterior.<br><\/p>\n\n\n\n<p>En lana peinada, Alemania lidera adquiriendo el 31% del total (US$ 19.7 millones) mientras que China pasa a ubicarse en quinto lugar con un 4% del total adquirido. Italia ocupa el segundo lugar con un 23% y Turqu\u00eda se ubica en el tercer puesto (8%).<br><\/p>\n\n\n\n<p>Comparado con igual periodo anterior las exportaciones registraron una baja de 3.4% en valores corrientes para ubicarse en un total de US$ 64 millones.<\/p>\n\n\n\n<p>Salto, 6 de agosto de 2021<\/p>\n","protected":false},"excerpt":{"rendered":"<p>De acuerdo a la informaci\u00f3n publicada por el Secretariado Uruguayo de la Lana (SUL) en los \u00faltimos 12 meses a julio de 2021, las exportaciones de lana analizadas en t\u00e9rminos [&hellip;]<\/p>\n","protected":false},"author":5,"featured_media":9565,"comment_status":"open","ping_status":"open","sticky":false,"template":"","format":"standard","meta":{"_price":"","_stock":"","_tribe_ticket_header":"","_tribe_default_ticket_provider":"","_tribe_ticket_capacity":"0","_ticket_start_date":"","_ticket_end_date":"","_tribe_ticket_show_description":"","_tribe_ticket_show_not_going":false,"_tribe_ticket_use_global_stock":"","_tribe_ticket_global_stock_level":"","_global_stock_mode":"","_global_stock_cap":"","_tribe_rsvp_for_event":"","_tribe_ticket_going_count":"","_tribe_ticket_not_going_count":"","_tribe_tickets_list":"[]","_tribe_ticket_has_attendee_info_fields":false,"h5ap_radio_sources":[],"_jetpack_newsletter_access":"","_jetpack_dont_email_post_to_subs":false,"_jetpack_newsletter_tier_id":0,"_jetpack_memberships_contains_paywalled_content":false,"_jetpack_memberships_contains_paid_content":false,"footnotes":""},"categories":[21,13],"tags":[],"class_list":["post-32794","post","type-post","status-publish","format-standard","has-post-thumbnail","hentry","category-actualidad","category-ovinos"],"jetpack_featured_media_url":"https:\/\/i0.wp.com\/lahoradelcampo.com.uy\/site\/wp-content\/uploads\/2019\/04\/Lanas.jpg?fit=880%2C440&ssl=1","jetpack_sharing_enabled":true,"jetpack_shortlink":"https:\/\/wp.me\/p99IaT-8wW","jetpack-related-posts":[{"id":3851,"url":"https:\/\/lahoradelcampo.com.uy\/site\/exportaciones-del-rubro-ovino-caen-un-24-en-2017\/","url_meta":{"origin":32794,"position":0},"title":"Exportaciones del rubro ovino caen un 24% en 2017","author":"La Hora del Campo","date":"13 noviembre, 2017","format":false,"excerpt":"En octubre de 2017, las exportaciones del rubro ovino registraron una suba del 25% respecto a octubre 2016. La lana sucia, lavada y peinada registr\u00f3 subas en valor y en volumen. Tambi\u00e9n se incrementaron las exportaciones de carne ovina. Las de grasa de lana y lanolina disminuyeron un 9.9%. Por\u2026","rel":"","context":"En \u00abActualidad\u00bb","block_context":{"text":"Actualidad","link":"https:\/\/lahoradelcampo.com.uy\/site\/category\/actualidad\/"},"img":{"alt_text":"","src":"https:\/\/i0.wp.com\/lahoradelcampo.com.uy\/site\/wp-content\/uploads\/2017\/11\/Ovinos.jpg?fit=880%2C440&ssl=1&resize=350%2C200","width":350,"height":200,"srcset":"https:\/\/i0.wp.com\/lahoradelcampo.com.uy\/site\/wp-content\/uploads\/2017\/11\/Ovinos.jpg?fit=880%2C440&ssl=1&resize=350%2C200 1x, https:\/\/i0.wp.com\/lahoradelcampo.com.uy\/site\/wp-content\/uploads\/2017\/11\/Ovinos.jpg?fit=880%2C440&ssl=1&resize=525%2C300 1.5x, https:\/\/i0.wp.com\/lahoradelcampo.com.uy\/site\/wp-content\/uploads\/2017\/11\/Ovinos.jpg?fit=880%2C440&ssl=1&resize=700%2C400 2x"},"classes":[]},{"id":35317,"url":"https:\/\/lahoradelcampo.com.uy\/site\/exportaciones-del-rubro-ovino-subieron-un-72\/","url_meta":{"origin":32794,"position":1},"title":"Exportaciones del rubro ovino subieron un 72%","author":"La Hora del Campo","date":"10 octubre, 2021","format":false,"excerpt":"Las exportaciones del rubro ovino superaron en un 72% los ingresos de igual per\u00edodo de 2020, seg\u00fan la informaci\u00f3n publicada por el Secretariado Uruguayo de la Lana (SUL). En este per\u00edodo, la lana vuelve a posicionarse por encima de la carne ovina en el ingreso por las ventas del rubro.\u2026","rel":"","context":"En \u00abActualidad\u00bb","block_context":{"text":"Actualidad","link":"https:\/\/lahoradelcampo.com.uy\/site\/category\/actualidad\/"},"img":{"alt_text":"","src":"https:\/\/i0.wp.com\/lahoradelcampo.com.uy\/site\/wp-content\/uploads\/2019\/05\/lanasss.jpg?fit=880%2C440&ssl=1&resize=350%2C200","width":350,"height":200,"srcset":"https:\/\/i0.wp.com\/lahoradelcampo.com.uy\/site\/wp-content\/uploads\/2019\/05\/lanasss.jpg?fit=880%2C440&ssl=1&resize=350%2C200 1x, https:\/\/i0.wp.com\/lahoradelcampo.com.uy\/site\/wp-content\/uploads\/2019\/05\/lanasss.jpg?fit=880%2C440&ssl=1&resize=525%2C300 1.5x, https:\/\/i0.wp.com\/lahoradelcampo.com.uy\/site\/wp-content\/uploads\/2019\/05\/lanasss.jpg?fit=880%2C440&ssl=1&resize=700%2C400 2x"},"classes":[]},{"id":9563,"url":"https:\/\/lahoradelcampo.com.uy\/site\/exportaciones-de-lana-crecieron-un-125\/","url_meta":{"origin":32794,"position":2},"title":"Exportaciones de lana crecieron un 12,5%","author":"La Hora del Campo","date":"4 abril, 2019","format":false,"excerpt":"En t\u00e9rminos de volumen f\u00edsico, durante el periodo considerado Uruguay export\u00f3 un total de 41 millones de kilos de lana equivalente base sucia (considerando lana sucia, lavada y peinada), 3.6% menos que en igual per\u00edodo anterior. El 53.7% se export\u00f3 peinada, el 20.3% sucia y el 26% restante lavada. Las\u2026","rel":"","context":"En \u00abActualidad\u00bb","block_context":{"text":"Actualidad","link":"https:\/\/lahoradelcampo.com.uy\/site\/category\/actualidad\/"},"img":{"alt_text":"","src":"https:\/\/i0.wp.com\/lahoradelcampo.com.uy\/site\/wp-content\/uploads\/2019\/04\/Lanas.jpg?fit=880%2C440&ssl=1&resize=350%2C200","width":350,"height":200,"srcset":"https:\/\/i0.wp.com\/lahoradelcampo.com.uy\/site\/wp-content\/uploads\/2019\/04\/Lanas.jpg?fit=880%2C440&ssl=1&resize=350%2C200 1x, https:\/\/i0.wp.com\/lahoradelcampo.com.uy\/site\/wp-content\/uploads\/2019\/04\/Lanas.jpg?fit=880%2C440&ssl=1&resize=525%2C300 1.5x, https:\/\/i0.wp.com\/lahoradelcampo.com.uy\/site\/wp-content\/uploads\/2019\/04\/Lanas.jpg?fit=880%2C440&ssl=1&resize=700%2C400 2x"},"classes":[]},{"id":36403,"url":"https:\/\/lahoradelcampo.com.uy\/site\/exportaciones-del-rubro-ovino-crecen-un-67-en-2021\/","url_meta":{"origin":32794,"position":3},"title":"Exportaciones del rubro ovino crecen  un 67% en 2021","author":"La Hora del Campo","date":"10 noviembre, 2021","format":false,"excerpt":"Entre enero y octubre de 2021, las exportaciones del rubro ovino han crecido un 67% seg\u00fan los datos publicados por el Secretariado Uruguayo del Lana. En este periodo considerado la participaci\u00f3n de lana y productos de lana se mantiene por encima de la participaci\u00f3n de carne ovina dentro del total\u2026","rel":"","context":"En \u00abActualidad\u00bb","block_context":{"text":"Actualidad","link":"https:\/\/lahoradelcampo.com.uy\/site\/category\/actualidad\/"},"img":{"alt_text":"","src":"https:\/\/i0.wp.com\/lahoradelcampo.com.uy\/site\/wp-content\/uploads\/2017\/11\/Lanas-1.jpg?fit=880%2C440&ssl=1&resize=350%2C200","width":350,"height":200,"srcset":"https:\/\/i0.wp.com\/lahoradelcampo.com.uy\/site\/wp-content\/uploads\/2017\/11\/Lanas-1.jpg?fit=880%2C440&ssl=1&resize=350%2C200 1x, https:\/\/i0.wp.com\/lahoradelcampo.com.uy\/site\/wp-content\/uploads\/2017\/11\/Lanas-1.jpg?fit=880%2C440&ssl=1&resize=525%2C300 1.5x, https:\/\/i0.wp.com\/lahoradelcampo.com.uy\/site\/wp-content\/uploads\/2017\/11\/Lanas-1.jpg?fit=880%2C440&ssl=1&resize=700%2C400 2x"},"classes":[]},{"id":38735,"url":"https:\/\/lahoradelcampo.com.uy\/site\/exportaciones-de-lana-suman-315-millones-de-kilos-en-2021\/","url_meta":{"origin":32794,"position":4},"title":"Exportaciones de lana suman 31,5 millones de kilos en 2021","author":"La Hora del Campo","date":"1 febrero, 2022","format":false,"excerpt":"Uruguay export\u00f3 31,5 millones de kilogramos de lana equivalente base sucia (tomando en consideraci\u00f3n las exportaciones de lana sucia, lavada y peinada). Este volumen es un 65% superior al per\u00edodo anterior, sin embargo es un un 11% inferior a 2020 y 22.5% frente a 2019. Este volumen represent\u00f3 un ingreso\u2026","rel":"","context":"En \u00abActualidad\u00bb","block_context":{"text":"Actualidad","link":"https:\/\/lahoradelcampo.com.uy\/site\/category\/actualidad\/"},"img":{"alt_text":"","src":"https:\/\/i0.wp.com\/lahoradelcampo.com.uy\/site\/wp-content\/uploads\/2018\/05\/lana-2.jpg?fit=880%2C440&ssl=1&resize=350%2C200","width":350,"height":200,"srcset":"https:\/\/i0.wp.com\/lahoradelcampo.com.uy\/site\/wp-content\/uploads\/2018\/05\/lana-2.jpg?fit=880%2C440&ssl=1&resize=350%2C200 1x, https:\/\/i0.wp.com\/lahoradelcampo.com.uy\/site\/wp-content\/uploads\/2018\/05\/lana-2.jpg?fit=880%2C440&ssl=1&resize=525%2C300 1.5x, https:\/\/i0.wp.com\/lahoradelcampo.com.uy\/site\/wp-content\/uploads\/2018\/05\/lana-2.jpg?fit=880%2C440&ssl=1&resize=700%2C400 2x"},"classes":[]},{"id":32104,"url":"https:\/\/lahoradelcampo.com.uy\/site\/exportaciones-del-rubro-ovino-cayeron-un-32-durante-el-2020\/","url_meta":{"origin":32794,"position":5},"title":"Exportaciones del rubro ovino cayeron un 32% durante el 2020","author":"La Hora del Campo","date":"15 julio, 2021","format":false,"excerpt":"De acuerdo al informe elaborado por el Secretariado Uruguayo de la Lana (SUL) en base a los datos de la Direcci\u00f3n Nacional de Aduanas, las exportaciones del rubro ovino durante el a\u00f1o 2020 disminuyeron un 32% para ubicarse en US$ 186 millones. Por su parte las ventas al exterior de\u2026","rel":"","context":"En \u00abActualidad\u00bb","block_context":{"text":"Actualidad","link":"https:\/\/lahoradelcampo.com.uy\/site\/category\/actualidad\/"},"img":{"alt_text":"","src":"https:\/\/i0.wp.com\/lahoradelcampo.com.uy\/site\/wp-content\/uploads\/2017\/12\/Ovinos.jpg?fit=880%2C440&ssl=1&resize=350%2C200","width":350,"height":200,"srcset":"https:\/\/i0.wp.com\/lahoradelcampo.com.uy\/site\/wp-content\/uploads\/2017\/12\/Ovinos.jpg?fit=880%2C440&ssl=1&resize=350%2C200 1x, https:\/\/i0.wp.com\/lahoradelcampo.com.uy\/site\/wp-content\/uploads\/2017\/12\/Ovinos.jpg?fit=880%2C440&ssl=1&resize=525%2C300 1.5x, https:\/\/i0.wp.com\/lahoradelcampo.com.uy\/site\/wp-content\/uploads\/2017\/12\/Ovinos.jpg?fit=880%2C440&ssl=1&resize=700%2C400 2x"},"classes":[]}],"jetpack_likes_enabled":true,"_links":{"self":[{"href":"https:\/\/lahoradelcampo.com.uy\/site\/wp-json\/wp\/v2\/posts\/32794","targetHints":{"allow":["GET"]}}],"collection":[{"href":"https:\/\/lahoradelcampo.com.uy\/site\/wp-json\/wp\/v2\/posts"}],"about":[{"href":"https:\/\/lahoradelcampo.com.uy\/site\/wp-json\/wp\/v2\/types\/post"}],"author":[{"embeddable":true,"href":"https:\/\/lahoradelcampo.com.uy\/site\/wp-json\/wp\/v2\/users\/5"}],"replies":[{"embeddable":true,"href":"https:\/\/lahoradelcampo.com.uy\/site\/wp-json\/wp\/v2\/comments?post=32794"}],"version-history":[{"count":1,"href":"https:\/\/lahoradelcampo.com.uy\/site\/wp-json\/wp\/v2\/posts\/32794\/revisions"}],"predecessor-version":[{"id":32796,"href":"https:\/\/lahoradelcampo.com.uy\/site\/wp-json\/wp\/v2\/posts\/32794\/revisions\/32796"}],"wp:featuredmedia":[{"embeddable":true,"href":"https:\/\/lahoradelcampo.com.uy\/site\/wp-json\/wp\/v2\/media\/9565"}],"wp:attachment":[{"href":"https:\/\/lahoradelcampo.com.uy\/site\/wp-json\/wp\/v2\/media?parent=32794"}],"wp:term":[{"taxonomy":"category","embeddable":true,"href":"https:\/\/lahoradelcampo.com.uy\/site\/wp-json\/wp\/v2\/categories?post=32794"},{"taxonomy":"post_tag","embeddable":true,"href":"https:\/\/lahoradelcampo.com.uy\/site\/wp-json\/wp\/v2\/tags?post=32794"}],"curies":[{"name":"wp","href":"https:\/\/api.w.org\/{rel}","templated":true}]}}