{"id":32790,"date":"2021-08-06T09:11:47","date_gmt":"2021-08-06T12:11:47","guid":{"rendered":"http:\/\/lahoradelcampo.com.uy\/site\/?p=32790"},"modified":"2021-08-06T09:11:52","modified_gmt":"2021-08-06T12:11:52","slug":"mayor-presencia-de-publico-y-mas-agilidad-en-las-ventas-de-la-uam","status":"publish","type":"post","link":"https:\/\/lahoradelcampo.com.uy\/site\/mayor-presencia-de-publico-y-mas-agilidad-en-las-ventas-de-la-uam\/","title":{"rendered":"Mayor presencia de p\u00fablico y m\u00e1s agilidad en las ventas de la UAM"},"content":{"rendered":"\n<figure class=\"wp-block-image\"><img data-recalc-dims=\"1\" loading=\"lazy\" decoding=\"async\" width=\"810\" height=\"405\" data-attachment-id=\"24934\" data-permalink=\"https:\/\/lahoradelcampo.com.uy\/site\/uam-aun-faltan-los-servicios-esenciales-para-que-comience-a-funcionar\/uam-granja\/\" data-orig-file=\"https:\/\/i0.wp.com\/lahoradelcampo.com.uy\/site\/wp-content\/uploads\/2020\/10\/UAM-granja.jpg?fit=880%2C440&amp;ssl=1\" data-orig-size=\"880,440\" data-comments-opened=\"1\" data-image-meta=\"{&quot;aperture&quot;:&quot;0&quot;,&quot;credit&quot;:&quot;&quot;,&quot;camera&quot;:&quot;&quot;,&quot;caption&quot;:&quot;&quot;,&quot;created_timestamp&quot;:&quot;0&quot;,&quot;copyright&quot;:&quot;&quot;,&quot;focal_length&quot;:&quot;0&quot;,&quot;iso&quot;:&quot;0&quot;,&quot;shutter_speed&quot;:&quot;0&quot;,&quot;title&quot;:&quot;&quot;,&quot;orientation&quot;:&quot;1&quot;}\" data-image-title=\"UAM granja\" data-image-description=\"\" data-image-caption=\"\" data-large-file=\"https:\/\/i0.wp.com\/lahoradelcampo.com.uy\/site\/wp-content\/uploads\/2020\/10\/UAM-granja.jpg?fit=810%2C405&amp;ssl=1\" src=\"https:\/\/i0.wp.com\/lahoradelcampo.com.uy\/site\/wp-content\/uploads\/2020\/10\/UAM-granja.jpg?resize=810%2C405\" alt=\"\" class=\"wp-image-24934\" srcset=\"https:\/\/i0.wp.com\/lahoradelcampo.com.uy\/site\/wp-content\/uploads\/2020\/10\/UAM-granja.jpg?w=880&amp;ssl=1 880w, https:\/\/i0.wp.com\/lahoradelcampo.com.uy\/site\/wp-content\/uploads\/2020\/10\/UAM-granja.jpg?resize=300%2C150&amp;ssl=1 300w, https:\/\/i0.wp.com\/lahoradelcampo.com.uy\/site\/wp-content\/uploads\/2020\/10\/UAM-granja.jpg?resize=768%2C384&amp;ssl=1 768w, https:\/\/i0.wp.com\/lahoradelcampo.com.uy\/site\/wp-content\/uploads\/2020\/10\/UAM-granja.jpg?resize=820%2C410&amp;ssl=1 820w\" sizes=\"auto, (max-width: 810px) 100vw, 810px\" \/><\/figure>\n\n\n\n<p>Ayer jueves, la operativa comercial en la Unidad Agroalimentaria Metropolitana (UAM), transcurri\u00f3 de forma \u00e1gil, debido a una mayor presencia de p\u00fablico en las instalaciones del mercado granjero, as\u00ed como tambi\u00e9n un mayor inter\u00e9s de los compradores en relaci\u00f3n a d\u00edas anteriores, seg\u00fan el comentario general de los informantes principales al informe de la unidad comercial. <br><\/p>\n\n\n\n<p>En este escenario descendieron los valores de referencia de tomate, morr\u00f3n Rojo, zapallito, zucchini, lim\u00f3n, frutilla apio, repollo y lechuga Crespa. Mientras que se registraron subas en los valores de la chaucha y la pera.    <\/p>\n\n\n\n<p>Salto, 6 de agosto de 2021<\/p>\n","protected":false},"excerpt":{"rendered":"<p>Ayer jueves, la operativa comercial en la Unidad Agroalimentaria Metropolitana (UAM), transcurri\u00f3 de forma \u00e1gil, debido a una mayor presencia de p\u00fablico en las instalaciones del mercado granjero, as\u00ed como [&hellip;]<\/p>\n","protected":false},"author":5,"featured_media":24934,"comment_status":"open","ping_status":"open","sticky":false,"template":"","format":"standard","meta":{"_price":"","_stock":"","_tribe_ticket_header":"","_tribe_default_ticket_provider":"","_tribe_ticket_capacity":"0","_ticket_start_date":"","_ticket_end_date":"","_tribe_ticket_show_description":"","_tribe_ticket_show_not_going":false,"_tribe_ticket_use_global_stock":"","_tribe_ticket_global_stock_level":"","_global_stock_mode":"","_global_stock_cap":"","_tribe_rsvp_for_event":"","_tribe_ticket_going_count":"","_tribe_ticket_not_going_count":"","_tribe_tickets_list":"[]","_tribe_ticket_has_attendee_info_fields":false,"h5ap_radio_sources":[],"_jetpack_newsletter_access":"","_jetpack_dont_email_post_to_subs":false,"_jetpack_newsletter_tier_id":0,"_jetpack_memberships_contains_paywalled_content":false,"_jetpack_memberships_contains_paid_content":false,"footnotes":""},"categories":[21,9],"tags":[],"class_list":["post-32790","post","type-post","status-publish","format-standard","has-post-thumbnail","hentry","category-actualidad","category-granja"],"jetpack_featured_media_url":"https:\/\/i0.wp.com\/lahoradelcampo.com.uy\/site\/wp-content\/uploads\/2020\/10\/UAM-granja.jpg?fit=880%2C440&ssl=1","jetpack_sharing_enabled":true,"jetpack_shortlink":"https:\/\/wp.me\/p99IaT-8wS","jetpack-related-posts":[{"id":32916,"url":"https:\/\/lahoradelcampo.com.uy\/site\/con-menos-publico-mercado-agil\/","url_meta":{"origin":32790,"position":0},"title":"Con menos p\u00fablico, mercado \u00e1gil","author":"La Hora del Campo","date":"10 agosto, 2021","format":false,"excerpt":"La presencia de p\u00fablico en la Unidad Agrolimentaria (UAM) en la jornada de ayer se vio disminuida por las precipitaciones, que afect\u00f3 la colocaci\u00f3n de mercader\u00eda a nivel minorista durante el fin de semana, sin embargo la operativa comercial transcurri\u00f3 \u00e1gil, seg\u00fan inform\u00f3 dicha unidad en su primer informe de\u2026","rel":"","context":"En \u00abActualidad\u00bb","block_context":{"text":"Actualidad","link":"https:\/\/lahoradelcampo.com.uy\/site\/category\/actualidad\/"},"img":{"alt_text":"","src":"https:\/\/i0.wp.com\/lahoradelcampo.com.uy\/site\/wp-content\/uploads\/2021\/06\/tomate-perita.jpg?fit=880%2C440&ssl=1&resize=350%2C200","width":350,"height":200,"srcset":"https:\/\/i0.wp.com\/lahoradelcampo.com.uy\/site\/wp-content\/uploads\/2021\/06\/tomate-perita.jpg?fit=880%2C440&ssl=1&resize=350%2C200 1x, https:\/\/i0.wp.com\/lahoradelcampo.com.uy\/site\/wp-content\/uploads\/2021\/06\/tomate-perita.jpg?fit=880%2C440&ssl=1&resize=525%2C300 1.5x, https:\/\/i0.wp.com\/lahoradelcampo.com.uy\/site\/wp-content\/uploads\/2021\/06\/tomate-perita.jpg?fit=880%2C440&ssl=1&resize=700%2C400 2x"},"classes":[]},{"id":42407,"url":"https:\/\/lahoradelcampo.com.uy\/site\/agilidad-y-mayor-presencia-de-publico-al-cierre-de-la-semana\/","url_meta":{"origin":32790,"position":1},"title":"Agilidad y mayor presencia de p\u00fablico al cierre de la semana","author":"La Hora del Campo","date":"3 junio, 2022","format":false,"excerpt":"La jornada comercial de ayer jueves, transcurri\u00f3 medianamente \u00e1gil en la Unidad Agroalimentaria Metropolitana (UAM) , con mayor presencia de p\u00fablico comprador en relaci\u00f3n con el inicio de la semana. Se registraron descensos en los precios de referencia de papa Blanca, apio, albahaca, cebolla de Verdeo, perejil, remolacha y frutilla.\u2026","rel":"","context":"En \u00abActualidad\u00bb","block_context":{"text":"Actualidad","link":"https:\/\/lahoradelcampo.com.uy\/site\/category\/actualidad\/"},"img":{"alt_text":"","src":"https:\/\/i0.wp.com\/lahoradelcampo.com.uy\/site\/wp-content\/uploads\/2018\/05\/mandarinas.jpg?fit=880%2C440&ssl=1&resize=350%2C200","width":350,"height":200,"srcset":"https:\/\/i0.wp.com\/lahoradelcampo.com.uy\/site\/wp-content\/uploads\/2018\/05\/mandarinas.jpg?fit=880%2C440&ssl=1&resize=350%2C200 1x, https:\/\/i0.wp.com\/lahoradelcampo.com.uy\/site\/wp-content\/uploads\/2018\/05\/mandarinas.jpg?fit=880%2C440&ssl=1&resize=525%2C300 1.5x, https:\/\/i0.wp.com\/lahoradelcampo.com.uy\/site\/wp-content\/uploads\/2018\/05\/mandarinas.jpg?fit=880%2C440&ssl=1&resize=700%2C400 2x"},"classes":[]},{"id":47151,"url":"https:\/\/lahoradelcampo.com.uy\/site\/menor-presencia-de-publico-bajas-ventas-de-la-granja\/","url_meta":{"origin":32790,"position":2},"title":"Menor presencia de p\u00fablico, bajas ventas de la granja","author":"La Hora del Campo","date":"22 noviembre, 2022","format":false,"excerpt":"El comienzo de la semana comercial en la Unidad Agroalimentaria Metropolitana (UAM) se present\u00f3 poco \u00e1gil con un menor ingreso de p\u00fablico comprador y un levante de mercader\u00eda enlentecido debido a la ocurrencia de precipitaciones y el comienzo de la \u00faltima decena del mes. Como novedad se registr\u00f3 el ingreso\u2026","rel":"","context":"En \u00abActualidad\u00bb","block_context":{"text":"Actualidad","link":"https:\/\/lahoradelcampo.com.uy\/site\/category\/actualidad\/"},"img":{"alt_text":"","src":"https:\/\/i0.wp.com\/lahoradelcampo.com.uy\/site\/wp-content\/uploads\/2022\/04\/UAM-General.jpg?fit=880%2C440&ssl=1&resize=350%2C200","width":350,"height":200,"srcset":"https:\/\/i0.wp.com\/lahoradelcampo.com.uy\/site\/wp-content\/uploads\/2022\/04\/UAM-General.jpg?fit=880%2C440&ssl=1&resize=350%2C200 1x, https:\/\/i0.wp.com\/lahoradelcampo.com.uy\/site\/wp-content\/uploads\/2022\/04\/UAM-General.jpg?fit=880%2C440&ssl=1&resize=525%2C300 1.5x, https:\/\/i0.wp.com\/lahoradelcampo.com.uy\/site\/wp-content\/uploads\/2022\/04\/UAM-General.jpg?fit=880%2C440&ssl=1&resize=700%2C400 2x"},"classes":[]},{"id":32664,"url":"https:\/\/lahoradelcampo.com.uy\/site\/inicio-del-mes-genero-mas-agilidad\/","url_meta":{"origin":32790,"position":3},"title":"Inicio del mes gener\u00f3 m\u00e1s agilidad","author":"La Hora del Campo","date":"3 agosto, 2021","format":false,"excerpt":"El inicio del mes de agosto en la Unidad Agroalimentaria Metropolitana (UAM) gener\u00f3 una mayor agilidad en los negocios respecto al transcurso de la pasada semana. La operativa comercial trajo consigo una alta concurrencia de p\u00fablico. A pesar de la mayor presencia de p\u00fablico, existi\u00f3 un mayor remanente al cierre\u2026","rel":"","context":"En \u00abActualidad\u00bb","block_context":{"text":"Actualidad","link":"https:\/\/lahoradelcampo.com.uy\/site\/category\/actualidad\/"},"img":{"alt_text":"","src":"https:\/\/i0.wp.com\/lahoradelcampo.com.uy\/site\/wp-content\/uploads\/2021\/06\/UAMmercado.jpg?fit=880%2C440&ssl=1&resize=350%2C200","width":350,"height":200,"srcset":"https:\/\/i0.wp.com\/lahoradelcampo.com.uy\/site\/wp-content\/uploads\/2021\/06\/UAMmercado.jpg?fit=880%2C440&ssl=1&resize=350%2C200 1x, https:\/\/i0.wp.com\/lahoradelcampo.com.uy\/site\/wp-content\/uploads\/2021\/06\/UAMmercado.jpg?fit=880%2C440&ssl=1&resize=525%2C300 1.5x, https:\/\/i0.wp.com\/lahoradelcampo.com.uy\/site\/wp-content\/uploads\/2021\/06\/UAMmercado.jpg?fit=880%2C440&ssl=1&resize=700%2C400 2x"},"classes":[]},{"id":32436,"url":"https:\/\/lahoradelcampo.com.uy\/site\/mas-publico-mas-agilidad-en-las-ventas\/","url_meta":{"origin":32790,"position":4},"title":"M\u00e1s p\u00fablico, m\u00e1s agilidad en las ventas","author":"La Hora del Campo","date":"27 julio, 2021","format":false,"excerpt":"La operativa comercial de ayer lunes, registr\u00f3 una mayor concurrencia de p\u00fablico comprador en la Unidad Agroalimentaria Metropolitana (UAM) la jornada transcurri\u00f3 como mayor agilidad respecto al inicio de la semana pasada. Se evidencia mayor oferta de las hortalizas de fruto en general, dadas las temperaturas del fin de semana.\u2026","rel":"","context":"En \u00abActualidad\u00bb","block_context":{"text":"Actualidad","link":"https:\/\/lahoradelcampo.com.uy\/site\/category\/actualidad\/"},"img":{"alt_text":"","src":"https:\/\/i0.wp.com\/lahoradelcampo.com.uy\/site\/wp-content\/uploads\/2017\/11\/Morr%C3%B3n.jpg?fit=880%2C440&ssl=1&resize=350%2C200","width":350,"height":200,"srcset":"https:\/\/i0.wp.com\/lahoradelcampo.com.uy\/site\/wp-content\/uploads\/2017\/11\/Morr%C3%B3n.jpg?fit=880%2C440&ssl=1&resize=350%2C200 1x, https:\/\/i0.wp.com\/lahoradelcampo.com.uy\/site\/wp-content\/uploads\/2017\/11\/Morr%C3%B3n.jpg?fit=880%2C440&ssl=1&resize=525%2C300 1.5x, https:\/\/i0.wp.com\/lahoradelcampo.com.uy\/site\/wp-content\/uploads\/2017\/11\/Morr%C3%B3n.jpg?fit=880%2C440&ssl=1&resize=700%2C400 2x"},"classes":[]},{"id":47121,"url":"https:\/\/lahoradelcampo.com.uy\/site\/aumento-de-la-oferta-de-tomate-genero-bajas-en-la-uam\/","url_meta":{"origin":32790,"position":5},"title":"Aumento de la oferta de tomate gener\u00f3 bajas en la UAM","author":"La Hora del Campo","date":"21 noviembre, 2022","format":false,"excerpt":"De acuerdo al informe semanal de la Unidad Agroalimentaria Metropolitana (UAM), se verific\u00f3 un incremento muy importante de tomate en la plaza comercial, por lo que se han generado abundantes sobrantes y precios muy bajos al culminar cada jornada de esta semana, especialmente en aquellas partidas de color rojo intenso.\u2026","rel":"","context":"En \u00abActualidad\u00bb","block_context":{"text":"Actualidad","link":"https:\/\/lahoradelcampo.com.uy\/site\/category\/actualidad\/"},"img":{"alt_text":"","src":"https:\/\/i0.wp.com\/lahoradelcampo.com.uy\/site\/wp-content\/uploads\/2018\/05\/Tomate.jpg?fit=880%2C440&ssl=1&resize=350%2C200","width":350,"height":200,"srcset":"https:\/\/i0.wp.com\/lahoradelcampo.com.uy\/site\/wp-content\/uploads\/2018\/05\/Tomate.jpg?fit=880%2C440&ssl=1&resize=350%2C200 1x, https:\/\/i0.wp.com\/lahoradelcampo.com.uy\/site\/wp-content\/uploads\/2018\/05\/Tomate.jpg?fit=880%2C440&ssl=1&resize=525%2C300 1.5x, https:\/\/i0.wp.com\/lahoradelcampo.com.uy\/site\/wp-content\/uploads\/2018\/05\/Tomate.jpg?fit=880%2C440&ssl=1&resize=700%2C400 2x"},"classes":[]}],"jetpack_likes_enabled":true,"_links":{"self":[{"href":"https:\/\/lahoradelcampo.com.uy\/site\/wp-json\/wp\/v2\/posts\/32790","targetHints":{"allow":["GET"]}}],"collection":[{"href":"https:\/\/lahoradelcampo.com.uy\/site\/wp-json\/wp\/v2\/posts"}],"about":[{"href":"https:\/\/lahoradelcampo.com.uy\/site\/wp-json\/wp\/v2\/types\/post"}],"author":[{"embeddable":true,"href":"https:\/\/lahoradelcampo.com.uy\/site\/wp-json\/wp\/v2\/users\/5"}],"replies":[{"embeddable":true,"href":"https:\/\/lahoradelcampo.com.uy\/site\/wp-json\/wp\/v2\/comments?post=32790"}],"version-history":[{"count":1,"href":"https:\/\/lahoradelcampo.com.uy\/site\/wp-json\/wp\/v2\/posts\/32790\/revisions"}],"predecessor-version":[{"id":32792,"href":"https:\/\/lahoradelcampo.com.uy\/site\/wp-json\/wp\/v2\/posts\/32790\/revisions\/32792"}],"wp:featuredmedia":[{"embeddable":true,"href":"https:\/\/lahoradelcampo.com.uy\/site\/wp-json\/wp\/v2\/media\/24934"}],"wp:attachment":[{"href":"https:\/\/lahoradelcampo.com.uy\/site\/wp-json\/wp\/v2\/media?parent=32790"}],"wp:term":[{"taxonomy":"category","embeddable":true,"href":"https:\/\/lahoradelcampo.com.uy\/site\/wp-json\/wp\/v2\/categories?post=32790"},{"taxonomy":"post_tag","embeddable":true,"href":"https:\/\/lahoradelcampo.com.uy\/site\/wp-json\/wp\/v2\/tags?post=32790"}],"curies":[{"name":"wp","href":"https:\/\/api.w.org\/{rel}","templated":true}]}}