{"id":32784,"date":"2021-08-06T09:10:10","date_gmt":"2021-08-06T12:10:10","guid":{"rendered":"http:\/\/lahoradelcampo.com.uy\/site\/?p=32784"},"modified":"2021-08-06T09:10:15","modified_gmt":"2021-08-06T12:10:15","slug":"la-industria-topista-planteo-la-actualidad-y-desafios-del-sector-al-ministro","status":"publish","type":"post","link":"https:\/\/lahoradelcampo.com.uy\/site\/la-industria-topista-planteo-la-actualidad-y-desafios-del-sector-al-ministro\/","title":{"rendered":"La industria topista plante\u00f3 la actualidad y desaf\u00edos del sector al ministro"},"content":{"rendered":"\n<figure class=\"wp-block-image\"><img data-recalc-dims=\"1\" loading=\"lazy\" decoding=\"async\" width=\"810\" height=\"405\" data-attachment-id=\"32786\" data-permalink=\"https:\/\/lahoradelcampo.com.uy\/site\/la-industria-topista-planteo-la-actualidad-y-desafios-del-sector-al-ministro\/laneros\/\" data-orig-file=\"https:\/\/i0.wp.com\/lahoradelcampo.com.uy\/site\/wp-content\/uploads\/2021\/08\/laneros.jpg?fit=880%2C440&amp;ssl=1\" data-orig-size=\"880,440\" data-comments-opened=\"1\" data-image-meta=\"{&quot;aperture&quot;:&quot;0&quot;,&quot;credit&quot;:&quot;&quot;,&quot;camera&quot;:&quot;&quot;,&quot;caption&quot;:&quot;&quot;,&quot;created_timestamp&quot;:&quot;0&quot;,&quot;copyright&quot;:&quot;&quot;,&quot;focal_length&quot;:&quot;0&quot;,&quot;iso&quot;:&quot;0&quot;,&quot;shutter_speed&quot;:&quot;0&quot;,&quot;title&quot;:&quot;&quot;,&quot;orientation&quot;:&quot;1&quot;}\" data-image-title=\"laneros\" data-image-description=\"\" data-image-caption=\"\" data-large-file=\"https:\/\/i0.wp.com\/lahoradelcampo.com.uy\/site\/wp-content\/uploads\/2021\/08\/laneros.jpg?fit=810%2C405&amp;ssl=1\" src=\"https:\/\/i0.wp.com\/lahoradelcampo.com.uy\/site\/wp-content\/uploads\/2021\/08\/laneros.jpg?resize=810%2C405\" alt=\"\" class=\"wp-image-32786\" srcset=\"https:\/\/i0.wp.com\/lahoradelcampo.com.uy\/site\/wp-content\/uploads\/2021\/08\/laneros.jpg?w=880&amp;ssl=1 880w, https:\/\/i0.wp.com\/lahoradelcampo.com.uy\/site\/wp-content\/uploads\/2021\/08\/laneros.jpg?resize=300%2C150&amp;ssl=1 300w, https:\/\/i0.wp.com\/lahoradelcampo.com.uy\/site\/wp-content\/uploads\/2021\/08\/laneros.jpg?resize=768%2C384&amp;ssl=1 768w, https:\/\/i0.wp.com\/lahoradelcampo.com.uy\/site\/wp-content\/uploads\/2021\/08\/laneros.jpg?resize=820%2C410&amp;ssl=1 820w\" sizes=\"auto, (max-width: 810px) 100vw, 810px\" \/><\/figure>\n\n\n\n<p>El Ministro de Ganader\u00eda, Agricultura y Pesca, Ing. Agr. Fernando Mattos, recibi\u00f3 esta semana a los representantes de las peinadur\u00edas de lana de Uruguay, en una reuni\u00f3n que fue solicitada por parte de los empresarios para saludar al jerarca y poner al d\u00eda la realidad y los desaf\u00edos del sector.  La industria fue representada por Pedro Otegui, de Lanas Trinidad, Frank Raquet, de Engraw, y Diego Saavedra, de Central Lanera Uruguaya. <br><\/p>\n\n\n\n<p>Los industriales plantearon al jerarca el escenario actual del mercado mundial de la lana y su impacto en la cadena nacional, as\u00ed como tambi\u00e9n la competitividad de las empresas en el mundo, los aranceles externos y la devoluci\u00f3n de impuestos, para un sector que supo ser el principal rubro de exportaci\u00f3n de Uruguay y uno de los m\u00e1s pujantes de la econom\u00eda del pa\u00eds.<br><\/p>\n\n\n\n<p>Diego Saavedra, qui\u00e9n particip\u00f3 de la reuni\u00f3n, dijo que existi\u00f3 mucha receptividad por parte del jerarca. Entre los temas planteados, indic\u00f3 que el sector lanero tiene un costo muy alto y se necesita recomponer esta realidad para ser m\u00e1s competitivo en el exterior. A modo de ejemplo explic\u00f3 que un contenedor grande de lana \u00abpor atravesar los 200 metros que tiene el puerto paga m\u00e1s de 1.000 d\u00f3lares entre los distintos costos que tiene por el valor de la terminal, aduanas y etc, es un costo muy alto\u00bb.<br><\/p>\n\n\n\n<p>Seg\u00fan dijo el representante de la cooperativa, \u00abla lana est\u00e1 pagando la tarifa portuaria m\u00e1s alta de todos los productos\u00bb y esto \u00abya no tiene sentido\u00bb, porque seg\u00fan entiende \u00abla lana no es el oro blanco que pudo haber sido hace d\u00e9cadas atr\u00e1s\u00bb.   <br><\/p>\n\n\n\n<p>Saavedra dijo que existi\u00f3 \u00abuna gran receptividad\u00bb por parte del ministro y que adem\u00e1s quedaron planteadas algunas l\u00edneas de trabajo para avanzar en mejores condiciones para el sector lanero. <\/p>\n\n\n\n<p style=\"text-align:right\"><strong>Salto, 6 de agosto de 2021<\/strong><\/p>\n","protected":false},"excerpt":{"rendered":"<p>El Ministro de Ganader\u00eda, Agricultura y Pesca, Ing. Agr. Fernando Mattos, recibi\u00f3 esta semana a los representantes de las peinadur\u00edas de lana de Uruguay, en una reuni\u00f3n que fue solicitada [&hellip;]<\/p>\n","protected":false},"author":5,"featured_media":32786,"comment_status":"open","ping_status":"open","sticky":false,"template":"","format":"standard","meta":{"_price":"","_stock":"","_tribe_ticket_header":"","_tribe_default_ticket_provider":"","_tribe_ticket_capacity":"0","_ticket_start_date":"","_ticket_end_date":"","_tribe_ticket_show_description":"","_tribe_ticket_show_not_going":false,"_tribe_ticket_use_global_stock":"","_tribe_ticket_global_stock_level":"","_global_stock_mode":"","_global_stock_cap":"","_tribe_rsvp_for_event":"","_tribe_ticket_going_count":"","_tribe_ticket_not_going_count":"","_tribe_tickets_list":"[]","_tribe_ticket_has_attendee_info_fields":false,"h5ap_radio_sources":[],"_jetpack_newsletter_access":"","_jetpack_dont_email_post_to_subs":false,"_jetpack_newsletter_tier_id":0,"_jetpack_memberships_contains_paywalled_content":false,"_jetpack_memberships_contains_paid_content":false,"footnotes":""},"categories":[21,13],"tags":[],"class_list":["post-32784","post","type-post","status-publish","format-standard","has-post-thumbnail","hentry","category-actualidad","category-ovinos"],"jetpack_featured_media_url":"https:\/\/i0.wp.com\/lahoradelcampo.com.uy\/site\/wp-content\/uploads\/2021\/08\/laneros.jpg?fit=880%2C440&ssl=1","jetpack_sharing_enabled":true,"jetpack_shortlink":"https:\/\/wp.me\/p99IaT-8wM","jetpack-related-posts":[{"id":56430,"url":"https:\/\/lahoradelcampo.com.uy\/site\/carne-ovina-y-lana-fina-no-maten-al-mensajero-dijo-fratti\/","url_meta":{"origin":32784,"position":0},"title":"Carne ovina y lana fina: \u00abNo maten al mensajero\u00bb dijo Fratti","author":"La Hora del Campo","date":"4 agosto, 2025","format":false,"excerpt":"En el lanzamiento oficial de la Zafra Ovina 2025, el ministro de Ganader\u00eda, Agricultura y Pesca, Dr. Alfredo Fratti, destac\u00f3 el papel hist\u00f3rico y actual del sector ovino como eje de desarrollo productivo y arraigo rural en Uruguay. Fratti comenz\u00f3 su intervenci\u00f3n evocando su v\u00ednculo personal con la actividad ovina\u2026","rel":"","context":"En \u00abActualidad\u00bb","block_context":{"text":"Actualidad","link":"https:\/\/lahoradelcampo.com.uy\/site\/category\/actualidad\/"},"img":{"alt_text":"","src":"https:\/\/i0.wp.com\/lahoradelcampo.com.uy\/site\/wp-content\/uploads\/2025\/08\/Zafraovina-sul25-fratti.jpg?fit=880%2C440&ssl=1&resize=350%2C200","width":350,"height":200,"srcset":"https:\/\/i0.wp.com\/lahoradelcampo.com.uy\/site\/wp-content\/uploads\/2025\/08\/Zafraovina-sul25-fratti.jpg?fit=880%2C440&ssl=1&resize=350%2C200 1x, https:\/\/i0.wp.com\/lahoradelcampo.com.uy\/site\/wp-content\/uploads\/2025\/08\/Zafraovina-sul25-fratti.jpg?fit=880%2C440&ssl=1&resize=525%2C300 1.5x, https:\/\/i0.wp.com\/lahoradelcampo.com.uy\/site\/wp-content\/uploads\/2025\/08\/Zafraovina-sul25-fratti.jpg?fit=880%2C440&ssl=1&resize=700%2C400 2x"},"classes":[]},{"id":52170,"url":"https:\/\/lahoradelcampo.com.uy\/site\/el-rubro-ovino-necesita-una-especial-y-urgente-atencion-de-todos-los-actores\/","url_meta":{"origin":32784,"position":1},"title":"El rubro ovino \u00abnecesita una especial y urgente atenci\u00f3n de todos los actores\u00bb","author":"La Hora del Campo","date":"14 agosto, 2023","format":false,"excerpt":"Este pasado 10 de agosto se realiz\u00f3 en el predio de la Asociaci\u00f3n Rural de Tacuaremb\u00f3, el lanzamiento de la zafra ovina 2023, con la presencia de productores, t\u00e9cnicos, industriales y las autoridades encabezadas por el Presidente de la Rep\u00fablica, Dr. Luis Lacalle Pou. Como es tradicional se realiz\u00f3 el\u2026","rel":"","context":"En \u00abActualidad\u00bb","block_context":{"text":"Actualidad","link":"https:\/\/lahoradelcampo.com.uy\/site\/category\/actualidad\/"},"img":{"alt_text":"","src":"https:\/\/i0.wp.com\/lahoradelcampo.com.uy\/site\/wp-content\/uploads\/2023\/08\/Zafra-ovina.jpg?fit=880%2C440&ssl=1&resize=350%2C200","width":350,"height":200,"srcset":"https:\/\/i0.wp.com\/lahoradelcampo.com.uy\/site\/wp-content\/uploads\/2023\/08\/Zafra-ovina.jpg?fit=880%2C440&ssl=1&resize=350%2C200 1x, https:\/\/i0.wp.com\/lahoradelcampo.com.uy\/site\/wp-content\/uploads\/2023\/08\/Zafra-ovina.jpg?fit=880%2C440&ssl=1&resize=525%2C300 1.5x, https:\/\/i0.wp.com\/lahoradelcampo.com.uy\/site\/wp-content\/uploads\/2023\/08\/Zafra-ovina.jpg?fit=880%2C440&ssl=1&resize=700%2C400 2x"},"classes":[]},{"id":14195,"url":"https:\/\/lahoradelcampo.com.uy\/site\/el-sul-la-industria-lanera-y-de-la-carne-ovina-se-reunieron-con-el-director-de-opp\/","url_meta":{"origin":32784,"position":2},"title":"El SUL, la industria lanera y de la carne ovina se reunieron con el director de OPP","author":"La Hora del Campo","date":"12 septiembre, 2019","format":false,"excerpt":"Las declaraciones del director de la \" de Planeamiento y Presupuesto de Presidencia de la Rep\u00fablica, \u00c1lvaro Garc\u00eda, gener\u00f3 malestar en el rubro ovino y principalmente en el sector lanero, teniendo en cuenta que dijo que la lana ha pasado de moda y que ha perdido ante la demanda por\u2026","rel":"","context":"En \u00abActualidad\u00bb","block_context":{"text":"Actualidad","link":"https:\/\/lahoradelcampo.com.uy\/site\/category\/actualidad\/"},"img":{"alt_text":"","src":"https:\/\/i0.wp.com\/lahoradelcampo.com.uy\/site\/wp-content\/uploads\/2019\/09\/Miguel-sanguinetti.jpg?fit=880%2C440&ssl=1&resize=350%2C200","width":350,"height":200,"srcset":"https:\/\/i0.wp.com\/lahoradelcampo.com.uy\/site\/wp-content\/uploads\/2019\/09\/Miguel-sanguinetti.jpg?fit=880%2C440&ssl=1&resize=350%2C200 1x, https:\/\/i0.wp.com\/lahoradelcampo.com.uy\/site\/wp-content\/uploads\/2019\/09\/Miguel-sanguinetti.jpg?fit=880%2C440&ssl=1&resize=525%2C300 1.5x, https:\/\/i0.wp.com\/lahoradelcampo.com.uy\/site\/wp-content\/uploads\/2019\/09\/Miguel-sanguinetti.jpg?fit=880%2C440&ssl=1&resize=700%2C400 2x"},"classes":[]},{"id":55871,"url":"https:\/\/lahoradelcampo.com.uy\/site\/el-sector-citricola-se-reunio-con-fratti-y-planteo-preocupacion-por-los-altos-costos-internos\/","url_meta":{"origin":32784,"position":3},"title":"El sector citr\u00edcola se reuni\u00f3 con Fratti y planteo preocupaci\u00f3n por los altos costos internos","author":"La Hora del Campo","date":"13 abril, 2025","format":false,"excerpt":"En un contexto de tensiones comerciales con Estados Unidos y ante la necesidad de apoyo para sostener su competitividad, Washington Guarino, presidente de la Uni\u00f3n de Productores y Exportadores de Frutas del Uruguay (UPEFRUY), se reuni\u00f3 el pasado martes con el ministro de Ganader\u00eda, Agricultura y Pesca, Dr. Luis Alfredo\u2026","rel":"","context":"En \u00abActualidad\u00bb","block_context":{"text":"Actualidad","link":"https:\/\/lahoradelcampo.com.uy\/site\/category\/actualidad\/"},"img":{"alt_text":"","src":"https:\/\/i0.wp.com\/lahoradelcampo.com.uy\/site\/wp-content\/uploads\/2025\/04\/citricos.jpg?fit=880%2C440&ssl=1&resize=350%2C200","width":350,"height":200,"srcset":"https:\/\/i0.wp.com\/lahoradelcampo.com.uy\/site\/wp-content\/uploads\/2025\/04\/citricos.jpg?fit=880%2C440&ssl=1&resize=350%2C200 1x, https:\/\/i0.wp.com\/lahoradelcampo.com.uy\/site\/wp-content\/uploads\/2025\/04\/citricos.jpg?fit=880%2C440&ssl=1&resize=525%2C300 1.5x, https:\/\/i0.wp.com\/lahoradelcampo.com.uy\/site\/wp-content\/uploads\/2025\/04\/citricos.jpg?fit=880%2C440&ssl=1&resize=700%2C400 2x"},"classes":[]},{"id":45135,"url":"https:\/\/lahoradelcampo.com.uy\/site\/auf-presento-el-programa-lana-celeste-a-qatar\/","url_meta":{"origin":32784,"position":4},"title":"AUF present\u00f3 el programa  \u00abLana Celeste a Qatar\u00bb","author":"La Hora del Campo","date":"31 agosto, 2022","format":false,"excerpt":"Ayer se present\u00f3 el proyecto \"Lana Celeste a Qatar\" el cual vestir\u00e1 con trajes formales a la Selecci\u00f3n Uruguaya de F\u00fatbol en su pasaje por el Mundial de F\u00fatbol. Para la confecci\u00f3n de estos trajes se utilizar\u00e1 lanas Merino Australiano Superfinas, menos de 18 micras, que han sido producidas y\u2026","rel":"","context":"En \u00abActualidad\u00bb","block_context":{"text":"Actualidad","link":"https:\/\/lahoradelcampo.com.uy\/site\/category\/actualidad\/"},"img":{"alt_text":"","src":"https:\/\/i0.wp.com\/lahoradelcampo.com.uy\/site\/wp-content\/uploads\/2022\/08\/Lanas-AUF.jpg?fit=880%2C440&ssl=1&resize=350%2C200","width":350,"height":200,"srcset":"https:\/\/i0.wp.com\/lahoradelcampo.com.uy\/site\/wp-content\/uploads\/2022\/08\/Lanas-AUF.jpg?fit=880%2C440&ssl=1&resize=350%2C200 1x, https:\/\/i0.wp.com\/lahoradelcampo.com.uy\/site\/wp-content\/uploads\/2022\/08\/Lanas-AUF.jpg?fit=880%2C440&ssl=1&resize=525%2C300 1.5x, https:\/\/i0.wp.com\/lahoradelcampo.com.uy\/site\/wp-content\/uploads\/2022\/08\/Lanas-AUF.jpg?fit=880%2C440&ssl=1&resize=700%2C400 2x"},"classes":[]},{"id":54124,"url":"https:\/\/lahoradelcampo.com.uy\/site\/mattos-solicito-a-la-ue-evaluar-el-ingreso-de-la-carne-ovina-con-hueso\/","url_meta":{"origin":32784,"position":5},"title":"Mattos solicito a la UE evaluar el ingreso de la carne ovina con hueso","author":"La Hora del Campo","date":"6 agosto, 2024","format":false,"excerpt":"El lanzamiento de la zafra ovina 2024-25 fue la ocasi\u00f3n para que el ministro de Ganader\u00eda, Agricultura y Pesca, Fernando Mattos, destacara la capacidad productiva de Uruguay en el sector ovino, con un enfoque en la capacitaci\u00f3n de productores y la apertura de mercados para la lana y la carne,\u2026","rel":"","context":"En \u00abActualidad\u00bb","block_context":{"text":"Actualidad","link":"https:\/\/lahoradelcampo.com.uy\/site\/category\/actualidad\/"},"img":{"alt_text":"","src":"https:\/\/i0.wp.com\/lahoradelcampo.com.uy\/site\/wp-content\/uploads\/2024\/08\/zafraovina24-2.jpg?fit=880%2C440&ssl=1&resize=350%2C200","width":350,"height":200,"srcset":"https:\/\/i0.wp.com\/lahoradelcampo.com.uy\/site\/wp-content\/uploads\/2024\/08\/zafraovina24-2.jpg?fit=880%2C440&ssl=1&resize=350%2C200 1x, https:\/\/i0.wp.com\/lahoradelcampo.com.uy\/site\/wp-content\/uploads\/2024\/08\/zafraovina24-2.jpg?fit=880%2C440&ssl=1&resize=525%2C300 1.5x, https:\/\/i0.wp.com\/lahoradelcampo.com.uy\/site\/wp-content\/uploads\/2024\/08\/zafraovina24-2.jpg?fit=880%2C440&ssl=1&resize=700%2C400 2x"},"classes":[]}],"jetpack_likes_enabled":true,"_links":{"self":[{"href":"https:\/\/lahoradelcampo.com.uy\/site\/wp-json\/wp\/v2\/posts\/32784","targetHints":{"allow":["GET"]}}],"collection":[{"href":"https:\/\/lahoradelcampo.com.uy\/site\/wp-json\/wp\/v2\/posts"}],"about":[{"href":"https:\/\/lahoradelcampo.com.uy\/site\/wp-json\/wp\/v2\/types\/post"}],"author":[{"embeddable":true,"href":"https:\/\/lahoradelcampo.com.uy\/site\/wp-json\/wp\/v2\/users\/5"}],"replies":[{"embeddable":true,"href":"https:\/\/lahoradelcampo.com.uy\/site\/wp-json\/wp\/v2\/comments?post=32784"}],"version-history":[{"count":1,"href":"https:\/\/lahoradelcampo.com.uy\/site\/wp-json\/wp\/v2\/posts\/32784\/revisions"}],"predecessor-version":[{"id":32788,"href":"https:\/\/lahoradelcampo.com.uy\/site\/wp-json\/wp\/v2\/posts\/32784\/revisions\/32788"}],"wp:featuredmedia":[{"embeddable":true,"href":"https:\/\/lahoradelcampo.com.uy\/site\/wp-json\/wp\/v2\/media\/32786"}],"wp:attachment":[{"href":"https:\/\/lahoradelcampo.com.uy\/site\/wp-json\/wp\/v2\/media?parent=32784"}],"wp:term":[{"taxonomy":"category","embeddable":true,"href":"https:\/\/lahoradelcampo.com.uy\/site\/wp-json\/wp\/v2\/categories?post=32784"},{"taxonomy":"post_tag","embeddable":true,"href":"https:\/\/lahoradelcampo.com.uy\/site\/wp-json\/wp\/v2\/tags?post=32784"}],"curies":[{"name":"wp","href":"https:\/\/api.w.org\/{rel}","templated":true}]}}