{"id":32766,"date":"2021-08-05T06:36:24","date_gmt":"2021-08-05T09:36:24","guid":{"rendered":"http:\/\/lahoradelcampo.com.uy\/site\/?p=32766"},"modified":"2021-08-05T12:43:06","modified_gmt":"2021-08-05T15:43:06","slug":"precios-firmes-y-alza-para-el-novillo-gordo-en-la-region","status":"publish","type":"post","link":"https:\/\/lahoradelcampo.com.uy\/site\/precios-firmes-y-alza-para-el-novillo-gordo-en-la-region\/","title":{"rendered":"Precios firmes y alza para el novillo gordo  en la regi\u00f3n"},"content":{"rendered":"\n<figure class=\"wp-block-image\"><img data-recalc-dims=\"1\" loading=\"lazy\" decoding=\"async\" width=\"810\" height=\"405\" data-attachment-id=\"20964\" data-permalink=\"https:\/\/lahoradelcampo.com.uy\/site\/se-extendio-el-plazo-para-postularse-al-fondo-agropecuario-de-emergencia\/ganado-gordo-5\/\" data-orig-file=\"https:\/\/i0.wp.com\/lahoradelcampo.com.uy\/site\/wp-content\/uploads\/2020\/06\/ganado-gordo-1.jpg?fit=880%2C440&amp;ssl=1\" data-orig-size=\"880,440\" data-comments-opened=\"1\" data-image-meta=\"{&quot;aperture&quot;:&quot;0&quot;,&quot;credit&quot;:&quot;&quot;,&quot;camera&quot;:&quot;&quot;,&quot;caption&quot;:&quot;&quot;,&quot;created_timestamp&quot;:&quot;0&quot;,&quot;copyright&quot;:&quot;&quot;,&quot;focal_length&quot;:&quot;0&quot;,&quot;iso&quot;:&quot;0&quot;,&quot;shutter_speed&quot;:&quot;0&quot;,&quot;title&quot;:&quot;&quot;,&quot;orientation&quot;:&quot;1&quot;}\" data-image-title=\"ganado gordo\" data-image-description=\"\" data-image-caption=\"\" data-large-file=\"https:\/\/i0.wp.com\/lahoradelcampo.com.uy\/site\/wp-content\/uploads\/2020\/06\/ganado-gordo-1.jpg?fit=810%2C405&amp;ssl=1\" src=\"https:\/\/i0.wp.com\/lahoradelcampo.com.uy\/site\/wp-content\/uploads\/2020\/06\/ganado-gordo-1.jpg?resize=810%2C405\" alt=\"\" class=\"wp-image-20964\" srcset=\"https:\/\/i0.wp.com\/lahoradelcampo.com.uy\/site\/wp-content\/uploads\/2020\/06\/ganado-gordo-1.jpg?w=880&amp;ssl=1 880w, https:\/\/i0.wp.com\/lahoradelcampo.com.uy\/site\/wp-content\/uploads\/2020\/06\/ganado-gordo-1.jpg?resize=300%2C150&amp;ssl=1 300w, https:\/\/i0.wp.com\/lahoradelcampo.com.uy\/site\/wp-content\/uploads\/2020\/06\/ganado-gordo-1.jpg?resize=768%2C384&amp;ssl=1 768w, https:\/\/i0.wp.com\/lahoradelcampo.com.uy\/site\/wp-content\/uploads\/2020\/06\/ganado-gordo-1.jpg?resize=820%2C410&amp;ssl=1 820w\" sizes=\"auto, (max-width: 810px) 100vw, 810px\" \/><\/figure>\n\n\n\n<p>El valor del \u00edndice Faxcarne del Novillo Mercosur volvi\u00f3 a subir por cuarta semana consecutiva debido a la firmeza de los valores y el alza generalizada en los distintos pa\u00edses del bloque. Seg\u00fan la consultora Tard\u00e1guila Agromercados, elaboradora del indicador, el precio promedio del novillo gordo en la regi\u00f3n est\u00e1 en US$ 3,91, 2 centavos por encima de la semana pasada y solamente 5 centavos por debajo del pico hist\u00f3rico alcanzado a finales del mes de junio, donde Brasil tuvo un impulso muy importante en sus cotizaciones. <br><\/p>\n\n\n\n<p>Durante esta \u00faltima semana, la suba de precios en d\u00f3lares se registr\u00f3 en Argentina, Paraguay y en nuestro pa\u00eds, que claramente se contin\u00faa distanciando de los pa\u00edses de la regi\u00f3n, con una referencia que alcanz\u00f3 los US$ 4,40 el kilo de carcasa. \u00abEl precio m\u00e1s alto de la historia\u00bb marca el informe electr\u00f3nico especializado en el sector c\u00e1rnico. <br><\/p>\n\n\n\n<p>En Argentina, el novillo gordo con destino a la exportaci\u00f3n subi\u00f3 cinco centavos y cotiz\u00f3 a US$ 3,75 el kilogramo, en tanto que en tierras guaran\u00edes, la suba fue de 10 centavos, llevando el valor del novillo con destino a faena a US$ 3,70. La suba en Paraguay est\u00e1 impulsada por un aumento en la demanda desde Chile. <br><\/p>\n\n\n\n<p>En contrapartida a los incrementos en los tres pa\u00edses del Mercosur mencionados, Brasil debido a la fluctuaci\u00f3n de su moneda, termin\u00f3 registrando una baja semanal de un centavo, cotizando en promedio a US$ 3,91, seg\u00fan inform\u00f3 Faxcarne. <\/p>\n\n\n\n<p>Salto, 5 de agosto de 2021<\/p>\n","protected":false},"excerpt":{"rendered":"<p>El valor del \u00edndice Faxcarne del Novillo Mercosur volvi\u00f3 a subir por cuarta semana consecutiva debido a la firmeza de los valores y el alza generalizada en los distintos pa\u00edses [&hellip;]<\/p>\n","protected":false},"author":5,"featured_media":20964,"comment_status":"open","ping_status":"open","sticky":false,"template":"","format":"standard","meta":{"_price":"","_stock":"","_tribe_ticket_header":"","_tribe_default_ticket_provider":"","_tribe_ticket_capacity":"0","_ticket_start_date":"","_ticket_end_date":"","_tribe_ticket_show_description":"","_tribe_ticket_show_not_going":false,"_tribe_ticket_use_global_stock":"","_tribe_ticket_global_stock_level":"","_global_stock_mode":"","_global_stock_cap":"","_tribe_rsvp_for_event":"","_tribe_ticket_going_count":"","_tribe_ticket_not_going_count":"","_tribe_tickets_list":"[]","_tribe_ticket_has_attendee_info_fields":false,"h5ap_radio_sources":[],"_jetpack_newsletter_access":"","_jetpack_dont_email_post_to_subs":false,"_jetpack_newsletter_tier_id":0,"_jetpack_memberships_contains_paywalled_content":false,"_jetpack_memberships_contains_paid_content":false,"footnotes":""},"categories":[21,5],"tags":[217,3010,763,661,131,2351,267],"class_list":["post-32766","post","type-post","status-publish","format-standard","has-post-thumbnail","hentry","category-actualidad","category-ganaderia","tag-consignatarios","tag-indice-faxcarne","tag-industria-frigorifica","tag-mercado-de-haciendas","tag-novillo-gordo","tag-novillo-mercosur","tag-precios"],"jetpack_featured_media_url":"https:\/\/i0.wp.com\/lahoradelcampo.com.uy\/site\/wp-content\/uploads\/2020\/06\/ganado-gordo-1.jpg?fit=880%2C440&ssl=1","jetpack_sharing_enabled":true,"jetpack_shortlink":"https:\/\/wp.me\/p99IaT-8wu","jetpack-related-posts":[{"id":38323,"url":"https:\/\/lahoradelcampo.com.uy\/site\/novillo-mercosur-supero-los-us-4-por-primera-vez\/","url_meta":{"origin":32766,"position":0},"title":"Novillo Mercosur super\u00f3 los US$ 4 por primera vez","author":"La Hora del Campo","date":"13 enero, 2022","format":false,"excerpt":"El \u00cdndice Faxcarne del Novillo Mercosur (IFNM), comenz\u00f3 a publicarse por parte de la Consultora Tard\u00e1guila Agromercados, a principios del a\u00f1o 2011. Desde este momento el valor promedio del novillo gordo en la regi\u00f3n a\u00fan no hab\u00eda logrado superar los US$ 4,00, situaci\u00f3n que se registr\u00f3 esta semana, debido a\u2026","rel":"","context":"En \u00abActualidad\u00bb","block_context":{"text":"Actualidad","link":"https:\/\/lahoradelcampo.com.uy\/site\/category\/actualidad\/"},"img":{"alt_text":"","src":"https:\/\/i0.wp.com\/lahoradelcampo.com.uy\/site\/wp-content\/uploads\/2022\/01\/Novillogordopampa.jpg?fit=880%2C440&ssl=1&resize=350%2C200","width":350,"height":200,"srcset":"https:\/\/i0.wp.com\/lahoradelcampo.com.uy\/site\/wp-content\/uploads\/2022\/01\/Novillogordopampa.jpg?fit=880%2C440&ssl=1&resize=350%2C200 1x, https:\/\/i0.wp.com\/lahoradelcampo.com.uy\/site\/wp-content\/uploads\/2022\/01\/Novillogordopampa.jpg?fit=880%2C440&ssl=1&resize=525%2C300 1.5x, https:\/\/i0.wp.com\/lahoradelcampo.com.uy\/site\/wp-content\/uploads\/2022\/01\/Novillogordopampa.jpg?fit=880%2C440&ssl=1&resize=700%2C400 2x"},"classes":[]},{"id":32090,"url":"https:\/\/lahoradelcampo.com.uy\/site\/el-indice-novillo-mercosur-subio-3-centavos\/","url_meta":{"origin":32766,"position":1},"title":"El \u00cdndice Novillo Mercosur subi\u00f3 3 centavos","author":"La Hora del Campo","date":"15 julio, 2021","format":false,"excerpt":"El \u00cdndice Faxcarne del Novillo Mercosur subi\u00f3 3 centavos en la semana, situ\u00e1ndose en US$ 3,85 el kilo de carcasa en la industria frigor\u00edfica de la regi\u00f3n. Dicho indicador fue presionado la alza por aumentos en las referencias de precios en Uruguay, Argentina y Paraguay. En Brasil se registr\u00f3 un\u2026","rel":"","context":"En \u00abActualidad\u00bb","block_context":{"text":"Actualidad","link":"https:\/\/lahoradelcampo.com.uy\/site\/category\/actualidad\/"},"img":{"alt_text":"","src":"https:\/\/i0.wp.com\/lahoradelcampo.com.uy\/site\/wp-content\/uploads\/2021\/05\/boigordo.jpg?fit=880%2C440&ssl=1&resize=350%2C200","width":350,"height":200,"srcset":"https:\/\/i0.wp.com\/lahoradelcampo.com.uy\/site\/wp-content\/uploads\/2021\/05\/boigordo.jpg?fit=880%2C440&ssl=1&resize=350%2C200 1x, https:\/\/i0.wp.com\/lahoradelcampo.com.uy\/site\/wp-content\/uploads\/2021\/05\/boigordo.jpg?fit=880%2C440&ssl=1&resize=525%2C300 1.5x, https:\/\/i0.wp.com\/lahoradelcampo.com.uy\/site\/wp-content\/uploads\/2021\/05\/boigordo.jpg?fit=880%2C440&ssl=1&resize=700%2C400 2x"},"classes":[]},{"id":40207,"url":"https:\/\/lahoradelcampo.com.uy\/site\/us-445-para-el-novillo-gordo-en-el-mercosur\/","url_meta":{"origin":32766,"position":2},"title":"US$ 4,45 para el Novillo Gordo en el Mercosur","author":"La Hora del Campo","date":"24 marzo, 2022","format":false,"excerpt":"Los precios en d\u00f3lares en la regi\u00f3n subieron fuerte esta semana como consecuencia de la valorizaci\u00f3n de las monedas, fundamentalmente del real, seg\u00fan inform\u00f3 la publicaci\u00f3n electr\u00f3nica especializada en el sector c\u00e1rnico, Faxcarne. El \u00cdndice Faxcarne para el Novillo Mercosur cotiza esta semana en US$ 4,45 por kilogramo de carcasa,\u2026","rel":"","context":"En \u00abActualidad\u00bb","block_context":{"text":"Actualidad","link":"https:\/\/lahoradelcampo.com.uy\/site\/category\/actualidad\/"},"img":{"alt_text":"","src":"https:\/\/i0.wp.com\/lahoradelcampo.com.uy\/site\/wp-content\/uploads\/2021\/10\/novillo-gordo.jpg?fit=880%2C440&ssl=1&resize=350%2C200","width":350,"height":200,"srcset":"https:\/\/i0.wp.com\/lahoradelcampo.com.uy\/site\/wp-content\/uploads\/2021\/10\/novillo-gordo.jpg?fit=880%2C440&ssl=1&resize=350%2C200 1x, https:\/\/i0.wp.com\/lahoradelcampo.com.uy\/site\/wp-content\/uploads\/2021\/10\/novillo-gordo.jpg?fit=880%2C440&ssl=1&resize=525%2C300 1.5x, https:\/\/i0.wp.com\/lahoradelcampo.com.uy\/site\/wp-content\/uploads\/2021\/10\/novillo-gordo.jpg?fit=880%2C440&ssl=1&resize=700%2C400 2x"},"classes":[]},{"id":40971,"url":"https:\/\/lahoradelcampo.com.uy\/site\/el-indice-del-novillo-mercosur-volvio-a-bajar\/","url_meta":{"origin":32766,"position":3},"title":"El \u00cdndice del Novillo Mercosur volvi\u00f3 a bajar","author":"La Hora del Campo","date":"21 abril, 2022","format":false,"excerpt":"El valor medio del novillo en la regi\u00f3n baj\u00f3 por segunda semana consecutiva, presionado fundamentalmente por una nueva ca\u00edda de las referencias en Brasil. El \u00cdndice Faxcarne del Novillo Mercosur, elaborado por la consultora Tard\u00e1guila Agromercados, perdi\u00f3 4 cents en la semana a US$ 4,51 y qued\u00f3 7 centavos por\u2026","rel":"","context":"En \u00abActualidad\u00bb","block_context":{"text":"Actualidad","link":"https:\/\/lahoradelcampo.com.uy\/site\/category\/actualidad\/"},"img":{"alt_text":"","src":"https:\/\/i0.wp.com\/lahoradelcampo.com.uy\/site\/wp-content\/uploads\/2022\/03\/novillo-merco.jpg?fit=880%2C440&ssl=1&resize=350%2C200","width":350,"height":200,"srcset":"https:\/\/i0.wp.com\/lahoradelcampo.com.uy\/site\/wp-content\/uploads\/2022\/03\/novillo-merco.jpg?fit=880%2C440&ssl=1&resize=350%2C200 1x, https:\/\/i0.wp.com\/lahoradelcampo.com.uy\/site\/wp-content\/uploads\/2022\/03\/novillo-merco.jpg?fit=880%2C440&ssl=1&resize=525%2C300 1.5x, https:\/\/i0.wp.com\/lahoradelcampo.com.uy\/site\/wp-content\/uploads\/2022\/03\/novillo-merco.jpg?fit=880%2C440&ssl=1&resize=700%2C400 2x"},"classes":[]},{"id":36707,"url":"https:\/\/lahoradelcampo.com.uy\/site\/fuerte-suba-del-indice-faxcarne-para-el-novillo-en-el-mercosur\/","url_meta":{"origin":32766,"position":4},"title":"Fuerte suba del Indice Faxcarne para el novillo en el Mercosur","author":"La Hora del Campo","date":"18 noviembre, 2021","format":false,"excerpt":"El valor medio del novillo en el Mercosur peg\u00f3 un salto esta semana, de la mano de la recuperaci\u00f3n de la demanda interna brasile\u00f1a que impact\u00f3 en los precios del \"boi gordo\" en ese pa\u00eds, junto a la suba en Argentina y Paraguay. El \u00cdndice Faxcarne del Novillo Mercosur recuper\u00f3\u2026","rel":"","context":"En \u00abActualidad\u00bb","block_context":{"text":"Actualidad","link":"https:\/\/lahoradelcampo.com.uy\/site\/category\/actualidad\/"},"img":{"alt_text":"","src":"https:\/\/i0.wp.com\/lahoradelcampo.com.uy\/site\/wp-content\/uploads\/2021\/11\/novillos.jpg?fit=880%2C440&ssl=1&resize=350%2C200","width":350,"height":200,"srcset":"https:\/\/i0.wp.com\/lahoradelcampo.com.uy\/site\/wp-content\/uploads\/2021\/11\/novillos.jpg?fit=880%2C440&ssl=1&resize=350%2C200 1x, https:\/\/i0.wp.com\/lahoradelcampo.com.uy\/site\/wp-content\/uploads\/2021\/11\/novillos.jpg?fit=880%2C440&ssl=1&resize=525%2C300 1.5x, https:\/\/i0.wp.com\/lahoradelcampo.com.uy\/site\/wp-content\/uploads\/2021\/11\/novillos.jpg?fit=880%2C440&ssl=1&resize=700%2C400 2x"},"classes":[]},{"id":39525,"url":"https:\/\/lahoradelcampo.com.uy\/site\/el-novillo-mercosur-se-mantuvo-firme-esta-semana\/","url_meta":{"origin":32766,"position":5},"title":"El Novillo Mercosur se mantuvo firme esta semana","author":"La Hora del Campo","date":"3 marzo, 2022","format":false,"excerpt":"Esta semana el valor del \u00cdndice Faxcarne del Novillo Mercosur se mantuvo firme esta semana, cerrando a US$ 4,33 por kilogramo de carcasa en el promedio de los cuatro pa\u00edses de la regi\u00f3n. Argentina y Uruguay son los responsables de dicha firmeza, con un indicador que baj\u00f3 un centavo, pero\u2026","rel":"","context":"En \u00abActualidad\u00bb","block_context":{"text":"Actualidad","link":"https:\/\/lahoradelcampo.com.uy\/site\/category\/actualidad\/"},"img":{"alt_text":"","src":"https:\/\/i0.wp.com\/lahoradelcampo.com.uy\/site\/wp-content\/uploads\/2021\/11\/novillos.jpg?fit=880%2C440&ssl=1&resize=350%2C200","width":350,"height":200,"srcset":"https:\/\/i0.wp.com\/lahoradelcampo.com.uy\/site\/wp-content\/uploads\/2021\/11\/novillos.jpg?fit=880%2C440&ssl=1&resize=350%2C200 1x, https:\/\/i0.wp.com\/lahoradelcampo.com.uy\/site\/wp-content\/uploads\/2021\/11\/novillos.jpg?fit=880%2C440&ssl=1&resize=525%2C300 1.5x, https:\/\/i0.wp.com\/lahoradelcampo.com.uy\/site\/wp-content\/uploads\/2021\/11\/novillos.jpg?fit=880%2C440&ssl=1&resize=700%2C400 2x"},"classes":[]}],"jetpack_likes_enabled":true,"_links":{"self":[{"href":"https:\/\/lahoradelcampo.com.uy\/site\/wp-json\/wp\/v2\/posts\/32766","targetHints":{"allow":["GET"]}}],"collection":[{"href":"https:\/\/lahoradelcampo.com.uy\/site\/wp-json\/wp\/v2\/posts"}],"about":[{"href":"https:\/\/lahoradelcampo.com.uy\/site\/wp-json\/wp\/v2\/types\/post"}],"author":[{"embeddable":true,"href":"https:\/\/lahoradelcampo.com.uy\/site\/wp-json\/wp\/v2\/users\/5"}],"replies":[{"embeddable":true,"href":"https:\/\/lahoradelcampo.com.uy\/site\/wp-json\/wp\/v2\/comments?post=32766"}],"version-history":[{"count":1,"href":"https:\/\/lahoradelcampo.com.uy\/site\/wp-json\/wp\/v2\/posts\/32766\/revisions"}],"predecessor-version":[{"id":32768,"href":"https:\/\/lahoradelcampo.com.uy\/site\/wp-json\/wp\/v2\/posts\/32766\/revisions\/32768"}],"wp:featuredmedia":[{"embeddable":true,"href":"https:\/\/lahoradelcampo.com.uy\/site\/wp-json\/wp\/v2\/media\/20964"}],"wp:attachment":[{"href":"https:\/\/lahoradelcampo.com.uy\/site\/wp-json\/wp\/v2\/media?parent=32766"}],"wp:term":[{"taxonomy":"category","embeddable":true,"href":"https:\/\/lahoradelcampo.com.uy\/site\/wp-json\/wp\/v2\/categories?post=32766"},{"taxonomy":"post_tag","embeddable":true,"href":"https:\/\/lahoradelcampo.com.uy\/site\/wp-json\/wp\/v2\/tags?post=32766"}],"curies":[{"name":"wp","href":"https:\/\/api.w.org\/{rel}","templated":true}]}}